{"id":26618,"date":"2022-01-24T10:46:00","date_gmt":"2022-01-24T10:46:00","guid":{"rendered":"https:\/\/dara.aragon.es\/dara\/mujeres\/?guid=7ee15e9370cbc1812bcce6038cf808c3"},"modified":"2022-02-24T18:08:16","modified_gmt":"2022-02-24T18:08:16","slug":"la-mujer-en-los-archivos","status":"publish","type":"post","link":"https:\/\/dara.aragon.es\/dara\/mujeres\/2022\/01\/24\/la-mujer-en-los-archivos\/","title":{"rendered":"La mujer en los archivos"},"content":{"rendered":"<div style=\"text-align: justify; text-indent: 35.4pt;\"><span style=\"font-size: 14pt;\">Este es el t\u00edtulo del n\u00famero 23 de la revista DARA que Coordinada por el AHPTE sali\u00f3 en diciembre del a\u00f1o pasado. Ha sido financiada por el Ministerio de Igualdad a trav\u00e9s del Pacto de Estado contra la Violencia de G\u00e9nero.<\/span><\/div>\n<p style=\"text-align: justify; text-indent: 35.4pt;\">\n<table style=\"margin-left: auto; margin-right: auto;\" cellspacing=\"0\" cellpadding=\"0\" align=\"center\">\n<tbody>\n<tr>\n<td style=\"text-align: center;\"><a style=\"margin-left: auto; margin-right: auto;\" href=\"https:\/\/blogger.googleusercontent.com\/img\/a\/AVvXsEjIiVB1mzwCY1ew4deSdLMC5Nq_EhiJRxOck0WH4YgKHow87uh1Ig8F_fV5EqZw6hnKdU2q7xSYCE8RW_InuoYJEJK8xAxAzv1FshVAfYe3ExhFSgW6mNFNAifbC_l0Fzy2gOyqxSbsLelrgjuFS8Hx0FbblvWiqK8F4CHM2h95gqQckALFFTWxKpQv=s4241\"><img decoding=\"async\" loading=\"lazy\" src=\"https:\/\/blogger.googleusercontent.com\/img\/a\/AVvXsEjIiVB1mzwCY1ew4deSdLMC5Nq_EhiJRxOck0WH4YgKHow87uh1Ig8F_fV5EqZw6hnKdU2q7xSYCE8RW_InuoYJEJK8xAxAzv1FshVAfYe3ExhFSgW6mNFNAifbC_l0Fzy2gOyqxSbsLelrgjuFS8Hx0FbblvWiqK8F4CHM2h95gqQckALFFTWxKpQv=w640-h432\" width=\"640\" height=\"432\" border=\"0\" data-original-height=\"2869\" data-original-width=\"4241\"><\/a><\/td>\n<\/tr>\n<tr>\n<td style=\"text-align: center;\">Revista Y para la mujer 1944 (sign. HFA_013)<\/td>\n<\/tr>\n<\/tbody>\n<\/table>\n<p><span style=\"font-size: 14pt; text-align: justify; text-indent: 35.4pt;\">Por una parte, la mencionada revista, ha sido gestionada, sin saberlo, desde hace alg\u00fan tiempo consecuencia directa de la descripci\u00f3n y revisi\u00f3n de los numerosos y ricos fondos documentales que custodiamos en el Archivo Hist\u00f3rico Provincial de Teruel. Por otra, el proyecto impulsado por la Direcci\u00f3n General de Cultura del Gobierno de Arag\u00f3n en el 2020, bajo el lema <\/span><i style=\"font-size: 14pt; text-align: justify; text-indent: 35.4pt;\">Cultura en igualdad: Mujeres en museos, archivos y bibliotecas <\/i><span style=\"font-size: 14pt; text-align: justify; text-indent: 35.4pt;\">(en el contexto del 25 aniversario de la Declaraci\u00f3n y Plataforma de Acci\u00f3n de Beijing, aspecto explicado en la presentaci\u00f3n de la revista por Laura As\u00edn), sirvi\u00f3 para que el a\u00f1o pasado con motivo del d\u00eda internacional de los archivos (9 de junio), se preparase la exposici\u00f3n <\/span><i style=\"font-size: 14pt; text-align: justify; text-indent: 35.4pt;\">Mujeres en la intrahistoria<\/i><span style=\"font-size: 14pt; text-align: justify; text-indent: 35.4pt;\">.<\/span><\/p>\n<div>\n<div style=\"text-align: justify; text-indent: 47.2px;\"><span style=\"font-size: 18.6667px;\">&nbsp;<\/span><\/div>\n<div style=\"text-align: justify; text-indent: 35.4pt;\"><span style=\"font-size: 14pt;\">En ella y a trav\u00e9s de 40 documentos se puso de manifiesto que \u201cla mujer ha tenido menor presencia en la historia y en los documentos de la que nos gustar\u00eda, pero m\u00e1s de lo que mucha gente imagina\u201d, dicho de otra forma, se visibiliza a la mujer tanto en aspectos cotidianos, como en su contribuci\u00f3n a la historia, al arte y a la cultura.<\/span><\/div>\n<div style=\"text-align: justify; text-indent: 35.4pt;\"><span style=\"font-size: 14pt;\">&nbsp;<\/span><\/div>\n<div style=\"text-align: justify; text-indent: 35.4pt;\"><span style=\"font-size: 14pt;\">La repercusi\u00f3n de esta exposici\u00f3n en los medios de comunicaci\u00f3n turolenses (especialmente en el <i>Diario de Teruel, <\/i>en un extenso reportaje de Miguel \u00c1ngel Artigas Gracia) fue otro de los mimbres que nos decidi\u00f3 a coordinar este n\u00famero.<\/span><\/div>\n<h4 style=\"text-align: justify;\"><b><span style=\"font-size: 14pt;\">El contenido<\/span><\/b><\/h4>\n<div style=\"text-align: justify; text-indent: 35.4pt;\"><span style=\"font-size: 14pt;\">La sugerente portada (un gui\u00f1o genuinamente picasiano) en la que los colores rojo, verde y azul identifican los logotipos de los Archivos Hist\u00f3ricos Provinciales de Zaragoza, Huesca y Teruel, invita a adentrase en los 12 art\u00edculos que nos ofrecen unas pinceladas sobre c\u00f3mo se ha visto reflejada la mujer desde la \u00e9poca medieval hasta la d\u00e9cada de los a\u00f1os 70 del siglo pasado; en el segundo apartado paseamos por los fondos de los archivos hist\u00f3ricos provinciales de Teruel y Zaragoza, adem\u00e1s del archivo municipal m\u00e1s importante de Arag\u00f3n, es decir, el de Zaragoza, en el colof\u00f3n se ofrece una visi\u00f3n de la participaci\u00f3n de la mujer en la pol\u00edtica municipal anterior a la democracia y un repaso tanto por las archiveras, como por algunas investigadoras para las que les han resultado imprescindibles los fondos que custodia el Archivo municipal de Zaragoza.<\/span><\/div>\n<div style=\"clear: both; text-align: center;\"><span style=\"font-size: 14pt;\"><a style=\"margin-left: 1em; margin-right: 1em;\" href=\"https:\/\/blogger.googleusercontent.com\/img\/a\/AVvXsEiAlcz0Cwzyt92I5qwbN-PkKBNk2s3kEAULw51nBuAaNMCX68WRZQEGHCnDFGMxnSAn_3YQQe1xdH1S7pxlSgMjxz-pawcDDKYSeR-wYslM_GRvrTcBFZIyhhitGAZ3TrqV2-6dpiSdPGplorTdfWGzcxYSVeE2Sy4vWg_7b0st-e_I2yNhsWbIGE_q=s1738\" data-wplink-edit=\"true\"><img decoding=\"async\" loading=\"lazy\" src=\"https:\/\/blogger.googleusercontent.com\/img\/a\/AVvXsEiAlcz0Cwzyt92I5qwbN-PkKBNk2s3kEAULw51nBuAaNMCX68WRZQEGHCnDFGMxnSAn_3YQQe1xdH1S7pxlSgMjxz-pawcDDKYSeR-wYslM_GRvrTcBFZIyhhitGAZ3TrqV2-6dpiSdPGplorTdfWGzcxYSVeE2Sy4vWg_7b0st-e_I2yNhsWbIGE_q=w597-h640\" width=\"597\" height=\"640\" border=\"0\" data-original-height=\"1738\" data-original-width=\"1620\"><\/a><\/span><\/div>\n<h4 style=\"text-align: justify;\"><b><span style=\"font-size: 14pt;\">Conclusi\u00f3n <\/span><\/b><\/h4>\n<p style=\"text-align: justify;\">\n<p style=\"text-align: justify; text-indent: 35.4pt;\"><span style=\"font-size: 14pt;\">Sin parafrasear lo ya escrito en las conclusiones de la revista o en el <i>Diario de Teruel <\/i>(18\/01\/2022)<i> <\/i>volvemos a agradecer la colaboraci\u00f3n desinteresada de l@s colaboradores, pudiendo destacar las nuevas v\u00edas de investigaci\u00f3n que ofrecen. Es tan cierto que de cada aportaci\u00f3n se podr\u00eda escribir una entrada al blog, como que la mayor\u00eda son extrapolables a otros \u00e1mbitos como, por ejemplo, relaciones comerciales, culturales o sociales. <\/span><\/p>\n<p style=\"text-align: justify; text-indent: 35.4pt;\"><span style=\"font-size: 14pt;\">No obstante y para finalizar, debemos mencionar que en algunas ocasiones se nos pregunta, \u00bfc\u00f3mo os llegan los documentos al archivo?, \u00bfqu\u00e9 hac\u00e9is con ellos?, \u00bfa qu\u00e9 responde un cuadro de clasifican?\u2026, pues las respuestas las tienen en la colaboraci\u00f3n de Pedro Royo (AHPZA) en el an\u00e1lisis que hace del <i>Fondo de la delegaci\u00f3n provincial de la Secci\u00f3n Femenina\u2026<\/i>. <\/span><\/p>\n<p style=\"text-align: justify; text-indent: 35.4pt;\"><span style=\"font-size: 14pt;\">As\u00ed mismo, la labor emprendida por el AHPHU y especialmente por Juanjo Generelo, su director, con la recogida de fondos personales (nos referimos al programa <i>Los papeles de la casa. Archivos personales y familiares aragoneses<\/i>. DARA, n\u00ba 18, enero de 2018), pone de manifiesto lo que entra\u00f1an estos documentos en lo personal y\/o, lo cotidiano, en este caso a trav\u00e9s de la correspondencia privada que se analiza para la ocasi\u00f3n. Sin lugar a dudas, la relaci\u00f3n epistolar sigue siendo una buena forma de comunicarnos (independientemente del soporte en que se utilice: desde la tablilla de arcilla hasta los digitales del siglo XXI). Tambi\u00e9n son estos fondos los que dan voz a unas personas que en algunas ocasiones, fueron \u201cuna m\u00e1s de la familia\u201d: criadas, tatas, amas de llaves, lavanderas, es decir, mujeres que trabajaron para personas que las pudieron contratar.<\/span><\/p>\n<p><span style=\"font-size: 14pt;\">Teruel, 24 de enero de 2022<\/span><\/p>\n<\/div>\n<p>La entrada <a rel=\"nofollow\" href=\"https:\/\/dara.aragon.es\/dara\/blog\/la-mujer-en-los-archivos\/\">La mujer en los archivos<\/a> se public\u00f3 primero en <a rel=\"nofollow\" href=\"https:\/\/dara.aragon.es\/dara\/\">DARA GENERAL<\/a>.<\/p>\n","protected":false},"excerpt":{"rendered":"<p>Este es el t\u00edtulo del n\u00famero 23 de la revista DARA que Coordinada por el AHPTE sali\u00f3 en diciembre del a\u00f1o pasado. Ha sido financiada por el Ministerio de Igualdad a trav\u00e9s del Pacto de Estado contra la Violencia de G\u00e9nero. Revista Y para la mujer 1944 (sign. HFA_013) Por una parte, la mencionada revista, [\u2026]<\/p>\n<p>La entrada <a rel=\"nofollow\" href=\"https:\/\/dara.aragon.es\/dara\/blog\/la-mujer-en-los-archivos\/\">La mujer en los archivos<\/a> se public\u00f3 primero en <a rel=\"nofollow\" href=\"https:\/\/dara.aragon.es\/dara\/\">DARA GENERAL<\/a>.<\/p>\n","protected":false},"author":3,"featured_media":0,"comment_status":"closed","ping_status":"closed","sticky":false,"template":"","format":"standard","meta":{"_et_pb_use_builder":"","_et_pb_old_content":"","_et_gb_content_width":"","footnotes":""},"categories":[290,291,292,293,294,295],"tags":[],"class_list":["post-26618","post","type-post","status-publish","format-standard","hentry","category-ahp-huesca","category-ahp-teruel","category-ahp-zaragoza","category-cultura-en-igualdad","category-mujeres","category-noticias"],"yoast_head":"<!-- This site is optimized with the Yoast SEO plugin v26.2 - https:\/\/yoast.com\/wordpress\/plugins\/seo\/ -->\n<title>La mujer en los archivos - ARCHIVOS DE MUJERES<\/title>\n<meta name=\"robots\" content=\"index, follow, max-snippet:-1, max-image-preview:large, max-video-preview:-1\" \/>\n<link rel=\"canonical\" href=\"https:\/\/dara.aragon.es\/dara\/blog\/la-mujer-en-los-archivos\/\" \/>\n<meta property=\"og:locale\" content=\"es_ES\" \/>\n<meta property=\"og:type\" content=\"article\" \/>\n<meta property=\"og:title\" content=\"La mujer en los archivos - ARCHIVOS DE MUJERES\" \/>\n<meta property=\"og:description\" content=\"Este es el t\u00edtulo del n\u00famero 23 de la revista DARA que Coordinada por el AHPTE sali\u00f3 en diciembre del a\u00f1o pasado. Ha sido financiada por el Ministerio de Igualdad a trav\u00e9s del Pacto de Estado contra la Violencia de G\u00e9nero. Revista Y para la mujer 1944 (sign. HFA_013) Por una parte, la mencionada revista, [\u2026] La entrada La mujer en los archivos se public\u00f3 primero en DARA GENERAL.\" \/>\n<meta property=\"og:url\" content=\"https:\/\/dara.aragon.es\/dara\/blog\/la-mujer-en-los-archivos\/\" \/>\n<meta property=\"og:site_name\" content=\"ARCHIVOS DE MUJERES\" \/>\n<meta property=\"article:published_time\" content=\"2022-01-24T10:46:00+00:00\" \/>\n<meta property=\"article:modified_time\" content=\"2022-02-24T18:08:16+00:00\" \/>\n<meta property=\"og:image\" content=\"https:\/\/blogger.googleusercontent.com\/img\/a\/AVvXsEjIiVB1mzwCY1ew4deSdLMC5Nq_EhiJRxOck0WH4YgKHow87uh1Ig8F_fV5EqZw6hnKdU2q7xSYCE8RW_InuoYJEJK8xAxAzv1FshVAfYe3ExhFSgW6mNFNAifbC_l0Fzy2gOyqxSbsLelrgjuFS8Hx0FbblvWiqK8F4CHM2h95gqQckALFFTWxKpQv=w640-h432\" \/>\n<meta name=\"author\" content=\"Administrador DARA\" \/>\n<meta name=\"twitter:card\" content=\"summary_large_image\" \/>\n<meta name=\"twitter:label1\" content=\"Escrito por\" \/>\n\t<meta name=\"twitter:data1\" content=\"Administrador DARA\" \/>\n\t<meta name=\"twitter:label2\" content=\"Tiempo de lectura\" \/>\n\t<meta name=\"twitter:data2\" content=\"4 minutos\" \/>\n<script type=\"application\/ld+json\" class=\"yoast-schema-graph\">{\"@context\":\"https:\/\/schema.org\",\"@graph\":[{\"@type\":\"WebPage\",\"@id\":\"https:\/\/dara.aragon.es\/dara\/blog\/la-mujer-en-los-archivos\/\",\"url\":\"https:\/\/dara.aragon.es\/dara\/blog\/la-mujer-en-los-archivos\/\",\"name\":\"La mujer en los archivos - ARCHIVOS DE MUJERES\",\"isPartOf\":{\"@id\":\"https:\/\/dara.aragon.es\/dara\/mujeres\/#website\"},\"primaryImageOfPage\":{\"@id\":\"https:\/\/dara.aragon.es\/dara\/blog\/la-mujer-en-los-archivos\/#primaryimage\"},\"image\":{\"@id\":\"https:\/\/dara.aragon.es\/dara\/blog\/la-mujer-en-los-archivos\/#primaryimage\"},\"thumbnailUrl\":\"https:\/\/blogger.googleusercontent.com\/img\/a\/AVvXsEjIiVB1mzwCY1ew4deSdLMC5Nq_EhiJRxOck0WH4YgKHow87uh1Ig8F_fV5EqZw6hnKdU2q7xSYCE8RW_InuoYJEJK8xAxAzv1FshVAfYe3ExhFSgW6mNFNAifbC_l0Fzy2gOyqxSbsLelrgjuFS8Hx0FbblvWiqK8F4CHM2h95gqQckALFFTWxKpQv=w640-h432\",\"datePublished\":\"2022-01-24T10:46:00+00:00\",\"dateModified\":\"2022-02-24T18:08:16+00:00\",\"author\":{\"@id\":\"https:\/\/dara.aragon.es\/dara\/mujeres\/#\/schema\/person\/42ee60d9eb45f8689b62d2b57c40aeec\"},\"breadcrumb\":{\"@id\":\"https:\/\/dara.aragon.es\/dara\/blog\/la-mujer-en-los-archivos\/#breadcrumb\"},\"inLanguage\":\"es\",\"potentialAction\":[{\"@type\":\"ReadAction\",\"target\":[\"https:\/\/dara.aragon.es\/dara\/blog\/la-mujer-en-los-archivos\/\"]}]},{\"@type\":\"ImageObject\",\"inLanguage\":\"es\",\"@id\":\"https:\/\/dara.aragon.es\/dara\/blog\/la-mujer-en-los-archivos\/#primaryimage\",\"url\":\"https:\/\/blogger.googleusercontent.com\/img\/a\/AVvXsEjIiVB1mzwCY1ew4deSdLMC5Nq_EhiJRxOck0WH4YgKHow87uh1Ig8F_fV5EqZw6hnKdU2q7xSYCE8RW_InuoYJEJK8xAxAzv1FshVAfYe3ExhFSgW6mNFNAifbC_l0Fzy2gOyqxSbsLelrgjuFS8Hx0FbblvWiqK8F4CHM2h95gqQckALFFTWxKpQv=w640-h432\",\"contentUrl\":\"https:\/\/blogger.googleusercontent.com\/img\/a\/AVvXsEjIiVB1mzwCY1ew4deSdLMC5Nq_EhiJRxOck0WH4YgKHow87uh1Ig8F_fV5EqZw6hnKdU2q7xSYCE8RW_InuoYJEJK8xAxAzv1FshVAfYe3ExhFSgW6mNFNAifbC_l0Fzy2gOyqxSbsLelrgjuFS8Hx0FbblvWiqK8F4CHM2h95gqQckALFFTWxKpQv=w640-h432\"},{\"@type\":\"BreadcrumbList\",\"@id\":\"https:\/\/dara.aragon.es\/dara\/blog\/la-mujer-en-los-archivos\/#breadcrumb\",\"itemListElement\":[{\"@type\":\"ListItem\",\"position\":1,\"name\":\"Fuentes documentales mujeres\",\"item\":\"https:\/\/dara.aragon.es\/dara\/mujeres\/\"},{\"@type\":\"ListItem\",\"position\":2,\"name\":\"La mujer en los archivos\"}]},{\"@type\":\"WebSite\",\"@id\":\"https:\/\/dara.aragon.es\/dara\/mujeres\/#website\",\"url\":\"https:\/\/dara.aragon.es\/dara\/mujeres\/\",\"name\":\"ARCHIVOS DE MUJERES\",\"description\":\"Otro sitio m\u00e1s de PORTALES DARA\",\"potentialAction\":[{\"@type\":\"SearchAction\",\"target\":{\"@type\":\"EntryPoint\",\"urlTemplate\":\"https:\/\/dara.aragon.es\/dara\/mujeres\/?s={search_term_string}\"},\"query-input\":{\"@type\":\"PropertyValueSpecification\",\"valueRequired\":true,\"valueName\":\"search_term_string\"}}],\"inLanguage\":\"es\"},{\"@type\":\"Person\",\"@id\":\"https:\/\/dara.aragon.es\/dara\/mujeres\/#\/schema\/person\/42ee60d9eb45f8689b62d2b57c40aeec\",\"name\":\"Administrador DARA\",\"image\":{\"@type\":\"ImageObject\",\"inLanguage\":\"es\",\"@id\":\"https:\/\/dara.aragon.es\/dara\/mujeres\/#\/schema\/person\/image\/\",\"url\":\"https:\/\/secure.gravatar.com\/avatar\/8fc1a4250e60d75d1b41fafee86f7181217b3ec161666d4118ba57f78c0a1104?s=96&d=mm&r=g\",\"contentUrl\":\"https:\/\/secure.gravatar.com\/avatar\/8fc1a4250e60d75d1b41fafee86f7181217b3ec161666d4118ba57f78c0a1104?s=96&d=mm&r=g\",\"caption\":\"Administrador DARA\"},\"url\":\"https:\/\/dara.aragon.es\/dara\/mujeres\/author\/dara-gestion-de-contenidos\/\"}]}<\/script>\n<!-- \/ Yoast SEO plugin. -->","yoast_head_json":{"title":"La mujer en los archivos - ARCHIVOS DE MUJERES","robots":{"index":"index","follow":"follow","max-snippet":"max-snippet:-1","max-image-preview":"max-image-preview:large","max-video-preview":"max-video-preview:-1"},"canonical":"https:\/\/dara.aragon.es\/dara\/blog\/la-mujer-en-los-archivos\/","og_locale":"es_ES","og_type":"article","og_title":"La mujer en los archivos - ARCHIVOS DE MUJERES","og_description":"Este es el t\u00edtulo del n\u00famero 23 de la revista DARA que Coordinada por el AHPTE sali\u00f3 en diciembre del a\u00f1o pasado. Ha sido financiada por el Ministerio de Igualdad a trav\u00e9s del Pacto de Estado contra la Violencia de G\u00e9nero. Revista Y para la mujer 1944 (sign. HFA_013) Por una parte, la mencionada revista, [\u2026] La entrada La mujer en los archivos se public\u00f3 primero en DARA GENERAL.","og_url":"https:\/\/dara.aragon.es\/dara\/blog\/la-mujer-en-los-archivos\/","og_site_name":"ARCHIVOS DE MUJERES","article_published_time":"2022-01-24T10:46:00+00:00","article_modified_time":"2022-02-24T18:08:16+00:00","og_image":[{"url":"https:\/\/blogger.googleusercontent.com\/img\/a\/AVvXsEjIiVB1mzwCY1ew4deSdLMC5Nq_EhiJRxOck0WH4YgKHow87uh1Ig8F_fV5EqZw6hnKdU2q7xSYCE8RW_InuoYJEJK8xAxAzv1FshVAfYe3ExhFSgW6mNFNAifbC_l0Fzy2gOyqxSbsLelrgjuFS8Hx0FbblvWiqK8F4CHM2h95gqQckALFFTWxKpQv=w640-h432","type":"","width":"","height":""}],"author":"Administrador DARA","twitter_card":"summary_large_image","twitter_misc":{"Escrito por":"Administrador DARA","Tiempo de lectura":"4 minutos"},"schema":{"@context":"https:\/\/schema.org","@graph":[{"@type":"WebPage","@id":"https:\/\/dara.aragon.es\/dara\/blog\/la-mujer-en-los-archivos\/","url":"https:\/\/dara.aragon.es\/dara\/blog\/la-mujer-en-los-archivos\/","name":"La mujer en los archivos - ARCHIVOS DE MUJERES","isPartOf":{"@id":"https:\/\/dara.aragon.es\/dara\/mujeres\/#website"},"primaryImageOfPage":{"@id":"https:\/\/dara.aragon.es\/dara\/blog\/la-mujer-en-los-archivos\/#primaryimage"},"image":{"@id":"https:\/\/dara.aragon.es\/dara\/blog\/la-mujer-en-los-archivos\/#primaryimage"},"thumbnailUrl":"https:\/\/blogger.googleusercontent.com\/img\/a\/AVvXsEjIiVB1mzwCY1ew4deSdLMC5Nq_EhiJRxOck0WH4YgKHow87uh1Ig8F_fV5EqZw6hnKdU2q7xSYCE8RW_InuoYJEJK8xAxAzv1FshVAfYe3ExhFSgW6mNFNAifbC_l0Fzy2gOyqxSbsLelrgjuFS8Hx0FbblvWiqK8F4CHM2h95gqQckALFFTWxKpQv=w640-h432","datePublished":"2022-01-24T10:46:00+00:00","dateModified":"2022-02-24T18:08:16+00:00","author":{"@id":"https:\/\/dara.aragon.es\/dara\/mujeres\/#\/schema\/person\/42ee60d9eb45f8689b62d2b57c40aeec"},"breadcrumb":{"@id":"https:\/\/dara.aragon.es\/dara\/blog\/la-mujer-en-los-archivos\/#breadcrumb"},"inLanguage":"es","potentialAction":[{"@type":"ReadAction","target":["https:\/\/dara.aragon.es\/dara\/blog\/la-mujer-en-los-archivos\/"]}]},{"@type":"ImageObject","inLanguage":"es","@id":"https:\/\/dara.aragon.es\/dara\/blog\/la-mujer-en-los-archivos\/#primaryimage","url":"https:\/\/blogger.googleusercontent.com\/img\/a\/AVvXsEjIiVB1mzwCY1ew4deSdLMC5Nq_EhiJRxOck0WH4YgKHow87uh1Ig8F_fV5EqZw6hnKdU2q7xSYCE8RW_InuoYJEJK8xAxAzv1FshVAfYe3ExhFSgW6mNFNAifbC_l0Fzy2gOyqxSbsLelrgjuFS8Hx0FbblvWiqK8F4CHM2h95gqQckALFFTWxKpQv=w640-h432","contentUrl":"https:\/\/blogger.googleusercontent.com\/img\/a\/AVvXsEjIiVB1mzwCY1ew4deSdLMC5Nq_EhiJRxOck0WH4YgKHow87uh1Ig8F_fV5EqZw6hnKdU2q7xSYCE8RW_InuoYJEJK8xAxAzv1FshVAfYe3ExhFSgW6mNFNAifbC_l0Fzy2gOyqxSbsLelrgjuFS8Hx0FbblvWiqK8F4CHM2h95gqQckALFFTWxKpQv=w640-h432"},{"@type":"BreadcrumbList","@id":"https:\/\/dara.aragon.es\/dara\/blog\/la-mujer-en-los-archivos\/#breadcrumb","itemListElement":[{"@type":"ListItem","position":1,"name":"Fuentes documentales mujeres","item":"https:\/\/dara.aragon.es\/dara\/mujeres\/"},{"@type":"ListItem","position":2,"name":"La mujer en los archivos"}]},{"@type":"WebSite","@id":"https:\/\/dara.aragon.es\/dara\/mujeres\/#website","url":"https:\/\/dara.aragon.es\/dara\/mujeres\/","name":"ARCHIVOS DE MUJERES","description":"Otro sitio m\u00e1s de PORTALES DARA","potentialAction":[{"@type":"SearchAction","target":{"@type":"EntryPoint","urlTemplate":"https:\/\/dara.aragon.es\/dara\/mujeres\/?s={search_term_string}"},"query-input":{"@type":"PropertyValueSpecification","valueRequired":true,"valueName":"search_term_string"}}],"inLanguage":"es"},{"@type":"Person","@id":"https:\/\/dara.aragon.es\/dara\/mujeres\/#\/schema\/person\/42ee60d9eb45f8689b62d2b57c40aeec","name":"Administrador DARA","image":{"@type":"ImageObject","inLanguage":"es","@id":"https:\/\/dara.aragon.es\/dara\/mujeres\/#\/schema\/person\/image\/","url":"https:\/\/secure.gravatar.com\/avatar\/8fc1a4250e60d75d1b41fafee86f7181217b3ec161666d4118ba57f78c0a1104?s=96&d=mm&r=g","contentUrl":"https:\/\/secure.gravatar.com\/avatar\/8fc1a4250e60d75d1b41fafee86f7181217b3ec161666d4118ba57f78c0a1104?s=96&d=mm&r=g","caption":"Administrador DARA"},"url":"https:\/\/dara.aragon.es\/dara\/mujeres\/author\/dara-gestion-de-contenidos\/"}]}},"_links":{"self":[{"href":"https:\/\/dara.aragon.es\/dara\/mujeres\/wp-json\/wp\/v2\/posts\/26618","targetHints":{"allow":["GET"]}}],"collection":[{"href":"https:\/\/dara.aragon.es\/dara\/mujeres\/wp-json\/wp\/v2\/posts"}],"about":[{"href":"https:\/\/dara.aragon.es\/dara\/mujeres\/wp-json\/wp\/v2\/types\/post"}],"author":[{"embeddable":true,"href":"https:\/\/dara.aragon.es\/dara\/mujeres\/wp-json\/wp\/v2\/users\/3"}],"replies":[{"embeddable":true,"href":"https:\/\/dara.aragon.es\/dara\/mujeres\/wp-json\/wp\/v2\/comments?post=26618"}],"version-history":[{"count":2,"href":"https:\/\/dara.aragon.es\/dara\/mujeres\/wp-json\/wp\/v2\/posts\/26618\/revisions"}],"predecessor-version":[{"id":26640,"href":"https:\/\/dara.aragon.es\/dara\/mujeres\/wp-json\/wp\/v2\/posts\/26618\/revisions\/26640"}],"wp:attachment":[{"href":"https:\/\/dara.aragon.es\/dara\/mujeres\/wp-json\/wp\/v2\/media?parent=26618"}],"wp:term":[{"taxonomy":"category","embeddable":true,"href":"https:\/\/dara.aragon.es\/dara\/mujeres\/wp-json\/wp\/v2\/categories?post=26618"},{"taxonomy":"post_tag","embeddable":true,"href":"https:\/\/dara.aragon.es\/dara\/mujeres\/wp-json\/wp\/v2\/tags?post=26618"}],"curies":[{"name":"wp","href":"https:\/\/api.w.org\/{rel}","templated":true}]}}