{"id":26622,"date":"2021-03-08T07:54:00","date_gmt":"2021-03-08T07:54:00","guid":{"rendered":"https:\/\/dara.aragon.es\/dara\/mujeres\/?guid=2a65dd9a7a40db6b3d8007edaa6e83c4"},"modified":"2022-02-24T17:54:07","modified_gmt":"2022-02-24T17:54:07","slug":"dia-internacional-de-la-mujer-2021","status":"publish","type":"post","link":"https:\/\/dara.aragon.es\/dara\/mujeres\/2021\/03\/08\/dia-internacional-de-la-mujer-2021\/","title":{"rendered":"D\u00eda Internacional de la Mujer 2021"},"content":{"rendered":"<div style=\"text-align: justify;\"><span style=\"font-family: helvetica;\">Como todos los a\u00f1os se celebra el <b>8 de Marzo, D\u00eda Internacional de la Mujer,<\/b> aunque este a\u00f1o, con motivo de la pandemia del COVID-19, s\u00f3lo podamos celebralo de forma virtual.\u00a0<\/span><\/div>\n<div style=\"text-align: justify;\"><span style=\"font-family: helvetica;\">\u00a0<\/span><\/div>\n<div style=\"text-align: justify;\"><span style=\"font-family: helvetica;\">Es una buena oportunidad para que los usuarios de nuestros archivos hist\u00f3ricos conozcan los fondos que conservan sobre la mujer, de\u00a0<\/span><span style=\"font-family: helvetica;\">su participaci\u00f3n dentro de la sociedad en pie de igualdad, su emancipaci\u00f3n y su desarrollo \u00edntegro como persona\u00a0<\/span><span style=\"font-family: helvetica;\">y, consultar otros recursos digitales en internet, que le permita ampliar su investigaci\u00f3n.<\/span><\/div>\n<div style=\"clear: both; text-align: justify;\"><\/div>\n<div style=\"clear: both; text-align: center;\"><a style=\"margin-left: 1em; margin-right: 1em;\" href=\"https:\/\/1.bp.blogspot.com\/-3PVGMJr5JHk\/YD9mt-QX93I\/AAAAAAAAAkA\/Bz6GL19baeU-nMXtyNMtiZKYRCo0wStJQCNcBGAsYHQ\/s695\/cartel-3-700x987.png\"><img decoding=\"async\" loading=\"lazy\" src=\"https:\/\/1.bp.blogspot.com\/-3PVGMJr5JHk\/YD9mt-QX93I\/AAAAAAAAAkA\/Bz6GL19baeU-nMXtyNMtiZKYRCo0wStJQCNcBGAsYHQ\/w513-h303\/cartel-3-700x987.png\" width=\"513\" height=\"303\" border=\"0\" data-original-height=\"411\" data-original-width=\"695\" \/><\/a><\/div>\n<div style=\"clear: both; text-align: center;\"><span style=\"font-family: helvetica; font-size: x-small;\"><b>Cartel de\u00a0<span style=\"background-color: white; text-align: left;\">Comarca Bajo Arag\u00f3n-Caspe\/Baix Arag\u00f3-Casp, 2021<\/span><\/b><\/span><\/div>\n<p><span style=\"font-family: helvetica; font-size: x-small;\">\u00a0<\/span><\/p>\n<div style=\"text-align: left;\"><span style=\"font-family: helvetica; font-size: x-small;\">\u00a0<\/span><\/p>\n<div style=\"text-align: justify;\">\n<div><span style=\"font-family: helvetica;\"><b>UN POCO DE HISTORIA:<\/b><\/span><\/div>\n<div><\/div>\n<div><span style=\"font-family: helvetica;\">El <b>D\u00eda Internacional de la Mujer,<\/b> originalmente denominado <i>D\u00eda Internacional de la Mujer Trabajadora.\u00a0<\/i><\/span><span style=\"font-family: helvetica;\">Se conmemora el 8 de marzo y es fiesta nacional en algunos pa\u00edses.\u00a0<\/span><\/div>\n<div><span style=\"font-family: helvetica;\">\u00a0<\/span><\/div>\n<div><span style=\"font-family: helvetica;\">Fue institucionalizado por las Naciones Unidas en <b>1975 <\/b>con el nombre de D\u00eda Internacional de la Mujer.<\/span><\/div>\n<div><span style=\"font-family: helvetica;\">\u00a0<\/span><\/div>\n<div><span style=\"font-family: helvetica;\">La primera conmemoraci\u00f3n se realiz\u00f3 el <b>19 de marzo de 1911<\/b> en Europa, m\u00e1s concretamente en Alemania, Austria, Dinamarca y Suiza; desde entonces se ha extendido a otros pa\u00edses y continentes.<\/span><\/div>\n<div><span style=\"font-family: helvetica;\">\u00a0<\/span><\/div>\n<div><span style=\"font-family: helvetica;\"><b>LOS ARCHIVOS HIST\u00d3RICOS PROVINCIALES DE ARAG\u00d3N:<\/b><\/span><\/div>\n<div><span style=\"font-family: helvetica;\">\u00a0<\/span><\/div>\n<div><span style=\"font-family: helvetica;\">En los Archivos Hist\u00f3ricos Provinciales de Zaragoza, Huesca y Teruel hay documentaci\u00f3n de todo tipo y de gran inter\u00e9s para el investigador\u00a0<\/span><span style=\"font-family: helvetica;\">sobre la figura de la mujer, su incorporaci\u00f3n al mundo laboral y situaci\u00f3n social que vivieron a\u00f1os atr\u00e1s.<\/span><span style=\"background-color: white; text-align: left;\">\u00a0<\/span><\/div>\n<\/div>\n<\/div>\n<div style=\"text-align: left;\">\n<div style=\"clear: both; text-align: center;\"><a href=\"https:\/\/dara.aragon.es\/opac\/app\/results\/?ob=re:1&amp;q=MUJER+ahpz\"  rel=\"noopener\"><img decoding=\"async\" loading=\"lazy\" src=\"https:\/\/1.bp.blogspot.com\/-ZprWxj5bi4g\/YD9w5tFwTtI\/AAAAAAAAAko\/87NNlQtBP7cJ6ogKIBdVVx5aIDP_NAghwCNcBGAsYHQ\/w72-h72\/AHPZ.jpg\" width=\"72\" height=\"72\" border=\"0\" data-original-height=\"225\" data-original-width=\"225\" \/><\/a>\u00a0\u00a0 \u00a0\u00a0\u00a0\u00a0<a href=\"https:\/\/dara.aragon.es\/opac\/app\/results\/?ob=re:1&amp;q=MUJER&amp;st=.3\"  rel=\"noopener\"><img decoding=\"async\" loading=\"lazy\" src=\"https:\/\/1.bp.blogspot.com\/-N4oH7oZgUVg\/YD9w31m0NGI\/AAAAAAAAAkk\/nwRdP1SZCfMMO1x4UoMEnV-uQGsy8VvFgCNcBGAsYHQ\/w72-h72\/AHPH.jpg\" width=\"72\" height=\"72\" border=\"0\" data-original-height=\"225\" data-original-width=\"225\" \/><\/a>\u00a0\u00a0 \u00a0\u00a0\u00a0\u00a0<a href=\"https:\/\/dara.aragon.es\/opac\/app\/results\/?ob=re:1&amp;q=MUJER&amp;st=.4\"  rel=\"noopener\"><img decoding=\"async\" loading=\"lazy\" src=\"https:\/\/1.bp.blogspot.com\/-naC1XPWEapk\/YD9w19uArwI\/AAAAAAAAAkg\/KKU8G7vbDSYYd9ShVVmUgXpH2FJYqjjwwCNcBGAsYHQ\/w72-h72\/AHPT.png\" width=\"72\" height=\"72\" border=\"0\" data-original-height=\"225\" data-original-width=\"225\" \/><\/a><\/div>\n<div style=\"clear: both; text-align: center;\"><img decoding=\"async\" loading=\"lazy\" src=\"https:\/\/1.bp.blogspot.com\/-3rqogH5lWcE\/YECNGQh4XRI\/AAAAAAAAAlg\/zRMLMVQ4sawKqhPPyFkfq1ye5HfzH6GKwCNcBGAsYHQ\/w30-h30\/CLICK.jpg\" width=\"30\" height=\"30\" border=\"0\" data-original-height=\"512\" data-original-width=\"512\" \/>\u00a0 \u00a0 \u00a0 \u00a0 \u00a0 \u00a0 \u00a0 \u00a0 \u00a0\u00a0<img decoding=\"async\" loading=\"lazy\" src=\"https:\/\/1.bp.blogspot.com\/-3rqogH5lWcE\/YECNGQh4XRI\/AAAAAAAAAlg\/zRMLMVQ4sawKqhPPyFkfq1ye5HfzH6GKwCNcBGAsYHQ\/w30-h30\/CLICK.jpg\" width=\"30\" height=\"30\" border=\"0\" data-original-height=\"512\" data-original-width=\"512\" \/>\u00a0 \u00a0 \u00a0 \u00a0 \u00a0 \u00a0 \u00a0 \u00a0 \u00a0<img decoding=\"async\" loading=\"lazy\" src=\"https:\/\/1.bp.blogspot.com\/-3rqogH5lWcE\/YECNGQh4XRI\/AAAAAAAAAlg\/zRMLMVQ4sawKqhPPyFkfq1ye5HfzH6GKwCNcBGAsYHQ\/w30-h30\/CLICK.jpg\" width=\"30\" height=\"30\" border=\"0\" data-original-height=\"512\" data-original-width=\"512\" \/><\/div>\n<div style=\"text-align: left;\"><\/div>\n<div style=\"clear: both; text-align: justify;\"><span style=\"font-family: helvetica;\">Tambi\u00e9n se puede encontrar documentaci\u00f3n en las <b>bibliotecas especializadas<\/b> de los tres archivos, en el Cat\u00e1logo en Red de Bibliotecas P\u00fablicas de Arag\u00f3n<\/span><\/div>\n<div style=\"text-align: justify;\"><span style=\"border: 0px; margin: 0px; padding: 0px; vertical-align: baseline;\">\u00a0<\/span><\/div>\n<div style=\"margin-left: 1em; margin-right: 1em; text-align: center;\"><img decoding=\"async\" loading=\"lazy\" src=\"https:\/\/1.bp.blogspot.com\/-3rqogH5lWcE\/YECNGQh4XRI\/AAAAAAAAAlg\/zRMLMVQ4sawKqhPPyFkfq1ye5HfzH6GKwCNcBGAsYHQ\/w30-h30\/CLICK.jpg\" width=\"30\" height=\"30\" border=\"0\" data-original-height=\"512\" data-original-width=\"512\" \/><a style=\"margin-left: 1em; margin-right: 1em;\" href=\"https:\/\/bibliotecas.aragon.es\/cgi-bin\/opac?ACC=DOSEARCH&amp;xsqf99=mujeres%20AHP*\"  rel=\"noopener\"><img decoding=\"async\" loading=\"lazy\" src=\"https:\/\/1.bp.blogspot.com\/-MyMTc7bbiOw\/YD9-_S1bjfI\/AAAAAAAAAk0\/TVDrj0q3Eo4Snuv5d63Di3mzZu9vEUfLgCNcBGAsYHQ\/w170-h68\/LOGO_REDBIBLIOTECAS_RED.jpg\" width=\"170\" height=\"68\" border=\"0\" data-original-height=\"384\" data-original-width=\"960\" \/><\/a><\/div>\n<div style=\"margin-left: 1em; margin-right: 1em; text-align: center;\"><span style=\"font-family: helvetica; font-size: x-small;\"><b>\u00a0<\/b><\/span><\/div>\n<div style=\"text-align: left;\"><\/div>\n<div style=\"text-align: justify;\"><b style=\"font-family: helvetica;\">LA SECCI\u00d3N FEMENINA:<\/b><\/div>\n<div style=\"text-align: justify;\">\n<div><span style=\"font-family: helvetica;\">\u00a0<\/span><\/div>\n<div><span style=\"font-family: helvetica;\">Los Archivos Hist\u00f3ricos Provinciales de Arag\u00f3n conservan la documentaci\u00f3n de la <a href=\"https:\/\/dara.aragon.es\/opac\/app\/results\/?ob=re:1&amp;q=SECCION+FEMENINA&amp;ar=2,3,1\"  rel=\"noopener\"><b>Secci\u00f3n Femenina<\/b><\/a> que fue la rama femenina del partido Falange Espa\u00f1ola, y posteriormente de Falange Espa\u00f1ola Tradicionalista y de las Juntas de Ofensiva Nacional Sindicalista (FET y de las JONS).\u00a0<\/span><\/div>\n<div><span style=\"font-family: helvetica;\">\u00a0<\/span><\/div>\n<div><span style=\"font-family: helvetica;\">Se constituy\u00f3 en Madrid en el a\u00f1o 1934 pero su gran desarrollo comenzar\u00e1 en octubre de 1936 cuando se encarga del \u00abAuxilio de Invierno\u00bb. En este a\u00f1o se configura como una Delegaci\u00f3n Nacional dependiente de la Secretar\u00eda General de partido \u00fanico.\u00a0<\/span><\/div>\n<div><span style=\"font-family: helvetica;\">\u00a0<\/span><\/div>\n<div><span style=\"font-family: helvetica;\">Fue dirigida desde su nacimiento hasta su liquidaci\u00f3n por Pilar Primo de Rivera y S\u00e1enz de Heredia, hermana de Jos\u00e9 Antonio Primo de Rivera, el fundador de Falange. Lleg\u00f3 a funcionar durante cuarenta a\u00f1os, siendo disuelta tras la muerte del general Franco y el consiguiente desmontaje del r\u00e9gimen.<\/span><\/div>\n<div><span style=\"font-family: helvetica;\">\u00a0<\/span><\/div>\n<div><span style=\"font-family: helvetica;\"><b>FAQ:<\/b> <i><a href=\"https:\/\/dara.aragon.es\/dara\/blog\/2017\/02\/02\/el-servicio-social-obligatorio-de-la-seccion-femenina\/\"  rel=\"noopener\">Servicio Social Obligatorio de la Secci\u00f3n Femenina<\/a><\/i><\/span><\/div>\n<div><span style=\"font-family: helvetica;\">\u00a0<\/span><\/div>\n<div><span style=\"font-family: helvetica;\"><b>Consulta<\/b>:\u00a0<\/span><\/div>\n<div><\/div>\n<div><i style=\"font-family: helvetica;\"><a href=\"http:\/\/www.sipca.es\/dara\/memoriademocratica\/index.jsp\"  rel=\"noopener\">DARA Memoria Democr\u00e1tica<\/a><\/i><\/div>\n<div>\n<p><i><a href=\"https:\/\/ahphuesca.blogspot.com\/2020\/11\/el-archivo-nos-cuenta-n-7-mujeres-en.html\"  rel=\"noopener\">N\u00ba 7 de \u00abEl Archivo nos cuenta\u00bb, con el t\u00edtulo Mujeres en tiempos de guerra<\/a><\/i><\/p>\n<\/div>\n<div><\/div>\n<div style=\"text-align: center;\">\u00a0<img decoding=\"async\" loading=\"lazy\" src=\"https:\/\/1.bp.blogspot.com\/-S9ZLowPB_Uw\/YD-UmZTO0NI\/AAAAAAAAAlQ\/MiaSMA3AvyQRCib2a4agNO-Yoxq1BJ8GgCNcBGAsYHQ\/w341-h234\/0000_0.jpg\" width=\"341\" height=\"234\" border=\"0\" data-original-height=\"1410\" data-original-width=\"2048\" \/>\u00a0\u00a0<img decoding=\"async\" loading=\"lazy\" src=\"https:\/\/1.bp.blogspot.com\/-TiTD_nY2fiM\/YD-VOlubYrI\/AAAAAAAAAlY\/K-ZSUra5Tzo-afGdFuNolrNjMCfyDW8QgCNcBGAsYHQ\/w180-h232\/0003_0.jpg\" width=\"180\" height=\"232\" border=\"0\" data-original-height=\"2048\" data-original-width=\"1580\" \/><\/p>\n<\/div>\n<div><span style=\"font-family: helvetica;\">Para saber m\u00e1s, visualizar los siguientes v\u00eddeos:<\/span><\/div>\n<div><span style=\"font-family: helvetica;\">\u00a0<\/span><\/div>\n<div>\n<div style=\"clear: both; text-align: center;\"><\/div>\n<div style=\"clear: both; text-align: center;\"><\/div>\n<div style=\"clear: both; text-align: center;\"><b style=\"font-family: helvetica; font-size: small; text-align: justify;\">AHPH: <\/b><span style=\"font-family: helvetica; font-size: small; text-align: justify;\">Mujeres en tiempo de guerra<\/span><\/div>\n<\/div>\n<div>\n<div style=\"clear: both; font-family: helvetica; text-align: center;\">\n<div><span style=\"text-align: justify;\"><span style=\"font-size: x-small;\"><b>RTVE: <\/b>Paisajes de la Historia: La Secci\u00f3n Femenina<b>\u00a0<\/b><\/span><\/span><\/div>\n<p style=\"clear: both; text-align: center;\">\n<p style=\"clear: both; text-align: center;\"><span style=\"font-family: arial;\"><span style=\"font-size: x-small;\"><b>Gobierno de Arag\u00f3n:<\/b> Mujeres (in)Visibles<\/span><\/span><\/p>\n<\/div>\n<div style=\"clear: both; font-family: helvetica; text-align: center;\"><\/div>\n<p><b style=\"font-family: helvetica;\">RECURSOS DIGITALES:<\/b><\/p>\n<\/div>\n<div><span style=\"font-family: helvetica;\"><b>\u00a0<\/b><\/span><\/div>\n<div><span style=\"font-family: helvetica;\">Hay una serie de portales digitales, en los que colaboran tanto archivos nacionales como\u00a0 internacionales, y en los que se puede consultar documentaci\u00f3n sobre la evoluci\u00f3n y el papel\u00a0 que ha tenido y tiene actualmente la mujer en la vida social, pol\u00edtica y econ\u00f3mica en todos los rincones del planeta.<\/span><\/div>\n<div><span style=\"font-family: helvetica;\">\u00a0<\/span><\/div>\n<div><span style=\"font-family: helvetica;\">Accede a cada uno de los portales digitales pinchando en sus respectivos iconos:<\/span><\/div>\n<div><span style=\"text-align: center;\">\u00a0<\/span><\/div>\n<div><span style=\"text-align: center;\">\u00a0<\/span><span style=\"text-align: center;\">\u00a0\u00a0\u00a0 \u00a0\u00a0\u00a0 \u00a0\u00a0\u00a0 \u00a0\u00a0\u00a0 \u00a0\u00a0<\/span><a style=\"text-align: center;\" href=\"https:\/\/www.archivesportaleurope.net\/es\/home\"  rel=\"noopener\"><img decoding=\"async\" loading=\"lazy\" style=\"text-align: left;\" src=\"https:\/\/1.bp.blogspot.com\/-tNOReH_q_jw\/YD-Mol1H_RI\/AAAAAAAAAlE\/rG4N6SZr2tkXA4q2xr3f8V21Kf0s15F7ACNcBGAsYHQ\/w127-h53\/ARCHIVES.jpg\" width=\"127\" height=\"53\" border=\"0\" data-original-height=\"120\" data-original-width=\"286\" \/><\/a><span style=\"text-align: left;\">\u00a0\u00a0<\/span><a style=\"margin-left: 1em; margin-right: 1em; text-align: center;\" href=\"https:\/\/archive.org\/\"><img decoding=\"async\" loading=\"lazy\" src=\"https:\/\/1.bp.blogspot.com\/-hqbHxzzevbo\/YECTXOGubiI\/AAAAAAAAAlo\/YRXWelE3c7QpMUsV-lTVa4WUJyudUq-RQCNcBGAsYHQ\/w49-h48\/INTERNET%2BARCHIVES.jpg\" width=\"49\" height=\"48\" border=\"0\" data-original-height=\"340\" data-original-width=\"349\" \/><\/a><span style=\"text-align: center;\">\u00a0<\/span><a style=\"text-align: center;\" href=\"https:\/\/www.europeana.eu\/es\/womens-history\"  rel=\"noopener\"><img decoding=\"async\" loading=\"lazy\" style=\"text-align: left;\" src=\"https:\/\/1.bp.blogspot.com\/-EpeSRhEresk\/YD-MohkA2uI\/AAAAAAAAAlA\/gRooNtQygNk7ae4EFrAj54iyAgIR1DxagCNcBGAsYHQ\/w95-h47\/EUROPEANA.jpg\" width=\"95\" height=\"47\" border=\"0\" data-original-height=\"124\" data-original-width=\"250\" \/><\/a><span style=\"text-align: left;\">\u00a0\u00a0<\/span><a style=\"margin-left: 1em; margin-right: 1em; text-align: center;\" href=\"https:\/\/www.archives.gov\/founding-docs\"><img decoding=\"async\" loading=\"lazy\" src=\"https:\/\/1.bp.blogspot.com\/-pvkxxHfY-iQ\/YECciFMEPBI\/AAAAAAAAAlw\/gIcIZXxedm0qTNp1RXX8qq_lld4XDDXyACNcBGAsYHQ\/w65-h58\/NARA.jpeg\" width=\"65\" height=\"58\" border=\"0\" data-original-height=\"747\" data-original-width=\"837\" \/><\/a><a style=\"margin-left: 1em; margin-right: 1em; text-align: center;\" href=\"https:\/\/recordsearch.naa.gov.au\/SearchNRetrieve\/Interface\/SearchScreens\/BasicSearch.aspx\"  rel=\"noopener\"><img decoding=\"async\" loading=\"lazy\" src=\"https:\/\/1.bp.blogspot.com\/-SRwrzoIkfB0\/YEC3bLTUrdI\/AAAAAAAAAl4\/Hb2j_bloP8stwBrJAbISU2zdFme4WTevQCNcBGAsYHQ\/w85-h45\/AUSTRALIA.JPG\" width=\"85\" height=\"45\" border=\"0\" data-original-height=\"90\" data-original-width=\"171\" \/><\/a><\/div>\n<div><\/div>\n<div>\n<p>#CulturaEnIgualdad<\/p>\n<p>#CulturaMAB<\/p>\n<p>#MujeresMAB<\/p>\n<p>#Arag\u00f3n<\/p>\n<p>#8M2021<\/p>\n<p>#DiaInternacionalDeLaMujer<\/p>\n<\/div>\n<\/div>\n<\/div>\n<p>La entrada <a rel=\"nofollow\" href=\"https:\/\/dara.aragon.es\/dara\/blog\/dia-internacional-de-la-mujer-2021\/\">D\u00eda Internacional de la Mujer 2021<\/a> se public\u00f3 primero en <a rel=\"nofollow\" href=\"https:\/\/dara.aragon.es\/dara\/\">DARA GENERAL<\/a>.<\/p>\n","protected":false},"excerpt":{"rendered":"<p>Como todos los a\u00f1os se celebra el 8 de Marzo, D\u00eda Internacional de la Mujer, aunque este a\u00f1o, con motivo de la pandemia del COVID-19, s\u00f3lo podamos celebralo de forma virtual.\u00a0 \u00a0 Es una buena oportunidad para que los usuarios de nuestros archivos hist\u00f3ricos conozcan los fondos que conservan sobre la mujer, de\u00a0su participaci\u00f3n dentro [\u2026]<\/p>\n<p>La entrada <a rel=\"nofollow\" href=\"https:\/\/dara.aragon.es\/dara\/blog\/dia-internacional-de-la-mujer-2021\/\">D\u00eda Internacional de la Mujer 2021<\/a> se public\u00f3 primero en <a rel=\"nofollow\" href=\"https:\/\/dara.aragon.es\/dara\/\">DARA GENERAL<\/a>.<\/p>\n","protected":false},"author":3,"featured_media":0,"comment_status":"closed","ping_status":"closed","sticky":false,"template":"","format":"standard","meta":{"_et_pb_use_builder":"","_et_pb_old_content":"","_et_gb_content_width":"","footnotes":""},"categories":[296,294,295,297,298],"tags":[],"class_list":["post-26622","post","type-post","status-publish","format-standard","hentry","category-archivos-aragoneses","category-mujeres","category-noticias","category-portal-de-archivos-europeos","category-seccion-femenina"],"yoast_head":"<!-- This site is optimized with the Yoast SEO plugin v27.5 - https:\/\/yoast.com\/product\/yoast-seo-wordpress\/ -->\n<title>D\u00eda Internacional de la Mujer 2021 - ARCHIVOS DE MUJERES<\/title>\n<meta name=\"robots\" content=\"index, follow, max-snippet:-1, max-image-preview:large, max-video-preview:-1\" \/>\n<link rel=\"canonical\" href=\"https:\/\/dara.aragon.es\/dara\/blog\/dia-internacional-de-la-mujer-2021\/\" \/>\n<meta property=\"og:locale\" content=\"es_ES\" \/>\n<meta property=\"og:type\" content=\"article\" \/>\n<meta property=\"og:title\" content=\"D\u00eda Internacional de la Mujer 2021 - ARCHIVOS DE MUJERES\" \/>\n<meta property=\"og:description\" content=\"Como todos los a\u00f1os se celebra el 8 de Marzo, D\u00eda Internacional de la Mujer, aunque este a\u00f1o, con motivo de la pandemia del COVID-19, s\u00f3lo podamos celebralo de forma virtual.\u00a0 \u00a0 Es una buena oportunidad para que los usuarios de nuestros archivos hist\u00f3ricos conozcan los fondos que conservan sobre la mujer, de\u00a0su participaci\u00f3n dentro [\u2026] La entrada D\u00eda Internacional de la Mujer 2021 se public\u00f3 primero en DARA GENERAL.\" \/>\n<meta property=\"og:url\" content=\"https:\/\/dara.aragon.es\/dara\/blog\/dia-internacional-de-la-mujer-2021\/\" \/>\n<meta property=\"og:site_name\" content=\"ARCHIVOS DE MUJERES\" \/>\n<meta property=\"article:published_time\" content=\"2021-03-08T07:54:00+00:00\" \/>\n<meta property=\"article:modified_time\" content=\"2022-02-24T17:54:07+00:00\" \/>\n<meta property=\"og:image\" content=\"https:\/\/1.bp.blogspot.com\/-3PVGMJr5JHk\/YD9mt-QX93I\/AAAAAAAAAkA\/Bz6GL19baeU-nMXtyNMtiZKYRCo0wStJQCNcBGAsYHQ\/w513-h303\/cartel-3-700x987.png\" \/>\n<meta name=\"author\" content=\"Administrador DARA\" \/>\n<meta name=\"twitter:card\" content=\"summary_large_image\" \/>\n<meta name=\"twitter:label1\" content=\"Escrito por\" \/>\n\t<meta name=\"twitter:data1\" content=\"Administrador DARA\" \/>\n\t<meta name=\"twitter:label2\" content=\"Tiempo de lectura\" \/>\n\t<meta name=\"twitter:data2\" content=\"3 minutos\" \/>\n<script type=\"application\/ld+json\" class=\"yoast-schema-graph\">{\"@context\":\"https:\\\/\\\/schema.org\",\"@graph\":[{\"@type\":\"Article\",\"@id\":\"https:\\\/\\\/dara.aragon.es\\\/dara\\\/blog\\\/dia-internacional-de-la-mujer-2021\\\/#article\",\"isPartOf\":{\"@id\":\"https:\\\/\\\/dara.aragon.es\\\/dara\\\/blog\\\/dia-internacional-de-la-mujer-2021\\\/\"},\"author\":{\"name\":\"Administrador DARA\",\"@id\":\"https:\\\/\\\/dara.aragon.es\\\/dara\\\/mujeres\\\/#\\\/schema\\\/person\\\/42ee60d9eb45f8689b62d2b57c40aeec\"},\"headline\":\"D\u00eda Internacional de la Mujer 2021\",\"datePublished\":\"2021-03-08T07:54:00+00:00\",\"dateModified\":\"2022-02-24T17:54:07+00:00\",\"mainEntityOfPage\":{\"@id\":\"https:\\\/\\\/dara.aragon.es\\\/dara\\\/blog\\\/dia-internacional-de-la-mujer-2021\\\/\"},\"wordCount\":566,\"image\":{\"@id\":\"https:\\\/\\\/dara.aragon.es\\\/dara\\\/blog\\\/dia-internacional-de-la-mujer-2021\\\/#primaryimage\"},\"thumbnailUrl\":\"https:\\\/\\\/1.bp.blogspot.com\\\/-3PVGMJr5JHk\\\/YD9mt-QX93I\\\/AAAAAAAAAkA\\\/Bz6GL19baeU-nMXtyNMtiZKYRCo0wStJQCNcBGAsYHQ\\\/w513-h303\\\/cartel-3-700x987.png\",\"articleSection\":[\"Archivos aragoneses\",\"Mujeres\",\"Noticias\",\"Portal de archivos europeos\",\"Secci\u00f3n Femenina\"],\"inLanguage\":\"es\"},{\"@type\":\"WebPage\",\"@id\":\"https:\\\/\\\/dara.aragon.es\\\/dara\\\/blog\\\/dia-internacional-de-la-mujer-2021\\\/\",\"url\":\"https:\\\/\\\/dara.aragon.es\\\/dara\\\/blog\\\/dia-internacional-de-la-mujer-2021\\\/\",\"name\":\"D\u00eda Internacional de la Mujer 2021 - ARCHIVOS DE MUJERES\",\"isPartOf\":{\"@id\":\"https:\\\/\\\/dara.aragon.es\\\/dara\\\/mujeres\\\/#website\"},\"primaryImageOfPage\":{\"@id\":\"https:\\\/\\\/dara.aragon.es\\\/dara\\\/blog\\\/dia-internacional-de-la-mujer-2021\\\/#primaryimage\"},\"image\":{\"@id\":\"https:\\\/\\\/dara.aragon.es\\\/dara\\\/blog\\\/dia-internacional-de-la-mujer-2021\\\/#primaryimage\"},\"thumbnailUrl\":\"https:\\\/\\\/1.bp.blogspot.com\\\/-3PVGMJr5JHk\\\/YD9mt-QX93I\\\/AAAAAAAAAkA\\\/Bz6GL19baeU-nMXtyNMtiZKYRCo0wStJQCNcBGAsYHQ\\\/w513-h303\\\/cartel-3-700x987.png\",\"datePublished\":\"2021-03-08T07:54:00+00:00\",\"dateModified\":\"2022-02-24T17:54:07+00:00\",\"author\":{\"@id\":\"https:\\\/\\\/dara.aragon.es\\\/dara\\\/mujeres\\\/#\\\/schema\\\/person\\\/42ee60d9eb45f8689b62d2b57c40aeec\"},\"breadcrumb\":{\"@id\":\"https:\\\/\\\/dara.aragon.es\\\/dara\\\/blog\\\/dia-internacional-de-la-mujer-2021\\\/#breadcrumb\"},\"inLanguage\":\"es\",\"potentialAction\":[{\"@type\":\"ReadAction\",\"target\":[\"https:\\\/\\\/dara.aragon.es\\\/dara\\\/blog\\\/dia-internacional-de-la-mujer-2021\\\/\"]}]},{\"@type\":\"ImageObject\",\"inLanguage\":\"es\",\"@id\":\"https:\\\/\\\/dara.aragon.es\\\/dara\\\/blog\\\/dia-internacional-de-la-mujer-2021\\\/#primaryimage\",\"url\":\"https:\\\/\\\/1.bp.blogspot.com\\\/-3PVGMJr5JHk\\\/YD9mt-QX93I\\\/AAAAAAAAAkA\\\/Bz6GL19baeU-nMXtyNMtiZKYRCo0wStJQCNcBGAsYHQ\\\/w513-h303\\\/cartel-3-700x987.png\",\"contentUrl\":\"https:\\\/\\\/1.bp.blogspot.com\\\/-3PVGMJr5JHk\\\/YD9mt-QX93I\\\/AAAAAAAAAkA\\\/Bz6GL19baeU-nMXtyNMtiZKYRCo0wStJQCNcBGAsYHQ\\\/w513-h303\\\/cartel-3-700x987.png\"},{\"@type\":\"BreadcrumbList\",\"@id\":\"https:\\\/\\\/dara.aragon.es\\\/dara\\\/blog\\\/dia-internacional-de-la-mujer-2021\\\/#breadcrumb\",\"itemListElement\":[{\"@type\":\"ListItem\",\"position\":1,\"name\":\"Fuentes documentales mujeres\",\"item\":\"https:\\\/\\\/dara.aragon.es\\\/dara\\\/mujeres\\\/\"},{\"@type\":\"ListItem\",\"position\":2,\"name\":\"D\u00eda Internacional de la Mujer 2021\"}]},{\"@type\":\"WebSite\",\"@id\":\"https:\\\/\\\/dara.aragon.es\\\/dara\\\/mujeres\\\/#website\",\"url\":\"https:\\\/\\\/dara.aragon.es\\\/dara\\\/mujeres\\\/\",\"name\":\"ARCHIVOS DE MUJERES\",\"description\":\"Otro sitio m\u00e1s de PORTALES DARA\",\"potentialAction\":[{\"@type\":\"SearchAction\",\"target\":{\"@type\":\"EntryPoint\",\"urlTemplate\":\"https:\\\/\\\/dara.aragon.es\\\/dara\\\/mujeres\\\/?s={search_term_string}\"},\"query-input\":{\"@type\":\"PropertyValueSpecification\",\"valueRequired\":true,\"valueName\":\"search_term_string\"}}],\"inLanguage\":\"es\"},{\"@type\":\"Person\",\"@id\":\"https:\\\/\\\/dara.aragon.es\\\/dara\\\/mujeres\\\/#\\\/schema\\\/person\\\/42ee60d9eb45f8689b62d2b57c40aeec\",\"name\":\"Administrador DARA\",\"image\":{\"@type\":\"ImageObject\",\"inLanguage\":\"es\",\"@id\":\"https:\\\/\\\/secure.gravatar.com\\\/avatar\\\/8fc1a4250e60d75d1b41fafee86f7181217b3ec161666d4118ba57f78c0a1104?s=96&d=mm&r=g\",\"url\":\"https:\\\/\\\/secure.gravatar.com\\\/avatar\\\/8fc1a4250e60d75d1b41fafee86f7181217b3ec161666d4118ba57f78c0a1104?s=96&d=mm&r=g\",\"contentUrl\":\"https:\\\/\\\/secure.gravatar.com\\\/avatar\\\/8fc1a4250e60d75d1b41fafee86f7181217b3ec161666d4118ba57f78c0a1104?s=96&d=mm&r=g\",\"caption\":\"Administrador DARA\"},\"url\":\"https:\\\/\\\/dara.aragon.es\\\/dara\\\/mujeres\\\/author\\\/dara-gestion-de-contenidos\\\/\"}]}<\/script>\n<!-- \/ Yoast SEO plugin. -->","yoast_head_json":{"title":"D\u00eda Internacional de la Mujer 2021 - ARCHIVOS DE MUJERES","robots":{"index":"index","follow":"follow","max-snippet":"max-snippet:-1","max-image-preview":"max-image-preview:large","max-video-preview":"max-video-preview:-1"},"canonical":"https:\/\/dara.aragon.es\/dara\/blog\/dia-internacional-de-la-mujer-2021\/","og_locale":"es_ES","og_type":"article","og_title":"D\u00eda Internacional de la Mujer 2021 - ARCHIVOS DE MUJERES","og_description":"Como todos los a\u00f1os se celebra el 8 de Marzo, D\u00eda Internacional de la Mujer, aunque este a\u00f1o, con motivo de la pandemia del COVID-19, s\u00f3lo podamos celebralo de forma virtual.\u00a0 \u00a0 Es una buena oportunidad para que los usuarios de nuestros archivos hist\u00f3ricos conozcan los fondos que conservan sobre la mujer, de\u00a0su participaci\u00f3n dentro [\u2026] La entrada D\u00eda Internacional de la Mujer 2021 se public\u00f3 primero en DARA GENERAL.","og_url":"https:\/\/dara.aragon.es\/dara\/blog\/dia-internacional-de-la-mujer-2021\/","og_site_name":"ARCHIVOS DE MUJERES","article_published_time":"2021-03-08T07:54:00+00:00","article_modified_time":"2022-02-24T17:54:07+00:00","og_image":[{"url":"https:\/\/1.bp.blogspot.com\/-3PVGMJr5JHk\/YD9mt-QX93I\/AAAAAAAAAkA\/Bz6GL19baeU-nMXtyNMtiZKYRCo0wStJQCNcBGAsYHQ\/w513-h303\/cartel-3-700x987.png","type":"","width":"","height":""}],"author":"Administrador DARA","twitter_card":"summary_large_image","twitter_misc":{"Escrito por":"Administrador DARA","Tiempo de lectura":"3 minutos"},"schema":{"@context":"https:\/\/schema.org","@graph":[{"@type":"Article","@id":"https:\/\/dara.aragon.es\/dara\/blog\/dia-internacional-de-la-mujer-2021\/#article","isPartOf":{"@id":"https:\/\/dara.aragon.es\/dara\/blog\/dia-internacional-de-la-mujer-2021\/"},"author":{"name":"Administrador DARA","@id":"https:\/\/dara.aragon.es\/dara\/mujeres\/#\/schema\/person\/42ee60d9eb45f8689b62d2b57c40aeec"},"headline":"D\u00eda Internacional de la Mujer 2021","datePublished":"2021-03-08T07:54:00+00:00","dateModified":"2022-02-24T17:54:07+00:00","mainEntityOfPage":{"@id":"https:\/\/dara.aragon.es\/dara\/blog\/dia-internacional-de-la-mujer-2021\/"},"wordCount":566,"image":{"@id":"https:\/\/dara.aragon.es\/dara\/blog\/dia-internacional-de-la-mujer-2021\/#primaryimage"},"thumbnailUrl":"https:\/\/1.bp.blogspot.com\/-3PVGMJr5JHk\/YD9mt-QX93I\/AAAAAAAAAkA\/Bz6GL19baeU-nMXtyNMtiZKYRCo0wStJQCNcBGAsYHQ\/w513-h303\/cartel-3-700x987.png","articleSection":["Archivos aragoneses","Mujeres","Noticias","Portal de archivos europeos","Secci\u00f3n Femenina"],"inLanguage":"es"},{"@type":"WebPage","@id":"https:\/\/dara.aragon.es\/dara\/blog\/dia-internacional-de-la-mujer-2021\/","url":"https:\/\/dara.aragon.es\/dara\/blog\/dia-internacional-de-la-mujer-2021\/","name":"D\u00eda Internacional de la Mujer 2021 - ARCHIVOS DE MUJERES","isPartOf":{"@id":"https:\/\/dara.aragon.es\/dara\/mujeres\/#website"},"primaryImageOfPage":{"@id":"https:\/\/dara.aragon.es\/dara\/blog\/dia-internacional-de-la-mujer-2021\/#primaryimage"},"image":{"@id":"https:\/\/dara.aragon.es\/dara\/blog\/dia-internacional-de-la-mujer-2021\/#primaryimage"},"thumbnailUrl":"https:\/\/1.bp.blogspot.com\/-3PVGMJr5JHk\/YD9mt-QX93I\/AAAAAAAAAkA\/Bz6GL19baeU-nMXtyNMtiZKYRCo0wStJQCNcBGAsYHQ\/w513-h303\/cartel-3-700x987.png","datePublished":"2021-03-08T07:54:00+00:00","dateModified":"2022-02-24T17:54:07+00:00","author":{"@id":"https:\/\/dara.aragon.es\/dara\/mujeres\/#\/schema\/person\/42ee60d9eb45f8689b62d2b57c40aeec"},"breadcrumb":{"@id":"https:\/\/dara.aragon.es\/dara\/blog\/dia-internacional-de-la-mujer-2021\/#breadcrumb"},"inLanguage":"es","potentialAction":[{"@type":"ReadAction","target":["https:\/\/dara.aragon.es\/dara\/blog\/dia-internacional-de-la-mujer-2021\/"]}]},{"@type":"ImageObject","inLanguage":"es","@id":"https:\/\/dara.aragon.es\/dara\/blog\/dia-internacional-de-la-mujer-2021\/#primaryimage","url":"https:\/\/1.bp.blogspot.com\/-3PVGMJr5JHk\/YD9mt-QX93I\/AAAAAAAAAkA\/Bz6GL19baeU-nMXtyNMtiZKYRCo0wStJQCNcBGAsYHQ\/w513-h303\/cartel-3-700x987.png","contentUrl":"https:\/\/1.bp.blogspot.com\/-3PVGMJr5JHk\/YD9mt-QX93I\/AAAAAAAAAkA\/Bz6GL19baeU-nMXtyNMtiZKYRCo0wStJQCNcBGAsYHQ\/w513-h303\/cartel-3-700x987.png"},{"@type":"BreadcrumbList","@id":"https:\/\/dara.aragon.es\/dara\/blog\/dia-internacional-de-la-mujer-2021\/#breadcrumb","itemListElement":[{"@type":"ListItem","position":1,"name":"Fuentes documentales mujeres","item":"https:\/\/dara.aragon.es\/dara\/mujeres\/"},{"@type":"ListItem","position":2,"name":"D\u00eda Internacional de la Mujer 2021"}]},{"@type":"WebSite","@id":"https:\/\/dara.aragon.es\/dara\/mujeres\/#website","url":"https:\/\/dara.aragon.es\/dara\/mujeres\/","name":"ARCHIVOS DE MUJERES","description":"Otro sitio m\u00e1s de PORTALES DARA","potentialAction":[{"@type":"SearchAction","target":{"@type":"EntryPoint","urlTemplate":"https:\/\/dara.aragon.es\/dara\/mujeres\/?s={search_term_string}"},"query-input":{"@type":"PropertyValueSpecification","valueRequired":true,"valueName":"search_term_string"}}],"inLanguage":"es"},{"@type":"Person","@id":"https:\/\/dara.aragon.es\/dara\/mujeres\/#\/schema\/person\/42ee60d9eb45f8689b62d2b57c40aeec","name":"Administrador DARA","image":{"@type":"ImageObject","inLanguage":"es","@id":"https:\/\/secure.gravatar.com\/avatar\/8fc1a4250e60d75d1b41fafee86f7181217b3ec161666d4118ba57f78c0a1104?s=96&d=mm&r=g","url":"https:\/\/secure.gravatar.com\/avatar\/8fc1a4250e60d75d1b41fafee86f7181217b3ec161666d4118ba57f78c0a1104?s=96&d=mm&r=g","contentUrl":"https:\/\/secure.gravatar.com\/avatar\/8fc1a4250e60d75d1b41fafee86f7181217b3ec161666d4118ba57f78c0a1104?s=96&d=mm&r=g","caption":"Administrador DARA"},"url":"https:\/\/dara.aragon.es\/dara\/mujeres\/author\/dara-gestion-de-contenidos\/"}]}},"_links":{"self":[{"href":"https:\/\/dara.aragon.es\/dara\/mujeres\/wp-json\/wp\/v2\/posts\/26622","targetHints":{"allow":["GET"]}}],"collection":[{"href":"https:\/\/dara.aragon.es\/dara\/mujeres\/wp-json\/wp\/v2\/posts"}],"about":[{"href":"https:\/\/dara.aragon.es\/dara\/mujeres\/wp-json\/wp\/v2\/types\/post"}],"author":[{"embeddable":true,"href":"https:\/\/dara.aragon.es\/dara\/mujeres\/wp-json\/wp\/v2\/users\/3"}],"replies":[{"embeddable":true,"href":"https:\/\/dara.aragon.es\/dara\/mujeres\/wp-json\/wp\/v2\/comments?post=26622"}],"version-history":[{"count":1,"href":"https:\/\/dara.aragon.es\/dara\/mujeres\/wp-json\/wp\/v2\/posts\/26622\/revisions"}],"predecessor-version":[{"id":26623,"href":"https:\/\/dara.aragon.es\/dara\/mujeres\/wp-json\/wp\/v2\/posts\/26622\/revisions\/26623"}],"wp:attachment":[{"href":"https:\/\/dara.aragon.es\/dara\/mujeres\/wp-json\/wp\/v2\/media?parent=26622"}],"wp:term":[{"taxonomy":"category","embeddable":true,"href":"https:\/\/dara.aragon.es\/dara\/mujeres\/wp-json\/wp\/v2\/categories?post=26622"},{"taxonomy":"post_tag","embeddable":true,"href":"https:\/\/dara.aragon.es\/dara\/mujeres\/wp-json\/wp\/v2\/tags?post=26622"}],"curies":[{"name":"wp","href":"https:\/\/api.w.org\/{rel}","templated":true}]}}