{"id":2056,"date":"2020-03-29T11:08:11","date_gmt":"2020-03-29T11:08:11","guid":{"rendered":"https:\/\/dara.aragon.es\/dara\/sijena\/?p=2056"},"modified":"2023-09-21T14:45:30","modified_gmt":"2023-09-21T14:45:30","slug":"video-senoras-de-sijena","status":"publish","type":"post","link":"https:\/\/dara.aragon.es\/dara\/sijena\/monasterio-sigena\/video-senoras-de-sijena\/","title":{"rendered":"V\u00eddeo-Se\u00f1oras de Sijena"},"content":{"rendered":"<p>[et_pb_section fb_built=\u00bb1&#8243; admin_label=\u00bbsection\u00bb _builder_version=\u00bb4.20.2&#8243; hover_enabled=\u00bb0&#8243; global_colors_info=\u00bb{}\u00bb background_color=\u00bb#FFFFFF\u00bb sticky_enabled=\u00bb0&#8243;][et_pb_row admin_label=\u00bbrow\u00bb _builder_version=\u00bb4.20.2&#8243; background_size=\u00bbinitial\u00bb background_position=\u00bbtop_left\u00bb background_repeat=\u00bbrepeat\u00bb custom_padding=\u00bb0px|||||\u00bb global_colors_info=\u00bb{}\u00bb][et_pb_column type=\u00bb4_4&#8243; _builder_version=\u00bb4.16&#8243; custom_padding=\u00bb|||\u00bb global_colors_info=\u00bb{}\u00bb custom_padding__hover=\u00bb|||\u00bb][et_pb_text admin_label=\u00bbText\u00bb _builder_version=\u00bb4.20.2&#8243; text_font_size=\u00bb18px\u00bb background_size=\u00bbinitial\u00bb background_position=\u00bbtop_left\u00bb background_repeat=\u00bbrepeat\u00bb custom_padding=\u00bb|||45px||\u00bb global_colors_info=\u00bb{}\u00bb]<\/p>\n<div style=\"text-align: justify\">\n<div style=\"clear: both;text-align: center\"><\/div>\n<\/div>\n<div><\/div>\n<div><\/div>\n<div>\n<p>&nbsp;<\/p>\n<\/div>\n<div style=\"clear: both;text-align: justify\">\n<p>1876. Josefa de Salas, priora del Monasterio de Sijena, nos habla de su vida religiosa y de la historia del cenobio, desde su fundaci\u00f3n en 1188 hasta los convulsos a\u00f1os del siglo XIX. Siete siglos de una comunidad religiosa excepcional.<\/p>\n<p>Una aproximaci\u00f3n a la historia del Monasterio, a la vida cotidiana de las se\u00f1oras que lo habitaron y, en definitiva, una forma de acercarse a la historia de este centro emblem\u00e1tico para la historia de la Corona de Arag\u00f3n.<\/p>\n<p>El v\u00eddeo fue producido para formar parte de la exposici\u00f3n Se\u00f1oras de Sijena: vida cotidiana en un monasterio femenino (ss. XII-XX) organizada en colaboraci\u00f3n con el Instituto Cervantes de Palermo (Italia) en 2019.<\/p>\n<p>M\u00e1s informaci\u00f3n<\/p>\n<p><strong>Huesca Televisi\u00f3n-Se\u00f1oras de Sijena<\/strong><\/p>\n<p>Radio Huesca-Hoy por hoy<\/p>\n<p>https:\/\/www.radiohuesca.com\/comarcas\/aragon-lleva-su-historia-hasta-palermo-a-traves-de-una-exposicion-sobre-el-monasterio-de-sijena-05032019-121532.html<\/p>\n<\/div>\n<p>&nbsp;<\/p>\n<p>&nbsp;<\/p>\n<div style=\"clear: both\"><\/div>\n<p><!-- [if gte mso 9]&gt;   Normal  0      21      false  false  false    ES  X-NONE  X-NONE                                                                         &lt;![endif]--><\/p>\n<p>[\/et_pb_text][\/et_pb_column][\/et_pb_row][\/et_pb_section]<\/p>\n","protected":false},"excerpt":{"rendered":"<p>&nbsp; 1876. Josefa de Salas, priora del Monasterio de Sijena, nos habla de su vida religiosa y de la historia del cenobio, desde su fundaci\u00f3n en 1188 hasta los convulsos a\u00f1os del siglo XIX. Siete siglos de una comunidad religiosa excepcional. Una aproximaci\u00f3n a la historia del Monasterio, a la vida cotidiana de las se\u00f1oras [&hellip;]<\/p>\n","protected":false},"author":2,"featured_media":1933,"comment_status":"closed","ping_status":"closed","sticky":false,"template":"","format":"standard","meta":{"_et_pb_use_builder":"on","_et_pb_old_content":"<!-- wp:divi\/placeholder \/-->","_et_gb_content_width":"","footnotes":""},"categories":[18,31,16,14,17],"tags":[],"class_list":["post-2056","post","type-post","status-publish","format-standard","has-post-thumbnail","hentry","category-ahp-huesca","category-exposiciones","category-monasterio-de-santa-maria-de-sigena","category-monasterio-sigena","category-videos"],"yoast_head":"<!-- This site is optimized with the Yoast SEO plugin v26.2 - https:\/\/yoast.com\/wordpress\/plugins\/seo\/ -->\n<title>V\u00eddeo-Se\u00f1oras de Sijena - DARA-Sigena Virtual<\/title>\n<meta name=\"robots\" content=\"index, follow, max-snippet:-1, max-image-preview:large, max-video-preview:-1\" \/>\n<link rel=\"canonical\" href=\"https:\/\/dara.aragon.es\/dara\/sijena\/monasterio-sigena\/video-senoras-de-sijena\/\" \/>\n<meta property=\"og:locale\" content=\"es_ES\" \/>\n<meta property=\"og:type\" content=\"article\" \/>\n<meta property=\"og:title\" content=\"V\u00eddeo-Se\u00f1oras de Sijena - DARA-Sigena Virtual\" \/>\n<meta property=\"og:description\" content=\"&nbsp; 1876. Josefa de Salas, priora del Monasterio de Sijena, nos habla de su vida religiosa y de la historia del cenobio, desde su fundaci\u00f3n en 1188 hasta los convulsos a\u00f1os del siglo XIX. Siete siglos de una comunidad religiosa excepcional. Una aproximaci\u00f3n a la historia del Monasterio, a la vida cotidiana de las se\u00f1oras [&hellip;]\" \/>\n<meta property=\"og:url\" content=\"https:\/\/dara.aragon.es\/dara\/sijena\/monasterio-sigena\/video-senoras-de-sijena\/\" \/>\n<meta property=\"og:site_name\" content=\"DARA-Sigena Virtual\" \/>\n<meta property=\"article:published_time\" content=\"2020-03-29T11:08:11+00:00\" \/>\n<meta property=\"article:modified_time\" content=\"2023-09-21T14:45:30+00:00\" \/>\n<meta property=\"og:image\" content=\"https:\/\/dara.aragon.es\/dara\/sijena\/wp-content\/uploads\/sites\/5\/2023\/09\/IMG_8752.jpg\" \/>\n\t<meta property=\"og:image:width\" content=\"1170\" \/>\n\t<meta property=\"og:image:height\" content=\"655\" \/>\n\t<meta property=\"og:image:type\" content=\"image\/jpeg\" \/>\n<meta name=\"author\" content=\"Archivo Hist\u00f3rico Provincial de Huesca Juanjo Generelo\" \/>\n<meta name=\"twitter:card\" content=\"summary_large_image\" \/>\n<meta name=\"twitter:label1\" content=\"Escrito por\" \/>\n\t<meta name=\"twitter:data1\" content=\"Archivo Hist\u00f3rico Provincial de Huesca Juanjo Generelo\" \/>\n\t<meta name=\"twitter:label2\" content=\"Tiempo de lectura\" \/>\n\t<meta name=\"twitter:data2\" content=\"1 minuto\" \/>\n<script type=\"application\/ld+json\" class=\"yoast-schema-graph\">{\"@context\":\"https:\/\/schema.org\",\"@graph\":[{\"@type\":\"WebPage\",\"@id\":\"https:\/\/dara.aragon.es\/dara\/sijena\/monasterio-sigena\/video-senoras-de-sijena\/\",\"url\":\"https:\/\/dara.aragon.es\/dara\/sijena\/monasterio-sigena\/video-senoras-de-sijena\/\",\"name\":\"V\u00eddeo-Se\u00f1oras de Sijena - DARA-Sigena Virtual\",\"isPartOf\":{\"@id\":\"https:\/\/dara.aragon.es\/dara\/sijena\/#website\"},\"primaryImageOfPage\":{\"@id\":\"https:\/\/dara.aragon.es\/dara\/sijena\/monasterio-sigena\/video-senoras-de-sijena\/#primaryimage\"},\"image\":{\"@id\":\"https:\/\/dara.aragon.es\/dara\/sijena\/monasterio-sigena\/video-senoras-de-sijena\/#primaryimage\"},\"thumbnailUrl\":\"https:\/\/dara.aragon.es\/dara\/sijena\/wp-content\/uploads\/sites\/5\/2023\/09\/IMG_8752.jpg\",\"datePublished\":\"2020-03-29T11:08:11+00:00\",\"dateModified\":\"2023-09-21T14:45:30+00:00\",\"author\":{\"@id\":\"https:\/\/dara.aragon.es\/dara\/sijena\/#\/schema\/person\/c92a91d58960d5273d13b621efa16e1c\"},\"breadcrumb\":{\"@id\":\"https:\/\/dara.aragon.es\/dara\/sijena\/monasterio-sigena\/video-senoras-de-sijena\/#breadcrumb\"},\"inLanguage\":\"es\",\"potentialAction\":[{\"@type\":\"ReadAction\",\"target\":[\"https:\/\/dara.aragon.es\/dara\/sijena\/monasterio-sigena\/video-senoras-de-sijena\/\"]}]},{\"@type\":\"ImageObject\",\"inLanguage\":\"es\",\"@id\":\"https:\/\/dara.aragon.es\/dara\/sijena\/monasterio-sigena\/video-senoras-de-sijena\/#primaryimage\",\"url\":\"https:\/\/dara.aragon.es\/dara\/sijena\/wp-content\/uploads\/sites\/5\/2023\/09\/IMG_8752.jpg\",\"contentUrl\":\"https:\/\/dara.aragon.es\/dara\/sijena\/wp-content\/uploads\/sites\/5\/2023\/09\/IMG_8752.jpg\",\"width\":1170,\"height\":655},{\"@type\":\"BreadcrumbList\",\"@id\":\"https:\/\/dara.aragon.es\/dara\/sijena\/monasterio-sigena\/video-senoras-de-sijena\/#breadcrumb\",\"itemListElement\":[{\"@type\":\"ListItem\",\"position\":1,\"name\":\"Portada\",\"item\":\"https:\/\/dara.aragon.es\/dara\/sijena\/\"},{\"@type\":\"ListItem\",\"position\":2,\"name\":\"V\u00eddeo-Se\u00f1oras de Sijena\"}]},{\"@type\":\"WebSite\",\"@id\":\"https:\/\/dara.aragon.es\/dara\/sijena\/#website\",\"url\":\"https:\/\/dara.aragon.es\/dara\/sijena\/\",\"name\":\"DARA-Sigena Virtual\",\"description\":\"Sigena\",\"potentialAction\":[{\"@type\":\"SearchAction\",\"target\":{\"@type\":\"EntryPoint\",\"urlTemplate\":\"https:\/\/dara.aragon.es\/dara\/sijena\/?s={search_term_string}\"},\"query-input\":{\"@type\":\"PropertyValueSpecification\",\"valueRequired\":true,\"valueName\":\"search_term_string\"}}],\"inLanguage\":\"es\"},{\"@type\":\"Person\",\"@id\":\"https:\/\/dara.aragon.es\/dara\/sijena\/#\/schema\/person\/c92a91d58960d5273d13b621efa16e1c\",\"name\":\"Archivo Hist\u00f3rico Provincial de Huesca Juanjo Generelo\",\"image\":{\"@type\":\"ImageObject\",\"inLanguage\":\"es\",\"@id\":\"https:\/\/dara.aragon.es\/dara\/sijena\/#\/schema\/person\/image\/\",\"url\":\"https:\/\/secure.gravatar.com\/avatar\/fa75e3fa3d7c0fae31f3a68e8792dda4a61d177f3ad3cf4464163ec40829ee75?s=96&d=mm&r=g\",\"contentUrl\":\"https:\/\/secure.gravatar.com\/avatar\/fa75e3fa3d7c0fae31f3a68e8792dda4a61d177f3ad3cf4464163ec40829ee75?s=96&d=mm&r=g\",\"caption\":\"Archivo Hist\u00f3rico Provincial de Huesca Juanjo Generelo\"},\"url\":\"https:\/\/dara.aragon.es\/dara\/sijena\/author\/archivohu\/\"}]}<\/script>\n<!-- \/ Yoast SEO plugin. -->","yoast_head_json":{"title":"V\u00eddeo-Se\u00f1oras de Sijena - DARA-Sigena Virtual","robots":{"index":"index","follow":"follow","max-snippet":"max-snippet:-1","max-image-preview":"max-image-preview:large","max-video-preview":"max-video-preview:-1"},"canonical":"https:\/\/dara.aragon.es\/dara\/sijena\/monasterio-sigena\/video-senoras-de-sijena\/","og_locale":"es_ES","og_type":"article","og_title":"V\u00eddeo-Se\u00f1oras de Sijena - DARA-Sigena Virtual","og_description":"&nbsp; 1876. Josefa de Salas, priora del Monasterio de Sijena, nos habla de su vida religiosa y de la historia del cenobio, desde su fundaci\u00f3n en 1188 hasta los convulsos a\u00f1os del siglo XIX. Siete siglos de una comunidad religiosa excepcional. Una aproximaci\u00f3n a la historia del Monasterio, a la vida cotidiana de las se\u00f1oras [&hellip;]","og_url":"https:\/\/dara.aragon.es\/dara\/sijena\/monasterio-sigena\/video-senoras-de-sijena\/","og_site_name":"DARA-Sigena Virtual","article_published_time":"2020-03-29T11:08:11+00:00","article_modified_time":"2023-09-21T14:45:30+00:00","og_image":[{"width":1170,"height":655,"url":"https:\/\/dara.aragon.es\/dara\/sijena\/wp-content\/uploads\/sites\/5\/2023\/09\/IMG_8752.jpg","type":"image\/jpeg"}],"author":"Archivo Hist\u00f3rico Provincial de Huesca Juanjo Generelo","twitter_card":"summary_large_image","twitter_misc":{"Escrito por":"Archivo Hist\u00f3rico Provincial de Huesca Juanjo Generelo","Tiempo de lectura":"1 minuto"},"schema":{"@context":"https:\/\/schema.org","@graph":[{"@type":"WebPage","@id":"https:\/\/dara.aragon.es\/dara\/sijena\/monasterio-sigena\/video-senoras-de-sijena\/","url":"https:\/\/dara.aragon.es\/dara\/sijena\/monasterio-sigena\/video-senoras-de-sijena\/","name":"V\u00eddeo-Se\u00f1oras de Sijena - DARA-Sigena Virtual","isPartOf":{"@id":"https:\/\/dara.aragon.es\/dara\/sijena\/#website"},"primaryImageOfPage":{"@id":"https:\/\/dara.aragon.es\/dara\/sijena\/monasterio-sigena\/video-senoras-de-sijena\/#primaryimage"},"image":{"@id":"https:\/\/dara.aragon.es\/dara\/sijena\/monasterio-sigena\/video-senoras-de-sijena\/#primaryimage"},"thumbnailUrl":"https:\/\/dara.aragon.es\/dara\/sijena\/wp-content\/uploads\/sites\/5\/2023\/09\/IMG_8752.jpg","datePublished":"2020-03-29T11:08:11+00:00","dateModified":"2023-09-21T14:45:30+00:00","author":{"@id":"https:\/\/dara.aragon.es\/dara\/sijena\/#\/schema\/person\/c92a91d58960d5273d13b621efa16e1c"},"breadcrumb":{"@id":"https:\/\/dara.aragon.es\/dara\/sijena\/monasterio-sigena\/video-senoras-de-sijena\/#breadcrumb"},"inLanguage":"es","potentialAction":[{"@type":"ReadAction","target":["https:\/\/dara.aragon.es\/dara\/sijena\/monasterio-sigena\/video-senoras-de-sijena\/"]}]},{"@type":"ImageObject","inLanguage":"es","@id":"https:\/\/dara.aragon.es\/dara\/sijena\/monasterio-sigena\/video-senoras-de-sijena\/#primaryimage","url":"https:\/\/dara.aragon.es\/dara\/sijena\/wp-content\/uploads\/sites\/5\/2023\/09\/IMG_8752.jpg","contentUrl":"https:\/\/dara.aragon.es\/dara\/sijena\/wp-content\/uploads\/sites\/5\/2023\/09\/IMG_8752.jpg","width":1170,"height":655},{"@type":"BreadcrumbList","@id":"https:\/\/dara.aragon.es\/dara\/sijena\/monasterio-sigena\/video-senoras-de-sijena\/#breadcrumb","itemListElement":[{"@type":"ListItem","position":1,"name":"Portada","item":"https:\/\/dara.aragon.es\/dara\/sijena\/"},{"@type":"ListItem","position":2,"name":"V\u00eddeo-Se\u00f1oras de Sijena"}]},{"@type":"WebSite","@id":"https:\/\/dara.aragon.es\/dara\/sijena\/#website","url":"https:\/\/dara.aragon.es\/dara\/sijena\/","name":"DARA-Sigena Virtual","description":"Sigena","potentialAction":[{"@type":"SearchAction","target":{"@type":"EntryPoint","urlTemplate":"https:\/\/dara.aragon.es\/dara\/sijena\/?s={search_term_string}"},"query-input":{"@type":"PropertyValueSpecification","valueRequired":true,"valueName":"search_term_string"}}],"inLanguage":"es"},{"@type":"Person","@id":"https:\/\/dara.aragon.es\/dara\/sijena\/#\/schema\/person\/c92a91d58960d5273d13b621efa16e1c","name":"Archivo Hist\u00f3rico Provincial de Huesca Juanjo Generelo","image":{"@type":"ImageObject","inLanguage":"es","@id":"https:\/\/dara.aragon.es\/dara\/sijena\/#\/schema\/person\/image\/","url":"https:\/\/secure.gravatar.com\/avatar\/fa75e3fa3d7c0fae31f3a68e8792dda4a61d177f3ad3cf4464163ec40829ee75?s=96&d=mm&r=g","contentUrl":"https:\/\/secure.gravatar.com\/avatar\/fa75e3fa3d7c0fae31f3a68e8792dda4a61d177f3ad3cf4464163ec40829ee75?s=96&d=mm&r=g","caption":"Archivo Hist\u00f3rico Provincial de Huesca Juanjo Generelo"},"url":"https:\/\/dara.aragon.es\/dara\/sijena\/author\/archivohu\/"}]}},"_links":{"self":[{"href":"https:\/\/dara.aragon.es\/dara\/sijena\/wp-json\/wp\/v2\/posts\/2056","targetHints":{"allow":["GET"]}}],"collection":[{"href":"https:\/\/dara.aragon.es\/dara\/sijena\/wp-json\/wp\/v2\/posts"}],"about":[{"href":"https:\/\/dara.aragon.es\/dara\/sijena\/wp-json\/wp\/v2\/types\/post"}],"author":[{"embeddable":true,"href":"https:\/\/dara.aragon.es\/dara\/sijena\/wp-json\/wp\/v2\/users\/2"}],"replies":[{"embeddable":true,"href":"https:\/\/dara.aragon.es\/dara\/sijena\/wp-json\/wp\/v2\/comments?post=2056"}],"version-history":[{"count":9,"href":"https:\/\/dara.aragon.es\/dara\/sijena\/wp-json\/wp\/v2\/posts\/2056\/revisions"}],"predecessor-version":[{"id":2298,"href":"https:\/\/dara.aragon.es\/dara\/sijena\/wp-json\/wp\/v2\/posts\/2056\/revisions\/2298"}],"wp:featuredmedia":[{"embeddable":true,"href":"https:\/\/dara.aragon.es\/dara\/sijena\/wp-json\/wp\/v2\/media\/1933"}],"wp:attachment":[{"href":"https:\/\/dara.aragon.es\/dara\/sijena\/wp-json\/wp\/v2\/media?parent=2056"}],"wp:term":[{"taxonomy":"category","embeddable":true,"href":"https:\/\/dara.aragon.es\/dara\/sijena\/wp-json\/wp\/v2\/categories?post=2056"},{"taxonomy":"post_tag","embeddable":true,"href":"https:\/\/dara.aragon.es\/dara\/sijena\/wp-json\/wp\/v2\/tags?post=2056"}],"curies":[{"name":"wp","href":"https:\/\/api.w.org\/{rel}","templated":true}]}}