{"id":394,"date":"2019-05-06T08:06:00","date_gmt":"2019-05-06T08:06:00","guid":{"rendered":"https:\/\/dara.aragon.es\/dara\/blog\/2019\/05\/06\/las-senoras-de-sijena-la-vida-cotidiana-en-un-monasterio-femenino-siglos-xii-xx\/"},"modified":"2023-09-21T15:09:53","modified_gmt":"2023-09-21T15:09:53","slug":"las-senoras-de-sijena-la-vida-cotidiana-en-un-monasterio-femenino-siglos-xii-xx","status":"publish","type":"post","link":"https:\/\/dara.aragon.es\/dara\/sijena\/archivos-sonoros\/las-senoras-de-sijena-la-vida-cotidiana-en-un-monasterio-femenino-siglos-xii-xx\/","title":{"rendered":"Las Se\u00f1oras de Sijena. La vida cotidiana en un monasterio femenino (siglos XII-XX)"},"content":{"rendered":"<p>[et_pb_section fb_built=\u00bb1&#8243; admin_label=\u00bbsection\u00bb _builder_version=\u00bb4.20.2&#8243; hover_enabled=\u00bb0&#8243; global_colors_info=\u00bb{}\u00bb background_color=\u00bb#FFFFFF\u00bb sticky_enabled=\u00bb0&#8243;][et_pb_row admin_label=\u00bbrow\u00bb _builder_version=\u00bb4.20.2&#8243; background_size=\u00bbinitial\u00bb background_position=\u00bbtop_left\u00bb background_repeat=\u00bbrepeat\u00bb hover_enabled=\u00bb0&#8243; global_colors_info=\u00bb{}\u00bb background_color=\u00bb#FFFFFF\u00bb sticky_enabled=\u00bb0&#8243;][et_pb_column type=\u00bb4_4&#8243; _builder_version=\u00bb4.16&#8243; custom_padding=\u00bb|||\u00bb global_colors_info=\u00bb{}\u00bb custom_padding__hover=\u00bb|||\u00bb][et_pb_text admin_label=\u00bbText\u00bb _builder_version=\u00bb4.16&#8243; background_size=\u00bbinitial\u00bb background_position=\u00bbtop_left\u00bb background_repeat=\u00bbrepeat\u00bb global_colors_info=\u00bb{}\u00bb]<span style=\"background-color: white;color: #5a5a5a;, sans-serif;text-align: center\">Colaboraci\u00f3n de SIPCA en el programa \u00abLa torre de Babel\u00bb de&nbsp; Arag\u00f3n Radio. Emitido el 6 de mayo de 2019<\/span><\/p>\n<table align=\"center\" cellpadding=\"0\" cellspacing=\"0\" style=\"margin-left: auto;margin-right: auto;text-align: center\">\n<tbody>\n<tr>\n<td style=\"text-align: center\"><a href=\"https:\/\/1.bp.blogspot.com\/-N7l7Tj1nt8g\/XplkEQPXPvI\/AAAAAAAAAcM\/09aueUWTGDIFpX6ZN4SKt5dnMWWO7pOdACNcBGAsYHQ\/s1600\/Sijena_Exposici%25C3%25B3narchivohistorico10.jpg\" style=\"margin-left: auto;margin-right: auto\"><img loading=\"lazy\" decoding=\"async\" border=\"0\" data-original-height=\"800\" data-original-width=\"1200\" height=\"425\" src=\"https:\/\/1.bp.blogspot.com\/-N7l7Tj1nt8g\/XplkEQPXPvI\/AAAAAAAAAcM\/09aueUWTGDIFpX6ZN4SKt5dnMWWO7pOdACNcBGAsYHQ\/s640\/Sijena_Exposici%25C3%25B3narchivohistorico10.jpg\" width=\"640\" \/><\/a><\/td>\n<\/tr>\n<tr>\n<td style=\"text-align: center\">Exposici\u00f3n \u00abLas Se\u00f1oras de Sijena\u00bb<\/td>\n<\/tr>\n<\/tbody>\n<\/table>\n<div style=\"text-align: justify\">\n<div>\n<div><span style=\"font-family: Verdana\">En las ciudades de Huesca y Palermo se ha podido visitar la exposici\u00f3n \u00ab<\/span><span style=\"font-family: Verdana\">Las Se\u00f1oras de Sijena\u00bb<\/span><span style=\"font-family: Verdana\">&nbsp;que ha rescatado a las que quiz\u00e1 son las grandes olvidadas de Sijena: las propias mujeres que vivieron en el monasterio a lo largo de casi 800 a\u00f1os. &nbsp;<\/span><span style=\"font-family: Verdana\">Con una vida regulada en todos sus aspectos, desde la liturgia hasta las comidas o el aseo personal, las monjas de Sijena vivieron durante siglos encerradas en una rutina de rituales solemnes y comportamientos preestablecidos por una remota regla medieval.<\/span><\/div>\n<div><\/div>\n<div><span style=\"font-family: Verdana\">Este mundo arcaico y fosilizado fascin\u00f3 a principios del siglo XX a los primeros fot\u00f3grafos aragoneses, que nos han legado una impresionante colecci\u00f3n de im\u00e1genes conservadas hoy en nuestros archivos.<span style=\"font-size: 10.5pt\"><\/span><\/span><\/div>\n<\/div>\n<div>\n<table align=\"center\" cellpadding=\"0\" cellspacing=\"0\" style=\"margin-left: auto;margin-right: auto;text-align: center\">\n<tbody>\n<tr>\n<td style=\"text-align: center\"><a href=\"https:\/\/1.bp.blogspot.com\/-Y4V8imPRWl8\/XpllDkYXuWI\/AAAAAAAAAcU\/vDm1Ujc8gVoN8nBCkx9a6Wtw9G9Ha6W-ACNcBGAsYHQ\/s1600\/Sijena_Monjascalustro.jpg\" style=\"margin-left: auto;margin-right: auto\"><img loading=\"lazy\" decoding=\"async\" border=\"0\" data-original-height=\"1242\" data-original-width=\"1500\" height=\"528\" src=\"https:\/\/1.bp.blogspot.com\/-Y4V8imPRWl8\/XpllDkYXuWI\/AAAAAAAAAcU\/vDm1Ujc8gVoN8nBCkx9a6Wtw9G9Ha6W-ACNcBGAsYHQ\/s640\/Sijena_Monjascalustro.jpg\" width=\"640\" \/><\/a><\/td>\n<\/tr>\n<tr>\n<td style=\"text-align: center\"><a href=\"http:\/\/www.dehuesca.es\/~sipca\/IMAGEN\/images_web\/sugerencias\/01monjascalustro.jpg\" rel=\"example_group\" style=\"background-color: white;color: #fcac45;font-family: Lato, sans-serif;font-size: 14px\" title=\"Grupo de monjas en el claustro. Ildefonso San Agust\u00edn. Fototeca de la Diputaci\u00f3n de Huesca\">Grupo de monjas en el claustro. Ildefonso San Agust\u00edn. Fototeca de la Diputaci\u00f3n de Huesca<\/a><\/td>\n<\/tr>\n<\/tbody>\n<\/table>\n<p><span style=\"font-family: Verdana, sans-serif\">Esta exposici\u00f3n, producida por el Archivo Hist\u00f3rico Provincial de Huesca se compuso de una selecci\u00f3n de documentos del propio archivo as\u00ed como por fotograf\u00edas de la Fototeca de Huesca. Con ella se quiso dar a conocer al gran p\u00fablico la importancia del patrimonio documental dentro del conjunto de bienes de un Monasterio tan emblem\u00e1tico para el antiguo reino de Arag\u00f3n.<\/span><\/div>\n<\/div>\n<p><span style=\", sans-serif;font-size: x-small\"><br \/>\n<\/span><\/p>\n<table cellpadding=\"0\" cellspacing=\"0\" style=\"float: right;margin-left: 1em;text-align: right\">\n<tbody>\n<tr>\n<td style=\"text-align: center\"><span style=\"clear: right;margin-bottom: 1em;margin-left: auto;margin-right: auto\"><a href=\"http:\/\/www.sipca.es\/tematicas\/sugerencia.jsp?id_noticia=265&amp;vieneDe=lista&amp;paginainicial=20&amp;paginaanterior=0#.XpBD9fkzbcs\" target=\"_blank\" rel=\"noopener\"><img loading=\"lazy\" decoding=\"async\" border=\"0\" data-original-height=\"124\" data-original-width=\"302\" height=\"81\" src=\"https:\/\/1.bp.blogspot.com\/-epvQ5ykfu9M\/Xnyuj9ngr1I\/AAAAAAAAAU4\/hV-BLCM11YEnA3OlUl6KW9glOVT4IB3wQCNcBGAsYHQ\/s200\/Icono%2Baudio.jpg\" width=\"200\" \/><\/a><\/span><\/td>\n<\/tr>\n<tr>\n<td style=\"text-align: center\"><a href=\"http:\/\/www.sipca.es\/tematicas\/sugerencia.jsp?id_noticia=266&amp;vieneDe=lista&amp;paginainicial=20&amp;paginaanterior=0#.Xplbmvkzbcs\" target=\"_blank\" rel=\"noopener\">Escuchar Audio<\/a><\/td>\n<\/tr>\n<\/tbody>\n<\/table>\n<p><span style=\", sans-serif;font-size: x-small\"><br \/>\n<\/span>[\/et_pb_text][\/et_pb_column][\/et_pb_row][\/et_pb_section]<\/p>\n","protected":false},"excerpt":{"rendered":"<p>Colaboraci\u00f3n de SIPCA en el programa \u00abLa torre de Babel\u00bb de&nbsp; Arag\u00f3n Radio. Emitido el 6 de mayo de 2019 Exposici\u00f3n \u00abLas Se\u00f1oras de Sijena\u00bb En las ciudades de Huesca y Palermo se ha podido visitar la exposici\u00f3n \u00abLas Se\u00f1oras de Sijena\u00bb&nbsp;que ha rescatado a las que quiz\u00e1 son las grandes olvidadas de Sijena: las [&hellip;]<\/p>\n","protected":false},"author":3,"featured_media":1786,"comment_status":"closed","ping_status":"closed","sticky":true,"template":"","format":"standard","meta":{"_et_pb_use_builder":"on","_et_pb_old_content":"<span style=\"background-color: white;color: #5a5a5a;, sans-serif;text-align: center\">Colaboraci\u00f3n de SIPCA en el programa \"La torre de Babel\" de&nbsp; Arag\u00f3n Radio. Emitido el 6 de mayo de 2019<\/span>\n<table align=\"center\" cellpadding=\"0\" cellspacing=\"0\" style=\"margin-left: auto;margin-right: auto;text-align: center\">\n<tbody>\n<tr>\n<td style=\"text-align: center\"><a href=\"https:\/\/1.bp.blogspot.com\/-N7l7Tj1nt8g\/XplkEQPXPvI\/AAAAAAAAAcM\/09aueUWTGDIFpX6ZN4SKt5dnMWWO7pOdACNcBGAsYHQ\/s1600\/Sijena_Exposici%25C3%25B3narchivohistorico10.jpg\" style=\"margin-left: auto;margin-right: auto\"><img border=\"0\" data-original-height=\"800\" data-original-width=\"1200\" height=\"425\" src=\"https:\/\/1.bp.blogspot.com\/-N7l7Tj1nt8g\/XplkEQPXPvI\/AAAAAAAAAcM\/09aueUWTGDIFpX6ZN4SKt5dnMWWO7pOdACNcBGAsYHQ\/s640\/Sijena_Exposici%25C3%25B3narchivohistorico10.jpg\" width=\"640\" \/><\/a><\/td>\n<\/tr>\n<tr>\n<td style=\"text-align: center\">Exposici\u00f3n \"Las Se\u00f1oras de Sijena\"<\/td>\n<\/tr>\n<\/tbody>\n<\/table>\n<div style=\"text-align: justify\">\n<div>\n<div><span style=\"font-family: Verdana\">En las ciudades de Huesca y Palermo se ha podido visitar la exposici\u00f3n \"<\/span><span style=\"font-family: Verdana\">Las Se\u00f1oras de Sijena\"<\/span><span style=\"font-family: Verdana\">&nbsp;que ha rescatado a las que quiz\u00e1 son las grandes olvidadas de Sijena: las propias mujeres que vivieron en el monasterio a lo largo de casi 800 a\u00f1os. &nbsp;<\/span><span style=\"font-family: Verdana\">Con una vida regulada en todos sus aspectos, desde la liturgia hasta las comidas o el aseo personal, las monjas de Sijena vivieron durante siglos encerradas en una rutina de rituales solemnes y comportamientos preestablecidos por una remota regla medieval.<\/span><\/div>\n<div><\/div>\n<div><span style=\"font-family: Verdana\">Este mundo arcaico y fosilizado fascin\u00f3 a principios del siglo XX a los primeros fot\u00f3grafos aragoneses, que nos han legado una impresionante colecci\u00f3n de im\u00e1genes conservadas hoy en nuestros archivos.<span style=\"font-size: 10.5pt\"><\/span><\/span><\/div>\n<\/div>\n<div>\n<table align=\"center\" cellpadding=\"0\" cellspacing=\"0\" style=\"margin-left: auto;margin-right: auto;text-align: center\">\n<tbody>\n<tr>\n<td style=\"text-align: center\"><a href=\"https:\/\/1.bp.blogspot.com\/-Y4V8imPRWl8\/XpllDkYXuWI\/AAAAAAAAAcU\/vDm1Ujc8gVoN8nBCkx9a6Wtw9G9Ha6W-ACNcBGAsYHQ\/s1600\/Sijena_Monjascalustro.jpg\" style=\"margin-left: auto;margin-right: auto\"><img border=\"0\" data-original-height=\"1242\" data-original-width=\"1500\" height=\"528\" src=\"https:\/\/1.bp.blogspot.com\/-Y4V8imPRWl8\/XpllDkYXuWI\/AAAAAAAAAcU\/vDm1Ujc8gVoN8nBCkx9a6Wtw9G9Ha6W-ACNcBGAsYHQ\/s640\/Sijena_Monjascalustro.jpg\" width=\"640\" \/><\/a><\/td>\n<\/tr>\n<tr>\n<td style=\"text-align: center\"><a href=\"http:\/\/www.dehuesca.es\/~sipca\/IMAGEN\/images_web\/sugerencias\/01monjascalustro.jpg\" rel=\"example_group\" style=\"background-color: white;color: #fcac45;font-family: Lato, sans-serif;font-size: 14px\" title=\"Grupo de monjas en el claustro. Ildefonso San Agust\u00edn. Fototeca de la Diputaci\u00f3n de Huesca\">Grupo de monjas en el claustro. Ildefonso San Agust\u00edn. Fototeca de la Diputaci\u00f3n de Huesca<\/a><\/td>\n<\/tr>\n<\/tbody>\n<\/table>\n<span style=\"font-family: Verdana, sans-serif\">Esta exposici\u00f3n, producida por el Archivo Hist\u00f3rico Provincial de Huesca se compuso de una selecci\u00f3n de documentos del propio archivo as\u00ed como por fotograf\u00edas de la Fototeca de Huesca. Con ella se quiso dar a conocer al gran p\u00fablico la importancia del patrimonio documental dentro del conjunto de bienes de un Monasterio tan emblem\u00e1tico para el antiguo reino de Arag\u00f3n.<\/span><\/div>\n<\/div>\n<span style=\", sans-serif;font-size: x-small\">\n<\/span>\n<table cellpadding=\"0\" cellspacing=\"0\" style=\"float: right;margin-left: 1em;text-align: right\">\n<tbody>\n<tr>\n<td style=\"text-align: center\"><span style=\"clear: right;margin-bottom: 1em;margin-left: auto;margin-right: auto\"><a href=\"http:\/\/www.sipca.es\/tematicas\/sugerencia.jsp?id_noticia=265&amp;vieneDe=lista&amp;paginainicial=20&amp;paginaanterior=0#.XpBD9fkzbcs\" target=\"_blank\" rel=\"noopener\"><img border=\"0\" data-original-height=\"124\" data-original-width=\"302\" height=\"81\" src=\"https:\/\/1.bp.blogspot.com\/-epvQ5ykfu9M\/Xnyuj9ngr1I\/AAAAAAAAAU4\/hV-BLCM11YEnA3OlUl6KW9glOVT4IB3wQCNcBGAsYHQ\/s200\/Icono%2Baudio.jpg\" width=\"200\" \/><\/a><\/span><\/td>\n<\/tr>\n<tr>\n<td style=\"text-align: center\"><a href=\"http:\/\/www.sipca.es\/tematicas\/sugerencia.jsp?id_noticia=266&amp;vieneDe=lista&amp;paginainicial=20&amp;paginaanterior=0#.Xplbmvkzbcs\" target=\"_blank\" rel=\"noopener\">Escuchar Audio<\/a><\/td>\n<\/tr>\n<\/tbody>\n<\/table>\n<span style=\", sans-serif;font-size: x-small\">\n<\/span>","_et_gb_content_width":"","footnotes":""},"categories":[16,15],"tags":[],"class_list":["post-394","post","type-post","status-publish","format-standard","has-post-thumbnail","hentry","category-monasterio-de-santa-maria-de-sigena","category-archivos-sonoros"],"yoast_head":"<!-- This site is optimized with the Yoast SEO plugin v26.2 - https:\/\/yoast.com\/wordpress\/plugins\/seo\/ -->\n<title>Las Se\u00f1oras de Sijena. La vida cotidiana en un monasterio femenino (siglos XII-XX) - DARA-Sigena Virtual<\/title>\n<meta name=\"robots\" content=\"index, follow, max-snippet:-1, max-image-preview:large, max-video-preview:-1\" \/>\n<link rel=\"canonical\" href=\"https:\/\/dara.aragon.es\/dara\/sijena\/archivos-sonoros\/las-senoras-de-sijena-la-vida-cotidiana-en-un-monasterio-femenino-siglos-xii-xx\/\" \/>\n<meta property=\"og:locale\" content=\"es_ES\" \/>\n<meta property=\"og:type\" content=\"article\" \/>\n<meta property=\"og:title\" content=\"Las Se\u00f1oras de Sijena. La vida cotidiana en un monasterio femenino (siglos XII-XX) - DARA-Sigena Virtual\" \/>\n<meta property=\"og:description\" content=\"Colaboraci\u00f3n de SIPCA en el programa &quot;La torre de Babel&quot; de&nbsp; Arag\u00f3n Radio. Emitido el 6 de mayo de 2019 Exposici\u00f3n &quot;Las Se\u00f1oras de Sijena&quot; En las ciudades de Huesca y Palermo se ha podido visitar la exposici\u00f3n &quot;Las Se\u00f1oras de Sijena&quot;&nbsp;que ha rescatado a las que quiz\u00e1 son las grandes olvidadas de Sijena: las [&hellip;]\" \/>\n<meta property=\"og:url\" content=\"https:\/\/dara.aragon.es\/dara\/sijena\/archivos-sonoros\/las-senoras-de-sijena-la-vida-cotidiana-en-un-monasterio-femenino-siglos-xii-xx\/\" \/>\n<meta property=\"og:site_name\" content=\"DARA-Sigena Virtual\" \/>\n<meta property=\"article:published_time\" content=\"2019-05-06T08:06:00+00:00\" \/>\n<meta property=\"article:modified_time\" content=\"2023-09-21T15:09:53+00:00\" \/>\n<meta property=\"og:image\" content=\"https:\/\/dara.aragon.es\/dara\/sijena\/wp-content\/uploads\/sites\/5\/2023\/08\/Exposicion-Las-Senoras-de-Sijen.jpg\" \/>\n\t<meta property=\"og:image:width\" content=\"640\" \/>\n\t<meta property=\"og:image:height\" content=\"427\" \/>\n\t<meta property=\"og:image:type\" content=\"image\/jpeg\" \/>\n<meta name=\"author\" content=\"Administrador DARA\" \/>\n<meta name=\"twitter:card\" content=\"summary_large_image\" \/>\n<meta name=\"twitter:label1\" content=\"Escrito por\" \/>\n\t<meta name=\"twitter:data1\" content=\"Administrador DARA\" \/>\n\t<meta name=\"twitter:label2\" content=\"Tiempo de lectura\" \/>\n\t<meta name=\"twitter:data2\" content=\"2 minutos\" \/>\n<script type=\"application\/ld+json\" class=\"yoast-schema-graph\">{\"@context\":\"https:\/\/schema.org\",\"@graph\":[{\"@type\":\"WebPage\",\"@id\":\"https:\/\/dara.aragon.es\/dara\/sijena\/archivos-sonoros\/las-senoras-de-sijena-la-vida-cotidiana-en-un-monasterio-femenino-siglos-xii-xx\/\",\"url\":\"https:\/\/dara.aragon.es\/dara\/sijena\/archivos-sonoros\/las-senoras-de-sijena-la-vida-cotidiana-en-un-monasterio-femenino-siglos-xii-xx\/\",\"name\":\"Las Se\u00f1oras de Sijena. La vida cotidiana en un monasterio femenino (siglos XII-XX) - DARA-Sigena Virtual\",\"isPartOf\":{\"@id\":\"https:\/\/dara.aragon.es\/dara\/sijena\/#website\"},\"primaryImageOfPage\":{\"@id\":\"https:\/\/dara.aragon.es\/dara\/sijena\/archivos-sonoros\/las-senoras-de-sijena-la-vida-cotidiana-en-un-monasterio-femenino-siglos-xii-xx\/#primaryimage\"},\"image\":{\"@id\":\"https:\/\/dara.aragon.es\/dara\/sijena\/archivos-sonoros\/las-senoras-de-sijena-la-vida-cotidiana-en-un-monasterio-femenino-siglos-xii-xx\/#primaryimage\"},\"thumbnailUrl\":\"https:\/\/dara.aragon.es\/dara\/sijena\/wp-content\/uploads\/sites\/5\/2023\/08\/Exposicion-Las-Senoras-de-Sijen.jpg\",\"datePublished\":\"2019-05-06T08:06:00+00:00\",\"dateModified\":\"2023-09-21T15:09:53+00:00\",\"author\":{\"@id\":\"https:\/\/dara.aragon.es\/dara\/sijena\/#\/schema\/person\/42ee60d9eb45f8689b62d2b57c40aeec\"},\"breadcrumb\":{\"@id\":\"https:\/\/dara.aragon.es\/dara\/sijena\/archivos-sonoros\/las-senoras-de-sijena-la-vida-cotidiana-en-un-monasterio-femenino-siglos-xii-xx\/#breadcrumb\"},\"inLanguage\":\"es\",\"potentialAction\":[{\"@type\":\"ReadAction\",\"target\":[\"https:\/\/dara.aragon.es\/dara\/sijena\/archivos-sonoros\/las-senoras-de-sijena-la-vida-cotidiana-en-un-monasterio-femenino-siglos-xii-xx\/\"]}]},{\"@type\":\"ImageObject\",\"inLanguage\":\"es\",\"@id\":\"https:\/\/dara.aragon.es\/dara\/sijena\/archivos-sonoros\/las-senoras-de-sijena-la-vida-cotidiana-en-un-monasterio-femenino-siglos-xii-xx\/#primaryimage\",\"url\":\"https:\/\/dara.aragon.es\/dara\/sijena\/wp-content\/uploads\/sites\/5\/2023\/08\/Exposicion-Las-Senoras-de-Sijen.jpg\",\"contentUrl\":\"https:\/\/dara.aragon.es\/dara\/sijena\/wp-content\/uploads\/sites\/5\/2023\/08\/Exposicion-Las-Senoras-de-Sijen.jpg\",\"width\":640,\"height\":427},{\"@type\":\"BreadcrumbList\",\"@id\":\"https:\/\/dara.aragon.es\/dara\/sijena\/archivos-sonoros\/las-senoras-de-sijena-la-vida-cotidiana-en-un-monasterio-femenino-siglos-xii-xx\/#breadcrumb\",\"itemListElement\":[{\"@type\":\"ListItem\",\"position\":1,\"name\":\"Portada\",\"item\":\"https:\/\/dara.aragon.es\/dara\/sijena\/\"},{\"@type\":\"ListItem\",\"position\":2,\"name\":\"Las Se\u00f1oras de Sijena. La vida cotidiana en un monasterio femenino (siglos XII-XX)\"}]},{\"@type\":\"WebSite\",\"@id\":\"https:\/\/dara.aragon.es\/dara\/sijena\/#website\",\"url\":\"https:\/\/dara.aragon.es\/dara\/sijena\/\",\"name\":\"DARA-Sigena Virtual\",\"description\":\"Sigena\",\"potentialAction\":[{\"@type\":\"SearchAction\",\"target\":{\"@type\":\"EntryPoint\",\"urlTemplate\":\"https:\/\/dara.aragon.es\/dara\/sijena\/?s={search_term_string}\"},\"query-input\":{\"@type\":\"PropertyValueSpecification\",\"valueRequired\":true,\"valueName\":\"search_term_string\"}}],\"inLanguage\":\"es\"},{\"@type\":\"Person\",\"@id\":\"https:\/\/dara.aragon.es\/dara\/sijena\/#\/schema\/person\/42ee60d9eb45f8689b62d2b57c40aeec\",\"name\":\"Administrador DARA\",\"image\":{\"@type\":\"ImageObject\",\"inLanguage\":\"es\",\"@id\":\"https:\/\/dara.aragon.es\/dara\/sijena\/#\/schema\/person\/image\/\",\"url\":\"https:\/\/secure.gravatar.com\/avatar\/8fc1a4250e60d75d1b41fafee86f7181217b3ec161666d4118ba57f78c0a1104?s=96&d=mm&r=g\",\"contentUrl\":\"https:\/\/secure.gravatar.com\/avatar\/8fc1a4250e60d75d1b41fafee86f7181217b3ec161666d4118ba57f78c0a1104?s=96&d=mm&r=g\",\"caption\":\"Administrador DARA\"},\"url\":\"https:\/\/dara.aragon.es\/dara\/sijena\/author\/dara-gestion-de-contenidos\/\"}]}<\/script>\n<!-- \/ Yoast SEO plugin. -->","yoast_head_json":{"title":"Las Se\u00f1oras de Sijena. La vida cotidiana en un monasterio femenino (siglos XII-XX) - DARA-Sigena Virtual","robots":{"index":"index","follow":"follow","max-snippet":"max-snippet:-1","max-image-preview":"max-image-preview:large","max-video-preview":"max-video-preview:-1"},"canonical":"https:\/\/dara.aragon.es\/dara\/sijena\/archivos-sonoros\/las-senoras-de-sijena-la-vida-cotidiana-en-un-monasterio-femenino-siglos-xii-xx\/","og_locale":"es_ES","og_type":"article","og_title":"Las Se\u00f1oras de Sijena. La vida cotidiana en un monasterio femenino (siglos XII-XX) - DARA-Sigena Virtual","og_description":"Colaboraci\u00f3n de SIPCA en el programa \"La torre de Babel\" de&nbsp; Arag\u00f3n Radio. Emitido el 6 de mayo de 2019 Exposici\u00f3n \"Las Se\u00f1oras de Sijena\" En las ciudades de Huesca y Palermo se ha podido visitar la exposici\u00f3n \"Las Se\u00f1oras de Sijena\"&nbsp;que ha rescatado a las que quiz\u00e1 son las grandes olvidadas de Sijena: las [&hellip;]","og_url":"https:\/\/dara.aragon.es\/dara\/sijena\/archivos-sonoros\/las-senoras-de-sijena-la-vida-cotidiana-en-un-monasterio-femenino-siglos-xii-xx\/","og_site_name":"DARA-Sigena Virtual","article_published_time":"2019-05-06T08:06:00+00:00","article_modified_time":"2023-09-21T15:09:53+00:00","og_image":[{"width":640,"height":427,"url":"https:\/\/dara.aragon.es\/dara\/sijena\/wp-content\/uploads\/sites\/5\/2023\/08\/Exposicion-Las-Senoras-de-Sijen.jpg","type":"image\/jpeg"}],"author":"Administrador DARA","twitter_card":"summary_large_image","twitter_misc":{"Escrito por":"Administrador DARA","Tiempo de lectura":"2 minutos"},"schema":{"@context":"https:\/\/schema.org","@graph":[{"@type":"WebPage","@id":"https:\/\/dara.aragon.es\/dara\/sijena\/archivos-sonoros\/las-senoras-de-sijena-la-vida-cotidiana-en-un-monasterio-femenino-siglos-xii-xx\/","url":"https:\/\/dara.aragon.es\/dara\/sijena\/archivos-sonoros\/las-senoras-de-sijena-la-vida-cotidiana-en-un-monasterio-femenino-siglos-xii-xx\/","name":"Las Se\u00f1oras de Sijena. La vida cotidiana en un monasterio femenino (siglos XII-XX) - DARA-Sigena Virtual","isPartOf":{"@id":"https:\/\/dara.aragon.es\/dara\/sijena\/#website"},"primaryImageOfPage":{"@id":"https:\/\/dara.aragon.es\/dara\/sijena\/archivos-sonoros\/las-senoras-de-sijena-la-vida-cotidiana-en-un-monasterio-femenino-siglos-xii-xx\/#primaryimage"},"image":{"@id":"https:\/\/dara.aragon.es\/dara\/sijena\/archivos-sonoros\/las-senoras-de-sijena-la-vida-cotidiana-en-un-monasterio-femenino-siglos-xii-xx\/#primaryimage"},"thumbnailUrl":"https:\/\/dara.aragon.es\/dara\/sijena\/wp-content\/uploads\/sites\/5\/2023\/08\/Exposicion-Las-Senoras-de-Sijen.jpg","datePublished":"2019-05-06T08:06:00+00:00","dateModified":"2023-09-21T15:09:53+00:00","author":{"@id":"https:\/\/dara.aragon.es\/dara\/sijena\/#\/schema\/person\/42ee60d9eb45f8689b62d2b57c40aeec"},"breadcrumb":{"@id":"https:\/\/dara.aragon.es\/dara\/sijena\/archivos-sonoros\/las-senoras-de-sijena-la-vida-cotidiana-en-un-monasterio-femenino-siglos-xii-xx\/#breadcrumb"},"inLanguage":"es","potentialAction":[{"@type":"ReadAction","target":["https:\/\/dara.aragon.es\/dara\/sijena\/archivos-sonoros\/las-senoras-de-sijena-la-vida-cotidiana-en-un-monasterio-femenino-siglos-xii-xx\/"]}]},{"@type":"ImageObject","inLanguage":"es","@id":"https:\/\/dara.aragon.es\/dara\/sijena\/archivos-sonoros\/las-senoras-de-sijena-la-vida-cotidiana-en-un-monasterio-femenino-siglos-xii-xx\/#primaryimage","url":"https:\/\/dara.aragon.es\/dara\/sijena\/wp-content\/uploads\/sites\/5\/2023\/08\/Exposicion-Las-Senoras-de-Sijen.jpg","contentUrl":"https:\/\/dara.aragon.es\/dara\/sijena\/wp-content\/uploads\/sites\/5\/2023\/08\/Exposicion-Las-Senoras-de-Sijen.jpg","width":640,"height":427},{"@type":"BreadcrumbList","@id":"https:\/\/dara.aragon.es\/dara\/sijena\/archivos-sonoros\/las-senoras-de-sijena-la-vida-cotidiana-en-un-monasterio-femenino-siglos-xii-xx\/#breadcrumb","itemListElement":[{"@type":"ListItem","position":1,"name":"Portada","item":"https:\/\/dara.aragon.es\/dara\/sijena\/"},{"@type":"ListItem","position":2,"name":"Las Se\u00f1oras de Sijena. La vida cotidiana en un monasterio femenino (siglos XII-XX)"}]},{"@type":"WebSite","@id":"https:\/\/dara.aragon.es\/dara\/sijena\/#website","url":"https:\/\/dara.aragon.es\/dara\/sijena\/","name":"DARA-Sigena Virtual","description":"Sigena","potentialAction":[{"@type":"SearchAction","target":{"@type":"EntryPoint","urlTemplate":"https:\/\/dara.aragon.es\/dara\/sijena\/?s={search_term_string}"},"query-input":{"@type":"PropertyValueSpecification","valueRequired":true,"valueName":"search_term_string"}}],"inLanguage":"es"},{"@type":"Person","@id":"https:\/\/dara.aragon.es\/dara\/sijena\/#\/schema\/person\/42ee60d9eb45f8689b62d2b57c40aeec","name":"Administrador DARA","image":{"@type":"ImageObject","inLanguage":"es","@id":"https:\/\/dara.aragon.es\/dara\/sijena\/#\/schema\/person\/image\/","url":"https:\/\/secure.gravatar.com\/avatar\/8fc1a4250e60d75d1b41fafee86f7181217b3ec161666d4118ba57f78c0a1104?s=96&d=mm&r=g","contentUrl":"https:\/\/secure.gravatar.com\/avatar\/8fc1a4250e60d75d1b41fafee86f7181217b3ec161666d4118ba57f78c0a1104?s=96&d=mm&r=g","caption":"Administrador DARA"},"url":"https:\/\/dara.aragon.es\/dara\/sijena\/author\/dara-gestion-de-contenidos\/"}]}},"_links":{"self":[{"href":"https:\/\/dara.aragon.es\/dara\/sijena\/wp-json\/wp\/v2\/posts\/394","targetHints":{"allow":["GET"]}}],"collection":[{"href":"https:\/\/dara.aragon.es\/dara\/sijena\/wp-json\/wp\/v2\/posts"}],"about":[{"href":"https:\/\/dara.aragon.es\/dara\/sijena\/wp-json\/wp\/v2\/types\/post"}],"author":[{"embeddable":true,"href":"https:\/\/dara.aragon.es\/dara\/sijena\/wp-json\/wp\/v2\/users\/3"}],"replies":[{"embeddable":true,"href":"https:\/\/dara.aragon.es\/dara\/sijena\/wp-json\/wp\/v2\/comments?post=394"}],"version-history":[{"count":3,"href":"https:\/\/dara.aragon.es\/dara\/sijena\/wp-json\/wp\/v2\/posts\/394\/revisions"}],"predecessor-version":[{"id":2539,"href":"https:\/\/dara.aragon.es\/dara\/sijena\/wp-json\/wp\/v2\/posts\/394\/revisions\/2539"}],"wp:featuredmedia":[{"embeddable":true,"href":"https:\/\/dara.aragon.es\/dara\/sijena\/wp-json\/wp\/v2\/media\/1786"}],"wp:attachment":[{"href":"https:\/\/dara.aragon.es\/dara\/sijena\/wp-json\/wp\/v2\/media?parent=394"}],"wp:term":[{"taxonomy":"category","embeddable":true,"href":"https:\/\/dara.aragon.es\/dara\/sijena\/wp-json\/wp\/v2\/categories?post=394"},{"taxonomy":"post_tag","embeddable":true,"href":"https:\/\/dara.aragon.es\/dara\/sijena\/wp-json\/wp\/v2\/tags?post=394"}],"curies":[{"name":"wp","href":"https:\/\/api.w.org\/{rel}","templated":true}]}}