{"id":1003,"date":"2022-06-08T07:33:23","date_gmt":"2022-06-08T07:33:23","guid":{"rendered":"https:\/\/dara.aragon.es\/dara\/?p=1003"},"modified":"2024-10-22T14:50:48","modified_gmt":"2024-10-22T14:50:48","slug":"d","status":"publish","type":"post","link":"https:\/\/dara.aragon.es\/dara\/blog\/d\/","title":{"rendered":"Semana Internacional de los archivos: programa de los archivos en Arag\u00f3n"},"content":{"rendered":"\n<p class=\"has-text-align-left\">En el&nbsp;<strong>D\u00eda Internacional de los Archivos 2022<\/strong>, la ICA nos invita a una conversaci\u00f3n virtual utilizando los hashtags&nbsp;<strong>#SomosArchivo y #IAW2022<\/strong>&nbsp;para hablar de \u201clo que significa ser archivista y de lo que los documentos de archivo reflejan realmente: las historias. Esas historias muestran las tensiones, pero tambi\u00e9n los puentes que los archivos crean dentro de la profesi\u00f3n y con las comunidades que est\u00e1n representadas (o no) en esas narrativas\u201d.<\/p>\n\n\n\n<p>Desde el&nbsp;<strong>Gobierno de Arag\u00f3n nos sumamos a la celebraci\u00f3n de la Semana Internacional de los Archivos<\/strong>&nbsp;con una serie de actividades expositivas, educativas, publicaciones y apostamos por&nbsp; nuevos formatos de divulgaci\u00f3n. Por ello, hemos preparado l<strong>a programaci\u00f3n de los archivos de Arag\u00f3n<\/strong>&nbsp; para contribuir en la difusi\u00f3n y conocimiento de nuestros centros y nuestros fondos documentales.<\/p>\n\n\n\n<p>FOLLETO DE LAS ACTIVIDADES en las provincias de Huesca, Teruel y Zaragoza,<strong>&nbsp;pinche&nbsp;<a href=\"https:\/\/drive.google.com\/file\/d\/1JmnKR4wU6Dn5Zyb4G9eiMGhkXH6Nnq6P\/view\">aqu\u00ed.<\/a>&nbsp; &nbsp;<\/strong><\/p>\n\n\n\n<figure class=\"wp-block-image aligncenter size-full\"><img loading=\"lazy\" decoding=\"async\" width=\"397\" height=\"562\" src=\"https:\/\/dara.aragon.es\/dara\/wp-content\/uploads\/2022\/06\/Cartel-Dia-Archivos-2022-AHPZ_Blog-1.jpg\" alt=\"AHPZ D\u00eda de los Archivos\" class=\"wp-image-1009\"\/><figcaption>Cartel del Archivo Hist\u00f3rico Provincial de Zaragoza<\/figcaption><\/figure>\n\n\n\n<figure class=\"wp-block-image aligncenter size-full\"><img loading=\"lazy\" decoding=\"async\" width=\"414\" height=\"585\" src=\"https:\/\/dara.aragon.es\/dara\/wp-content\/uploads\/2022\/06\/Cartel-AHPTE_Semana-de-los-Archivos_Blog.jpg\" alt=\"AHPTE D\u00eda de los Archivos\" class=\"wp-image-1010\"\/><figcaption>Cartel del Archivo Hist\u00f3rico Provincial de Teruel<\/figcaption><\/figure>\n","protected":false},"excerpt":{"rendered":"<p>En el&nbsp;D\u00eda Internacional de los Archivos 2022, la ICA nos invita a una conversaci\u00f3n virtual utilizando los hashtags&nbsp;#SomosArchivo y #IAW2022&nbsp;para hablar de \u201clo que significa ser archivista y de lo que los documentos de archivo reflejan realmente: las historias. Esas historias muestran las tensiones, pero tambi\u00e9n los puentes que los archivos crean dentro de la [&hellip;]<\/p>\n","protected":false},"author":3,"featured_media":485,"comment_status":"open","ping_status":"closed","sticky":false,"template":"","format":"standard","meta":{"_et_pb_use_builder":"off","_et_pb_old_content":"","_et_gb_content_width":"","om_disable_all_campaigns":false,"_monsterinsights_skip_tracking":false,"_monsterinsights_sitenote_active":false,"_monsterinsights_sitenote_note":"","_monsterinsights_sitenote_category":0,"_uf_show_specific_survey":0,"_uf_disable_surveys":false,"footnotes":""},"categories":[1],"tags":[461],"class_list":["post-1003","post","type-post","status-publish","format-standard","has-post-thumbnail","hentry","category-uncategorized","tag-dia-internacional-de-los-archivos"],"yoast_head":"<!-- This site is optimized with the Yoast SEO plugin v27.5 - https:\/\/yoast.com\/product\/yoast-seo-wordpress\/ -->\n<title>Semana Internacional de los archivos: programa de los archivos en Arag\u00f3n - DARA GENERAL<\/title>\n<meta name=\"robots\" content=\"index, follow, max-snippet:-1, max-image-preview:large, max-video-preview:-1\" \/>\n<link rel=\"canonical\" href=\"https:\/\/dara.aragon.es\/dara\/blog\/d\/\" \/>\n<meta property=\"og:locale\" content=\"es_ES\" \/>\n<meta property=\"og:type\" content=\"article\" \/>\n<meta property=\"og:title\" content=\"Semana Internacional de los archivos: programa de los archivos en Arag\u00f3n - DARA GENERAL\" \/>\n<meta property=\"og:description\" content=\"En el&nbsp;D\u00eda Internacional de los Archivos 2022, la ICA nos invita a una conversaci\u00f3n virtual utilizando los hashtags&nbsp;#SomosArchivo y #IAW2022&nbsp;para hablar de \u201clo que significa ser archivista y de lo que los documentos de archivo reflejan realmente: las historias. Esas historias muestran las tensiones, pero tambi\u00e9n los puentes que los archivos crean dentro de la [&hellip;]\" \/>\n<meta property=\"og:url\" content=\"https:\/\/dara.aragon.es\/dara\/blog\/d\/\" \/>\n<meta property=\"og:site_name\" content=\"DARA GENERAL\" \/>\n<meta property=\"article:published_time\" content=\"2022-06-08T07:33:23+00:00\" \/>\n<meta property=\"article:modified_time\" content=\"2024-10-22T14:50:48+00:00\" \/>\n<meta property=\"og:image\" content=\"https:\/\/dara.aragon.es\/dara\/wp-content\/uploads\/2022\/02\/Bandera_Pixelada.png\" \/>\n\t<meta property=\"og:image:width\" content=\"664\" \/>\n\t<meta property=\"og:image:height\" content=\"80\" \/>\n\t<meta property=\"og:image:type\" content=\"image\/png\" \/>\n<meta name=\"author\" content=\"Administrador DARA\" \/>\n<meta name=\"twitter:card\" content=\"summary_large_image\" \/>\n<meta name=\"twitter:label1\" content=\"Escrito por\" \/>\n\t<meta name=\"twitter:data1\" content=\"Administrador DARA\" \/>\n\t<meta name=\"twitter:label2\" content=\"Tiempo de lectura\" \/>\n\t<meta name=\"twitter:data2\" content=\"1 minuto\" \/>\n<script type=\"application\/ld+json\" class=\"yoast-schema-graph\">{\"@context\":\"https:\\\/\\\/schema.org\",\"@graph\":[{\"@type\":\"Article\",\"@id\":\"https:\\\/\\\/dara.aragon.es\\\/dara\\\/blog\\\/d\\\/#article\",\"isPartOf\":{\"@id\":\"https:\\\/\\\/dara.aragon.es\\\/dara\\\/blog\\\/d\\\/\"},\"author\":{\"name\":\"Administrador DARA\",\"@id\":\"https:\\\/\\\/dara.aragon.es\\\/dara\\\/#\\\/schema\\\/person\\\/42ee60d9eb45f8689b62d2b57c40aeec\"},\"headline\":\"Semana Internacional de los archivos: programa de los archivos en Arag\u00f3n\",\"datePublished\":\"2022-06-08T07:33:23+00:00\",\"dateModified\":\"2024-10-22T14:50:48+00:00\",\"mainEntityOfPage\":{\"@id\":\"https:\\\/\\\/dara.aragon.es\\\/dara\\\/blog\\\/d\\\/\"},\"wordCount\":191,\"commentCount\":0,\"image\":{\"@id\":\"https:\\\/\\\/dara.aragon.es\\\/dara\\\/blog\\\/d\\\/#primaryimage\"},\"thumbnailUrl\":\"https:\\\/\\\/dara.aragon.es\\\/dara\\\/wp-content\\\/uploads\\\/2022\\\/02\\\/Bandera_Pixelada.png\",\"keywords\":[\"D\u00eda Internacional de los Archivos\"],\"articleSection\":[\"Uncategorized\"],\"inLanguage\":\"es\",\"potentialAction\":[{\"@type\":\"CommentAction\",\"name\":\"Comment\",\"target\":[\"https:\\\/\\\/dara.aragon.es\\\/dara\\\/blog\\\/d\\\/#respond\"]}]},{\"@type\":\"WebPage\",\"@id\":\"https:\\\/\\\/dara.aragon.es\\\/dara\\\/blog\\\/d\\\/\",\"url\":\"https:\\\/\\\/dara.aragon.es\\\/dara\\\/blog\\\/d\\\/\",\"name\":\"Semana Internacional de los archivos: programa de los archivos en Arag\u00f3n - DARA GENERAL\",\"isPartOf\":{\"@id\":\"https:\\\/\\\/dara.aragon.es\\\/dara\\\/#website\"},\"primaryImageOfPage\":{\"@id\":\"https:\\\/\\\/dara.aragon.es\\\/dara\\\/blog\\\/d\\\/#primaryimage\"},\"image\":{\"@id\":\"https:\\\/\\\/dara.aragon.es\\\/dara\\\/blog\\\/d\\\/#primaryimage\"},\"thumbnailUrl\":\"https:\\\/\\\/dara.aragon.es\\\/dara\\\/wp-content\\\/uploads\\\/2022\\\/02\\\/Bandera_Pixelada.png\",\"datePublished\":\"2022-06-08T07:33:23+00:00\",\"dateModified\":\"2024-10-22T14:50:48+00:00\",\"author\":{\"@id\":\"https:\\\/\\\/dara.aragon.es\\\/dara\\\/#\\\/schema\\\/person\\\/42ee60d9eb45f8689b62d2b57c40aeec\"},\"breadcrumb\":{\"@id\":\"https:\\\/\\\/dara.aragon.es\\\/dara\\\/blog\\\/d\\\/#breadcrumb\"},\"inLanguage\":\"es\",\"potentialAction\":[{\"@type\":\"ReadAction\",\"target\":[\"https:\\\/\\\/dara.aragon.es\\\/dara\\\/blog\\\/d\\\/\"]}]},{\"@type\":\"ImageObject\",\"inLanguage\":\"es\",\"@id\":\"https:\\\/\\\/dara.aragon.es\\\/dara\\\/blog\\\/d\\\/#primaryimage\",\"url\":\"https:\\\/\\\/dara.aragon.es\\\/dara\\\/wp-content\\\/uploads\\\/2022\\\/02\\\/Bandera_Pixelada.png\",\"contentUrl\":\"https:\\\/\\\/dara.aragon.es\\\/dara\\\/wp-content\\\/uploads\\\/2022\\\/02\\\/Bandera_Pixelada.png\",\"width\":664,\"height\":80},{\"@type\":\"BreadcrumbList\",\"@id\":\"https:\\\/\\\/dara.aragon.es\\\/dara\\\/blog\\\/d\\\/#breadcrumb\",\"itemListElement\":[{\"@type\":\"ListItem\",\"position\":1,\"name\":\"Portada\",\"item\":\"https:\\\/\\\/dara.aragon.es\\\/dara\\\/\"},{\"@type\":\"ListItem\",\"position\":2,\"name\":\"Semana Internacional de los archivos: programa de los archivos en Arag\u00f3n\"}]},{\"@type\":\"WebSite\",\"@id\":\"https:\\\/\\\/dara.aragon.es\\\/dara\\\/#website\",\"url\":\"https:\\\/\\\/dara.aragon.es\\\/dara\\\/\",\"name\":\"DARA GENERAL\",\"description\":\"Documentos y archivos de Arag\u00f3n\",\"potentialAction\":[{\"@type\":\"SearchAction\",\"target\":{\"@type\":\"EntryPoint\",\"urlTemplate\":\"https:\\\/\\\/dara.aragon.es\\\/dara\\\/?s={search_term_string}\"},\"query-input\":{\"@type\":\"PropertyValueSpecification\",\"valueRequired\":true,\"valueName\":\"search_term_string\"}}],\"inLanguage\":\"es\"},{\"@type\":\"Person\",\"@id\":\"https:\\\/\\\/dara.aragon.es\\\/dara\\\/#\\\/schema\\\/person\\\/42ee60d9eb45f8689b62d2b57c40aeec\",\"name\":\"Administrador DARA\",\"image\":{\"@type\":\"ImageObject\",\"inLanguage\":\"es\",\"@id\":\"https:\\\/\\\/secure.gravatar.com\\\/avatar\\\/8fc1a4250e60d75d1b41fafee86f7181217b3ec161666d4118ba57f78c0a1104?s=96&d=mm&r=g\",\"url\":\"https:\\\/\\\/secure.gravatar.com\\\/avatar\\\/8fc1a4250e60d75d1b41fafee86f7181217b3ec161666d4118ba57f78c0a1104?s=96&d=mm&r=g\",\"contentUrl\":\"https:\\\/\\\/secure.gravatar.com\\\/avatar\\\/8fc1a4250e60d75d1b41fafee86f7181217b3ec161666d4118ba57f78c0a1104?s=96&d=mm&r=g\",\"caption\":\"Administrador DARA\"},\"url\":\"https:\\\/\\\/dara.aragon.es\\\/dara\\\/blog\\\/author\\\/dara-gestion-de-contenidos\\\/\"}]}<\/script>\n<!-- \/ Yoast SEO plugin. -->","yoast_head_json":{"title":"Semana Internacional de los archivos: programa de los archivos en Arag\u00f3n - DARA GENERAL","robots":{"index":"index","follow":"follow","max-snippet":"max-snippet:-1","max-image-preview":"max-image-preview:large","max-video-preview":"max-video-preview:-1"},"canonical":"https:\/\/dara.aragon.es\/dara\/blog\/d\/","og_locale":"es_ES","og_type":"article","og_title":"Semana Internacional de los archivos: programa de los archivos en Arag\u00f3n - DARA GENERAL","og_description":"En el&nbsp;D\u00eda Internacional de los Archivos 2022, la ICA nos invita a una conversaci\u00f3n virtual utilizando los hashtags&nbsp;#SomosArchivo y #IAW2022&nbsp;para hablar de \u201clo que significa ser archivista y de lo que los documentos de archivo reflejan realmente: las historias. Esas historias muestran las tensiones, pero tambi\u00e9n los puentes que los archivos crean dentro de la [&hellip;]","og_url":"https:\/\/dara.aragon.es\/dara\/blog\/d\/","og_site_name":"DARA GENERAL","article_published_time":"2022-06-08T07:33:23+00:00","article_modified_time":"2024-10-22T14:50:48+00:00","og_image":[{"width":664,"height":80,"url":"https:\/\/dara.aragon.es\/dara\/wp-content\/uploads\/2022\/02\/Bandera_Pixelada.png","type":"image\/png"}],"author":"Administrador DARA","twitter_card":"summary_large_image","twitter_misc":{"Escrito por":"Administrador DARA","Tiempo de lectura":"1 minuto"},"schema":{"@context":"https:\/\/schema.org","@graph":[{"@type":"Article","@id":"https:\/\/dara.aragon.es\/dara\/blog\/d\/#article","isPartOf":{"@id":"https:\/\/dara.aragon.es\/dara\/blog\/d\/"},"author":{"name":"Administrador DARA","@id":"https:\/\/dara.aragon.es\/dara\/#\/schema\/person\/42ee60d9eb45f8689b62d2b57c40aeec"},"headline":"Semana Internacional de los archivos: programa de los archivos en Arag\u00f3n","datePublished":"2022-06-08T07:33:23+00:00","dateModified":"2024-10-22T14:50:48+00:00","mainEntityOfPage":{"@id":"https:\/\/dara.aragon.es\/dara\/blog\/d\/"},"wordCount":191,"commentCount":0,"image":{"@id":"https:\/\/dara.aragon.es\/dara\/blog\/d\/#primaryimage"},"thumbnailUrl":"https:\/\/dara.aragon.es\/dara\/wp-content\/uploads\/2022\/02\/Bandera_Pixelada.png","keywords":["D\u00eda Internacional de los Archivos"],"articleSection":["Uncategorized"],"inLanguage":"es","potentialAction":[{"@type":"CommentAction","name":"Comment","target":["https:\/\/dara.aragon.es\/dara\/blog\/d\/#respond"]}]},{"@type":"WebPage","@id":"https:\/\/dara.aragon.es\/dara\/blog\/d\/","url":"https:\/\/dara.aragon.es\/dara\/blog\/d\/","name":"Semana Internacional de los archivos: programa de los archivos en Arag\u00f3n - DARA GENERAL","isPartOf":{"@id":"https:\/\/dara.aragon.es\/dara\/#website"},"primaryImageOfPage":{"@id":"https:\/\/dara.aragon.es\/dara\/blog\/d\/#primaryimage"},"image":{"@id":"https:\/\/dara.aragon.es\/dara\/blog\/d\/#primaryimage"},"thumbnailUrl":"https:\/\/dara.aragon.es\/dara\/wp-content\/uploads\/2022\/02\/Bandera_Pixelada.png","datePublished":"2022-06-08T07:33:23+00:00","dateModified":"2024-10-22T14:50:48+00:00","author":{"@id":"https:\/\/dara.aragon.es\/dara\/#\/schema\/person\/42ee60d9eb45f8689b62d2b57c40aeec"},"breadcrumb":{"@id":"https:\/\/dara.aragon.es\/dara\/blog\/d\/#breadcrumb"},"inLanguage":"es","potentialAction":[{"@type":"ReadAction","target":["https:\/\/dara.aragon.es\/dara\/blog\/d\/"]}]},{"@type":"ImageObject","inLanguage":"es","@id":"https:\/\/dara.aragon.es\/dara\/blog\/d\/#primaryimage","url":"https:\/\/dara.aragon.es\/dara\/wp-content\/uploads\/2022\/02\/Bandera_Pixelada.png","contentUrl":"https:\/\/dara.aragon.es\/dara\/wp-content\/uploads\/2022\/02\/Bandera_Pixelada.png","width":664,"height":80},{"@type":"BreadcrumbList","@id":"https:\/\/dara.aragon.es\/dara\/blog\/d\/#breadcrumb","itemListElement":[{"@type":"ListItem","position":1,"name":"Portada","item":"https:\/\/dara.aragon.es\/dara\/"},{"@type":"ListItem","position":2,"name":"Semana Internacional de los archivos: programa de los archivos en Arag\u00f3n"}]},{"@type":"WebSite","@id":"https:\/\/dara.aragon.es\/dara\/#website","url":"https:\/\/dara.aragon.es\/dara\/","name":"DARA GENERAL","description":"Documentos y archivos de Arag\u00f3n","potentialAction":[{"@type":"SearchAction","target":{"@type":"EntryPoint","urlTemplate":"https:\/\/dara.aragon.es\/dara\/?s={search_term_string}"},"query-input":{"@type":"PropertyValueSpecification","valueRequired":true,"valueName":"search_term_string"}}],"inLanguage":"es"},{"@type":"Person","@id":"https:\/\/dara.aragon.es\/dara\/#\/schema\/person\/42ee60d9eb45f8689b62d2b57c40aeec","name":"Administrador DARA","image":{"@type":"ImageObject","inLanguage":"es","@id":"https:\/\/secure.gravatar.com\/avatar\/8fc1a4250e60d75d1b41fafee86f7181217b3ec161666d4118ba57f78c0a1104?s=96&d=mm&r=g","url":"https:\/\/secure.gravatar.com\/avatar\/8fc1a4250e60d75d1b41fafee86f7181217b3ec161666d4118ba57f78c0a1104?s=96&d=mm&r=g","contentUrl":"https:\/\/secure.gravatar.com\/avatar\/8fc1a4250e60d75d1b41fafee86f7181217b3ec161666d4118ba57f78c0a1104?s=96&d=mm&r=g","caption":"Administrador DARA"},"url":"https:\/\/dara.aragon.es\/dara\/blog\/author\/dara-gestion-de-contenidos\/"}]}},"_links":{"self":[{"href":"https:\/\/dara.aragon.es\/dara\/wp-json\/wp\/v2\/posts\/1003","targetHints":{"allow":["GET"]}}],"collection":[{"href":"https:\/\/dara.aragon.es\/dara\/wp-json\/wp\/v2\/posts"}],"about":[{"href":"https:\/\/dara.aragon.es\/dara\/wp-json\/wp\/v2\/types\/post"}],"author":[{"embeddable":true,"href":"https:\/\/dara.aragon.es\/dara\/wp-json\/wp\/v2\/users\/3"}],"replies":[{"embeddable":true,"href":"https:\/\/dara.aragon.es\/dara\/wp-json\/wp\/v2\/comments?post=1003"}],"version-history":[{"count":0,"href":"https:\/\/dara.aragon.es\/dara\/wp-json\/wp\/v2\/posts\/1003\/revisions"}],"wp:featuredmedia":[{"embeddable":true,"href":"https:\/\/dara.aragon.es\/dara\/wp-json\/wp\/v2\/media\/485"}],"wp:attachment":[{"href":"https:\/\/dara.aragon.es\/dara\/wp-json\/wp\/v2\/media?parent=1003"}],"wp:term":[{"taxonomy":"category","embeddable":true,"href":"https:\/\/dara.aragon.es\/dara\/wp-json\/wp\/v2\/categories?post=1003"},{"taxonomy":"post_tag","embeddable":true,"href":"https:\/\/dara.aragon.es\/dara\/wp-json\/wp\/v2\/tags?post=1003"}],"curies":[{"name":"wp","href":"https:\/\/api.w.org\/{rel}","templated":true}]}}