{"id":2022,"date":"2023-01-26T17:17:50","date_gmt":"2023-01-26T17:17:50","guid":{"rendered":"https:\/\/dara.aragon.es\/dara\/?p=2022"},"modified":"2023-04-05T09:06:39","modified_gmt":"2023-04-05T09:06:39","slug":"comisiones-gestoras-municipales","status":"publish","type":"post","link":"https:\/\/dara.aragon.es\/dara\/blog\/comisiones-gestoras-municipales\/","title":{"rendered":"COMISIONES GESTORAS MUNICIPALES"},"content":{"rendered":"\n\n[et_pb_section fb_built=\u00bb1&#8243; _builder_version=\u00bb4.19.0&#8243; _module_preset=\u00bbdefault\u00bb global_colors_info=\u00bb{}\u00bb][et_pb_row _builder_version=\u00bb4.19.0&#8243; _module_preset=\u00bbdefault\u00bb global_colors_info=\u00bb{}\u00bb][et_pb_column type=\u00bb4_4&#8243; _builder_version=\u00bb4.19.0&#8243; _module_preset=\u00bbdefault\u00bb global_colors_info=\u00bb{}\u00bb][et_pb_text _builder_version=\u00bb4.19.5&#8243; _module_preset=\u00bbdefault\u00bb hover_enabled=\u00bb0&#8243; global_colors_info=\u00bb{}\u00bb sticky_enabled=\u00bb0&#8243;]<p style=\"font-weight: 400;\" data-original-attrs=\"{&quot;style&quot;:&quot;tab-stops: 177.2pt;&quot;}\"><a data-original-attrs=\"{&quot;data-original-href&quot;:&quot;https:\/\/blogger.googleusercontent.com\/img\/b\/R29vZ2xl\/AVvXsEizB-jfP0bZwvIn9T-C9ZX2Zwe12ujcE0ViJGGiyMnbILv5WNkN1t9xYYyU7zzOP16InVMDX6maNL3Vm_PNdeHmdFQ0rAoTGShtgN79xtXPx-tvLhXJ8pOnZfR0wm6egFbmralQygIYEVHONikmlGsEYCNrAH99Z1erMnifWo091dMaoiJevgw5ZDKp\/s807\/Imagen_4.jpg&quot;,&quot;style&quot;:&quot;&quot;}\" href=\"https:\/\/www.blogger.com\/blog\/post\/edit\/5669462747440009339\/6447122992612676586#\"><img loading=\"lazy\" decoding=\"async\" border=\"0\" data-original-height=\"807\" data-original-width=\"563\" height=\"4\" src=\"https:\/\/blogger.googleusercontent.com\/img\/b\/R29vZ2xl\/AVvXsEizB-jfP0bZwvIn9T-C9ZX2Zwe12ujcE0ViJGGiyMnbILv5WNkN1t9xYYyU7zzOP16InVMDX6maNL3Vm_PNdeHmdFQ0rAoTGShtgN79xtXPx-tvLhXJ8pOnZfR0wm6egFbmralQygIYEVHONikmlGsEYCNrAH99Z1erMnifWo091dMaoiJevgw5ZDKp\/w446-h640\/Imagen_4.jpg\" width=\"3\" \/><\/a><\/p>\n<p style=\"font-weight: 400;\" data-original-attrs=\"{&quot;style&quot;:&quot;tab-stops: 177.2pt;&quot;}\"><strong>Autoras: Ester Navarrete \/ Lola Aur\u00e9<\/strong><\/p>\n<p style=\"font-weight: 400; text-align: justify;\" data-original-attrs=\"{&quot;style&quot;:&quot;tab-stops: 177.2pt;&quot;}\">\u00a0Durante el r\u00e9gimen franquista el poder central tiene una r\u00e9plica a peque\u00f1a escala en los municipios, en estos se repite la estructura del Estado, su jerarqu\u00eda, el peso de las \u00e9lites locales en la representatividad pol\u00edtica y la unificaci\u00f3n de los poderes pol\u00edtico y administrativo. En este sentido, lo fundamental deb\u00eda ser el nombramiento de personas adecuadas para regir las corporaciones puesto que los ayuntamientos ser\u00e1n uno de los pilares b\u00e1sicos del franquismo.<\/p>\n<p style=\"font-weight: 400; text-align: justify;\" data-original-attrs=\"{&quot;style&quot;:&quot;tab-stops: 177.2pt;&quot;}\">Comenzada la Guerra Civil, se van estableciendo en todos los ayuntamientos de la \u201czona franquista\u201d las llamadas \u201cComisiones Gestoras\u201d, encargadas del control de la pol\u00edtica municipal durante los primeros a\u00f1os del r\u00e9gimen. Estas Comisiones son nombradas en un primer momento por jefes militares, especialmente en los a\u00f1os de la Guerra Civil, y posteriormente por los gobernadores civiles o directamente por el Ministro de la Gobernaci\u00f3n.<\/p>\n<table data-original-attrs=\"{&quot;style&quot;:&quot;&quot;}\" width=\"345\" height=\"391\">\n<tbody>\n<tr style=\"text-align: center;\">\n<td data-original-attrs=\"{&quot;style&quot;:&quot;&quot;}\" style=\"width: 794.35px;\"><strong><a data-original-attrs=\"{&quot;data-original-href&quot;:&quot;https:\/\/blogger.googleusercontent.com\/img\/b\/R29vZ2xl\/AVvXsEiR9cUo3lFu_Y_Aya8papz0X2nGpiY6Zutvoup0ylfmN-fhWsRBUX-mAf6cXHSgTqp074QQWMnqa-E4dQYmril4psFEk0v9o6rW6pIlPt9ISHQ9f2vPWWEDQHXVMDOgo5lj6qaq13I6oimBH8wu0zyXSiCfJd7XxB360ZSTV4NHhfr-ljMM_Ij9m6Gm\/s884\/imagen_1.jpg&quot;,&quot;style&quot;:&quot;&quot;}\" href=\"https:\/\/www.blogger.com\/blog\/post\/edit\/5669462747440009339\/6447122992612676586#\"><img loading=\"lazy\" decoding=\"async\" border=\"0\" data-original-height=\"884\" data-original-width=\"656\" height=\"400\" src=\"https:\/\/blogger.googleusercontent.com\/img\/b\/R29vZ2xl\/AVvXsEiR9cUo3lFu_Y_Aya8papz0X2nGpiY6Zutvoup0ylfmN-fhWsRBUX-mAf6cXHSgTqp074QQWMnqa-E4dQYmril4psFEk0v9o6rW6pIlPt9ISHQ9f2vPWWEDQHXVMDOgo5lj6qaq13I6oimBH8wu0zyXSiCfJd7XxB360ZSTV4NHhfr-ljMM_Ij9m6Gm\/w296-h400\/imagen_1.jpg\" width=\"296\" style=\"display: block; margin-left: auto; margin-right: auto;\" \/><\/a><a data-original-attrs=\"{&quot;data-original-href&quot;:&quot;https:\/\/blogger.googleusercontent.com\/img\/b\/R29vZ2xl\/AVvXsEgLBS4SD8zpaUwLGBdyBbo7VUKHePrEH0KiMVu11brvtYLyHr4CTtWXMOZrg3E6_7KvPVNZrlNBfXD99oIjjnnDTUvdkQurUuljYK0b9S8iS4V9Ke8Gpos1CRaV9mBoI0lBXM9xJEqQpicEBPzLFa5pKGggEyAkZPG_lA0mm7YAaf_dNW2bTHhAX_cv\/s948\/imagen_2.jpg&quot;,&quot;style&quot;:&quot;&quot;}\" href=\"https:\/\/www.blogger.com\/blog\/post\/edit\/5669462747440009339\/6447122992612676586#\"><img loading=\"lazy\" decoding=\"async\" border=\"0\" data-original-height=\"948\" data-original-width=\"704\" height=\"400\" src=\"https:\/\/blogger.googleusercontent.com\/img\/b\/R29vZ2xl\/AVvXsEgLBS4SD8zpaUwLGBdyBbo7VUKHePrEH0KiMVu11brvtYLyHr4CTtWXMOZrg3E6_7KvPVNZrlNBfXD99oIjjnnDTUvdkQurUuljYK0b9S8iS4V9Ke8Gpos1CRaV9mBoI0lBXM9xJEqQpicEBPzLFa5pKGggEyAkZPG_lA0mm7YAaf_dNW2bTHhAX_cv\/w298-h400\/imagen_2.jpg\" width=\"298\" style=\"display: block; margin-left: auto; margin-right: auto;\" \/><\/a><a data-original-attrs=\"{&quot;data-original-href&quot;:&quot;https:\/\/blogger.googleusercontent.com\/img\/b\/R29vZ2xl\/AVvXsEiR9cUo3lFu_Y_Aya8papz0X2nGpiY6Zutvoup0ylfmN-fhWsRBUX-mAf6cXHSgTqp074QQWMnqa-E4dQYmril4psFEk0v9o6rW6pIlPt9ISHQ9f2vPWWEDQHXVMDOgo5lj6qaq13I6oimBH8wu0zyXSiCfJd7XxB360ZSTV4NHhfr-ljMM_Ij9m6Gm\/s884\/imagen_1.jpg&quot;,&quot;style&quot;:&quot;&quot;}\" href=\"https:\/\/www.blogger.com\/blog\/post\/edit\/5669462747440009339\/6447122992612676586#\"><\/a><\/strong><\/td>\n<\/tr>\n<tr>\n<td data-original-attrs=\"{&quot;style&quot;:&quot;&quot;}\" style=\"width: 794.35px; text-align: center;\"><strong>AHPTE\/GC\/00455\/0005<\/strong><\/td>\n<\/tr>\n<\/tbody>\n<\/table>\n<p style=\"font-weight: 400;\"><span style=\"font-weight: 400;\">\u00a0<\/span><\/p>\n<p style=\"font-weight: 400; text-align: justify;\" data-original-attrs=\"{&quot;style&quot;:&quot;tab-stops: 177.2pt;&quot;}\">Las autoridades del nuevo Estado franquista se ocuparon por primera vez de la administraci\u00f3n local. Mediante el Decreto de 5 de octubre de 1936, modificador del Estatuto Municipal de Primo de Rivera se establec\u00edan las Comisiones Gestoras:<\/p>\n<p style=\"font-weight: 400; text-align: justify;\" data-original-attrs=\"{&quot;style&quot;:&quot;tab-stops: 177.2pt;&quot;}\">La Instrucci\u00f3n Quinta manifiesta los requisitos que deben reunir aquellas personas que compongan las mismas \u201cbien entendido que la ideolog\u00eda de los que acrediten en tal cometido a dichas entidades deber\u00e1n ser personas de eficiencia en su labor y carentes de significado pol\u00edtico, aceptando en \u00faltimo extremo el de tendencias afines a la causa nacional. Independientemente de las aludidas, formar\u00e1n parte de dichas Corporaciones provinciales los elementos destacados que se estimen indispensables para la gesti\u00f3n administrativa y cuya solvencia moral sea notoria. (&#8230;)\u201d<\/p>\n<p style=\"font-weight: 400; text-align: justify;\" data-original-attrs=\"{&quot;style&quot;:&quot;tab-stops: 177.2pt;&quot;}\">Y determina las condiciones que han de reunir los miembros de las Comisiones Gestoras municipales seg\u00fan la Instrucci\u00f3n Octava, \u201cdeber\u00e1n integrarse por los mayores contribuyentes de r\u00fastica, industrial, pecuaria y utilidades siempre que re\u00fanan las caracter\u00edsticas de apoliticismo y eficiencia. Ello no obsta para que tambi\u00e9n puedan ser llamados a formar parte de dichas Gestoras cualesquiera otras personas que, en raz\u00f3n de sus actividades o por su significaci\u00f3n personal, puedan estimarse como de leal o imprescindible cooperaci\u00f3n, as\u00ed como las representaciones de agrupaciones obreras que, por su ideolog\u00eda, puedan ser consideradas como afectas al movimiento salvador de Espa\u00f1a\u201d.<\/p>\n<table data-original-attrs=\"{&quot;style&quot;:&quot;&quot;}\">\n<tbody>\n<tr>\n<td data-original-attrs=\"{&quot;style&quot;:&quot;&quot;}\"><img loading=\"lazy\" decoding=\"async\" src=\"https:\/\/blogger.googleusercontent.com\/img\/b\/R29vZ2xl\/AVvXsEiy-nFiZ0oNDe2fJ3HF6yHtEZ9A4qgNfSpJWloB_-TiTJcOQYlp4Z9fbb4mSWAUXlavQk6ImAFgLvBC2HkIohMw90qaPYaFGGfswtcDdv0XMaKjqZe61hHVL-yqYw0Z1PkXawnG7pU80ELcAx-GQPH09GjEKmNy03_KEIG1Cfo6jCl_8dbZjzGzFu5F\/w446-h640\/Imagen_3.jpg\" width=\"359\" height=\"515\" style=\"display: block; margin-left: auto; margin-right: auto;\" \/><a data-original-attrs=\"{&quot;data-original-href&quot;:&quot;https:\/\/blogger.googleusercontent.com\/img\/b\/R29vZ2xl\/AVvXsEizB-jfP0bZwvIn9T-C9ZX2Zwe12ujcE0ViJGGiyMnbILv5WNkN1t9xYYyU7zzOP16InVMDX6maNL3Vm_PNdeHmdFQ0rAoTGShtgN79xtXPx-tvLhXJ8pOnZfR0wm6egFbmralQygIYEVHONikmlGsEYCNrAH99Z1erMnifWo091dMaoiJevgw5ZDKp\/s807\/Imagen_4.jpg&quot;,&quot;style&quot;:&quot;&quot;}\" href=\"https:\/\/www.blogger.com\/blog\/post\/edit\/5669462747440009339\/6447122992612676586#\"><img loading=\"lazy\" decoding=\"async\" border=\"0\" data-original-height=\"807\" data-original-width=\"563\" height=\"525\" src=\"https:\/\/blogger.googleusercontent.com\/img\/b\/R29vZ2xl\/AVvXsEizB-jfP0bZwvIn9T-C9ZX2Zwe12ujcE0ViJGGiyMnbILv5WNkN1t9xYYyU7zzOP16InVMDX6maNL3Vm_PNdeHmdFQ0rAoTGShtgN79xtXPx-tvLhXJ8pOnZfR0wm6egFbmralQygIYEVHONikmlGsEYCNrAH99Z1erMnifWo091dMaoiJevgw5ZDKp\/w446-h640\/Imagen_4.jpg\" width=\"366\" style=\"display: block; margin-left: auto; margin-right: auto;\" \/><\/a><\/td>\n<\/tr>\n<tr>\n<td data-original-attrs=\"{&quot;style&quot;:&quot;&quot;}\" style=\"text-align: center;\"><strong>AHPTE\/GC\/00455\/16<\/strong><\/td>\n<\/tr>\n<\/tbody>\n<\/table>\n<p style=\"font-weight: 400;\"><br style=\"font-weight: 400;\" \/><span style=\"font-weight: 400;\">\u00a0<\/span><\/p>\n<p style=\"font-weight: 400; text-align: justify;\" data-original-attrs=\"{&quot;style&quot;:&quot;tab-stops: 177.2pt;&quot;}\">\u00a0En los municipios menores de 10.000 habitantes, el gobernador civil nombrar\u00e1 directamente a los alcaldes hasta comienzos de los sesenta. El gobernador con anterioridad a los nombramientos se asegurar\u00e1 la idoneidad ideol\u00f3gica y personal de los designados. \u00c9stos simultanear\u00e1n la actividad municipal con la profesional, estableci\u00e9ndose una clara relaci\u00f3n entre su actividad profesional y las respectivas concejal\u00edas.<\/p>\n<p style=\"font-weight: 400;\" data-original-attrs=\"{&quot;style&quot;:&quot;tab-stops: 177.2pt;&quot;}\"><a data-original-attrs=\"{&quot;data-original-href&quot;:&quot;https:\/\/blogger.googleusercontent.com\/img\/b\/R29vZ2xl\/AVvXsEgdBij8Nuat460krP43W6nXK9EUGlrencvCmGMmz_y1TKo-gQX92nCoDTMWXrfEp62fAcSp-xjoLRhcGYSg8j1LZVYQ846Li3zCinFBa3EqxOoL7Rlyf9-g5RdVLDv2W5b1sSOKci-F5hJi8kKu4n5e2pPBBoGEft2PljH0nT_XYPNBnh8VFnEJo2hZ\/s911\/imagen_7.jpg&quot;,&quot;style&quot;:&quot;&quot;}\" href=\"https:\/\/www.blogger.com\/blog\/post\/edit\/5669462747440009339\/6447122992612676586#\"><img loading=\"lazy\" decoding=\"async\" border=\"0\" data-original-height=\"553\" data-original-width=\"911\" height=\"305\" src=\"https:\/\/blogger.googleusercontent.com\/img\/b\/R29vZ2xl\/AVvXsEgdBij8Nuat460krP43W6nXK9EUGlrencvCmGMmz_y1TKo-gQX92nCoDTMWXrfEp62fAcSp-xjoLRhcGYSg8j1LZVYQ846Li3zCinFBa3EqxOoL7Rlyf9-g5RdVLDv2W5b1sSOKci-F5hJi8kKu4n5e2pPBBoGEft2PljH0nT_XYPNBnh8VFnEJo2hZ\/w605-h388\/imagen_7.jpg\" width=\"503\" style=\"display: block; margin-left: auto; margin-right: auto;\" \/><\/a><\/p>\n<p style=\"font-weight: 400; text-align: justify;\" data-original-attrs=\"{&quot;style&quot;:&quot;tab-stops: 177.2pt;&quot;}\">La orden de 30 de octubre de 1937 declara adem\u00e1s que \u201ccon el fin de que tanto los Ayuntamientos como las Diputaciones se regenten por personas no s\u00f3lo afectas al Movimiento Nacional, sino que sinti\u00e9ndole hondamente aporten al mismo en todos sus aspectos e intensidad lo que \u00e9l requiere, se hace preciso dictar\u00a0<span>\u00a0<\/span>las pertinentes instrucciones para llevar a cabo la designaci\u00f3n de las personas que han de cubrir las vacantes que hoy existen\u201d, advirtiendo que las propuestas nunca podr\u00e1n recaer sobre personas que hayan pertenecido a organizaciones pol\u00edtica integradas en el Frente Popular\u201d Garantizando de este modo el control pol\u00edtico de los ayuntamientos.<\/p>\n<table data-original-attrs=\"{&quot;style&quot;:&quot;&quot;}\" style=\"width: 412px; margin-left: auto; margin-right: auto;\" height=\"354\">\n<tbody>\n<tr>\n<td data-original-attrs=\"{&quot;style&quot;:&quot;&quot;}\" style=\"width: 411.2px;\"><a data-original-attrs=\"{&quot;data-original-href&quot;:&quot;https:\/\/blogger.googleusercontent.com\/img\/b\/R29vZ2xl\/AVvXsEgpH78Y7QWI9tY-13bsBDaEcjA2BgV0G1r3ktCMrAYDhK6vP-DTVpEcQtLiaFllffwV-nb9LMOg8o-xJ2Xk2n1pHFO_I-chEz0awSvftRuGWQNIOtQwYgvkhhJeqeEU1idU9GxOl-vORcv4FhD4IjOOa2YQ195YWKhw5qS-DTrxG4IIe4UK6qVHB67j\/s685\/Imagen_5.jpg&quot;,&quot;style&quot;:&quot;&quot;}\" href=\"https:\/\/www.blogger.com\/blog\/post\/edit\/5669462747440009339\/6447122992612676586#\"><img loading=\"lazy\" decoding=\"async\" border=\"0\" data-original-height=\"685\" data-original-width=\"633\" height=\"320\" src=\"https:\/\/blogger.googleusercontent.com\/img\/b\/R29vZ2xl\/AVvXsEgpH78Y7QWI9tY-13bsBDaEcjA2BgV0G1r3ktCMrAYDhK6vP-DTVpEcQtLiaFllffwV-nb9LMOg8o-xJ2Xk2n1pHFO_I-chEz0awSvftRuGWQNIOtQwYgvkhhJeqeEU1idU9GxOl-vORcv4FhD4IjOOa2YQ195YWKhw5qS-DTrxG4IIe4UK6qVHB67j\/s320\/Imagen_5.jpg\" width=\"296\" style=\"display: block; margin-left: auto; margin-right: auto;\" \/><\/a><\/td>\n<\/tr>\n<tr>\n<td class=\"tr-caption\" data-original-attrs=\"{&quot;style&quot;:&quot;&quot;}\" style=\"width: 411.2px; text-align: center;\"><strong>AHPTE\/GC\/00455\/0064<\/strong><\/td>\n<\/tr>\n<\/tbody>\n<\/table>\n<p><a data-original-attrs=\"{&quot;data-original-href&quot;:&quot;https:\/\/blogger.googleusercontent.com\/img\/b\/R29vZ2xl\/AVvXsEh4LlqUX2Q9vpAsr5l_spZ1Sq_pyXOkbg0Gs2zu_rWJxlhKt9EhOs6NkqFJbw3v0fwwNSPwp9zzYQcra5rbj_YPNYmQ3KsmjqO9HR81H3M861W1vKTung40hbKueSrcc4rA92tuQfI6Dt0Z57ZXtZjwGp7o9fj1QHuzQRCr4QDrE7BqfT-tsqGht-u1\/s698\/Imagen_6.jpg&quot;,&quot;style&quot;:&quot;&quot;}\" href=\"https:\/\/www.blogger.com\/blog\/post\/edit\/5669462747440009339\/6447122992612676586#\"><img loading=\"lazy\" decoding=\"async\" border=\"0\" data-original-height=\"698\" data-original-width=\"645\" height=\"320\" src=\"https:\/\/blogger.googleusercontent.com\/img\/b\/R29vZ2xl\/AVvXsEh4LlqUX2Q9vpAsr5l_spZ1Sq_pyXOkbg0Gs2zu_rWJxlhKt9EhOs6NkqFJbw3v0fwwNSPwp9zzYQcra5rbj_YPNYmQ3KsmjqO9HR81H3M861W1vKTung40hbKueSrcc4rA92tuQfI6Dt0Z57ZXtZjwGp7o9fj1QHuzQRCr4QDrE7BqfT-tsqGht-u1\/s320\/Imagen_6.jpg\" width=\"296\" style=\"display: block; margin-left: auto; margin-right: auto;\" \/><\/a><\/p>\n<p style=\"font-weight: 400; text-align: justify;\" data-original-attrs=\"{&quot;style&quot;:&quot;tab-stops: 177.2pt;&quot;}\">La etapa cronol\u00f3gica de las Comisiones Gestoras tiene lugar desde el a\u00f1o 1939 hasta 1949, momento en el que se establecen los ayuntamientos org\u00e1nicos, que surgen tras la aplicaci\u00f3n de la Ley de Bases de R\u00e9gimen Local de 1945. Durante el mes de noviembre de 1948 se celebraron las primeras \u201celecciones\u201d para cubrir los puestos municipales.<\/p>\n<p style=\"font-weight: 400; text-align: justify;\" data-original-attrs=\"{&quot;style&quot;:&quot;&quot;}\">El fondo del Gobierno Civil de Teruel, cronol\u00f3gicamente data desde 1939 a 1989. Es un fondo de titularidad estatal y gesti\u00f3n transferida que se conserva en el AHPTE. Lo forman 45.112 documentos repartidos en 2.207 unidades de instalaci\u00f3n. Dentro del mismo se encuentra la documentaci\u00f3n referente a las Comisiones Gestoras.<\/p>\n<p style=\"font-weight: 400; text-align: justify;\" data-original-attrs=\"{&quot;style&quot;:&quot;&quot;}\">A trav\u00e9s del portal DARA podemos consultar los expedientes relacionados con el control de los Ayuntamientos de la provincia durante el periodo franquista. Dentro de este fondo, e incluidas en la secci\u00f3n de Comisiones Gestoras y Ayuntamientos, encontramos distintas series correspondientes a: inspecciones econ\u00f3mico-administrativas, ceses, dimisiones y sustituci\u00f3n de alcaldes, nombramientos, reclamaciones, quejas y denuncias, constituci\u00f3n de comisiones gestoras, multas a corporaciones locales, autoridades, informes pol\u00edtico sociales, fichas y relaciones de alcaldes y concejales.<\/p>\n<p style=\"font-weight: 400; text-align: justify;\" data-original-attrs=\"{&quot;style&quot;:&quot;&quot;}\"><a href=\"https:\/\/www.blogger.com\/blog\/post\/edit\/5669462747440009339\/6447122992612676586#\" data-original-attrs=\"{&quot;data-original-href&quot;:&quot;https:\/\/dara.aragon.es\/opac\/app\/item\/?p=0&amp;q=COMISIONES+GESTORAS&amp;ob=re:1&amp;vm=nv&amp;i=257950&quot;}\">https:\/\/dara.aragon.es\/opac\/app\/item\/?p=0&amp;q=COMISIONES+GESTORAS&amp;ob=re:1&amp;vm=nv&amp;i=257950<\/a><\/p>\n<p style=\"font-weight: 400; text-align: justify;\" data-original-attrs=\"{&quot;style&quot;:&quot;&quot;}\">Esta informaci\u00f3n cobra notoria importancia dentro del objetivo prioritario de fondos y series del \u00e1mbito regional y provincial sobre Memoria Hist\u00f3rica y Democr\u00e1tica.<\/p>\n<p style=\"font-weight: 400; text-align: justify;\" data-original-attrs=\"{&quot;style&quot;:&quot;tab-stops: 523.35pt;&quot;}\"><strong>Bibliograf\u00eda:<\/strong><\/p>\n<p style=\"font-weight: 400; text-align: justify;\" data-original-attrs=\"{&quot;style&quot;:&quot;tab-stops: 523.35pt;&quot;}\">S\u00c1NCHEZ BRUN, J. Gaudioso,<span>\u00a0<\/span><em data-original-attrs=\"{&quot;style&quot;:&quot;mso-bidi-font-style: normal;&quot;}\">Instituciones turolenses en el franquismo (1936-1961): personal y mensaje pol\u00edtico,<span>\u00a0<\/span><\/em>I.E.T, Teruel, 2002, pp. 201 y 214.<\/p>\n<p style=\"font-weight: 400; text-align: justify;\" data-original-attrs=\"{&quot;style&quot;:&quot;tab-stops: 523.35pt;&quot;}\">RUBIA OSORIO, Ana Mar\u00eda, La gesti\u00f3n municipal en Marbella durante el primer franquismo (1939-1959).<span>\u00a0<\/span><em data-original-attrs=\"{&quot;style&quot;:&quot;mso-bidi-font-style: normal;&quot;}\">Revista de la Asociaci\u00f3n Cilniana para la Defensa y Difusi\u00f3n del Patrimonio Cultural<\/em>, ISSN 1575-6416, N\u00ba. 17, 2004, p\u00e1gs. 45-60.<\/p>[\/et_pb_text][\/et_pb_column][\/et_pb_row][\/et_pb_section]\n\n","protected":false},"excerpt":{"rendered":"<p>Autoras: Ester Navarrete \/ Lola Aur\u00e9 \u00a0Durante el r\u00e9gimen franquista el poder central tiene una r\u00e9plica a peque\u00f1a escala en los municipios, en estos se repite la estructura del Estado, su jerarqu\u00eda, el peso de las \u00e9lites locales en la representatividad pol\u00edtica y la unificaci\u00f3n de los poderes pol\u00edtico y administrativo. En este sentido, lo [&hellip;]<\/p>\n","protected":false},"author":7,"featured_media":2024,"comment_status":"open","ping_status":"closed","sticky":false,"template":"","format":"standard","meta":{"_et_pb_use_builder":"on","_et_pb_old_content":"","_et_gb_content_width":"","om_disable_all_campaigns":false,"_monsterinsights_skip_tracking":false,"_monsterinsights_sitenote_active":false,"_monsterinsights_sitenote_note":"","_monsterinsights_sitenote_category":0,"_uf_show_specific_survey":0,"_uf_disable_surveys":false,"footnotes":""},"categories":[13,301,5],"tags":[],"class_list":["post-2022","post","type-post","status-publish","format-standard","has-post-thumbnail","hentry","category-ahp-teruel","category-comisiones-gestoras","category-noticias"],"yoast_head":"<!-- This site is optimized with the Yoast SEO plugin v26.2 - https:\/\/yoast.com\/wordpress\/plugins\/seo\/ -->\n<title>COMISIONES GESTORAS MUNICIPALES - DARA GENERAL<\/title>\n<meta name=\"robots\" content=\"index, follow, max-snippet:-1, max-image-preview:large, max-video-preview:-1\" \/>\n<link rel=\"canonical\" href=\"https:\/\/dara.aragon.es\/dara\/blog\/comisiones-gestoras-municipales\/\" \/>\n<meta property=\"og:locale\" content=\"es_ES\" \/>\n<meta property=\"og:type\" content=\"article\" \/>\n<meta property=\"og:title\" content=\"COMISIONES GESTORAS MUNICIPALES - DARA GENERAL\" \/>\n<meta property=\"og:description\" content=\"Autoras: Ester Navarrete \/ Lola Aur\u00e9 \u00a0Durante el r\u00e9gimen franquista el poder central tiene una r\u00e9plica a peque\u00f1a escala en los municipios, en estos se repite la estructura del Estado, su jerarqu\u00eda, el peso de las \u00e9lites locales en la representatividad pol\u00edtica y la unificaci\u00f3n de los poderes pol\u00edtico y administrativo. En este sentido, lo [&hellip;]\" \/>\n<meta property=\"og:url\" content=\"https:\/\/dara.aragon.es\/dara\/blog\/comisiones-gestoras-municipales\/\" \/>\n<meta property=\"og:site_name\" content=\"DARA GENERAL\" \/>\n<meta property=\"article:published_time\" content=\"2023-01-26T17:17:50+00:00\" \/>\n<meta property=\"article:modified_time\" content=\"2023-04-05T09:06:39+00:00\" \/>\n<meta property=\"og:image\" content=\"https:\/\/dara.aragon.es\/dara\/wp-content\/uploads\/2023\/01\/Imagen_3.jpg\" \/>\n\t<meta property=\"og:image:width\" content=\"446\" \/>\n\t<meta property=\"og:image:height\" content=\"640\" \/>\n\t<meta property=\"og:image:type\" content=\"image\/jpeg\" \/>\n<meta name=\"author\" content=\"Archivo Hist\u00f3rico Provincial de Teruel\" \/>\n<meta name=\"twitter:card\" content=\"summary_large_image\" \/>\n<meta name=\"twitter:label1\" content=\"Escrito por\" \/>\n\t<meta name=\"twitter:data1\" content=\"Archivo Hist\u00f3rico Provincial de Teruel\" \/>\n\t<meta name=\"twitter:label2\" content=\"Tiempo de lectura\" \/>\n\t<meta name=\"twitter:data2\" content=\"5 minutos\" \/>\n<script type=\"application\/ld+json\" class=\"yoast-schema-graph\">{\"@context\":\"https:\/\/schema.org\",\"@graph\":[{\"@type\":\"WebPage\",\"@id\":\"https:\/\/dara.aragon.es\/dara\/blog\/comisiones-gestoras-municipales\/\",\"url\":\"https:\/\/dara.aragon.es\/dara\/blog\/comisiones-gestoras-municipales\/\",\"name\":\"COMISIONES GESTORAS MUNICIPALES - DARA GENERAL\",\"isPartOf\":{\"@id\":\"https:\/\/dara.aragon.es\/dara\/#website\"},\"primaryImageOfPage\":{\"@id\":\"https:\/\/dara.aragon.es\/dara\/blog\/comisiones-gestoras-municipales\/#primaryimage\"},\"image\":{\"@id\":\"https:\/\/dara.aragon.es\/dara\/blog\/comisiones-gestoras-municipales\/#primaryimage\"},\"thumbnailUrl\":\"https:\/\/dara.aragon.es\/dara\/wp-content\/uploads\/2023\/01\/Imagen_3.jpg\",\"datePublished\":\"2023-01-26T17:17:50+00:00\",\"dateModified\":\"2023-04-05T09:06:39+00:00\",\"author\":{\"@id\":\"https:\/\/dara.aragon.es\/dara\/#\/schema\/person\/d8651b250d315dfa397cc5625341aca7\"},\"breadcrumb\":{\"@id\":\"https:\/\/dara.aragon.es\/dara\/blog\/comisiones-gestoras-municipales\/#breadcrumb\"},\"inLanguage\":\"es\",\"potentialAction\":[{\"@type\":\"ReadAction\",\"target\":[\"https:\/\/dara.aragon.es\/dara\/blog\/comisiones-gestoras-municipales\/\"]}]},{\"@type\":\"ImageObject\",\"inLanguage\":\"es\",\"@id\":\"https:\/\/dara.aragon.es\/dara\/blog\/comisiones-gestoras-municipales\/#primaryimage\",\"url\":\"https:\/\/dara.aragon.es\/dara\/wp-content\/uploads\/2023\/01\/Imagen_3.jpg\",\"contentUrl\":\"https:\/\/dara.aragon.es\/dara\/wp-content\/uploads\/2023\/01\/Imagen_3.jpg\",\"width\":446,\"height\":640,\"caption\":\"AHPTE\/GC\/00455\/16\"},{\"@type\":\"BreadcrumbList\",\"@id\":\"https:\/\/dara.aragon.es\/dara\/blog\/comisiones-gestoras-municipales\/#breadcrumb\",\"itemListElement\":[{\"@type\":\"ListItem\",\"position\":1,\"name\":\"Portada\",\"item\":\"https:\/\/dara.aragon.es\/dara\/\"},{\"@type\":\"ListItem\",\"position\":2,\"name\":\"COMISIONES GESTORAS MUNICIPALES\"}]},{\"@type\":\"WebSite\",\"@id\":\"https:\/\/dara.aragon.es\/dara\/#website\",\"url\":\"https:\/\/dara.aragon.es\/dara\/\",\"name\":\"DARA GENERAL\",\"description\":\"Documentos y archivos de Arag\u00f3n\",\"potentialAction\":[{\"@type\":\"SearchAction\",\"target\":{\"@type\":\"EntryPoint\",\"urlTemplate\":\"https:\/\/dara.aragon.es\/dara\/?s={search_term_string}\"},\"query-input\":{\"@type\":\"PropertyValueSpecification\",\"valueRequired\":true,\"valueName\":\"search_term_string\"}}],\"inLanguage\":\"es\"},{\"@type\":\"Person\",\"@id\":\"https:\/\/dara.aragon.es\/dara\/#\/schema\/person\/d8651b250d315dfa397cc5625341aca7\",\"name\":\"Archivo Hist\u00f3rico Provincial de Teruel\",\"image\":{\"@type\":\"ImageObject\",\"inLanguage\":\"es\",\"@id\":\"https:\/\/dara.aragon.es\/dara\/#\/schema\/person\/image\/\",\"url\":\"https:\/\/secure.gravatar.com\/avatar\/e4e12c40936cffd276d8f3b687092ef94f44cc2fc561fcfac6253ff195919b88?s=96&d=mm&r=g\",\"contentUrl\":\"https:\/\/secure.gravatar.com\/avatar\/e4e12c40936cffd276d8f3b687092ef94f44cc2fc561fcfac6253ff195919b88?s=96&d=mm&r=g\",\"caption\":\"Archivo Hist\u00f3rico Provincial de Teruel\"},\"url\":\"https:\/\/dara.aragon.es\/dara\/blog\/author\/ahpte\/\"}]}<\/script>\n<!-- \/ Yoast SEO plugin. -->","yoast_head_json":{"title":"COMISIONES GESTORAS MUNICIPALES - DARA GENERAL","robots":{"index":"index","follow":"follow","max-snippet":"max-snippet:-1","max-image-preview":"max-image-preview:large","max-video-preview":"max-video-preview:-1"},"canonical":"https:\/\/dara.aragon.es\/dara\/blog\/comisiones-gestoras-municipales\/","og_locale":"es_ES","og_type":"article","og_title":"COMISIONES GESTORAS MUNICIPALES - DARA GENERAL","og_description":"Autoras: Ester Navarrete \/ Lola Aur\u00e9 \u00a0Durante el r\u00e9gimen franquista el poder central tiene una r\u00e9plica a peque\u00f1a escala en los municipios, en estos se repite la estructura del Estado, su jerarqu\u00eda, el peso de las \u00e9lites locales en la representatividad pol\u00edtica y la unificaci\u00f3n de los poderes pol\u00edtico y administrativo. En este sentido, lo [&hellip;]","og_url":"https:\/\/dara.aragon.es\/dara\/blog\/comisiones-gestoras-municipales\/","og_site_name":"DARA GENERAL","article_published_time":"2023-01-26T17:17:50+00:00","article_modified_time":"2023-04-05T09:06:39+00:00","og_image":[{"width":446,"height":640,"url":"https:\/\/dara.aragon.es\/dara\/wp-content\/uploads\/2023\/01\/Imagen_3.jpg","type":"image\/jpeg"}],"author":"Archivo Hist\u00f3rico Provincial de Teruel","twitter_card":"summary_large_image","twitter_misc":{"Escrito por":"Archivo Hist\u00f3rico Provincial de Teruel","Tiempo de lectura":"5 minutos"},"schema":{"@context":"https:\/\/schema.org","@graph":[{"@type":"WebPage","@id":"https:\/\/dara.aragon.es\/dara\/blog\/comisiones-gestoras-municipales\/","url":"https:\/\/dara.aragon.es\/dara\/blog\/comisiones-gestoras-municipales\/","name":"COMISIONES GESTORAS MUNICIPALES - DARA GENERAL","isPartOf":{"@id":"https:\/\/dara.aragon.es\/dara\/#website"},"primaryImageOfPage":{"@id":"https:\/\/dara.aragon.es\/dara\/blog\/comisiones-gestoras-municipales\/#primaryimage"},"image":{"@id":"https:\/\/dara.aragon.es\/dara\/blog\/comisiones-gestoras-municipales\/#primaryimage"},"thumbnailUrl":"https:\/\/dara.aragon.es\/dara\/wp-content\/uploads\/2023\/01\/Imagen_3.jpg","datePublished":"2023-01-26T17:17:50+00:00","dateModified":"2023-04-05T09:06:39+00:00","author":{"@id":"https:\/\/dara.aragon.es\/dara\/#\/schema\/person\/d8651b250d315dfa397cc5625341aca7"},"breadcrumb":{"@id":"https:\/\/dara.aragon.es\/dara\/blog\/comisiones-gestoras-municipales\/#breadcrumb"},"inLanguage":"es","potentialAction":[{"@type":"ReadAction","target":["https:\/\/dara.aragon.es\/dara\/blog\/comisiones-gestoras-municipales\/"]}]},{"@type":"ImageObject","inLanguage":"es","@id":"https:\/\/dara.aragon.es\/dara\/blog\/comisiones-gestoras-municipales\/#primaryimage","url":"https:\/\/dara.aragon.es\/dara\/wp-content\/uploads\/2023\/01\/Imagen_3.jpg","contentUrl":"https:\/\/dara.aragon.es\/dara\/wp-content\/uploads\/2023\/01\/Imagen_3.jpg","width":446,"height":640,"caption":"AHPTE\/GC\/00455\/16"},{"@type":"BreadcrumbList","@id":"https:\/\/dara.aragon.es\/dara\/blog\/comisiones-gestoras-municipales\/#breadcrumb","itemListElement":[{"@type":"ListItem","position":1,"name":"Portada","item":"https:\/\/dara.aragon.es\/dara\/"},{"@type":"ListItem","position":2,"name":"COMISIONES GESTORAS MUNICIPALES"}]},{"@type":"WebSite","@id":"https:\/\/dara.aragon.es\/dara\/#website","url":"https:\/\/dara.aragon.es\/dara\/","name":"DARA GENERAL","description":"Documentos y archivos de Arag\u00f3n","potentialAction":[{"@type":"SearchAction","target":{"@type":"EntryPoint","urlTemplate":"https:\/\/dara.aragon.es\/dara\/?s={search_term_string}"},"query-input":{"@type":"PropertyValueSpecification","valueRequired":true,"valueName":"search_term_string"}}],"inLanguage":"es"},{"@type":"Person","@id":"https:\/\/dara.aragon.es\/dara\/#\/schema\/person\/d8651b250d315dfa397cc5625341aca7","name":"Archivo Hist\u00f3rico Provincial de Teruel","image":{"@type":"ImageObject","inLanguage":"es","@id":"https:\/\/dara.aragon.es\/dara\/#\/schema\/person\/image\/","url":"https:\/\/secure.gravatar.com\/avatar\/e4e12c40936cffd276d8f3b687092ef94f44cc2fc561fcfac6253ff195919b88?s=96&d=mm&r=g","contentUrl":"https:\/\/secure.gravatar.com\/avatar\/e4e12c40936cffd276d8f3b687092ef94f44cc2fc561fcfac6253ff195919b88?s=96&d=mm&r=g","caption":"Archivo Hist\u00f3rico Provincial de Teruel"},"url":"https:\/\/dara.aragon.es\/dara\/blog\/author\/ahpte\/"}]}},"_links":{"self":[{"href":"https:\/\/dara.aragon.es\/dara\/wp-json\/wp\/v2\/posts\/2022","targetHints":{"allow":["GET"]}}],"collection":[{"href":"https:\/\/dara.aragon.es\/dara\/wp-json\/wp\/v2\/posts"}],"about":[{"href":"https:\/\/dara.aragon.es\/dara\/wp-json\/wp\/v2\/types\/post"}],"author":[{"embeddable":true,"href":"https:\/\/dara.aragon.es\/dara\/wp-json\/wp\/v2\/users\/7"}],"replies":[{"embeddable":true,"href":"https:\/\/dara.aragon.es\/dara\/wp-json\/wp\/v2\/comments?post=2022"}],"version-history":[{"count":0,"href":"https:\/\/dara.aragon.es\/dara\/wp-json\/wp\/v2\/posts\/2022\/revisions"}],"wp:featuredmedia":[{"embeddable":true,"href":"https:\/\/dara.aragon.es\/dara\/wp-json\/wp\/v2\/media\/2024"}],"wp:attachment":[{"href":"https:\/\/dara.aragon.es\/dara\/wp-json\/wp\/v2\/media?parent=2022"}],"wp:term":[{"taxonomy":"category","embeddable":true,"href":"https:\/\/dara.aragon.es\/dara\/wp-json\/wp\/v2\/categories?post=2022"},{"taxonomy":"post_tag","embeddable":true,"href":"https:\/\/dara.aragon.es\/dara\/wp-json\/wp\/v2\/tags?post=2022"}],"curies":[{"name":"wp","href":"https:\/\/api.w.org\/{rel}","templated":true}]}}