{"id":214,"date":"2021-06-08T08:13:00","date_gmt":"2021-06-08T08:13:00","guid":{"rendered":""},"modified":"2024-10-23T06:58:53","modified_gmt":"2024-10-23T06:58:53","slug":"los-archivos-aragoneses-se-suman-a-la-semana-internacional-de-los-archivos-iaw2021","status":"publish","type":"post","link":"https:\/\/dara.aragon.es\/dara\/blog\/los-archivos-aragoneses-se-suman-a-la-semana-internacional-de-los-archivos-iaw2021\/","title":{"rendered":"Los archivos aragoneses se suman a la Semana Internacional de los Archivos #IAW2021"},"content":{"rendered":"<p>&nbsp;&nbsp;<\/p>\n<p style=\"background: white;line-height: normal;margin-bottom: 0cm;text-align: justify\"><span style=\"font-size: medium\"><span>Con el t\u00edtulo <i>Empoderar Los Archivos Aragoneses,<\/i> siguiendo la l\u00ednea del Consejo Internacional de Archivos (ICA) que promueve la celebraci\u00f3n de la Semana Internacional de los Archivos entre el 7 y el 11 de junio.<\/span><span style=\"background-attachment: initial;background-image: initial;background-position: initial;background-size: initial\"> <\/span><\/span><\/p>\n<p style=\"background: white;line-height: normal;margin-bottom: 0cm;text-align: justify\"><span style=\"font-size: medium\">Los archivos aragoneses se suman a la iniciativa con actividades todos los d\u00edas de la semana. En a\u00f1os anteriores, los archivos abr\u00edan sus puertas para mostrar sus fondos documentales, las instalaciones y los servicios que ofrecen.<\/span><\/p>\n<p style=\"background: white;line-height: normal;margin-bottom: 0cm;text-align: justify\"><span style=\"font-size: medium\">Este a\u00f1o, por las limitaciones derivadas de la pandemia que a\u00fan sufrimos, se van combinar las actividades presenciales y virtuales, a trav\u00e9s de todos los medios disponibles: el portal de patrimonio cultural de Arag\u00f3n, el blog de DARA, las redes sociales, Youtube y el portal del Consejo Internacional de Archivos.<\/span><\/p>\n<p style=\"background: white;line-height: normal;margin-bottom: 0cm;text-align: justify\"><span style=\"font-size: medium\">Las actividades abarcan diversos \u00e1mbitos de la difusi\u00f3n: jornadas de puertas abiertas, visitas guiadas, exposiciones presenciales y virtuales y la presentaci\u00f3n de publicaciones digitales, en concreto, el \u00faltimo n\u00famero de la revista DARA-Novedades.<\/span><\/p>\n<p style=\"background: white;line-height: normal;margin-bottom: 0cm;text-align: justify\"><span><\/span><\/p>\n<div style=\"clear: both;text-align: center\"><span><a href=\"https:\/\/lh3.googleusercontent.com\/-124R43Nuyvs\/YMBmz2MTgmI\/AAAAAAAABC8\/7iMQMXBCCVUSIyoJRErQCNhowO9Tj97oACLcBGAsYHQ\/AHPHU_Visitas%2Bguiadas%2BIAW2021.jpg\" style=\"margin-left: 1em;margin-right: 1em\"><img loading=\"lazy\" decoding=\"async\" alt=\"\" data-original-height=\"432\" data-original-width=\"648\" height=\"261\" src=\"https:\/\/lh3.googleusercontent.com\/-124R43Nuyvs\/YMBmz2MTgmI\/AAAAAAAABC8\/7iMQMXBCCVUSIyoJRErQCNhowO9Tj97oACLcBGAsYHQ\/w485-h261\/AHPHU_Visitas%2Bguiadas%2BIAW2021.jpg\" width=\"485\" \/><\/a><\/span><\/div>\n<div style=\"clear: both;text-align: center\"><\/div>\n<div style=\"clear: both;text-align: center\"><span><br \/><\/span><\/div>\n<div style=\"clear: both;text-align: center\">\n<div style=\"clear: both;text-align: center\"><span><a href=\"https:\/\/lh3.googleusercontent.com\/-h_R7a7mnCe0\/YMBm6lxiD0I\/AAAAAAAABDA\/dipeLZ2_nMcjrG23EXf4R1ztXQgJBN6yQCLcBGAsYHQ\/AHPHU_Visitas%2Bguiadas%2BIAW_1.jpg\" style=\"margin-left: 1em;margin-right: 1em\"><img loading=\"lazy\" decoding=\"async\" alt=\"\" data-original-height=\"432\" data-original-width=\"648\" height=\"273\" src=\"https:\/\/lh3.googleusercontent.com\/-h_R7a7mnCe0\/YMBm6lxiD0I\/AAAAAAAABDA\/dipeLZ2_nMcjrG23EXf4R1ztXQgJBN6yQCLcBGAsYHQ\/w492-h273\/AHPHU_Visitas%2Bguiadas%2BIAW_1.jpg\" width=\"492\" \/><\/a><\/span><\/div>\n<p><span><br \/><span style=\"color: #ffa400\"><b>Visitas guiadas al AHPHU, 8 de junio<\/b><\/span><\/span><\/div>\n<div style=\"clear: both;text-align: center\"><span style=\"color: #ffa400\"><b>Exposici\u00f3n: <a href=\"https:\/\/www.youtube.com\/watch?v=WYIMPe0l0RQ\" target=\"_blank\" rel=\"noopener\">\u00abMujeres en tiempos de Guerra\u00bb<\/a><\/b><\/span><\/div>\n<\/p>\n<p style=\"background: white;line-height: normal;margin-bottom: 0cm;text-align: justify\"><span style=\"background-attachment: initial;background-image: initial;background-position: initial;background-size: initial;line-height: 115%;text-align: left\"><br \/><\/span><\/p>\n<p style=\"background: white;line-height: normal;margin-bottom: 0cm;text-align: justify\"><span style=\"font-size: medium\"><span style=\"background-attachment: initial;background-image: initial;background-position: initial;background-size: initial;line-height: 115%;text-align: left\">Os dejamos aqu\u00ed el programa de actividades y eventos previsto para la celebraci\u00f3n en Arag\u00f3n de la <b>Semana internacional de los Archivos 2021&nbsp;<\/b><\/span><\/span><\/p>\n<p style=\"background: white;line-height: normal;margin-bottom: 0cm;text-align: justify\"><span style=\"background-attachment: initial;background-image: initial;background-position: initial;background-size: initial;font-size: large;line-height: 115%;text-align: left\"><b>?<\/b><\/span><span style=\"background-attachment: initial;background-image: initial;background-position: initial;background-size: initial;font-size: large;line-height: 115%;text-align: left\"><b>En Arag\u00f3n_Hoy<\/b><\/span><span style=\"background-color: transparent;font-size: large;line-height: 115%;text-align: left\"><b>?<\/b><a href=\"https:\/\/tinyurl.com\/fr3n2fuh?fbclid=IwAR27fXhqUfX89xEWYz-PLc6YHWLIuLOl8LiqjrSDNm8kIouWcvkk7Ya7qlk\" target=\"_blank\" rel=\"noopener\"><span style=\"border: 1pt none windowtext;padding: 0cm\">tinyurl.com\/fr3n2fuh<\/span><\/a><\/span><\/p>\n<div style=\"clear: both;text-align: center\"><a href=\"https:\/\/1.bp.blogspot.com\/-AnAIg-Lyc_4\/YL8ge0_6wRI\/AAAAAAAABCs\/ktCIpdIzhL4X5mmQhlBuWfDe20rBy6B0wCLcBGAsYHQ\/s2048\/e459b45c08354c2ac31b825d3b24ef687GbdJig2RerzWw30-0.jpg\" style=\"margin-left: 1em;margin-right: 1em\"><img loading=\"lazy\" decoding=\"async\" border=\"0\" data-original-height=\"2048\" data-original-width=\"1448\" height=\"391\" src=\"https:\/\/1.bp.blogspot.com\/-AnAIg-Lyc_4\/YL8ge0_6wRI\/AAAAAAAABCs\/ktCIpdIzhL4X5mmQhlBuWfDe20rBy6B0wCLcBGAsYHQ\/w275-h391\/e459b45c08354c2ac31b825d3b24ef687GbdJig2RerzWw30-0.jpg\" width=\"275\" \/><\/a><\/div>\n<div style=\"clear: both;text-align: center\"><\/div>\n<p>&nbsp; &nbsp; &nbsp; &nbsp; &nbsp; &nbsp; <span>&nbsp;&nbsp; &nbsp;<\/span><span>&nbsp;&nbsp; &nbsp;<\/span>&nbsp;&nbsp; &nbsp;&nbsp; &nbsp;&nbsp;<b style=\"text-align: center\">&nbsp;<span style=\"color: #ffa400\">Programaci\u00f3n de la Semana Internacional de los Archivos en Arag\u00f3n<\/span><\/b><\/p>\n<div>\n<div style=\"text-align: center\"><b><span style=\"color: #ffa400\">&nbsp; &nbsp;&nbsp;<\/span><span style=\"color: #ffa400\">&nbsp;&nbsp; &nbsp;<\/span><span style=\"color: #ffa400\">&nbsp;&nbsp;<\/span><span style=\"color: #ffa400\">&nbsp; #EmpoderarLosArchivosAragoneses<\/span><\/b><\/div>\n<div><\/div>\n<div><\/div>\n<div>\n<div style=\"clear: both;text-align: center\"><a href=\"https:\/\/lh3.googleusercontent.com\/-EbhZC8PGU4I\/YL9E70RrbwI\/AAAAAAAABC0\/m8nTVxCjEQw0S-rLeNrJzFqmJSdd_mjQwCLcBGAsYHQ\/Cartel%2B-1.jpg\" style=\"margin-left: 1em;margin-right: 1em\"><img loading=\"lazy\" decoding=\"async\" alt=\"\" data-original-height=\"579\" data-original-width=\"418\" height=\"368\" src=\"https:\/\/lh3.googleusercontent.com\/-EbhZC8PGU4I\/YL9E70RrbwI\/AAAAAAAABC0\/m8nTVxCjEQw0S-rLeNrJzFqmJSdd_mjQwCLcBGAsYHQ\/w283-h368\/Cartel%2B-1.jpg\" width=\"283\" \/><\/a><\/div>\n<div style=\"text-align: center\"><span style=\"color: #ffa400\"><b><br \/><\/b><\/span><\/div>\n<div style=\"text-align: center\"><span style=\"color: #ffa400\"><b>AHPTE: <a href=\"https:\/\/www.youtube.com\/watch?v=LryKXarOfs8\" target=\"_blank\" rel=\"noopener\">Exposici\u00f3n temporal de&nbsp;<span style=\"font-family: Times New Roman, serif\"><span style=\"background-color: white\">\u00abMujeres en la intrahistoria\u00bb&nbsp;<\/span><\/span><\/a><\/b><\/span><\/div>\n<div style=\"text-align: center\"><span style=\"color: #ffa400\"><b><span style=\"font-family: Times New Roman, serif\"><span style=\"background-color: white\">del 9 de junio al 30 de septiembre<\/span><\/span><\/b><\/span><\/div>\n<div style=\"text-align: center\"><span style=\"color: #ffa400\"><span style=\"font-family: Times New Roman, serif\"><span style=\"background-color: white\"><br \/><\/span><\/span><\/span><\/div>\n<div style=\"text-align: center\"><span style=\"font-family: Times New Roman, serif\"><span style=\"background-color: white\"><br \/><\/span><\/span><\/div>\n<div style=\"text-align: center\"><span style=\"font-family: Times New Roman, serif\"><span style=\"background-color: white\"><\/p>\n<div style=\"clear: both;text-align: center\">\n<div style=\"clear: both;text-align: center\"><a href=\"https:\/\/lh3.googleusercontent.com\/-nOm6dwAAzno\/YMBo8WbqsGI\/AAAAAAAABDQ\/XbLHn9mdD9EtwtRRbvS-VI8bRqj7ZkDIQCLcBGAsYHQ\/AHPZ_Carteler%25C3%25ADa_Puertas%2Babiertas.jpg\" style=\"margin-left: 1em;margin-right: 1em\"><img loading=\"lazy\" decoding=\"async\" alt=\"\" data-original-height=\"512\" data-original-width=\"362\" height=\"377\" src=\"https:\/\/lh3.googleusercontent.com\/-nOm6dwAAzno\/YMBo8WbqsGI\/AAAAAAAABDQ\/XbLHn9mdD9EtwtRRbvS-VI8bRqj7ZkDIQCLcBGAsYHQ\/w299-h377\/AHPZ_Carteler%25C3%25ADa_Puertas%2Babiertas.jpg\" width=\"299\" \/><\/a><\/div>\n<div style=\"clear: both;text-align: center\"><b style=\"color: #ffa400\"><br \/><\/b><\/div>\n<div style=\"clear: both;text-align: center\"><b style=\"color: #ffa400\">AHPZ: Programaci\u00f3n de actividades del D\u00eda Internacional de los Archivos<\/b><\/div>\n<div style=\"clear: both;text-align: center\"><b style=\"color: #ffa400\"><br \/><\/b><\/div>\n<div style=\"clear: both;text-align: center\"><b style=\"color: #ffa400\"><br \/><\/b><\/div>\n<div style=\"clear: both;text-align: center\"><b style=\"color: #ffa400\"><\/p>\n<div style=\"clear: both;text-align: center\"><a href=\"https:\/\/lh3.googleusercontent.com\/-KyP0BWD9h-Q\/YMG5PJAaR4I\/AAAAAAAABDc\/osIWHWlu_NcNS-ifMro4xIGrnrj_Y7ATQCLcBGAsYHQ\/AM%2BAlca%25C3%25B1iz_Carteler%25C3%25ADa%2BIAW%2B2021.jpg\" style=\"margin-left: 1em;margin-right: 1em\"><img loading=\"lazy\" decoding=\"async\" alt=\"\" data-original-height=\"360\" data-original-width=\"480\" height=\"292\" src=\"https:\/\/lh3.googleusercontent.com\/-KyP0BWD9h-Q\/YMG5PJAaR4I\/AAAAAAAABDc\/osIWHWlu_NcNS-ifMro4xIGrnrj_Y7ATQCLcBGAsYHQ\/w371-h292\/AM%2BAlca%25C3%25B1iz_Carteler%25C3%25ADa%2BIAW%2B2021.jpg\" width=\"371\" \/><\/a><\/div>\n<p>AM Alca\u00f1iz: Exposici\u00f3n virtual <a href=\"https:\/\/www.alcaniz.es\/\" target=\"_blank\" rel=\"noopener\">\u00abLa reconstrucci\u00f3n de Alca\u00f1iz tras la guerra civil\u00bb<\/a><\/b><\/div>\n<\/div>\n<p><\/span><\/span><\/div>\n<div>\n<div><span style=\"background-color: white;color: #050505;font-size: medium\"><b><br \/><\/b><\/span><\/div>\n<div><span style=\"background-color: white;color: #050505;font-size: medium\"><b>Entre las actividades te pueden interesar&#8230;<\/b><\/span><\/div>\n<div><span style=\"color: #050505\"><span style=\"font-size: 15.3333px\"><br \/><\/span><\/span><\/div>\n<div>\n<table border=\"0\" cellpadding=\"0\" cellspacing=\"0\" style=\"background: white;border-collapse: collapse;width: 673px\">\n<tbody>\n<tr>\n<td style=\"padding: 0cm 5.4pt 0cm 5.65pt;width: 54.95pt\" valign=\"top\" width=\"73\">\n<p align=\"center\" style=\"line-height: 17.85pt;margin-bottom: 0cm;text-align: center\"><b><span style=\", serif;font-size: 10pt\">Fecha<\/span><\/b><span style=\", serif;font-size: 10.5pt\"><\/span><\/p>\n<\/td>\n<td style=\"border-left: none;padding: 0cm 5.4pt 0cm 5.65pt;width: 65.5pt\" valign=\"top\" width=\"87\">\n<p align=\"center\" style=\"line-height: 17.85pt;margin-bottom: 0cm;text-align: center\"><b><span style=\", serif;font-size: 10pt\">Evento<\/span><\/b><span style=\", serif;font-size: 10.5pt\"><\/span><\/p>\n<\/td>\n<td style=\"border-left: none;padding: 0cm 5.4pt 0cm 5.65pt;width: 384.45pt\" valign=\"top\" width=\"513\">\n<p align=\"center\" style=\"line-height: 17.85pt;margin-bottom: 0cm;text-align: center\"><b><span style=\", serif;font-size: 10.5pt\">Y adem\u00e1s\u2026<\/span><\/b><\/p>\n<\/td>\n<\/tr>\n<tr>\n<td style=\"border-top: none;padding: 0cm 5.4pt 0cm 5.65pt;width: 54.95pt\" valign=\"top\" width=\"73\">\n<p align=\"center\" style=\"line-height: 17.85pt;margin-bottom: 0cm;text-align: center\"><span style=\", serif;font-size: 10pt\">8 de junio<\/span><\/p>\n<\/td>\n<td style=\"border-left: none;border-top: none;padding: 0cm 5.4pt 0cm 5.65pt;width: 65.5pt\" valign=\"top\" width=\"87\">\n<p align=\"center\" style=\"line-height: 17.85pt;margin-bottom: 0cm;text-align: center\"><i><span style=\",serif;font-size: 10pt\">Visitas guiadas   al Archivo Hist\u00f3rico Provincial de Huesca<\/span><\/i><i><span style=\", serif;font-size: 10pt\"><\/span><\/i><\/p>\n<\/td>\n<td style=\"border-left: none;border-top: none;padding: 0cm 5.4pt 0cm 5.65pt;width: 384.45pt\" valign=\"top\" width=\"513\">\n<p style=\"line-height: normal;margin-bottom: 0cm\"><span style=\", serif;font-size: 10pt;text-align: center\"><span>&nbsp;&nbsp; &nbsp;<\/span><span>&nbsp;&nbsp; &nbsp;<\/span><span>&nbsp;&nbsp; &nbsp;<\/span><span>&nbsp;&nbsp; &nbsp;<\/span><span>&nbsp;&nbsp; &nbsp;<\/span><span>&nbsp;&nbsp; &nbsp;<\/span><span>&nbsp;&nbsp; &nbsp;<\/span><\/span><\/p>\n<p style=\"line-height: normal;margin-bottom: 0cm\"><span style=\", serif;font-size: 10pt;text-align: center\"><span>&nbsp;&nbsp; &nbsp;<\/span><span>&nbsp;&nbsp; &nbsp;<\/span><span>&nbsp;&nbsp; &nbsp;<\/span><span>&nbsp;&nbsp; &nbsp;<\/span><span>&nbsp;&nbsp; &nbsp;<span>&nbsp;&nbsp; &nbsp;<\/span><span>&nbsp;&nbsp; &nbsp;<\/span><span>&nbsp;&nbsp; &nbsp;<\/span><\/span>Incluye la exposici\u00f3n<a href=\"https:\/\/www.youtube.com\/watch?v=LryKXarOfs8\" target=\"_blank\" rel=\"noopener\"> \u201c<\/a><\/span><i style=\", serif;font-size: 10pt;text-align: center\"><a href=\"https:\/\/www.youtube.com\/watch?v=LryKXarOfs8\" target=\"_blank\" rel=\"noopener\">Mujeres en tiempos de guerra\u201d<\/a><\/i><\/p>\n<p align=\"center\" style=\"line-height: normal;margin-bottom: 0cm;text-align: center\"><span style=\",serif;font-size: 10pt\">y <\/span><\/p>\n<p align=\"center\" style=\"line-height: normal;margin-bottom: 0cm;text-align: center\"><span style=\",serif;font-size: 10pt\">el audiovisual del mismo t\u00edtulo producido por Eugenio Monesma.<\/span><\/p>\n<p align=\"center\" style=\"line-height: normal;margin-bottom: 0cm;text-align: center\">     <span style=\",serif;font-size: 10pt;line-height: 115%\">&nbsp;Aforo limitado<\/span><\/p>\n<p align=\"center\" style=\"line-height: normal;margin-bottom: 0cm;text-align: center\"><span style=\",serif;font-size: 10pt;line-height: 115%\"><br \/><\/span><\/p>\n<\/td>\n<\/tr>\n<tr>\n<td style=\"border-top: none;padding: 0cm 5.4pt 0cm 5.65pt;width: 54.95pt\" valign=\"top\" width=\"73\">\n<p align=\"center\" style=\"line-height: 17.85pt;margin-bottom: 0cm;text-align: center\"><span style=\", serif;font-size: 10pt\">9 de junio<\/span><span style=\", serif;font-size: 10.5pt\"><\/span><\/p>\n<\/td>\n<td style=\"border-left: none;border-top: none;padding: 0cm 5.4pt 0cm 5.65pt;width: 65.5pt\" valign=\"top\" width=\"87\">\n<p align=\"center\" style=\"line-height: 17.85pt;margin-bottom: 0cm;text-align: center\"><i><span style=\", serif;font-size: 10pt\">Presentaci\u00f3n de DARA-<\/span><\/i><span style=\", serif;font-size: 10pt\">Novedades, N. 22:<\/span><span style=\", serif;font-size: 10pt\">&nbsp;<\/span><i><span style=\", serif;font-size: 10pt\"> El Patrimonio Documental del Alto G\u00e1llego<\/span><\/i><span style=\", serif;font-size: 10.5pt\"><\/span><\/p>\n<\/td>\n<td style=\"border-left: none;border-top: none;padding: 0cm 5.4pt 0cm 5.65pt;width: 384.45pt\" valign=\"top\" width=\"513\">\n<p align=\"center\" style=\"line-height: 17.85pt;margin-bottom: 0cm;text-align: center\"><span style=\", serif;font-size: 10pt\"><br \/><\/span><\/p>\n<p align=\"center\" style=\"line-height: 17.85pt;margin-bottom: 0cm;text-align: center\"><span style=\", serif;font-size: 10pt\">Archivo de la Comarca del Alto G\u00e1llego   (Sabi\u00f1\u00e1nigo)<\/span><span style=\", serif;font-size: 10.5pt\"> <\/span><\/p>\n<p align=\"center\" style=\"line-height: 17.85pt;margin-bottom: 0cm;text-align: center\"><span style=\", serif;font-size: 10pt\">Publicaci\u00f3n en: <\/span><a href=\"http:\/\/www.dehuesca.es\/~sipca\/IMAGEN\/images_web\/boletinesdara\/DARA_junio_2021.pdf\" target=\"_blank\" rel=\"noopener\"><span style=\",serif;font-size: 10pt\"><span style=\"color: black\">http:\/\/www.dehuesca.es\/~sipca\/IMAGEN\/images_web\/boletinesdara\/DARA_junio_2021.pdf<\/span><\/span><\/a><span style=\", serif;font-size: 10.5pt\"><\/span><\/p>\n<\/td>\n<\/tr>\n<tr>\n<td style=\"border-top: none;padding: 0cm 5.4pt 0cm 5.65pt;width: 54.95pt\" valign=\"top\" width=\"73\">\n<p align=\"center\" style=\"line-height: 17.85pt;margin-bottom: 0cm;text-align: center\"><span style=\", serif;font-size: 10pt\">9 de junio al 30 de septiembre<\/span><span style=\", serif;font-size: 10.5pt\"><\/span><\/p>\n<\/td>\n<td style=\"border-left: none;border-top: none;padding: 0cm 5.4pt 0cm 5.65pt;width: 65.5pt\" valign=\"top\" width=\"87\">\n<p align=\"center\" style=\"line-height: 17.85pt;margin-bottom: 0cm;text-align: center\"><i><span style=\", serif;font-size: 10pt\">Inauguraci\u00f3n en el   Archivo Hist\u00f3rico Provincial de Teruel<\/span><\/i><\/p>\n<\/td>\n<td style=\"border-left: none;border-top: none;padding: 0cm 5.4pt 0cm 5.65pt;width: 384.45pt\" valign=\"top\" width=\"513\">\n<p style=\"line-height: normal;margin-bottom: 0cm\"><span style=\"font-size: 12pt\">&nbsp;<\/span><\/p>\n<p align=\"center\" style=\"line-height: normal;margin-bottom: 0cm;text-align: center\"><span style=\",serif;font-size: 10pt\">Exposici\u00f3n   temporal:&nbsp; <a href=\"https:\/\/www.youtube.com\/watch?v=LryKXarOfs8\" target=\"_blank\" rel=\"noopener\">\u201c<\/a><i><a href=\"https:\/\/www.youtube.com\/watch?v=LryKXarOfs8\" target=\"_blank\" rel=\"noopener\">Mujeres en la   intrahistoria\u201d<\/a><\/i><\/span><\/p>\n<p align=\"center\" style=\"line-height: normal;margin-bottom: 0cm;text-align: center\"><span style=\",serif;font-size: 10pt\">Aforo limitado<\/span><span style=\",serif;font-size: 10pt\"><\/span><\/p>\n<\/td>\n<\/tr>\n<tr>\n<td style=\"border-top: none;padding: 0cm 5.4pt 0cm 5.65pt;width: 54.95pt\" valign=\"top\" width=\"73\">\n<p align=\"center\" style=\"line-height: 17.85pt;margin-bottom: 0cm;text-align: center\"><span style=\", serif;font-size: 10pt\">9 de junio<\/span><span style=\", serif;font-size: 10.5pt\"><\/span><\/p>\n<\/td>\n<td style=\"border-left: none;border-top: none;padding: 0cm 5.4pt 0cm 5.65pt;width: 65.5pt\" valign=\"top\" width=\"87\">\n<p align=\"center\" style=\"line-height: 17.85pt;margin-bottom: 0cm;text-align: center\"><span style=\", serif;font-size: 10pt;font-style: italic\">Jornada de Puertas Abiertas Archivo   Hist\u00f3rico Provincial<\/span><span style=\", serif;font-size: 14px\">&nbsp;<\/span><i><span style=\", serif;font-size: 10pt\">de Zaragoza<\/span><\/i><\/p>\n<\/td>\n<td style=\"border-left: none;border-top: none;padding: 0cm 5.4pt 0cm 5.65pt;width: 384.45pt\" valign=\"top\" width=\"513\">\n<p align=\"center\" style=\"line-height: 17.85pt;margin-bottom: 0cm;text-align: center\"><span style=\", serif;font-size: 10pt\">&nbsp;<\/span><\/p>\n<p align=\"center\" style=\"line-height: normal;margin-bottom: 0cm;text-align: center\"><span style=\",serif;font-size: 10pt\">Representaci\u00f3n   por la compa\u00f1\u00eda Kaliope Teatro <a href=\"https:\/\/twitter.com\/AhpZaragoza\/status\/1402654967761190922?s=20\" target=\"_blank\" rel=\"noopener\">de la obra \u201c<\/a><i><a href=\"https:\/\/twitter.com\/AhpZaragoza\/status\/1402654967761190922?s=20\" target=\"_blank\" rel=\"noopener\">El duende\u201d<\/a> <\/i>(ambientada en<\/span><\/p>\n<p align=\"center\" style=\"line-height: normal;margin-bottom: 0cm;text-align: center\"><span style=\",serif;font-size: 10pt\">&nbsp;el&nbsp;<\/span><span style=\", serif;font-size: 10pt\">palacio de Huarte, sede actual del Archivo Hist\u00f3rico Provincial de   Zaragoza).<\/span><\/p>\n<p align=\"center\" style=\"line-height: 17.85pt;margin-bottom: 0cm;text-align: center\"><span style=\",serif;font-size: 10pt\">Aforo limitado. Necesaria inscripci\u00f3n   previa<\/span><span style=\", serif;font-size: 10.5pt\"><\/span><\/p>\n<\/td>\n<\/tr>\n<tr>\n<td style=\"border-top: none;padding: 0cm 5.4pt 0cm 5.65pt;width: 54.95pt\" valign=\"top\" width=\"73\">\n<p align=\"center\" style=\"line-height: 17.85pt;margin-bottom: 0cm;text-align: center\"><span style=\", serif;font-size: 10pt\">&nbsp;9   y 10 de junio<\/span><span style=\", serif;font-size: 10.5pt\"><\/span><\/p>\n<\/td>\n<td style=\"border-left: none;border-top: none;padding: 0cm 5.4pt 0cm 5.65pt;width: 65.5pt\" valign=\"top\" width=\"87\">\n<p align=\"center\" style=\"line-height: 17.85pt;margin-bottom: 0cm;text-align: center\"><i><span style=\", serif;font-size: 10pt\">Visitas guiadas en el&nbsp; Archivo Hist\u00f3rico Universitario de Zaragoza<\/span><\/i><span style=\", serif;font-size: 10.5pt\"><\/span><\/p>\n<\/td>\n<td style=\"border-left: none;border-top: none;padding: 0cm 5.4pt 0cm 5.65pt;width: 384.45pt\" valign=\"top\" width=\"513\">\n<p align=\"center\" style=\"line-height: normal;margin-bottom: 0cm;text-align: center\"><span style=\",serif;font-size: 10pt\">&nbsp;<\/span><\/p>\n<p align=\"center\" style=\"line-height: normal;margin-bottom: 0cm;text-align: center\"><span style=\",serif;font-size: 10pt\">Inscripci\u00f3n   en: http:\/\/archivouniversitario.unizar.es<\/span><\/p>\n<p align=\"center\" style=\"line-height: normal;margin-bottom: 0cm;text-align: center\"><span style=\",serif;font-size: 10pt\">A   partir de esa fecha difusi\u00f3n en las redes sociales de v\u00eddeo sobre la funci\u00f3n   del archivo en<\/span><\/p>\n<p align=\"center\" style=\"line-height: normal;margin-bottom: 0cm;text-align: center\"><span style=\",serif;font-size: 10pt\">&nbsp;el \u00e1mbito de transparencia<\/span><\/p>\n<p align=\"center\" style=\"line-height: normal;margin-bottom: 0cm;text-align: center\"><span style=\",serif;font-size: 10pt\"><br \/><\/span><\/p>\n<\/td>\n<\/tr>\n<tr>\n<td style=\"border-top: none;padding: 0cm 5.4pt 0cm 5.65pt;width: 54.95pt\" valign=\"top\" width=\"73\">\n<p align=\"center\" style=\"line-height: 17.85pt;margin-bottom: 0cm;text-align: center\"><span style=\", serif;font-size: 9pt\">Del 30 de marzo al 18 de julio<\/span><\/p>\n<\/td>\n<td style=\"border-left: none;border-top: none;padding: 0cm 5.4pt 0cm 5.65pt;width: 65.5pt\" valign=\"top\" width=\"87\">\n<p align=\"center\" style=\"line-height: 17.85pt;margin-bottom: 0cm;text-align: center\"><i><span style=\", serif;font-size: 10pt\">Exposici\u00f3n \u201cSomos Memoria\u201d en el &nbsp;Archivo Municipal de Zaragoza<\/span><\/i><span style=\", serif;font-size: 10pt\"><\/span><\/p>\n<\/td>\n<td style=\"border-left: none;border-top: none;padding: 0cm 5.4pt 0cm 5.65pt;width: 384.45pt\" valign=\"top\" width=\"513\">\n<p align=\"center\" style=\"line-height: normal;margin-bottom: 0cm;text-align: center\"><span style=\"font-size: 10pt\">&nbsp;<\/span><\/p>\n<p align=\"center\" style=\"line-height: normal;margin-bottom: 0cm;text-align: center\"><span style=\",serif;font-size: 10pt\">Sala   de exposiciones del Palacio de Montemuzo<\/span><\/p>\n<p align=\"center\" style=\"line-height: 17.85pt;margin-bottom: 0cm;text-align: center\"><span style=\",serif;font-size: 10pt\">https:\/\/www.zaragoza.es\/sede\/servicio\/cultura\/evento\/219643<\/span><span style=\", serif;font-size: 9pt\"><\/span><\/p>\n<\/td>\n<\/tr>\n<tr>\n<td style=\"border-top: none;padding: 0cm 5.4pt 0cm 5.65pt;width: 54.95pt\" valign=\"top\" width=\"73\">\n<p align=\"center\" style=\"line-height: 17.85pt;margin-bottom: 0cm;text-align: center\"><span style=\", serif;font-size: 10pt\">9 junio<\/span><\/p>\n<\/td>\n<td style=\"border-left: none;border-top: none;padding: 0cm 5.4pt 0cm 5.65pt;width: 65.5pt\" valign=\"top\" width=\"87\">\n<p align=\"center\" style=\"line-height: 17.85pt;margin-bottom: 0cm;text-align: center\"><i><span style=\", serif;font-size: 10pt\">Publicaci\u00f3n de \u201c<\/span><\/i><i><span style=\",serif;font-size: 10pt\">Cr\u00f3nicas de mi pueblo: actas municipales de la Hoya   de Huesca\u201d<\/span><\/i><i><span style=\", serif;font-size: 10.5pt\"><\/span><\/i><\/p>\n<\/td>\n<td style=\"border-left: none;border-top: none;padding: 0cm 5.4pt 0cm 5.65pt;width: 384.45pt\" valign=\"top\" width=\"513\">\n<p align=\"center\" style=\"line-height: 17.85pt;margin-bottom: 0cm;text-align: center\"><span style=\", serif;font-size: 10pt\"><br \/><\/span><\/p>\n<p align=\"center\" style=\"line-height: 17.85pt;margin-bottom: 0cm;text-align: center\"><span style=\", serif;font-size: 10pt\">Publicaci\u00f3n virtual en Portal de la   Comarca:<\/span><\/p>\n<p align=\"center\" style=\"line-height: 17.85pt;margin-bottom: 0cm;text-align: center\"><span style=\", serif;font-size: 10pt\">https:\/\/hoyadehuesca.es\/es\/archivo<\/span><\/p>\n<div style=\"border-bottom: solid #4F81BD 1.0pt;border: none;padding: 0cm 0cm 4pt\">\n<p align=\"center\" style=\"text-align: center\"><span style=\", serif;font-size: 10pt\">V\u00eddeo de presentaci\u00f3n:<\/span><span style=\",serif;font-size: 10pt\"> <\/span><a href=\"https:\/\/www.youtube.com\/watch?v=djsjh3WmY3U\"><span style=\",serif;font-size: 10pt\"><span style=\"color: black\">https:\/\/www.youtube.com\/watch?v=djsjh3WmY3U<\/span><\/span><\/a><\/p>\n<\/p><\/div>\n<p>&nbsp;<\/p>\n<\/td>\n<\/tr>\n<tr>\n<td style=\"border-top: none;padding: 0cm 5.4pt 0cm 5.65pt;width: 54.95pt\" valign=\"top\" width=\"73\">\n<p align=\"center\" style=\"line-height: 17.85pt;margin-bottom: 0cm;text-align: center\"><span style=\", serif;font-size: 10pt\">9 junio<\/span><\/p>\n<\/td>\n<td style=\"border-left: none;border-top: none;padding: 0cm 5.4pt 0cm 5.65pt;width: 65.5pt\" valign=\"top\" width=\"87\">\n<p align=\"center\" style=\"line-height: 17.85pt;margin-bottom: 0cm;text-align: center\"><i><span style=\", serif;font-size: 10pt\">Jornada de Puertas   Abiertas del Archivo Municipal de Alca\u00f1iz<\/span><\/i><\/p>\n<\/td>\n<td style=\"border-left: none;border-top: none;padding: 0cm 5.4pt 0cm 5.65pt;width: 384.45pt\" valign=\"top\" width=\"513\">\n<p align=\"center\" style=\"line-height: normal;margin-bottom: 0cm;text-align: center\"><span style=\",serif;font-size: 10pt\">&nbsp;<\/span><\/p>\n<p align=\"center\" style=\"line-height: normal;margin-bottom: 0cm;text-align: center\"><span style=\",serif;font-size: 10pt\">Exposici\u00f3n   virtual \u201c<i>La reconstrucci\u00f3n de Alca\u00f1iz tras la Guerra Civil<\/i>\u201d<\/span><\/p>\n<p align=\"center\" style=\"line-height: 17.85pt;margin-bottom: 0cm;text-align: center\"><span style=\",serif;font-size: 10pt\">Consultable en https:\/\/www.alcaniz.es<\/span><span style=\", serif;font-size: 10.5pt\"><\/span><\/p>\n<\/td>\n<\/tr>\n<\/tbody>\n<\/table>\n<div><\/div>\n<\/div>\n<\/div>\n<\/div>\n<\/div>\n","protected":false},"excerpt":{"rendered":"<p>&nbsp;&nbsp; Con el t\u00edtulo Empoderar Los Archivos Aragoneses, siguiendo la l\u00ednea del Consejo Internacional de Archivos (ICA) que promueve la celebraci\u00f3n de la Semana Internacional de los Archivos entre el 7 y el 11 de junio. Los archivos aragoneses se suman a la iniciativa con actividades todos los d\u00edas de la semana. En a\u00f1os anteriores, [&hellip;]<\/p>\n","protected":false},"author":2,"featured_media":6524,"comment_status":"open","ping_status":"closed","sticky":false,"template":"","format":"standard","meta":{"_et_pb_use_builder":"","_et_pb_old_content":"","_et_gb_content_width":"","om_disable_all_campaigns":false,"_monsterinsights_skip_tracking":false,"_monsterinsights_sitenote_active":false,"_monsterinsights_sitenote_note":"","_monsterinsights_sitenote_category":0,"_uf_show_specific_survey":0,"_uf_disable_surveys":false,"footnotes":""},"categories":[36,5],"tags":[461,375],"class_list":["post-214","post","type-post","status-publish","format-standard","has-post-thumbnail","hentry","category-dara-novedades","category-noticias","tag-dia-internacional-de-los-archivos","tag-empoderar-los-archivos-aragoneses"],"yoast_head":"<!-- This site is optimized with the Yoast SEO plugin v26.2 - https:\/\/yoast.com\/wordpress\/plugins\/seo\/ -->\n<title>Los archivos aragoneses se suman a la Semana Internacional de los Archivos #IAW2021 - DARA GENERAL<\/title>\n<meta name=\"robots\" content=\"index, follow, max-snippet:-1, max-image-preview:large, max-video-preview:-1\" \/>\n<link rel=\"canonical\" href=\"https:\/\/dara.aragon.es\/dara\/blog\/los-archivos-aragoneses-se-suman-a-la-semana-internacional-de-los-archivos-iaw2021\/\" \/>\n<meta property=\"og:locale\" content=\"es_ES\" \/>\n<meta property=\"og:type\" content=\"article\" \/>\n<meta property=\"og:title\" content=\"Los archivos aragoneses se suman a la Semana Internacional de los Archivos #IAW2021 - DARA GENERAL\" \/>\n<meta property=\"og:description\" content=\"&nbsp;&nbsp; Con el t\u00edtulo Empoderar Los Archivos Aragoneses, siguiendo la l\u00ednea del Consejo Internacional de Archivos (ICA) que promueve la celebraci\u00f3n de la Semana Internacional de los Archivos entre el 7 y el 11 de junio. Los archivos aragoneses se suman a la iniciativa con actividades todos los d\u00edas de la semana. En a\u00f1os anteriores, [&hellip;]\" \/>\n<meta property=\"og:url\" content=\"https:\/\/dara.aragon.es\/dara\/blog\/los-archivos-aragoneses-se-suman-a-la-semana-internacional-de-los-archivos-iaw2021\/\" \/>\n<meta property=\"og:site_name\" content=\"DARA GENERAL\" \/>\n<meta property=\"article:published_time\" content=\"2021-06-08T08:13:00+00:00\" \/>\n<meta property=\"article:modified_time\" content=\"2024-10-23T06:58:53+00:00\" \/>\n<meta property=\"og:image\" content=\"https:\/\/dara.aragon.es\/dara\/wp-content\/uploads\/2021\/06\/AHPHU_Visitas-guiadas-IAW2021.jpg\" \/>\n\t<meta property=\"og:image:width\" content=\"392\" \/>\n\t<meta property=\"og:image:height\" content=\"261\" \/>\n\t<meta property=\"og:image:type\" content=\"image\/jpeg\" \/>\n<meta name=\"author\" content=\"Archivo Hist\u00f3rico Provincial de Huesca Juanjo Generelo\" \/>\n<meta name=\"twitter:card\" content=\"summary_large_image\" \/>\n<meta name=\"twitter:label1\" content=\"Escrito por\" \/>\n\t<meta name=\"twitter:data1\" content=\"Archivo Hist\u00f3rico Provincial de Huesca Juanjo Generelo\" \/>\n\t<meta name=\"twitter:label2\" content=\"Tiempo de lectura\" \/>\n\t<meta name=\"twitter:data2\" content=\"3 minutos\" \/>\n<script type=\"application\/ld+json\" class=\"yoast-schema-graph\">{\"@context\":\"https:\/\/schema.org\",\"@graph\":[{\"@type\":\"WebPage\",\"@id\":\"https:\/\/dara.aragon.es\/dara\/blog\/los-archivos-aragoneses-se-suman-a-la-semana-internacional-de-los-archivos-iaw2021\/\",\"url\":\"https:\/\/dara.aragon.es\/dara\/blog\/los-archivos-aragoneses-se-suman-a-la-semana-internacional-de-los-archivos-iaw2021\/\",\"name\":\"Los archivos aragoneses se suman a la Semana Internacional de los Archivos #IAW2021 - DARA GENERAL\",\"isPartOf\":{\"@id\":\"https:\/\/dara.aragon.es\/dara\/#website\"},\"primaryImageOfPage\":{\"@id\":\"https:\/\/dara.aragon.es\/dara\/blog\/los-archivos-aragoneses-se-suman-a-la-semana-internacional-de-los-archivos-iaw2021\/#primaryimage\"},\"image\":{\"@id\":\"https:\/\/dara.aragon.es\/dara\/blog\/los-archivos-aragoneses-se-suman-a-la-semana-internacional-de-los-archivos-iaw2021\/#primaryimage\"},\"thumbnailUrl\":\"https:\/\/dara.aragon.es\/dara\/wp-content\/uploads\/2021\/06\/AHPHU_Visitas-guiadas-IAW2021.jpg\",\"datePublished\":\"2021-06-08T08:13:00+00:00\",\"dateModified\":\"2024-10-23T06:58:53+00:00\",\"author\":{\"@id\":\"https:\/\/dara.aragon.es\/dara\/#\/schema\/person\/c92a91d58960d5273d13b621efa16e1c\"},\"breadcrumb\":{\"@id\":\"https:\/\/dara.aragon.es\/dara\/blog\/los-archivos-aragoneses-se-suman-a-la-semana-internacional-de-los-archivos-iaw2021\/#breadcrumb\"},\"inLanguage\":\"es\",\"potentialAction\":[{\"@type\":\"ReadAction\",\"target\":[\"https:\/\/dara.aragon.es\/dara\/blog\/los-archivos-aragoneses-se-suman-a-la-semana-internacional-de-los-archivos-iaw2021\/\"]}]},{\"@type\":\"ImageObject\",\"inLanguage\":\"es\",\"@id\":\"https:\/\/dara.aragon.es\/dara\/blog\/los-archivos-aragoneses-se-suman-a-la-semana-internacional-de-los-archivos-iaw2021\/#primaryimage\",\"url\":\"https:\/\/dara.aragon.es\/dara\/wp-content\/uploads\/2021\/06\/AHPHU_Visitas-guiadas-IAW2021.jpg\",\"contentUrl\":\"https:\/\/dara.aragon.es\/dara\/wp-content\/uploads\/2021\/06\/AHPHU_Visitas-guiadas-IAW2021.jpg\",\"width\":392,\"height\":261},{\"@type\":\"BreadcrumbList\",\"@id\":\"https:\/\/dara.aragon.es\/dara\/blog\/los-archivos-aragoneses-se-suman-a-la-semana-internacional-de-los-archivos-iaw2021\/#breadcrumb\",\"itemListElement\":[{\"@type\":\"ListItem\",\"position\":1,\"name\":\"Portada\",\"item\":\"https:\/\/dara.aragon.es\/dara\/\"},{\"@type\":\"ListItem\",\"position\":2,\"name\":\"Los archivos aragoneses se suman a la Semana Internacional de los Archivos #IAW2021\"}]},{\"@type\":\"WebSite\",\"@id\":\"https:\/\/dara.aragon.es\/dara\/#website\",\"url\":\"https:\/\/dara.aragon.es\/dara\/\",\"name\":\"DARA GENERAL\",\"description\":\"Documentos y archivos de Arag\u00f3n\",\"potentialAction\":[{\"@type\":\"SearchAction\",\"target\":{\"@type\":\"EntryPoint\",\"urlTemplate\":\"https:\/\/dara.aragon.es\/dara\/?s={search_term_string}\"},\"query-input\":{\"@type\":\"PropertyValueSpecification\",\"valueRequired\":true,\"valueName\":\"search_term_string\"}}],\"inLanguage\":\"es\"},{\"@type\":\"Person\",\"@id\":\"https:\/\/dara.aragon.es\/dara\/#\/schema\/person\/c92a91d58960d5273d13b621efa16e1c\",\"name\":\"Archivo Hist\u00f3rico Provincial de Huesca Juanjo Generelo\",\"image\":{\"@type\":\"ImageObject\",\"inLanguage\":\"es\",\"@id\":\"https:\/\/dara.aragon.es\/dara\/#\/schema\/person\/image\/\",\"url\":\"https:\/\/secure.gravatar.com\/avatar\/fa75e3fa3d7c0fae31f3a68e8792dda4a61d177f3ad3cf4464163ec40829ee75?s=96&d=mm&r=g\",\"contentUrl\":\"https:\/\/secure.gravatar.com\/avatar\/fa75e3fa3d7c0fae31f3a68e8792dda4a61d177f3ad3cf4464163ec40829ee75?s=96&d=mm&r=g\",\"caption\":\"Archivo Hist\u00f3rico Provincial de Huesca Juanjo Generelo\"},\"url\":\"https:\/\/dara.aragon.es\/dara\/blog\/author\/archivohu\/\"}]}<\/script>\n<!-- \/ Yoast SEO plugin. -->","yoast_head_json":{"title":"Los archivos aragoneses se suman a la Semana Internacional de los Archivos #IAW2021 - DARA GENERAL","robots":{"index":"index","follow":"follow","max-snippet":"max-snippet:-1","max-image-preview":"max-image-preview:large","max-video-preview":"max-video-preview:-1"},"canonical":"https:\/\/dara.aragon.es\/dara\/blog\/los-archivos-aragoneses-se-suman-a-la-semana-internacional-de-los-archivos-iaw2021\/","og_locale":"es_ES","og_type":"article","og_title":"Los archivos aragoneses se suman a la Semana Internacional de los Archivos #IAW2021 - DARA GENERAL","og_description":"&nbsp;&nbsp; Con el t\u00edtulo Empoderar Los Archivos Aragoneses, siguiendo la l\u00ednea del Consejo Internacional de Archivos (ICA) que promueve la celebraci\u00f3n de la Semana Internacional de los Archivos entre el 7 y el 11 de junio. Los archivos aragoneses se suman a la iniciativa con actividades todos los d\u00edas de la semana. En a\u00f1os anteriores, [&hellip;]","og_url":"https:\/\/dara.aragon.es\/dara\/blog\/los-archivos-aragoneses-se-suman-a-la-semana-internacional-de-los-archivos-iaw2021\/","og_site_name":"DARA GENERAL","article_published_time":"2021-06-08T08:13:00+00:00","article_modified_time":"2024-10-23T06:58:53+00:00","og_image":[{"width":392,"height":261,"url":"https:\/\/dara.aragon.es\/dara\/wp-content\/uploads\/2021\/06\/AHPHU_Visitas-guiadas-IAW2021.jpg","type":"image\/jpeg"}],"author":"Archivo Hist\u00f3rico Provincial de Huesca Juanjo Generelo","twitter_card":"summary_large_image","twitter_misc":{"Escrito por":"Archivo Hist\u00f3rico Provincial de Huesca Juanjo Generelo","Tiempo de lectura":"3 minutos"},"schema":{"@context":"https:\/\/schema.org","@graph":[{"@type":"WebPage","@id":"https:\/\/dara.aragon.es\/dara\/blog\/los-archivos-aragoneses-se-suman-a-la-semana-internacional-de-los-archivos-iaw2021\/","url":"https:\/\/dara.aragon.es\/dara\/blog\/los-archivos-aragoneses-se-suman-a-la-semana-internacional-de-los-archivos-iaw2021\/","name":"Los archivos aragoneses se suman a la Semana Internacional de los Archivos #IAW2021 - DARA GENERAL","isPartOf":{"@id":"https:\/\/dara.aragon.es\/dara\/#website"},"primaryImageOfPage":{"@id":"https:\/\/dara.aragon.es\/dara\/blog\/los-archivos-aragoneses-se-suman-a-la-semana-internacional-de-los-archivos-iaw2021\/#primaryimage"},"image":{"@id":"https:\/\/dara.aragon.es\/dara\/blog\/los-archivos-aragoneses-se-suman-a-la-semana-internacional-de-los-archivos-iaw2021\/#primaryimage"},"thumbnailUrl":"https:\/\/dara.aragon.es\/dara\/wp-content\/uploads\/2021\/06\/AHPHU_Visitas-guiadas-IAW2021.jpg","datePublished":"2021-06-08T08:13:00+00:00","dateModified":"2024-10-23T06:58:53+00:00","author":{"@id":"https:\/\/dara.aragon.es\/dara\/#\/schema\/person\/c92a91d58960d5273d13b621efa16e1c"},"breadcrumb":{"@id":"https:\/\/dara.aragon.es\/dara\/blog\/los-archivos-aragoneses-se-suman-a-la-semana-internacional-de-los-archivos-iaw2021\/#breadcrumb"},"inLanguage":"es","potentialAction":[{"@type":"ReadAction","target":["https:\/\/dara.aragon.es\/dara\/blog\/los-archivos-aragoneses-se-suman-a-la-semana-internacional-de-los-archivos-iaw2021\/"]}]},{"@type":"ImageObject","inLanguage":"es","@id":"https:\/\/dara.aragon.es\/dara\/blog\/los-archivos-aragoneses-se-suman-a-la-semana-internacional-de-los-archivos-iaw2021\/#primaryimage","url":"https:\/\/dara.aragon.es\/dara\/wp-content\/uploads\/2021\/06\/AHPHU_Visitas-guiadas-IAW2021.jpg","contentUrl":"https:\/\/dara.aragon.es\/dara\/wp-content\/uploads\/2021\/06\/AHPHU_Visitas-guiadas-IAW2021.jpg","width":392,"height":261},{"@type":"BreadcrumbList","@id":"https:\/\/dara.aragon.es\/dara\/blog\/los-archivos-aragoneses-se-suman-a-la-semana-internacional-de-los-archivos-iaw2021\/#breadcrumb","itemListElement":[{"@type":"ListItem","position":1,"name":"Portada","item":"https:\/\/dara.aragon.es\/dara\/"},{"@type":"ListItem","position":2,"name":"Los archivos aragoneses se suman a la Semana Internacional de los Archivos #IAW2021"}]},{"@type":"WebSite","@id":"https:\/\/dara.aragon.es\/dara\/#website","url":"https:\/\/dara.aragon.es\/dara\/","name":"DARA GENERAL","description":"Documentos y archivos de Arag\u00f3n","potentialAction":[{"@type":"SearchAction","target":{"@type":"EntryPoint","urlTemplate":"https:\/\/dara.aragon.es\/dara\/?s={search_term_string}"},"query-input":{"@type":"PropertyValueSpecification","valueRequired":true,"valueName":"search_term_string"}}],"inLanguage":"es"},{"@type":"Person","@id":"https:\/\/dara.aragon.es\/dara\/#\/schema\/person\/c92a91d58960d5273d13b621efa16e1c","name":"Archivo Hist\u00f3rico Provincial de Huesca Juanjo Generelo","image":{"@type":"ImageObject","inLanguage":"es","@id":"https:\/\/dara.aragon.es\/dara\/#\/schema\/person\/image\/","url":"https:\/\/secure.gravatar.com\/avatar\/fa75e3fa3d7c0fae31f3a68e8792dda4a61d177f3ad3cf4464163ec40829ee75?s=96&d=mm&r=g","contentUrl":"https:\/\/secure.gravatar.com\/avatar\/fa75e3fa3d7c0fae31f3a68e8792dda4a61d177f3ad3cf4464163ec40829ee75?s=96&d=mm&r=g","caption":"Archivo Hist\u00f3rico Provincial de Huesca Juanjo Generelo"},"url":"https:\/\/dara.aragon.es\/dara\/blog\/author\/archivohu\/"}]}},"_links":{"self":[{"href":"https:\/\/dara.aragon.es\/dara\/wp-json\/wp\/v2\/posts\/214","targetHints":{"allow":["GET"]}}],"collection":[{"href":"https:\/\/dara.aragon.es\/dara\/wp-json\/wp\/v2\/posts"}],"about":[{"href":"https:\/\/dara.aragon.es\/dara\/wp-json\/wp\/v2\/types\/post"}],"author":[{"embeddable":true,"href":"https:\/\/dara.aragon.es\/dara\/wp-json\/wp\/v2\/users\/2"}],"replies":[{"embeddable":true,"href":"https:\/\/dara.aragon.es\/dara\/wp-json\/wp\/v2\/comments?post=214"}],"version-history":[{"count":0,"href":"https:\/\/dara.aragon.es\/dara\/wp-json\/wp\/v2\/posts\/214\/revisions"}],"wp:featuredmedia":[{"embeddable":true,"href":"https:\/\/dara.aragon.es\/dara\/wp-json\/wp\/v2\/media\/6524"}],"wp:attachment":[{"href":"https:\/\/dara.aragon.es\/dara\/wp-json\/wp\/v2\/media?parent=214"}],"wp:term":[{"taxonomy":"category","embeddable":true,"href":"https:\/\/dara.aragon.es\/dara\/wp-json\/wp\/v2\/categories?post=214"},{"taxonomy":"post_tag","embeddable":true,"href":"https:\/\/dara.aragon.es\/dara\/wp-json\/wp\/v2\/tags?post=214"}],"curies":[{"name":"wp","href":"https:\/\/api.w.org\/{rel}","templated":true}]}}