{"id":217,"date":"2021-04-22T06:40:00","date_gmt":"2021-04-22T06:40:00","guid":{"rendered":""},"modified":"2024-10-23T06:59:42","modified_gmt":"2024-10-23T06:59:42","slug":"festividades-turolenses-en-torno-a-san-jorge","status":"publish","type":"post","link":"https:\/\/dara.aragon.es\/dara\/blog\/festividades-turolenses-en-torno-a-san-jorge\/","title":{"rendered":"Festividades turolenses en torno a San Jorge"},"content":{"rendered":"<p><span style=\"text-align: justify\">Desde 1984 La celebraci\u00f3n del d\u00eda de la Comunidad de Arag\u00f3n coincide con el 23 de abril, festividad de San Jorge, santo patr\u00f3n del Reino de Arag\u00f3n desde la Edad Media. La relaci\u00f3n de este santo con Arag\u00f3n se remonta al a\u00f1o 1096, cuando seg\u00fan cuenta la leyenda prest\u00f3 ayuda al Rey Pedro I de Arag\u00f3n en la batalla de Alcoraz (Huesca) contra los musulmanes.<\/span><\/p>\n<p style=\"text-align: justify\">\n<div style=\"clear: both;text-align: center\"><a href=\"https:\/\/1.bp.blogspot.com\/-hsd95J8kO7A\/YIEY10669vI\/AAAAAAAAAQg\/mCpuhU9L97kbOXofHn2oqqjLRiVVvAAUgCLcBGAsYHQ\/s213\/escudo.png\" style=\"clear: left;float: left;margin-bottom: 1em;margin-right: 1em\"><img decoding=\"async\" border=\"0\" data-original-height=\"213\" data-original-width=\"160\" src=\"https:\/\/1.bp.blogspot.com\/-hsd95J8kO7A\/YIEY10669vI\/AAAAAAAAAQg\/mCpuhU9L97kbOXofHn2oqqjLRiVVvAAUgCLcBGAsYHQ\/s0\/escudo.png\" \/><\/a><\/div>\n<p>De ah\u00ed que uno de los cuatro cuarteles en que se divide el escudo de Arag\u00f3n aparece la Cruz de San Jorge cantonada de cuatro cabezas decapitadas, para recordar seg\u00fan la tradici\u00f3n la ayuda del santo en la batalla por la conquista de Huesca en el siglo XI.<\/p>\n<p style=\"text-align: justify\">La devoci\u00f3n que se tiene en Arag\u00f3n a San Jorge tuvo mayor importancia a partir del siglo XII gracias a las \u00f3rdenes militares, entre ella la de San Jorge, fundada por el Rey Pedro II de Arag\u00f3n en el Castillo de Alfama en el Siglo XIII, que se unir\u00eda posteriormente con la de Montesa, a los relatos de los cruzados y la importancia dada por la casa real aragonesa.<\/p>\n<p style=\"text-align: justify\">Fue en tiempos del rey Juan II cuando en las cortes celebradas en Calatayud en 1461 se estableci\u00f3 el d\u00eda de San Jorge como fiesta en todo el reino, para conmemorar la muerte del santo m\u00e1rtir.<\/p>\n<p style=\"text-align: justify\">De San Jorge se sabe m\u00e1s por la leyenda que por testimonios escritos. Parece ser que naci\u00f3 en el siglo III en la Capadocia, actualmente Turqu\u00eda. Siendo muy joven se hizo soldado del ej\u00e9rcito romano y por su valor pronto se convirti\u00f3 en uno de los hombres m\u00e1s cercanos al emperador Diocleciano, quien dict\u00f3 el edicto de persecuci\u00f3n contra los cristianos y cuando Jorge no quiso rehusar de su fe cristiana fue decapitado, siendo la fecha de su ejecuci\u00f3n el 23 de abril.<\/p>\n<p style=\"text-align: justify\">La historia que m\u00e1s fama le ha dado es la lucha que mantuvo con un drag\u00f3n. En ella se narra que la ciudad de Silca viv\u00eda bajo la opresi\u00f3n de un drag\u00f3n y que cuando una princesa iba a ser devorada apareci\u00f3 San Jorge a caballo y tras enfrentarse con aquel y clavarle una lanza lo venci<span>\u00f3. &nbsp;&nbsp;&nbsp; <\/span><a href=\"https:\/\/1.bp.blogspot.com\/-m8vGwk5zmqc\/Xmq9aQ8DzXI\/AAAAAAAAUlE\/ihOc4UIAQxctNpZWWD05PeiUP79XlWLvgCNcBGAsYHQ\/s1600\/Altar-s-Jorje.jpg\"><span style=\"color: #660000;font-size: 10.5pt;line-height: 107%;text-decoration: none\"><\/span><\/a><span><\/span>&nbsp;<\/p>\n<p style=\"text-align: justify\">&nbsp;<\/p>\n<p style=\"text-align: justify\">\n<div style=\"clear: both;text-align: center\"><a href=\"https:\/\/1.bp.blogspot.com\/-1eqILkkER4E\/YIEZV1aFRaI\/AAAAAAAAAQo\/EIN3-Z8pRAsc_9jqS4GdjoizfVTbQAmgwCLcBGAsYHQ\/s596\/retablo.jpg\" style=\"clear: left;float: left;margin-bottom: 1em;margin-right: 1em\"><img decoding=\"async\" border=\"0\" data-original-height=\"596\" data-original-width=\"490\" height=\"320\" src=\"https:\/\/1.bp.blogspot.com\/-1eqILkkER4E\/YIEZV1aFRaI\/AAAAAAAAAQo\/EIN3-Z8pRAsc_9jqS4GdjoizfVTbQAmgwCLcBGAsYHQ\/s320\/retablo.jpg\" \/><\/a><\/div>\n<p>El santo posee una de las m\u00e1s ricas y variadas iconograf\u00edas, se le representa como un joven oficial romano de pie, tambi\u00e9n en escenas de su martirio, pero la representaci\u00f3n m\u00e1s reproducida y conocida es la del santo montado a caballo venciendo al drag\u00f3n y salvado a la princesa. En Teruel son varias las representaciones que hay de esta leyenda, como es la pintura mural de la Ermita de Santa Ana en la localidad de Alfambra de estilo G\u00f3tico, y el retablo de la iglesia de la Merced en Teruel, realizado en 1525 por el pintor turolense Jer\u00f3nimo Mart\u00ednez para la iglesia de San Miguel.<\/p>\n<p style=\"text-align: justify\">&nbsp;<\/p>\n<p style=\"text-align: justify\">San Jorge no solo es el patr\u00f3n de las comunidades aut\u00f3nomas de Arag\u00f3n y Catalu\u00f1a, sino tambi\u00e9n de otras muchas poblaciones espa\u00f1olas como Alcoy y Ba\u00f1eres (Alicante), Madrigueras (Albacete), Lucena (C\u00f3rdoba), Armillas (Teruel) \u2026 Donde se llevan a cabo diferentes actuaciones y festejos para conmemorar al santo.<\/p>\n<p style=\"text-align: justify\">Este documento conservado en el Archivo Hist\u00f3rico Provincial de Teruel, pone de manifiesto que ya a principios de los a\u00f1os 40 se hac\u00edan actos t\u00edpicos de fiestas populares para celebrar la festividad del santo patr\u00f3n, como son los bailes p\u00fablicos que se quieren celebrar durante varios d\u00edas y para ello el alcalde pide autorizaci\u00f3n al Gobernador Civil.<\/p>\n<p style=\"text-align: justify\">&nbsp;<\/p>\n<\/p>\n<table align=\"center\" cellpadding=\"0\" cellspacing=\"0\" style=\"margin-left: auto;margin-right: auto\">\n<tbody>\n<tr>\n<td style=\"text-align: center\"><a href=\"https:\/\/1.bp.blogspot.com\/-yp24b-Vu9c8\/YIEZlkE0HVI\/AAAAAAAAAQw\/PzDuASwZxowBs-mOTLImMHp7qq1mQFJxQCLcBGAsYHQ\/s827\/documento.jpg\" style=\"margin-left: auto;margin-right: auto\"><img loading=\"lazy\" decoding=\"async\" border=\"0\" data-original-height=\"827\" data-original-width=\"664\" height=\"640\" src=\"https:\/\/1.bp.blogspot.com\/-yp24b-Vu9c8\/YIEZlkE0HVI\/AAAAAAAAAQw\/PzDuASwZxowBs-mOTLImMHp7qq1mQFJxQCLcBGAsYHQ\/w514-h640\/documento.jpg\" width=\"514\" \/><\/a><\/td>\n<\/tr>\n<tr>\n<td style=\"text-align: center\"><span style=\"font-size: x-small\">&nbsp;<span style=\"line-height: 107%\">AHPTE\/GC\/0001475\/57<\/span><\/span><\/td>\n<td style=\"text-align: center\">&nbsp;<\/td>\n<td style=\"text-align: center\">&nbsp;<\/td>\n<\/tr>\n<\/tbody>\n<\/table>\n<p><span style=\"font-size: 12pt;line-height: 107%\"><\/span><\/p>\n<p style=\"text-align: justify\"><span style=\"font-size: 12pt;line-height: 107%\">En otras localidades turolenses se realizan diferentes actos para conmemorar al santo, aunque sus fiestas patronales no son en honor al mismo. <span>&nbsp;<\/span>Alca\u00f1iz desde 1996 representa la leyenda de San Jorge con la fiesta conocida como \u201cEl vencimiento del Drag\u00f3n\u201d, donde el santo derrota al drag\u00f3n con un ramillete de flores silvestres, simbolizando la victoria del bien sobre el mal; Ari\u00f1o pueblo situado en el piedemonte de la Sierra de Arcos desde hace unos a\u00f1os tambi\u00e9n representa la leyenda de Jorge y el drag\u00f3n por sus calles.<\/span><\/p>\n","protected":false},"excerpt":{"rendered":"<p>Desde 1984 La celebraci\u00f3n del d\u00eda de la Comunidad de Arag\u00f3n coincide con el 23 de abril, festividad de San Jorge, santo patr\u00f3n del Reino de Arag\u00f3n desde la Edad Media. La relaci\u00f3n de este santo con Arag\u00f3n se remonta al a\u00f1o 1096, cuando seg\u00fan cuenta la leyenda prest\u00f3 ayuda al Rey Pedro I de [&hellip;]<\/p>\n","protected":false},"author":7,"featured_media":6526,"comment_status":"open","ping_status":"closed","sticky":false,"template":"","format":"standard","meta":{"_et_pb_use_builder":"","_et_pb_old_content":"","_et_gb_content_width":"","om_disable_all_campaigns":false,"_monsterinsights_skip_tracking":false,"_monsterinsights_sitenote_active":false,"_monsterinsights_sitenote_note":"","_monsterinsights_sitenote_category":0,"_uf_show_specific_survey":0,"_uf_disable_surveys":false,"footnotes":""},"categories":[13,5],"tags":[344],"class_list":["post-217","post","type-post","status-publish","format-standard","has-post-thumbnail","hentry","category-ahp-teruel","category-noticias","tag-dia-de-aragon"],"yoast_head":"<!-- This site is optimized with the Yoast SEO plugin v26.2 - https:\/\/yoast.com\/wordpress\/plugins\/seo\/ -->\n<title>Festividades turolenses en torno a San Jorge - DARA GENERAL<\/title>\n<meta name=\"robots\" content=\"index, follow, max-snippet:-1, max-image-preview:large, max-video-preview:-1\" \/>\n<link rel=\"canonical\" href=\"https:\/\/dara.aragon.es\/dara\/blog\/festividades-turolenses-en-torno-a-san-jorge\/\" \/>\n<meta property=\"og:locale\" content=\"es_ES\" \/>\n<meta property=\"og:type\" content=\"article\" \/>\n<meta property=\"og:title\" content=\"Festividades turolenses en torno a San Jorge - DARA GENERAL\" \/>\n<meta property=\"og:description\" content=\"Desde 1984 La celebraci\u00f3n del d\u00eda de la Comunidad de Arag\u00f3n coincide con el 23 de abril, festividad de San Jorge, santo patr\u00f3n del Reino de Arag\u00f3n desde la Edad Media. La relaci\u00f3n de este santo con Arag\u00f3n se remonta al a\u00f1o 1096, cuando seg\u00fan cuenta la leyenda prest\u00f3 ayuda al Rey Pedro I de [&hellip;]\" \/>\n<meta property=\"og:url\" content=\"https:\/\/dara.aragon.es\/dara\/blog\/festividades-turolenses-en-torno-a-san-jorge\/\" \/>\n<meta property=\"og:site_name\" content=\"DARA GENERAL\" \/>\n<meta property=\"article:published_time\" content=\"2021-04-22T06:40:00+00:00\" \/>\n<meta property=\"article:modified_time\" content=\"2024-10-23T06:59:42+00:00\" \/>\n<meta property=\"og:image\" content=\"https:\/\/dara.aragon.es\/dara\/wp-content\/uploads\/2021\/04\/escudo-1.png\" \/>\n\t<meta property=\"og:image:width\" content=\"160\" \/>\n\t<meta property=\"og:image:height\" content=\"213\" \/>\n\t<meta property=\"og:image:type\" content=\"image\/png\" \/>\n<meta name=\"author\" content=\"Archivo Hist\u00f3rico Provincial de Teruel\" \/>\n<meta name=\"twitter:card\" content=\"summary_large_image\" \/>\n<meta name=\"twitter:label1\" content=\"Escrito por\" \/>\n\t<meta name=\"twitter:data1\" content=\"Archivo Hist\u00f3rico Provincial de Teruel\" \/>\n\t<meta name=\"twitter:label2\" content=\"Tiempo de lectura\" \/>\n\t<meta name=\"twitter:data2\" content=\"4 minutos\" \/>\n<script type=\"application\/ld+json\" class=\"yoast-schema-graph\">{\"@context\":\"https:\/\/schema.org\",\"@graph\":[{\"@type\":\"WebPage\",\"@id\":\"https:\/\/dara.aragon.es\/dara\/blog\/festividades-turolenses-en-torno-a-san-jorge\/\",\"url\":\"https:\/\/dara.aragon.es\/dara\/blog\/festividades-turolenses-en-torno-a-san-jorge\/\",\"name\":\"Festividades turolenses en torno a San Jorge - DARA GENERAL\",\"isPartOf\":{\"@id\":\"https:\/\/dara.aragon.es\/dara\/#website\"},\"primaryImageOfPage\":{\"@id\":\"https:\/\/dara.aragon.es\/dara\/blog\/festividades-turolenses-en-torno-a-san-jorge\/#primaryimage\"},\"image\":{\"@id\":\"https:\/\/dara.aragon.es\/dara\/blog\/festividades-turolenses-en-torno-a-san-jorge\/#primaryimage\"},\"thumbnailUrl\":\"https:\/\/dara.aragon.es\/dara\/wp-content\/uploads\/2021\/04\/escudo-1.png\",\"datePublished\":\"2021-04-22T06:40:00+00:00\",\"dateModified\":\"2024-10-23T06:59:42+00:00\",\"author\":{\"@id\":\"https:\/\/dara.aragon.es\/dara\/#\/schema\/person\/d8651b250d315dfa397cc5625341aca7\"},\"breadcrumb\":{\"@id\":\"https:\/\/dara.aragon.es\/dara\/blog\/festividades-turolenses-en-torno-a-san-jorge\/#breadcrumb\"},\"inLanguage\":\"es\",\"potentialAction\":[{\"@type\":\"ReadAction\",\"target\":[\"https:\/\/dara.aragon.es\/dara\/blog\/festividades-turolenses-en-torno-a-san-jorge\/\"]}]},{\"@type\":\"ImageObject\",\"inLanguage\":\"es\",\"@id\":\"https:\/\/dara.aragon.es\/dara\/blog\/festividades-turolenses-en-torno-a-san-jorge\/#primaryimage\",\"url\":\"https:\/\/dara.aragon.es\/dara\/wp-content\/uploads\/2021\/04\/escudo-1.png\",\"contentUrl\":\"https:\/\/dara.aragon.es\/dara\/wp-content\/uploads\/2021\/04\/escudo-1.png\",\"width\":160,\"height\":213},{\"@type\":\"BreadcrumbList\",\"@id\":\"https:\/\/dara.aragon.es\/dara\/blog\/festividades-turolenses-en-torno-a-san-jorge\/#breadcrumb\",\"itemListElement\":[{\"@type\":\"ListItem\",\"position\":1,\"name\":\"Portada\",\"item\":\"https:\/\/dara.aragon.es\/dara\/\"},{\"@type\":\"ListItem\",\"position\":2,\"name\":\"Festividades turolenses en torno a San Jorge\"}]},{\"@type\":\"WebSite\",\"@id\":\"https:\/\/dara.aragon.es\/dara\/#website\",\"url\":\"https:\/\/dara.aragon.es\/dara\/\",\"name\":\"DARA GENERAL\",\"description\":\"Documentos y archivos de Arag\u00f3n\",\"potentialAction\":[{\"@type\":\"SearchAction\",\"target\":{\"@type\":\"EntryPoint\",\"urlTemplate\":\"https:\/\/dara.aragon.es\/dara\/?s={search_term_string}\"},\"query-input\":{\"@type\":\"PropertyValueSpecification\",\"valueRequired\":true,\"valueName\":\"search_term_string\"}}],\"inLanguage\":\"es\"},{\"@type\":\"Person\",\"@id\":\"https:\/\/dara.aragon.es\/dara\/#\/schema\/person\/d8651b250d315dfa397cc5625341aca7\",\"name\":\"Archivo Hist\u00f3rico Provincial de Teruel\",\"image\":{\"@type\":\"ImageObject\",\"inLanguage\":\"es\",\"@id\":\"https:\/\/dara.aragon.es\/dara\/#\/schema\/person\/image\/\",\"url\":\"https:\/\/secure.gravatar.com\/avatar\/e4e12c40936cffd276d8f3b687092ef94f44cc2fc561fcfac6253ff195919b88?s=96&d=mm&r=g\",\"contentUrl\":\"https:\/\/secure.gravatar.com\/avatar\/e4e12c40936cffd276d8f3b687092ef94f44cc2fc561fcfac6253ff195919b88?s=96&d=mm&r=g\",\"caption\":\"Archivo Hist\u00f3rico Provincial de Teruel\"},\"url\":\"https:\/\/dara.aragon.es\/dara\/blog\/author\/ahpte\/\"}]}<\/script>\n<!-- \/ Yoast SEO plugin. -->","yoast_head_json":{"title":"Festividades turolenses en torno a San Jorge - DARA GENERAL","robots":{"index":"index","follow":"follow","max-snippet":"max-snippet:-1","max-image-preview":"max-image-preview:large","max-video-preview":"max-video-preview:-1"},"canonical":"https:\/\/dara.aragon.es\/dara\/blog\/festividades-turolenses-en-torno-a-san-jorge\/","og_locale":"es_ES","og_type":"article","og_title":"Festividades turolenses en torno a San Jorge - DARA GENERAL","og_description":"Desde 1984 La celebraci\u00f3n del d\u00eda de la Comunidad de Arag\u00f3n coincide con el 23 de abril, festividad de San Jorge, santo patr\u00f3n del Reino de Arag\u00f3n desde la Edad Media. La relaci\u00f3n de este santo con Arag\u00f3n se remonta al a\u00f1o 1096, cuando seg\u00fan cuenta la leyenda prest\u00f3 ayuda al Rey Pedro I de [&hellip;]","og_url":"https:\/\/dara.aragon.es\/dara\/blog\/festividades-turolenses-en-torno-a-san-jorge\/","og_site_name":"DARA GENERAL","article_published_time":"2021-04-22T06:40:00+00:00","article_modified_time":"2024-10-23T06:59:42+00:00","og_image":[{"width":160,"height":213,"url":"https:\/\/dara.aragon.es\/dara\/wp-content\/uploads\/2021\/04\/escudo-1.png","type":"image\/png"}],"author":"Archivo Hist\u00f3rico Provincial de Teruel","twitter_card":"summary_large_image","twitter_misc":{"Escrito por":"Archivo Hist\u00f3rico Provincial de Teruel","Tiempo de lectura":"4 minutos"},"schema":{"@context":"https:\/\/schema.org","@graph":[{"@type":"WebPage","@id":"https:\/\/dara.aragon.es\/dara\/blog\/festividades-turolenses-en-torno-a-san-jorge\/","url":"https:\/\/dara.aragon.es\/dara\/blog\/festividades-turolenses-en-torno-a-san-jorge\/","name":"Festividades turolenses en torno a San Jorge - DARA GENERAL","isPartOf":{"@id":"https:\/\/dara.aragon.es\/dara\/#website"},"primaryImageOfPage":{"@id":"https:\/\/dara.aragon.es\/dara\/blog\/festividades-turolenses-en-torno-a-san-jorge\/#primaryimage"},"image":{"@id":"https:\/\/dara.aragon.es\/dara\/blog\/festividades-turolenses-en-torno-a-san-jorge\/#primaryimage"},"thumbnailUrl":"https:\/\/dara.aragon.es\/dara\/wp-content\/uploads\/2021\/04\/escudo-1.png","datePublished":"2021-04-22T06:40:00+00:00","dateModified":"2024-10-23T06:59:42+00:00","author":{"@id":"https:\/\/dara.aragon.es\/dara\/#\/schema\/person\/d8651b250d315dfa397cc5625341aca7"},"breadcrumb":{"@id":"https:\/\/dara.aragon.es\/dara\/blog\/festividades-turolenses-en-torno-a-san-jorge\/#breadcrumb"},"inLanguage":"es","potentialAction":[{"@type":"ReadAction","target":["https:\/\/dara.aragon.es\/dara\/blog\/festividades-turolenses-en-torno-a-san-jorge\/"]}]},{"@type":"ImageObject","inLanguage":"es","@id":"https:\/\/dara.aragon.es\/dara\/blog\/festividades-turolenses-en-torno-a-san-jorge\/#primaryimage","url":"https:\/\/dara.aragon.es\/dara\/wp-content\/uploads\/2021\/04\/escudo-1.png","contentUrl":"https:\/\/dara.aragon.es\/dara\/wp-content\/uploads\/2021\/04\/escudo-1.png","width":160,"height":213},{"@type":"BreadcrumbList","@id":"https:\/\/dara.aragon.es\/dara\/blog\/festividades-turolenses-en-torno-a-san-jorge\/#breadcrumb","itemListElement":[{"@type":"ListItem","position":1,"name":"Portada","item":"https:\/\/dara.aragon.es\/dara\/"},{"@type":"ListItem","position":2,"name":"Festividades turolenses en torno a San Jorge"}]},{"@type":"WebSite","@id":"https:\/\/dara.aragon.es\/dara\/#website","url":"https:\/\/dara.aragon.es\/dara\/","name":"DARA GENERAL","description":"Documentos y archivos de Arag\u00f3n","potentialAction":[{"@type":"SearchAction","target":{"@type":"EntryPoint","urlTemplate":"https:\/\/dara.aragon.es\/dara\/?s={search_term_string}"},"query-input":{"@type":"PropertyValueSpecification","valueRequired":true,"valueName":"search_term_string"}}],"inLanguage":"es"},{"@type":"Person","@id":"https:\/\/dara.aragon.es\/dara\/#\/schema\/person\/d8651b250d315dfa397cc5625341aca7","name":"Archivo Hist\u00f3rico Provincial de Teruel","image":{"@type":"ImageObject","inLanguage":"es","@id":"https:\/\/dara.aragon.es\/dara\/#\/schema\/person\/image\/","url":"https:\/\/secure.gravatar.com\/avatar\/e4e12c40936cffd276d8f3b687092ef94f44cc2fc561fcfac6253ff195919b88?s=96&d=mm&r=g","contentUrl":"https:\/\/secure.gravatar.com\/avatar\/e4e12c40936cffd276d8f3b687092ef94f44cc2fc561fcfac6253ff195919b88?s=96&d=mm&r=g","caption":"Archivo Hist\u00f3rico Provincial de Teruel"},"url":"https:\/\/dara.aragon.es\/dara\/blog\/author\/ahpte\/"}]}},"_links":{"self":[{"href":"https:\/\/dara.aragon.es\/dara\/wp-json\/wp\/v2\/posts\/217","targetHints":{"allow":["GET"]}}],"collection":[{"href":"https:\/\/dara.aragon.es\/dara\/wp-json\/wp\/v2\/posts"}],"about":[{"href":"https:\/\/dara.aragon.es\/dara\/wp-json\/wp\/v2\/types\/post"}],"author":[{"embeddable":true,"href":"https:\/\/dara.aragon.es\/dara\/wp-json\/wp\/v2\/users\/7"}],"replies":[{"embeddable":true,"href":"https:\/\/dara.aragon.es\/dara\/wp-json\/wp\/v2\/comments?post=217"}],"version-history":[{"count":0,"href":"https:\/\/dara.aragon.es\/dara\/wp-json\/wp\/v2\/posts\/217\/revisions"}],"wp:featuredmedia":[{"embeddable":true,"href":"https:\/\/dara.aragon.es\/dara\/wp-json\/wp\/v2\/media\/6526"}],"wp:attachment":[{"href":"https:\/\/dara.aragon.es\/dara\/wp-json\/wp\/v2\/media?parent=217"}],"wp:term":[{"taxonomy":"category","embeddable":true,"href":"https:\/\/dara.aragon.es\/dara\/wp-json\/wp\/v2\/categories?post=217"},{"taxonomy":"post_tag","embeddable":true,"href":"https:\/\/dara.aragon.es\/dara\/wp-json\/wp\/v2\/tags?post=217"}],"curies":[{"name":"wp","href":"https:\/\/api.w.org\/{rel}","templated":true}]}}