{"id":220,"date":"2021-03-26T12:12:00","date_gmt":"2021-03-26T12:12:00","guid":{"rendered":""},"modified":"2024-10-23T07:26:23","modified_gmt":"2024-10-23T07:26:23","slug":"trabajos-forzados-el-otro-batallon-documentacion-en-el-archivo-historico-provincial-de-teruel","status":"publish","type":"post","link":"https:\/\/dara.aragon.es\/dara\/blog\/trabajos-forzados-el-otro-batallon-documentacion-en-el-archivo-historico-provincial-de-teruel\/","title":{"rendered":"Trabajos forzados: el otro batall\u00f3n. Documentaci\u00f3n en el Archivo Hist\u00f3rico Provincial de Teruel."},"content":{"rendered":"<p><!--[if !mso]&gt;&lt;![endif]--><!--[if gte mso 9]&gt;    &lt;![endif]--><!--[if gte mso 9]&gt;   Normal  0  false    21      false  false  false    ES  X-NONE  X-NONE                                                                    &lt;![endif]--><!--[if gte mso 9]&gt;                                                                                                                                                                                                                                                                                                                                                                                                                                                                                                                                                                                                                                                                                                                                                                        &lt;![endif]--><!--[if gte mso 10]&gt;&lt;![endif]--><\/p>\n<p style=\"text-align: justify\"><b><span style=\",sans-serif;font-size: 16.0pt;line-height: 107%\">Introducci\u00f3n<\/span><\/b><\/p>\n<p style=\"text-align: justify\"><b><span style=\",sans-serif;font-size: 16.0pt;line-height: 107%\"><span>&nbsp;&nbsp;&nbsp;&nbsp;&nbsp;<\/span><\/span><\/b><\/p>\n<p><b><\/p>\n<table align=\"center\" cellpadding=\"0\" cellspacing=\"0\" style=\"margin-left: auto;margin-right: auto\">\n<tbody>\n<tr>\n<td style=\"text-align: center\"><a href=\"https:\/\/1.bp.blogspot.com\/-MnKhZ-RA3MQ\/YF3LV-nehjI\/AAAAAAAAAUc\/NR9_H_HlGaIyj6ssP8Qj7ieoWP__soIFgCLcBGAsYHQ\/s2048\/AHPTE_RRDDTP_13064_0001.jpg\" style=\"margin-left: auto;margin-right: auto\"><img loading=\"lazy\" decoding=\"async\" border=\"0\" data-original-height=\"1443\" data-original-width=\"2048\" height=\"450\" src=\"https:\/\/1.bp.blogspot.com\/-MnKhZ-RA3MQ\/YF3LV-nehjI\/AAAAAAAAAUc\/NR9_H_HlGaIyj6ssP8Qj7ieoWP__soIFgCLcBGAsYHQ\/w640-h450\/AHPTE_RRDDTP_13064_0001.jpg\" width=\"640\"><\/a><\/td>\n<\/tr>\n<tr>\n<td style=\"text-align: center\">Proyecto para acuertelamiento o colonia penitenciaria para mil reclusos<\/td>\n<td style=\"text-align: center\"><\/td>\n<\/tr>\n<\/tbody>\n<\/table>\n<p><\/b><b><\/b><span><span style=\",sans-serif;font-size: 16.0pt;line-height: 107%\"><span><span style=\"font-size: x-small\">&nbsp;&nbsp;&nbsp;&nbsp;&nbsp;&nbsp;&nbsp;&nbsp;&nbsp;&nbsp;&nbsp;&nbsp;&nbsp;&nbsp;&nbsp;&nbsp;&nbsp;&nbsp;&nbsp;&nbsp; AHPTE_RRDDTP_13034_0001<\/span><br \/>\n<\/span><\/span><\/span><b><span style=\",sans-serif;font-size: 16.0pt;line-height: 107%\"><span>&nbsp;&nbsp; <\/span><\/span><\/b><span style=\",sans-serif;font-size: 16.0pt;line-height: 107%\">A veces la publicaci\u00f3n de un libro permite retomar ciertos aspectos de nuestra historia reciente un tanto olvidados. En concreto nos referimos a <i>Itinerarios de naturaleza. Teruel. El Parque de los Fueros-Ricardo Eced<\/i>, editado por la Concejal\u00eda de Medio Ambiente del Ayuntamiento de Teruel en el 2020, a cargo de Beatriz Carrasquer \u00c1lvarez, Adri\u00e1n Ponz Miranda y Jos\u00e9 Carrasquer Zamora. En el cap\u00edtulo dedicado a la historia del mencionado Parque, se indica que fue rellenado por personas que integraban los <i>batallones disciplinarios <\/i>y de <i>trabajadores penados<\/i>. <\/span><\/p>\n<p style=\"text-align: justify\"><span style=\",sans-serif;font-size: 16.0pt;line-height: 107%\"><span>&nbsp;&nbsp;&nbsp;&nbsp;&nbsp;&nbsp;&nbsp; <\/span>Los autores propon\u00edan un homenaje a estas personas. Un grupo pol\u00edtico de la actual corporaci\u00f3n municipal lo recogi\u00f3 y lo propuso en un pleno municipal. <\/span><\/p>\n<p style=\"text-align: justify\"><span style=\",sans-serif;font-size: 16.0pt;line-height: 107%\"><span>&nbsp;&nbsp;&nbsp;&nbsp;&nbsp;&nbsp;&nbsp; <\/span>Ambas cuestiones fueron dadas a conocer por el<i> <span>Diario de <\/span>Teruel<\/i>, en un amplio reportaje el d\u00eda 8 de febrero del a\u00f1o en curso, en el cual se incluy\u00f3 hasta alg\u00fan testimonio oral de una persona que hab\u00eda estado trabajando en nuestra ciudad. <\/span><\/p>\n<p style=\"text-align: justify\"><b><span style=\",sans-serif;font-size: 16.0pt;line-height: 107%\">El sistema de redenci\u00f3n de penas de trabajo<\/span><\/b><\/p>\n<p style=\"text-align: justify;text-indent: 35.4pt\"><span style=\",sans-serif;font-size: 16.0pt;line-height: 107%\">Este organismo dependiente del Ministerio de Justicia englob\u00f3 tanto a las personas que hab\u00edan sido condenadas a prisi\u00f3n por tribunales militares, como a las de los batallones de trabajadores integrados por personas desafectas al Movimiento Nacional e incluso presos.<\/span><\/p>\n<p style=\"text-align: justify;text-indent: 35.4pt\"><span style=\",sans-serif;font-size: 16.0pt;line-height: 107%\">A veces tambi\u00e9n fueron mano de obra para empresas particulares. Uno de los casos m\u00e1s conocido es la construcci\u00f3n del <i>Valle de los Ca\u00eddos<\/i>. En el resto del pa\u00eds fueron utilizados, principalmente, por Regiones Devastadas y, por supuesto, en Teruel y provincia. Consecuencia directa de todo ello es la redacci\u00f3n de estas l\u00edneas. <\/span><\/p>\n<p style=\"text-align: justify;text-indent: 35.4pt\"><span style=\",sans-serif;font-size: 16.0pt;line-height: 107%\">En este contexto, conviene recordar los m\u00faltiples trabajos llevados a cabo por Jos\u00e9 Manuel L\u00f3pez G\u00f3mez y<span>&nbsp; <\/span>comisario de la exposici\u00f3n <i>La reconstrucci\u00f3n de Teruel, 1939-<\/i>1957, que tuvo lugar del 8 de noviembre al 11 de diciembre del 2005 organizada por el Departamento de Educaci\u00f3n, Cultura y Deporte del Gobierno de Arag\u00f3n, con fondos provenientes de este Archivo. Al igual que les adelantamos que algunos de estos documentos volver\u00e1n a salir de sus planeros para formar parte de la exposici\u00f3n que el Instituto Aragon\u00e9s del Arte y la Cultura Contempor\u00e1nea (IAACC) Pablo Serrano, est\u00e1 preparando sobre <i>el arte contempor\u00e1neo aragon\u00e9s desde los a\u00f1os 40 del siglo XX hasta final de dicha centuria <\/i>cuya inauguraci\u00f3n est\u00e1 prevista para el mes de junio de este a\u00f1o.&nbsp;<\/span><\/p>\n<p style=\"text-align: justify;text-indent: 35.4pt\"><span style=\",sans-serif;font-size: 16.0pt;line-height: 107%\"><span><\/span><\/span><\/p>\n<table align=\"center\" cellpadding=\"0\" cellspacing=\"0\" style=\"margin-left: auto;margin-right: auto\">\n<tbody>\n<tr>\n<td style=\"text-align: center\"><a href=\"https:\/\/1.bp.blogspot.com\/-yRIn-6W6o3Q\/YF3NCgsfF9I\/AAAAAAAAAUk\/TZmkWzP14E46UM6nR-q3gm2P6Ur5XtnSwCLcBGAsYHQ\/s2048\/1597_97_1.jpg\" style=\"margin-left: auto;margin-right: auto\"><img loading=\"lazy\" decoding=\"async\" border=\"0\" data-original-height=\"2048\" data-original-width=\"1388\" height=\"640\" src=\"https:\/\/1.bp.blogspot.com\/-yRIn-6W6o3Q\/YF3NCgsfF9I\/AAAAAAAAAUk\/TZmkWzP14E46UM6nR-q3gm2P6Ur5XtnSwCLcBGAsYHQ\/w434-h640\/1597_97_1.jpg\" width=\"434\"><\/a><\/td>\n<\/tr>\n<tr>\n<td style=\"text-align: center\">AHPTE_GC_1597_97<\/td>\n<\/tr>\n<\/tbody>\n<\/table>\n<table align=\"center\" cellpadding=\"0\" cellspacing=\"0\" style=\"margin-left: auto;margin-right: auto\">\n<tbody>\n<tr>\n<td style=\"text-align: center\"><a href=\"https:\/\/1.bp.blogspot.com\/-lOTwuOe81i4\/YF3NEoQt13I\/AAAAAAAAAUo\/494_lxJsQ3Y-gQ6CSqHVEwf-waYNxn8bwCLcBGAsYHQ\/s1818\/1567_90.jpg\" style=\"margin-left: auto;margin-right: auto\"><img loading=\"lazy\" decoding=\"async\" border=\"0\" data-original-height=\"1818\" data-original-width=\"1320\" height=\"640\" src=\"https:\/\/1.bp.blogspot.com\/-lOTwuOe81i4\/YF3NEoQt13I\/AAAAAAAAAUo\/494_lxJsQ3Y-gQ6CSqHVEwf-waYNxn8bwCLcBGAsYHQ\/w464-h640\/1567_90.jpg\" width=\"464\"><\/a><\/td>\n<\/tr>\n<tr>\n<td style=\"text-align: center\">AHPTE_GC_1567_90<\/td>\n<\/tr>\n<\/tbody>\n<\/table>\n<p>&nbsp;<\/p>\n<p style=\"text-align: justify\"><b><span style=\",sans-serif;font-size: 16.0pt;line-height: 107%\">La documentaci\u00f3n en el AHPTE<\/span><\/b><\/p>\n<p style=\"text-align: justify;text-indent: 35.4pt\"><span style=\",sans-serif;font-size: 16.0pt;line-height: 107%\">De todas las cuestiones mencionadas, hay numerosos trabajos de distinta \u00e9poca y visi\u00f3n. A su disposici\u00f3n en el Archivo Hist\u00f3rico Provincial de Teruel tenemos 34 documentos sobre batallones; 334 del <a href=\"https:\/\/dara.aragon.es\/opac\/app\/results\/?ob=re:1&amp;q=Valle+de+los+Ca%C3%ADdos&amp;st=.4\">Valle de los Ca\u00eddos<\/a> y 4.619 del <a href=\"https:\/\/dara.aragon.es\/opac\/app\/results\/?ob=re:1&amp;q=Regiones+devastadas&amp;ft=institution:Direcci%C3%B3n+General+de+Regiones+Devastadas&amp;st=.4\">Fondo Regiones Devastadas<\/a><b><br \/>\n<\/b><\/span><\/p>\n<p style=\"text-align: justify;text-indent: 35.4pt\"><span style=\",sans-serif;font-size: 16.0pt;line-height: 107%\">Adem\u00e1s y si quieren pasear y\/o hacer turismo cultural, hay muchas, repetimos muchas, localidades de la provincia de Teruel que conservan numerosos vestigios de nuestro \u00faltimo conflicto b\u00e9lico, entre otros y muy cerca de la capital, los alrededores de Teruel, El Campillo, Corbal\u00e1n, Bezas, Celadas o La Puebla de Valverde. <span>&nbsp;<\/span><\/span><\/p>\n<p style=\"text-align: justify\"><b><span style=\",sans-serif;font-size: 16.0pt;line-height: 107%\">&nbsp;<\/span><\/b><\/p>\n<p>&nbsp;<\/p>\n","protected":false},"excerpt":{"rendered":"<p>Introducci\u00f3n &nbsp;&nbsp;&nbsp;&nbsp;&nbsp; Proyecto para acuertelamiento o colonia penitenciaria para mil reclusos &nbsp;&nbsp;&nbsp;&nbsp;&nbsp;&nbsp;&nbsp;&nbsp;&nbsp;&nbsp;&nbsp;&nbsp;&nbsp;&nbsp;&nbsp;&nbsp;&nbsp;&nbsp;&nbsp;&nbsp; AHPTE_RRDDTP_13034_0001 &nbsp;&nbsp; A veces la publicaci\u00f3n de un libro permite retomar ciertos aspectos de nuestra historia reciente un tanto olvidados. En concreto nos referimos a Itinerarios de naturaleza. Teruel. El Parque de los Fueros-Ricardo Eced, editado por la Concejal\u00eda de Medio Ambiente del [&hellip;]<\/p>\n","protected":false},"author":6,"featured_media":6556,"comment_status":"open","ping_status":"closed","sticky":false,"template":"","format":"standard","meta":{"_et_pb_use_builder":"","_et_pb_old_content":"","_et_gb_content_width":"","om_disable_all_campaigns":false,"_monsterinsights_skip_tracking":false,"_monsterinsights_sitenote_active":false,"_monsterinsights_sitenote_note":"","_monsterinsights_sitenote_category":0,"_uf_show_specific_survey":0,"_uf_disable_surveys":false,"footnotes":""},"categories":[13,41],"tags":[377],"class_list":["post-220","post","type-post","status-publish","format-standard","has-post-thumbnail","hentry","category-ahp-teruel","category-memoria-democratica","tag-trabajos-forzados"],"yoast_head":"<!-- This site is optimized with the Yoast SEO plugin v27.5 - https:\/\/yoast.com\/product\/yoast-seo-wordpress\/ -->\n<title>Trabajos forzados: el otro batall\u00f3n. Documentaci\u00f3n en el Archivo Hist\u00f3rico Provincial de Teruel. - DARA GENERAL<\/title>\n<meta name=\"robots\" content=\"index, follow, max-snippet:-1, max-image-preview:large, max-video-preview:-1\" \/>\n<link rel=\"canonical\" href=\"https:\/\/dara.aragon.es\/dara\/blog\/trabajos-forzados-el-otro-batallon-documentacion-en-el-archivo-historico-provincial-de-teruel\/\" \/>\n<meta property=\"og:locale\" content=\"es_ES\" \/>\n<meta property=\"og:type\" content=\"article\" \/>\n<meta property=\"og:title\" content=\"Trabajos forzados: el otro batall\u00f3n. Documentaci\u00f3n en el Archivo Hist\u00f3rico Provincial de Teruel. - DARA GENERAL\" \/>\n<meta property=\"og:description\" content=\"Introducci\u00f3n &nbsp;&nbsp;&nbsp;&nbsp;&nbsp; Proyecto para acuertelamiento o colonia penitenciaria para mil reclusos &nbsp;&nbsp;&nbsp;&nbsp;&nbsp;&nbsp;&nbsp;&nbsp;&nbsp;&nbsp;&nbsp;&nbsp;&nbsp;&nbsp;&nbsp;&nbsp;&nbsp;&nbsp;&nbsp;&nbsp; AHPTE_RRDDTP_13034_0001 &nbsp;&nbsp; A veces la publicaci\u00f3n de un libro permite retomar ciertos aspectos de nuestra historia reciente un tanto olvidados. En concreto nos referimos a Itinerarios de naturaleza. Teruel. El Parque de los Fueros-Ricardo Eced, editado por la Concejal\u00eda de Medio Ambiente del [&hellip;]\" \/>\n<meta property=\"og:url\" content=\"https:\/\/dara.aragon.es\/dara\/blog\/trabajos-forzados-el-otro-batallon-documentacion-en-el-archivo-historico-provincial-de-teruel\/\" \/>\n<meta property=\"og:site_name\" content=\"DARA GENERAL\" \/>\n<meta property=\"article:published_time\" content=\"2021-03-26T12:12:00+00:00\" \/>\n<meta property=\"article:modified_time\" content=\"2024-10-23T07:26:23+00:00\" \/>\n<meta property=\"og:image\" content=\"https:\/\/dara.aragon.es\/dara\/wp-content\/uploads\/2021\/03\/AHPTE_RRDDTP_13064_0001-1.jpg\" \/>\n\t<meta property=\"og:image:width\" content=\"639\" \/>\n\t<meta property=\"og:image:height\" content=\"450\" \/>\n\t<meta property=\"og:image:type\" content=\"image\/jpeg\" \/>\n<meta name=\"author\" content=\"Mar\u00eda Jos\u00e9 Casaus Ballester Archivo Hist\u00f3rico Provincial de Teruel\" \/>\n<meta name=\"twitter:card\" content=\"summary_large_image\" \/>\n<meta name=\"twitter:label1\" content=\"Escrito por\" \/>\n\t<meta name=\"twitter:data1\" content=\"Mar\u00eda Jos\u00e9 Casaus Ballester Archivo Hist\u00f3rico Provincial de Teruel\" \/>\n\t<meta name=\"twitter:label2\" content=\"Tiempo de lectura\" \/>\n\t<meta name=\"twitter:data2\" content=\"3 minutos\" \/>\n<script type=\"application\/ld+json\" class=\"yoast-schema-graph\">{\"@context\":\"https:\\\/\\\/schema.org\",\"@graph\":[{\"@type\":\"Article\",\"@id\":\"https:\\\/\\\/dara.aragon.es\\\/dara\\\/blog\\\/trabajos-forzados-el-otro-batallon-documentacion-en-el-archivo-historico-provincial-de-teruel\\\/#article\",\"isPartOf\":{\"@id\":\"https:\\\/\\\/dara.aragon.es\\\/dara\\\/blog\\\/trabajos-forzados-el-otro-batallon-documentacion-en-el-archivo-historico-provincial-de-teruel\\\/\"},\"author\":{\"name\":\"Mar\u00eda Jos\u00e9 Casaus Ballester Archivo Hist\u00f3rico Provincial de Teruel\",\"@id\":\"https:\\\/\\\/dara.aragon.es\\\/dara\\\/#\\\/schema\\\/person\\\/92db10f29a48509b330e75cf1b9d39ed\"},\"headline\":\"Trabajos forzados: el otro batall\u00f3n. Documentaci\u00f3n en el Archivo Hist\u00f3rico Provincial de Teruel.\",\"datePublished\":\"2021-03-26T12:12:00+00:00\",\"dateModified\":\"2024-10-23T07:26:23+00:00\",\"mainEntityOfPage\":{\"@id\":\"https:\\\/\\\/dara.aragon.es\\\/dara\\\/blog\\\/trabajos-forzados-el-otro-batallon-documentacion-en-el-archivo-historico-provincial-de-teruel\\\/\"},\"wordCount\":590,\"commentCount\":0,\"image\":{\"@id\":\"https:\\\/\\\/dara.aragon.es\\\/dara\\\/blog\\\/trabajos-forzados-el-otro-batallon-documentacion-en-el-archivo-historico-provincial-de-teruel\\\/#primaryimage\"},\"thumbnailUrl\":\"https:\\\/\\\/dara.aragon.es\\\/dara\\\/wp-content\\\/uploads\\\/2021\\\/03\\\/AHPTE_RRDDTP_13064_0001-1.jpg\",\"keywords\":[\"Trabajos forzados\"],\"articleSection\":[\"AHP Teruel\",\"Memoria Democr\u00e1tica\"],\"inLanguage\":\"es\",\"potentialAction\":[{\"@type\":\"CommentAction\",\"name\":\"Comment\",\"target\":[\"https:\\\/\\\/dara.aragon.es\\\/dara\\\/blog\\\/trabajos-forzados-el-otro-batallon-documentacion-en-el-archivo-historico-provincial-de-teruel\\\/#respond\"]}]},{\"@type\":\"WebPage\",\"@id\":\"https:\\\/\\\/dara.aragon.es\\\/dara\\\/blog\\\/trabajos-forzados-el-otro-batallon-documentacion-en-el-archivo-historico-provincial-de-teruel\\\/\",\"url\":\"https:\\\/\\\/dara.aragon.es\\\/dara\\\/blog\\\/trabajos-forzados-el-otro-batallon-documentacion-en-el-archivo-historico-provincial-de-teruel\\\/\",\"name\":\"Trabajos forzados: el otro batall\u00f3n. Documentaci\u00f3n en el Archivo Hist\u00f3rico Provincial de Teruel. - DARA GENERAL\",\"isPartOf\":{\"@id\":\"https:\\\/\\\/dara.aragon.es\\\/dara\\\/#website\"},\"primaryImageOfPage\":{\"@id\":\"https:\\\/\\\/dara.aragon.es\\\/dara\\\/blog\\\/trabajos-forzados-el-otro-batallon-documentacion-en-el-archivo-historico-provincial-de-teruel\\\/#primaryimage\"},\"image\":{\"@id\":\"https:\\\/\\\/dara.aragon.es\\\/dara\\\/blog\\\/trabajos-forzados-el-otro-batallon-documentacion-en-el-archivo-historico-provincial-de-teruel\\\/#primaryimage\"},\"thumbnailUrl\":\"https:\\\/\\\/dara.aragon.es\\\/dara\\\/wp-content\\\/uploads\\\/2021\\\/03\\\/AHPTE_RRDDTP_13064_0001-1.jpg\",\"datePublished\":\"2021-03-26T12:12:00+00:00\",\"dateModified\":\"2024-10-23T07:26:23+00:00\",\"author\":{\"@id\":\"https:\\\/\\\/dara.aragon.es\\\/dara\\\/#\\\/schema\\\/person\\\/92db10f29a48509b330e75cf1b9d39ed\"},\"breadcrumb\":{\"@id\":\"https:\\\/\\\/dara.aragon.es\\\/dara\\\/blog\\\/trabajos-forzados-el-otro-batallon-documentacion-en-el-archivo-historico-provincial-de-teruel\\\/#breadcrumb\"},\"inLanguage\":\"es\",\"potentialAction\":[{\"@type\":\"ReadAction\",\"target\":[\"https:\\\/\\\/dara.aragon.es\\\/dara\\\/blog\\\/trabajos-forzados-el-otro-batallon-documentacion-en-el-archivo-historico-provincial-de-teruel\\\/\"]}]},{\"@type\":\"ImageObject\",\"inLanguage\":\"es\",\"@id\":\"https:\\\/\\\/dara.aragon.es\\\/dara\\\/blog\\\/trabajos-forzados-el-otro-batallon-documentacion-en-el-archivo-historico-provincial-de-teruel\\\/#primaryimage\",\"url\":\"https:\\\/\\\/dara.aragon.es\\\/dara\\\/wp-content\\\/uploads\\\/2021\\\/03\\\/AHPTE_RRDDTP_13064_0001-1.jpg\",\"contentUrl\":\"https:\\\/\\\/dara.aragon.es\\\/dara\\\/wp-content\\\/uploads\\\/2021\\\/03\\\/AHPTE_RRDDTP_13064_0001-1.jpg\",\"width\":639,\"height\":450,\"caption\":\"Archivo Hist\u00f3rico Provincial de Teruel. Regiones Devastadas Teruel. Planos de Regiones Devastadas.Im\u00e1genes digitalizadas desde microfilm.\"},{\"@type\":\"BreadcrumbList\",\"@id\":\"https:\\\/\\\/dara.aragon.es\\\/dara\\\/blog\\\/trabajos-forzados-el-otro-batallon-documentacion-en-el-archivo-historico-provincial-de-teruel\\\/#breadcrumb\",\"itemListElement\":[{\"@type\":\"ListItem\",\"position\":1,\"name\":\"Portada\",\"item\":\"https:\\\/\\\/dara.aragon.es\\\/dara\\\/\"},{\"@type\":\"ListItem\",\"position\":2,\"name\":\"Trabajos forzados: el otro batall\u00f3n. Documentaci\u00f3n en el Archivo Hist\u00f3rico Provincial de Teruel.\"}]},{\"@type\":\"WebSite\",\"@id\":\"https:\\\/\\\/dara.aragon.es\\\/dara\\\/#website\",\"url\":\"https:\\\/\\\/dara.aragon.es\\\/dara\\\/\",\"name\":\"DARA GENERAL\",\"description\":\"Documentos y archivos de Arag\u00f3n\",\"potentialAction\":[{\"@type\":\"SearchAction\",\"target\":{\"@type\":\"EntryPoint\",\"urlTemplate\":\"https:\\\/\\\/dara.aragon.es\\\/dara\\\/?s={search_term_string}\"},\"query-input\":{\"@type\":\"PropertyValueSpecification\",\"valueRequired\":true,\"valueName\":\"search_term_string\"}}],\"inLanguage\":\"es\"},{\"@type\":\"Person\",\"@id\":\"https:\\\/\\\/dara.aragon.es\\\/dara\\\/#\\\/schema\\\/person\\\/92db10f29a48509b330e75cf1b9d39ed\",\"name\":\"Mar\u00eda Jos\u00e9 Casaus Ballester Archivo Hist\u00f3rico Provincial de Teruel\",\"image\":{\"@type\":\"ImageObject\",\"inLanguage\":\"es\",\"@id\":\"https:\\\/\\\/secure.gravatar.com\\\/avatar\\\/eda95c3e9a0679fa28f40f7955438808774d16cf528ecc8ee8797074d4dd0132?s=96&d=mm&r=g\",\"url\":\"https:\\\/\\\/secure.gravatar.com\\\/avatar\\\/eda95c3e9a0679fa28f40f7955438808774d16cf528ecc8ee8797074d4dd0132?s=96&d=mm&r=g\",\"contentUrl\":\"https:\\\/\\\/secure.gravatar.com\\\/avatar\\\/eda95c3e9a0679fa28f40f7955438808774d16cf528ecc8ee8797074d4dd0132?s=96&d=mm&r=g\",\"caption\":\"Mar\u00eda Jos\u00e9 Casaus Ballester Archivo Hist\u00f3rico Provincial de Teruel\"},\"description\":\"T\u00e9cnico Superior de Patrimonio Cultural de Archivos y responsable de la direcci\u00f3n del AHPTE\",\"url\":\"https:\\\/\\\/dara.aragon.es\\\/dara\\\/blog\\\/author\\\/mjcasaus\\\/\"}]}<\/script>\n<!-- \/ Yoast SEO plugin. -->","yoast_head_json":{"title":"Trabajos forzados: el otro batall\u00f3n. Documentaci\u00f3n en el Archivo Hist\u00f3rico Provincial de Teruel. - DARA GENERAL","robots":{"index":"index","follow":"follow","max-snippet":"max-snippet:-1","max-image-preview":"max-image-preview:large","max-video-preview":"max-video-preview:-1"},"canonical":"https:\/\/dara.aragon.es\/dara\/blog\/trabajos-forzados-el-otro-batallon-documentacion-en-el-archivo-historico-provincial-de-teruel\/","og_locale":"es_ES","og_type":"article","og_title":"Trabajos forzados: el otro batall\u00f3n. Documentaci\u00f3n en el Archivo Hist\u00f3rico Provincial de Teruel. - DARA GENERAL","og_description":"Introducci\u00f3n &nbsp;&nbsp;&nbsp;&nbsp;&nbsp; Proyecto para acuertelamiento o colonia penitenciaria para mil reclusos &nbsp;&nbsp;&nbsp;&nbsp;&nbsp;&nbsp;&nbsp;&nbsp;&nbsp;&nbsp;&nbsp;&nbsp;&nbsp;&nbsp;&nbsp;&nbsp;&nbsp;&nbsp;&nbsp;&nbsp; AHPTE_RRDDTP_13034_0001 &nbsp;&nbsp; A veces la publicaci\u00f3n de un libro permite retomar ciertos aspectos de nuestra historia reciente un tanto olvidados. En concreto nos referimos a Itinerarios de naturaleza. Teruel. El Parque de los Fueros-Ricardo Eced, editado por la Concejal\u00eda de Medio Ambiente del [&hellip;]","og_url":"https:\/\/dara.aragon.es\/dara\/blog\/trabajos-forzados-el-otro-batallon-documentacion-en-el-archivo-historico-provincial-de-teruel\/","og_site_name":"DARA GENERAL","article_published_time":"2021-03-26T12:12:00+00:00","article_modified_time":"2024-10-23T07:26:23+00:00","og_image":[{"width":639,"height":450,"url":"https:\/\/dara.aragon.es\/dara\/wp-content\/uploads\/2021\/03\/AHPTE_RRDDTP_13064_0001-1.jpg","type":"image\/jpeg"}],"author":"Mar\u00eda Jos\u00e9 Casaus Ballester Archivo Hist\u00f3rico Provincial de Teruel","twitter_card":"summary_large_image","twitter_misc":{"Escrito por":"Mar\u00eda Jos\u00e9 Casaus Ballester Archivo Hist\u00f3rico Provincial de Teruel","Tiempo de lectura":"3 minutos"},"schema":{"@context":"https:\/\/schema.org","@graph":[{"@type":"Article","@id":"https:\/\/dara.aragon.es\/dara\/blog\/trabajos-forzados-el-otro-batallon-documentacion-en-el-archivo-historico-provincial-de-teruel\/#article","isPartOf":{"@id":"https:\/\/dara.aragon.es\/dara\/blog\/trabajos-forzados-el-otro-batallon-documentacion-en-el-archivo-historico-provincial-de-teruel\/"},"author":{"name":"Mar\u00eda Jos\u00e9 Casaus Ballester Archivo Hist\u00f3rico Provincial de Teruel","@id":"https:\/\/dara.aragon.es\/dara\/#\/schema\/person\/92db10f29a48509b330e75cf1b9d39ed"},"headline":"Trabajos forzados: el otro batall\u00f3n. Documentaci\u00f3n en el Archivo Hist\u00f3rico Provincial de Teruel.","datePublished":"2021-03-26T12:12:00+00:00","dateModified":"2024-10-23T07:26:23+00:00","mainEntityOfPage":{"@id":"https:\/\/dara.aragon.es\/dara\/blog\/trabajos-forzados-el-otro-batallon-documentacion-en-el-archivo-historico-provincial-de-teruel\/"},"wordCount":590,"commentCount":0,"image":{"@id":"https:\/\/dara.aragon.es\/dara\/blog\/trabajos-forzados-el-otro-batallon-documentacion-en-el-archivo-historico-provincial-de-teruel\/#primaryimage"},"thumbnailUrl":"https:\/\/dara.aragon.es\/dara\/wp-content\/uploads\/2021\/03\/AHPTE_RRDDTP_13064_0001-1.jpg","keywords":["Trabajos forzados"],"articleSection":["AHP Teruel","Memoria Democr\u00e1tica"],"inLanguage":"es","potentialAction":[{"@type":"CommentAction","name":"Comment","target":["https:\/\/dara.aragon.es\/dara\/blog\/trabajos-forzados-el-otro-batallon-documentacion-en-el-archivo-historico-provincial-de-teruel\/#respond"]}]},{"@type":"WebPage","@id":"https:\/\/dara.aragon.es\/dara\/blog\/trabajos-forzados-el-otro-batallon-documentacion-en-el-archivo-historico-provincial-de-teruel\/","url":"https:\/\/dara.aragon.es\/dara\/blog\/trabajos-forzados-el-otro-batallon-documentacion-en-el-archivo-historico-provincial-de-teruel\/","name":"Trabajos forzados: el otro batall\u00f3n. Documentaci\u00f3n en el Archivo Hist\u00f3rico Provincial de Teruel. - DARA GENERAL","isPartOf":{"@id":"https:\/\/dara.aragon.es\/dara\/#website"},"primaryImageOfPage":{"@id":"https:\/\/dara.aragon.es\/dara\/blog\/trabajos-forzados-el-otro-batallon-documentacion-en-el-archivo-historico-provincial-de-teruel\/#primaryimage"},"image":{"@id":"https:\/\/dara.aragon.es\/dara\/blog\/trabajos-forzados-el-otro-batallon-documentacion-en-el-archivo-historico-provincial-de-teruel\/#primaryimage"},"thumbnailUrl":"https:\/\/dara.aragon.es\/dara\/wp-content\/uploads\/2021\/03\/AHPTE_RRDDTP_13064_0001-1.jpg","datePublished":"2021-03-26T12:12:00+00:00","dateModified":"2024-10-23T07:26:23+00:00","author":{"@id":"https:\/\/dara.aragon.es\/dara\/#\/schema\/person\/92db10f29a48509b330e75cf1b9d39ed"},"breadcrumb":{"@id":"https:\/\/dara.aragon.es\/dara\/blog\/trabajos-forzados-el-otro-batallon-documentacion-en-el-archivo-historico-provincial-de-teruel\/#breadcrumb"},"inLanguage":"es","potentialAction":[{"@type":"ReadAction","target":["https:\/\/dara.aragon.es\/dara\/blog\/trabajos-forzados-el-otro-batallon-documentacion-en-el-archivo-historico-provincial-de-teruel\/"]}]},{"@type":"ImageObject","inLanguage":"es","@id":"https:\/\/dara.aragon.es\/dara\/blog\/trabajos-forzados-el-otro-batallon-documentacion-en-el-archivo-historico-provincial-de-teruel\/#primaryimage","url":"https:\/\/dara.aragon.es\/dara\/wp-content\/uploads\/2021\/03\/AHPTE_RRDDTP_13064_0001-1.jpg","contentUrl":"https:\/\/dara.aragon.es\/dara\/wp-content\/uploads\/2021\/03\/AHPTE_RRDDTP_13064_0001-1.jpg","width":639,"height":450,"caption":"Archivo Hist\u00f3rico Provincial de Teruel. Regiones Devastadas Teruel. Planos de Regiones Devastadas.Im\u00e1genes digitalizadas desde microfilm."},{"@type":"BreadcrumbList","@id":"https:\/\/dara.aragon.es\/dara\/blog\/trabajos-forzados-el-otro-batallon-documentacion-en-el-archivo-historico-provincial-de-teruel\/#breadcrumb","itemListElement":[{"@type":"ListItem","position":1,"name":"Portada","item":"https:\/\/dara.aragon.es\/dara\/"},{"@type":"ListItem","position":2,"name":"Trabajos forzados: el otro batall\u00f3n. Documentaci\u00f3n en el Archivo Hist\u00f3rico Provincial de Teruel."}]},{"@type":"WebSite","@id":"https:\/\/dara.aragon.es\/dara\/#website","url":"https:\/\/dara.aragon.es\/dara\/","name":"DARA GENERAL","description":"Documentos y archivos de Arag\u00f3n","potentialAction":[{"@type":"SearchAction","target":{"@type":"EntryPoint","urlTemplate":"https:\/\/dara.aragon.es\/dara\/?s={search_term_string}"},"query-input":{"@type":"PropertyValueSpecification","valueRequired":true,"valueName":"search_term_string"}}],"inLanguage":"es"},{"@type":"Person","@id":"https:\/\/dara.aragon.es\/dara\/#\/schema\/person\/92db10f29a48509b330e75cf1b9d39ed","name":"Mar\u00eda Jos\u00e9 Casaus Ballester Archivo Hist\u00f3rico Provincial de Teruel","image":{"@type":"ImageObject","inLanguage":"es","@id":"https:\/\/secure.gravatar.com\/avatar\/eda95c3e9a0679fa28f40f7955438808774d16cf528ecc8ee8797074d4dd0132?s=96&d=mm&r=g","url":"https:\/\/secure.gravatar.com\/avatar\/eda95c3e9a0679fa28f40f7955438808774d16cf528ecc8ee8797074d4dd0132?s=96&d=mm&r=g","contentUrl":"https:\/\/secure.gravatar.com\/avatar\/eda95c3e9a0679fa28f40f7955438808774d16cf528ecc8ee8797074d4dd0132?s=96&d=mm&r=g","caption":"Mar\u00eda Jos\u00e9 Casaus Ballester Archivo Hist\u00f3rico Provincial de Teruel"},"description":"T\u00e9cnico Superior de Patrimonio Cultural de Archivos y responsable de la direcci\u00f3n del AHPTE","url":"https:\/\/dara.aragon.es\/dara\/blog\/author\/mjcasaus\/"}]}},"_links":{"self":[{"href":"https:\/\/dara.aragon.es\/dara\/wp-json\/wp\/v2\/posts\/220","targetHints":{"allow":["GET"]}}],"collection":[{"href":"https:\/\/dara.aragon.es\/dara\/wp-json\/wp\/v2\/posts"}],"about":[{"href":"https:\/\/dara.aragon.es\/dara\/wp-json\/wp\/v2\/types\/post"}],"author":[{"embeddable":true,"href":"https:\/\/dara.aragon.es\/dara\/wp-json\/wp\/v2\/users\/6"}],"replies":[{"embeddable":true,"href":"https:\/\/dara.aragon.es\/dara\/wp-json\/wp\/v2\/comments?post=220"}],"version-history":[{"count":0,"href":"https:\/\/dara.aragon.es\/dara\/wp-json\/wp\/v2\/posts\/220\/revisions"}],"wp:featuredmedia":[{"embeddable":true,"href":"https:\/\/dara.aragon.es\/dara\/wp-json\/wp\/v2\/media\/6556"}],"wp:attachment":[{"href":"https:\/\/dara.aragon.es\/dara\/wp-json\/wp\/v2\/media?parent=220"}],"wp:term":[{"taxonomy":"category","embeddable":true,"href":"https:\/\/dara.aragon.es\/dara\/wp-json\/wp\/v2\/categories?post=220"},{"taxonomy":"post_tag","embeddable":true,"href":"https:\/\/dara.aragon.es\/dara\/wp-json\/wp\/v2\/tags?post=220"}],"curies":[{"name":"wp","href":"https:\/\/api.w.org\/{rel}","templated":true}]}}