{"id":221,"date":"2021-03-19T12:41:00","date_gmt":"2021-03-19T12:41:00","guid":{"rendered":""},"modified":"2024-10-23T07:00:23","modified_gmt":"2024-10-23T07:00:23","slug":"homenaje-al-musico-anton-garcia-abril","status":"publish","type":"post","link":"https:\/\/dara.aragon.es\/dara\/blog\/homenaje-al-musico-anton-garcia-abril\/","title":{"rendered":"Homenaje al m\u00fasico Ant\u00f3n Garc\u00eda Abril"},"content":{"rendered":"<h3 style=\"text-align: justify\"><span style=\"font-size: 16pt;line-height: 107%\"><br \/><\/span><\/h3>\n<h3 style=\"text-align: justify\"><span style=\"font-size: 16pt;line-height: 107%\">El Archivo Hist\u00f3rico Provincial de Teruel se suma al duelo por el m\u00fasico turolense.<\/span><\/h3>\n<div><span style=\"font-size: 16pt;line-height: 107%\"><br \/><\/span><\/div>\n<div><span style=\"font-size: 16pt;line-height: 107%\"><br \/><\/span><\/div>\n<div><\/p>\n<table align=\"center\" cellpadding=\"0\" cellspacing=\"0\" style=\"margin-left: auto;margin-right: auto\">\n<tbody>\n<tr>\n<td style=\"text-align: center\"><a href=\"https:\/\/1.bp.blogspot.com\/-uItW_cwUNUc\/YFSlh67Z8KI\/AAAAAAAABBU\/hdX0_DttU4wMlaO15mVjifHYKZTj7MMHgCLcBGAsYHQ\/s640\/garcia_abril.jpg\" style=\"margin-left: auto;margin-right: auto\"><img loading=\"lazy\" decoding=\"async\" border=\"0\" data-original-height=\"640\" data-original-width=\"471\" height=\"640\" src=\"https:\/\/1.bp.blogspot.com\/-uItW_cwUNUc\/YFSlh67Z8KI\/AAAAAAAABBU\/hdX0_DttU4wMlaO15mVjifHYKZTj7MMHgCLcBGAsYHQ\/w472-h640\/garcia_abril.jpg\" width=\"472\" \/><\/a><\/td>\n<\/tr>\n<tr>\n<td style=\"text-align: center\"><span style=\"background-color: white;font-family: Montserrat, sans-serif;font-size: 12px\">AHPTE\/GC\/001138\/0085<\/span><\/td>\n<\/tr>\n<\/tbody>\n<\/table>\n<\/div>\n<p><span style=\"font-size: 16pt;line-height: 107%\"><\/p>\n<div style=\"text-align: justify\"><span style=\"font-size: 16pt\"><br \/><\/span><\/div>\n<div style=\"text-align: justify\"><span style=\"font-size: 16pt\"><br \/><\/span><\/div>\n<div style=\"text-align: justify\"><span style=\"font-size: 16pt\">Nacido en Teruel en 1933, fallecido en Madrid el 17 de marzo de 2021, comenz\u00f3 muy joven sus estudios de m\u00fasica en Valencia y Madrid, complet\u00e1ndolos posteriormente en el extranjero.<\/span><\/div>\n<p><\/span><\/p>\n<p style=\"text-align: justify\"><span style=\"font-size: 16pt;line-height: 107%\">Considerado el m\u00e1s importante m\u00fasico turolense contempor\u00e1neo, siempre vinculado a su tierra, fue elegido por el Gobierno de Arag\u00f3n para componer la m\u00fasica del himno oficial en 1989.<\/span><\/p>\n<p style=\"text-align: justify\"><span style=\"font-size: 16pt;line-height: 107%\">En 1954, Ant\u00f3n Garc\u00eda Abril viaja a Italia para ampliar sus estudios.<\/span><\/p>\n<\/p>\n<p style=\"text-align: justify\"><span style=\"font-size: 16pt;line-height: 107%\"><span>&nbsp;&nbsp;&nbsp;&nbsp;&nbsp;&nbsp;&nbsp; <\/span>Debe tenerse muy presente la fecha en la que se expide este documento, 1954. Nuestro pa\u00eds todav\u00eda est\u00e1 en la posguerra, en concreto en lo que los historiadores han denominado primer franquismo (1939-1959). Salir de Espa\u00f1a al extranjero deb\u00eda estar suficientemente justificado, en el caso que nos ocupa el solicitante indica el destino: Italia, y la causa, ampliaci\u00f3n de estudios. <\/span><\/p>\n<p style=\"text-align: justify;text-indent: 35.4pt\"><span style=\"font-size: 16pt;line-height: 107%\">La instancia va dirigida al Director General de Seguridad y en el reverso pueden observarse dos firmas: una del Inspector del Cuerpo General de Polic\u00eda de Teruel y la otra de un farmac\u00e9utico. Es lo que se conoce como <b>avales<\/b>.&nbsp;<\/span><\/p>\n<p style=\"text-align: justify;text-indent: 35.4pt\"><span style=\"font-size: 16pt;line-height: 107%\"><\/span><\/p>\n<table align=\"center\" cellpadding=\"0\" cellspacing=\"0\" style=\"margin-left: auto;margin-right: auto\">\n<tbody>\n<tr>\n<td style=\"text-align: center\"><a href=\"https:\/\/1.bp.blogspot.com\/-5Bws87j3L-U\/YFSbN0iaeYI\/AAAAAAAAAUI\/iVaan8OFvYEOY7uoWiJXfQlWRbqLWJUKgCLcBGAsYHQ\/s1748\/garcia_abril_reverso.jpg\" style=\"margin-left: auto;margin-right: auto\"><img loading=\"lazy\" decoding=\"async\" border=\"0\" data-original-height=\"1748\" data-original-width=\"1298\" height=\"640\" src=\"https:\/\/1.bp.blogspot.com\/-5Bws87j3L-U\/YFSbN0iaeYI\/AAAAAAAAAUI\/iVaan8OFvYEOY7uoWiJXfQlWRbqLWJUKgCLcBGAsYHQ\/w476-h640\/garcia_abril_reverso.jpg\" width=\"476\" \/><\/a><\/td>\n<\/tr>\n<tr>\n<td style=\"text-align: center\">AHPTE\/GC\/001138\/0085<\/td>\n<\/tr>\n<\/tbody>\n<\/table>\n<p><span style=\"font-size: 16pt;line-height: 107%\"><br \/>&nbsp;<\/span><\/p>\n<p style=\"text-align: justify;text-indent: 35.4pt\"><span style=\"font-size: 16pt;line-height: 107%\">Fueron tan frecuentes como necesarios, esta especie de recomendaci\u00f3n consist\u00eda en que una persona af\u00edn al nuevo r\u00e9gimen respaldaba el comportamiento pol\u00edtico pasado y\/o <span>&nbsp;<\/span>presente de otra persona que lo necesitaba para obtener algo (trabajo, evitar un despido por cuestiones pol\u00edticas, adjuntarse como parte de la defensa en un proceso de depuraci\u00f3n, para ayudar a que se disiparan sospechas ante la polic\u00eda en una detenci\u00f3n, en un expediente para conseguir la libertad condicional, en un juicio\u2026, o como en el caso que nos ocupa para salir al extranjero). <\/span><\/p>\n<p>&nbsp;<\/p>\n<p><\/p>\n<div><img decoding=\"async\" src=\"http:\/\/dara-documentos-y-archivos-de-aragon.blogspot.com\/\" \/><\/div>\n<div>\n<div>\n<div><\/div>\n<div>What do you want to do ?<\/div>\n<p><a>New mail<\/a><button>Copy<\/button><textarea><\/textarea><\/div>\n<\/div>\n<div><img decoding=\"async\" src=\"http:\/\/dara-documentos-y-archivos-de-aragon.blogspot.com\/\" \/><\/div>\n","protected":false},"excerpt":{"rendered":"<p>El Archivo Hist\u00f3rico Provincial de Teruel se suma al duelo por el m\u00fasico turolense. AHPTE\/GC\/001138\/0085 Nacido en Teruel en 1933, fallecido en Madrid el 17 de marzo de 2021, comenz\u00f3 muy joven sus estudios de m\u00fasica en Valencia y Madrid, complet\u00e1ndolos posteriormente en el extranjero. Considerado el m\u00e1s importante m\u00fasico turolense contempor\u00e1neo, siempre vinculado a [&hellip;]<\/p>\n","protected":false},"author":6,"featured_media":6527,"comment_status":"open","ping_status":"closed","sticky":false,"template":"","format":"standard","meta":{"_et_pb_use_builder":"","_et_pb_old_content":"","_et_gb_content_width":"","om_disable_all_campaigns":false,"_monsterinsights_skip_tracking":false,"_monsterinsights_sitenote_active":false,"_monsterinsights_sitenote_note":"","_monsterinsights_sitenote_category":0,"_uf_show_specific_survey":0,"_uf_disable_surveys":false,"footnotes":""},"categories":[13,5],"tags":[378,327],"class_list":["post-221","post","type-post","status-publish","format-standard","has-post-thumbnail","hentry","category-ahp-teruel","category-noticias","tag-anton-garcia-abril","tag-musica"],"yoast_head":"<!-- This site is optimized with the Yoast SEO plugin v26.2 - https:\/\/yoast.com\/wordpress\/plugins\/seo\/ -->\n<title>Homenaje al m\u00fasico Ant\u00f3n Garc\u00eda Abril - DARA GENERAL<\/title>\n<meta name=\"robots\" content=\"index, follow, max-snippet:-1, max-image-preview:large, max-video-preview:-1\" \/>\n<link rel=\"canonical\" href=\"https:\/\/dara.aragon.es\/dara\/blog\/homenaje-al-musico-anton-garcia-abril\/\" \/>\n<meta property=\"og:locale\" content=\"es_ES\" \/>\n<meta property=\"og:type\" content=\"article\" \/>\n<meta property=\"og:title\" content=\"Homenaje al m\u00fasico Ant\u00f3n Garc\u00eda Abril - DARA GENERAL\" \/>\n<meta property=\"og:description\" content=\"El Archivo Hist\u00f3rico Provincial de Teruel se suma al duelo por el m\u00fasico turolense. AHPTE\/GC\/001138\/0085 Nacido en Teruel en 1933, fallecido en Madrid el 17 de marzo de 2021, comenz\u00f3 muy joven sus estudios de m\u00fasica en Valencia y Madrid, complet\u00e1ndolos posteriormente en el extranjero. Considerado el m\u00e1s importante m\u00fasico turolense contempor\u00e1neo, siempre vinculado a [&hellip;]\" \/>\n<meta property=\"og:url\" content=\"https:\/\/dara.aragon.es\/dara\/blog\/homenaje-al-musico-anton-garcia-abril\/\" \/>\n<meta property=\"og:site_name\" content=\"DARA GENERAL\" \/>\n<meta property=\"article:published_time\" content=\"2021-03-19T12:41:00+00:00\" \/>\n<meta property=\"article:modified_time\" content=\"2024-10-23T07:00:23+00:00\" \/>\n<meta property=\"og:image\" content=\"https:\/\/dara.aragon.es\/dara\/wp-content\/uploads\/2021\/03\/garcia_abril-1.jpg\" \/>\n\t<meta property=\"og:image:width\" content=\"471\" \/>\n\t<meta property=\"og:image:height\" content=\"640\" \/>\n\t<meta property=\"og:image:type\" content=\"image\/jpeg\" \/>\n<meta name=\"author\" content=\"Mar\u00eda Jos\u00e9 Casaus Ballester Archivo Hist\u00f3rico Provincial de Teruel\" \/>\n<meta name=\"twitter:card\" content=\"summary_large_image\" \/>\n<meta name=\"twitter:label1\" content=\"Escrito por\" \/>\n\t<meta name=\"twitter:data1\" content=\"Mar\u00eda Jos\u00e9 Casaus Ballester Archivo Hist\u00f3rico Provincial de Teruel\" \/>\n\t<meta name=\"twitter:label2\" content=\"Tiempo de lectura\" \/>\n\t<meta name=\"twitter:data2\" content=\"2 minutos\" \/>\n<script type=\"application\/ld+json\" class=\"yoast-schema-graph\">{\"@context\":\"https:\/\/schema.org\",\"@graph\":[{\"@type\":\"WebPage\",\"@id\":\"https:\/\/dara.aragon.es\/dara\/blog\/homenaje-al-musico-anton-garcia-abril\/\",\"url\":\"https:\/\/dara.aragon.es\/dara\/blog\/homenaje-al-musico-anton-garcia-abril\/\",\"name\":\"Homenaje al m\u00fasico Ant\u00f3n Garc\u00eda Abril - DARA GENERAL\",\"isPartOf\":{\"@id\":\"https:\/\/dara.aragon.es\/dara\/#website\"},\"primaryImageOfPage\":{\"@id\":\"https:\/\/dara.aragon.es\/dara\/blog\/homenaje-al-musico-anton-garcia-abril\/#primaryimage\"},\"image\":{\"@id\":\"https:\/\/dara.aragon.es\/dara\/blog\/homenaje-al-musico-anton-garcia-abril\/#primaryimage\"},\"thumbnailUrl\":\"https:\/\/dara.aragon.es\/dara\/wp-content\/uploads\/2021\/03\/garcia_abril-1.jpg\",\"datePublished\":\"2021-03-19T12:41:00+00:00\",\"dateModified\":\"2024-10-23T07:00:23+00:00\",\"author\":{\"@id\":\"https:\/\/dara.aragon.es\/dara\/#\/schema\/person\/92db10f29a48509b330e75cf1b9d39ed\"},\"breadcrumb\":{\"@id\":\"https:\/\/dara.aragon.es\/dara\/blog\/homenaje-al-musico-anton-garcia-abril\/#breadcrumb\"},\"inLanguage\":\"es\",\"potentialAction\":[{\"@type\":\"ReadAction\",\"target\":[\"https:\/\/dara.aragon.es\/dara\/blog\/homenaje-al-musico-anton-garcia-abril\/\"]}]},{\"@type\":\"ImageObject\",\"inLanguage\":\"es\",\"@id\":\"https:\/\/dara.aragon.es\/dara\/blog\/homenaje-al-musico-anton-garcia-abril\/#primaryimage\",\"url\":\"https:\/\/dara.aragon.es\/dara\/wp-content\/uploads\/2021\/03\/garcia_abril-1.jpg\",\"contentUrl\":\"https:\/\/dara.aragon.es\/dara\/wp-content\/uploads\/2021\/03\/garcia_abril-1.jpg\",\"width\":471,\"height\":640},{\"@type\":\"BreadcrumbList\",\"@id\":\"https:\/\/dara.aragon.es\/dara\/blog\/homenaje-al-musico-anton-garcia-abril\/#breadcrumb\",\"itemListElement\":[{\"@type\":\"ListItem\",\"position\":1,\"name\":\"Portada\",\"item\":\"https:\/\/dara.aragon.es\/dara\/\"},{\"@type\":\"ListItem\",\"position\":2,\"name\":\"Homenaje al m\u00fasico Ant\u00f3n Garc\u00eda Abril\"}]},{\"@type\":\"WebSite\",\"@id\":\"https:\/\/dara.aragon.es\/dara\/#website\",\"url\":\"https:\/\/dara.aragon.es\/dara\/\",\"name\":\"DARA GENERAL\",\"description\":\"Documentos y archivos de Arag\u00f3n\",\"potentialAction\":[{\"@type\":\"SearchAction\",\"target\":{\"@type\":\"EntryPoint\",\"urlTemplate\":\"https:\/\/dara.aragon.es\/dara\/?s={search_term_string}\"},\"query-input\":{\"@type\":\"PropertyValueSpecification\",\"valueRequired\":true,\"valueName\":\"search_term_string\"}}],\"inLanguage\":\"es\"},{\"@type\":\"Person\",\"@id\":\"https:\/\/dara.aragon.es\/dara\/#\/schema\/person\/92db10f29a48509b330e75cf1b9d39ed\",\"name\":\"Mar\u00eda Jos\u00e9 Casaus Ballester Archivo Hist\u00f3rico Provincial de Teruel\",\"image\":{\"@type\":\"ImageObject\",\"inLanguage\":\"es\",\"@id\":\"https:\/\/dara.aragon.es\/dara\/#\/schema\/person\/image\/\",\"url\":\"https:\/\/secure.gravatar.com\/avatar\/eda95c3e9a0679fa28f40f7955438808774d16cf528ecc8ee8797074d4dd0132?s=96&d=mm&r=g\",\"contentUrl\":\"https:\/\/secure.gravatar.com\/avatar\/eda95c3e9a0679fa28f40f7955438808774d16cf528ecc8ee8797074d4dd0132?s=96&d=mm&r=g\",\"caption\":\"Mar\u00eda Jos\u00e9 Casaus Ballester Archivo Hist\u00f3rico Provincial de Teruel\"},\"description\":\"T\u00e9cnico Superior de Patrimonio Cultural de Archivos y responsable de la direcci\u00f3n del AHPTE\",\"url\":\"https:\/\/dara.aragon.es\/dara\/blog\/author\/mjcasaus\/\"}]}<\/script>\n<!-- \/ Yoast SEO plugin. -->","yoast_head_json":{"title":"Homenaje al m\u00fasico Ant\u00f3n Garc\u00eda Abril - DARA GENERAL","robots":{"index":"index","follow":"follow","max-snippet":"max-snippet:-1","max-image-preview":"max-image-preview:large","max-video-preview":"max-video-preview:-1"},"canonical":"https:\/\/dara.aragon.es\/dara\/blog\/homenaje-al-musico-anton-garcia-abril\/","og_locale":"es_ES","og_type":"article","og_title":"Homenaje al m\u00fasico Ant\u00f3n Garc\u00eda Abril - DARA GENERAL","og_description":"El Archivo Hist\u00f3rico Provincial de Teruel se suma al duelo por el m\u00fasico turolense. AHPTE\/GC\/001138\/0085 Nacido en Teruel en 1933, fallecido en Madrid el 17 de marzo de 2021, comenz\u00f3 muy joven sus estudios de m\u00fasica en Valencia y Madrid, complet\u00e1ndolos posteriormente en el extranjero. Considerado el m\u00e1s importante m\u00fasico turolense contempor\u00e1neo, siempre vinculado a [&hellip;]","og_url":"https:\/\/dara.aragon.es\/dara\/blog\/homenaje-al-musico-anton-garcia-abril\/","og_site_name":"DARA GENERAL","article_published_time":"2021-03-19T12:41:00+00:00","article_modified_time":"2024-10-23T07:00:23+00:00","og_image":[{"width":471,"height":640,"url":"https:\/\/dara.aragon.es\/dara\/wp-content\/uploads\/2021\/03\/garcia_abril-1.jpg","type":"image\/jpeg"}],"author":"Mar\u00eda Jos\u00e9 Casaus Ballester Archivo Hist\u00f3rico Provincial de Teruel","twitter_card":"summary_large_image","twitter_misc":{"Escrito por":"Mar\u00eda Jos\u00e9 Casaus Ballester Archivo Hist\u00f3rico Provincial de Teruel","Tiempo de lectura":"2 minutos"},"schema":{"@context":"https:\/\/schema.org","@graph":[{"@type":"WebPage","@id":"https:\/\/dara.aragon.es\/dara\/blog\/homenaje-al-musico-anton-garcia-abril\/","url":"https:\/\/dara.aragon.es\/dara\/blog\/homenaje-al-musico-anton-garcia-abril\/","name":"Homenaje al m\u00fasico Ant\u00f3n Garc\u00eda Abril - DARA GENERAL","isPartOf":{"@id":"https:\/\/dara.aragon.es\/dara\/#website"},"primaryImageOfPage":{"@id":"https:\/\/dara.aragon.es\/dara\/blog\/homenaje-al-musico-anton-garcia-abril\/#primaryimage"},"image":{"@id":"https:\/\/dara.aragon.es\/dara\/blog\/homenaje-al-musico-anton-garcia-abril\/#primaryimage"},"thumbnailUrl":"https:\/\/dara.aragon.es\/dara\/wp-content\/uploads\/2021\/03\/garcia_abril-1.jpg","datePublished":"2021-03-19T12:41:00+00:00","dateModified":"2024-10-23T07:00:23+00:00","author":{"@id":"https:\/\/dara.aragon.es\/dara\/#\/schema\/person\/92db10f29a48509b330e75cf1b9d39ed"},"breadcrumb":{"@id":"https:\/\/dara.aragon.es\/dara\/blog\/homenaje-al-musico-anton-garcia-abril\/#breadcrumb"},"inLanguage":"es","potentialAction":[{"@type":"ReadAction","target":["https:\/\/dara.aragon.es\/dara\/blog\/homenaje-al-musico-anton-garcia-abril\/"]}]},{"@type":"ImageObject","inLanguage":"es","@id":"https:\/\/dara.aragon.es\/dara\/blog\/homenaje-al-musico-anton-garcia-abril\/#primaryimage","url":"https:\/\/dara.aragon.es\/dara\/wp-content\/uploads\/2021\/03\/garcia_abril-1.jpg","contentUrl":"https:\/\/dara.aragon.es\/dara\/wp-content\/uploads\/2021\/03\/garcia_abril-1.jpg","width":471,"height":640},{"@type":"BreadcrumbList","@id":"https:\/\/dara.aragon.es\/dara\/blog\/homenaje-al-musico-anton-garcia-abril\/#breadcrumb","itemListElement":[{"@type":"ListItem","position":1,"name":"Portada","item":"https:\/\/dara.aragon.es\/dara\/"},{"@type":"ListItem","position":2,"name":"Homenaje al m\u00fasico Ant\u00f3n Garc\u00eda Abril"}]},{"@type":"WebSite","@id":"https:\/\/dara.aragon.es\/dara\/#website","url":"https:\/\/dara.aragon.es\/dara\/","name":"DARA GENERAL","description":"Documentos y archivos de Arag\u00f3n","potentialAction":[{"@type":"SearchAction","target":{"@type":"EntryPoint","urlTemplate":"https:\/\/dara.aragon.es\/dara\/?s={search_term_string}"},"query-input":{"@type":"PropertyValueSpecification","valueRequired":true,"valueName":"search_term_string"}}],"inLanguage":"es"},{"@type":"Person","@id":"https:\/\/dara.aragon.es\/dara\/#\/schema\/person\/92db10f29a48509b330e75cf1b9d39ed","name":"Mar\u00eda Jos\u00e9 Casaus Ballester Archivo Hist\u00f3rico Provincial de Teruel","image":{"@type":"ImageObject","inLanguage":"es","@id":"https:\/\/dara.aragon.es\/dara\/#\/schema\/person\/image\/","url":"https:\/\/secure.gravatar.com\/avatar\/eda95c3e9a0679fa28f40f7955438808774d16cf528ecc8ee8797074d4dd0132?s=96&d=mm&r=g","contentUrl":"https:\/\/secure.gravatar.com\/avatar\/eda95c3e9a0679fa28f40f7955438808774d16cf528ecc8ee8797074d4dd0132?s=96&d=mm&r=g","caption":"Mar\u00eda Jos\u00e9 Casaus Ballester Archivo Hist\u00f3rico Provincial de Teruel"},"description":"T\u00e9cnico Superior de Patrimonio Cultural de Archivos y responsable de la direcci\u00f3n del AHPTE","url":"https:\/\/dara.aragon.es\/dara\/blog\/author\/mjcasaus\/"}]}},"_links":{"self":[{"href":"https:\/\/dara.aragon.es\/dara\/wp-json\/wp\/v2\/posts\/221","targetHints":{"allow":["GET"]}}],"collection":[{"href":"https:\/\/dara.aragon.es\/dara\/wp-json\/wp\/v2\/posts"}],"about":[{"href":"https:\/\/dara.aragon.es\/dara\/wp-json\/wp\/v2\/types\/post"}],"author":[{"embeddable":true,"href":"https:\/\/dara.aragon.es\/dara\/wp-json\/wp\/v2\/users\/6"}],"replies":[{"embeddable":true,"href":"https:\/\/dara.aragon.es\/dara\/wp-json\/wp\/v2\/comments?post=221"}],"version-history":[{"count":0,"href":"https:\/\/dara.aragon.es\/dara\/wp-json\/wp\/v2\/posts\/221\/revisions"}],"wp:featuredmedia":[{"embeddable":true,"href":"https:\/\/dara.aragon.es\/dara\/wp-json\/wp\/v2\/media\/6527"}],"wp:attachment":[{"href":"https:\/\/dara.aragon.es\/dara\/wp-json\/wp\/v2\/media?parent=221"}],"wp:term":[{"taxonomy":"category","embeddable":true,"href":"https:\/\/dara.aragon.es\/dara\/wp-json\/wp\/v2\/categories?post=221"},{"taxonomy":"post_tag","embeddable":true,"href":"https:\/\/dara.aragon.es\/dara\/wp-json\/wp\/v2\/tags?post=221"}],"curies":[{"name":"wp","href":"https:\/\/api.w.org\/{rel}","templated":true}]}}