{"id":225,"date":"2021-02-25T17:14:00","date_gmt":"2021-02-25T17:14:00","guid":{"rendered":"https:\/\/dara.aragon.es\/dara\/blog\/2021\/02\/25\/un-arbol-milenario-la-representacion-mas-antigua-de-la-carrasca-de-lecina\/"},"modified":"2024-10-23T07:02:32","modified_gmt":"2024-10-23T07:02:32","slug":"un-arbol-milenario-la-representacion-mas-antigua-de-la-carrasca-de-lecina","status":"publish","type":"post","link":"https:\/\/dara.aragon.es\/dara\/blog\/un-arbol-milenario-la-representacion-mas-antigua-de-la-carrasca-de-lecina\/","title":{"rendered":"Un \u00e1rbol milenario: \u00bfla representaci\u00f3n m\u00e1s antigua de la carrasca de Lecina?"},"content":{"rendered":"<p>&nbsp;Los Archivos aragoneses guardan la historia&nbsp; de nuestra comunidad aut\u00f3noma. Tambi\u00e9n la historia de su representaci\u00f3n en mapas y planos.&nbsp; Gran parte de ella, puede ser consultada e investigada a trav\u00e9s del portal de Documentos y&nbsp; Archivos de Arag\u00f3n (<a href=\"http:\/\/www.dara-aragon.es\/\">DARA<\/a>).<\/p>\n<table align=\"center\" cellpadding=\"0\" cellspacing=\"0\" style=\"margin-left: auto;margin-right: auto\">\n<tbody>\n<tr>\n<td style=\"text-align: center\"><span style=\"margin-left: auto;margin-right: auto\"><a href=\"https:\/\/dara.aragon.es\/opac\/app\/item\/?vm=nv&amp;ob=os:0&amp;q=lecina&amp;p=0&amp;ft=place:Lecina&amp;i=325162\" target=\"_blank\" rel=\"noopener\"><img loading=\"lazy\" decoding=\"async\" border=\"0\" data-original-height=\"597\" data-original-width=\"1273\" height=\"300\" src=\"https:\/\/1.bp.blogspot.com\/-1h-O6GfheSY\/YDfDD5E4EpI\/AAAAAAAABAI\/McPtuyj8-wATTYYzEo-4EP5a22NNviMGQCLcBGAsYHQ\/w640-h300\/AHPZ_C_MPGD_000132_a.jpg%2BRECORTE3.jpg\" width=\"640\" \/><\/a><\/span><\/td>\n<\/tr>\n<tr>\n<td style=\"text-align: center\"><a href=\"https:\/\/dara.aragon.es\/opac\/app\/item\/?vm=nv&amp;ob=os:0&amp;q=lecina&amp;p=0&amp;ft=place:Lecina&amp;i=325162\" target=\"_blank\" rel=\"noopener\"><span style=\"color: #990000;font-size: x-small\"><i><b>Representaci\u00f3n de Lecina y los \u00e1rboles que la rodeaban en un mapa del a\u00f1o 1727&nbsp; &nbsp; &nbsp;<\/b><\/i><\/span><b><i><span style=\"color: #990000;font-size: x-small\">ES\/AHPZ &#8211; C\/MPGD\/000132<\/span><\/i><\/b><\/a><\/td>\n<\/tr>\n<\/tbody>\n<\/table>\n<p style=\"text-align: justify\">En este mapa conservado en el Archivo Hist\u00f3rico Provincial de Zaragoza, aparecen reflejadas las buegas o mojones que delimitaban las heredades de Lecina y Alqu\u00e9zar. Como puntos de referencia, dos antiguos caminos principales: el de Alqu\u00e9zar y el de Colungo. A la derecha del camino de Colungo, varios \u00e1rboles destacan por ser representados con un mayor tama\u00f1o. \u00bfPodr\u00eda ser alguno de ellos la milenaria carrasca de Lecina? \u00bfEstamos ante su representaci\u00f3n gr\u00e1fica m\u00e1s antigua?&nbsp;<\/p>\n<table align=\"center\" cellpadding=\"0\" cellspacing=\"0\" style=\"margin-left: auto;margin-right: auto\">\n<tbody>\n<tr>\n<td style=\"text-align: center\"><span style=\"margin-left: auto;margin-right: auto\"><a href=\"https:\/\/dara.aragon.es\/opac\/app\/item\/?vm=nv&amp;ob=os:0&amp;q=lecina&amp;p=0&amp;ft=place:Lecina&amp;i=325162\" target=\"_blank\" rel=\"noopener\"><img loading=\"lazy\" decoding=\"async\" border=\"0\" data-original-height=\"1092\" data-original-width=\"2048\" height=\"342\" src=\"https:\/\/1.bp.blogspot.com\/-vxUbzp0iOZs\/YDfEZhq_C6I\/AAAAAAAABAQ\/W40XQRNfYtEP5auzx5Gr_i5Ag-cNXWeCACLcBGAsYHQ\/w640-h342\/AHPZ_C_MPGD_000132_a.jpg%2BRECORTE1.jpg\" width=\"640\" \/><\/a><\/span><\/td>\n<\/tr>\n<tr>\n<td style=\"text-align: center\"><a href=\"https:\/\/dara.aragon.es\/opac\/app\/item\/?vm=nv&amp;ob=os:0&amp;q=lecina&amp;p=0&amp;ft=place:Lecina&amp;i=325162\" target=\"_blank\" rel=\"noopener\"><span style=\"color: #990000;font-size: x-small\"><b><i>Detalle del mapa de ubicaci\u00f3n de las buegas de Lecina (Huesca). A\u00f1o 1727.&nbsp; &nbsp; &nbsp;&nbsp;<\/i><\/b><\/span><b><i><span style=\"color: #990000;font-size: xx-small\">ES\/AHPZ &#8211; C\/MPGD\/000132<\/span><\/i><\/b><\/a><\/td>\n<\/tr>\n<\/tbody>\n<\/table>\n<p style=\"text-align: justify\">Lo cierto es que no podemos saberlo con exactitud. En ocasiones las personas que dibujaban los mapas de una zona, pueblo o lugar, jam\u00e1s lo hab\u00edan pisado. Se basaban para sus dise\u00f1os en representaciones de mapas y planos anteriores o, simplemente, en descripciones de los lugare\u00f1os.&nbsp;&nbsp;<\/p>\n<p style=\"text-align: justify\">Hay muchos Archivos aragoneses que poseen mapas y planos antiguos&nbsp; representando los pueblos y ciudades de Arag\u00f3n. Uno de los que mayor cantidad conserva, es el Archivo Hist\u00f3rico Provincial de Zaragoza (AHPZ). Custodia planos y mapas de montes, pueblos, obras, casas, huertos, dise\u00f1o de riegos&#8230; Desde este <a href=\"http:\/\/dara-documentos-y-archivos-de-aragon.blogspot.com\/dise%C3%B1os%20de%20riegos\" target=\"_blank\" rel=\"noopener\">enlace<\/a>, se pueden consultar y descargar los planos relativos a todo Arag\u00f3n conservados en el AHP de Zaragoza, que tuvieron en su d\u00eda un valor probatorio, t\u00e9cnico o informativo, y que hoy sirven para el estudio y la investigaci\u00f3n al haber alcanzado un valor hist\u00f3rico.&nbsp;<\/p>\n<p style=\"text-align: justify\">Realizados muchos de estos planos en acuarela, terminan siendo en muchas ocasiones verdaderas obras de arte, que se detienen a detallar elementos del paisaje, entre ellos, los \u00e1rboles.<\/p>\n<table align=\"center\" cellpadding=\"0\" cellspacing=\"0\" style=\"margin-left: auto;margin-right: auto\">\n<tbody>\n<tr>\n<td style=\"text-align: center\"><a href=\"https:\/\/1.bp.blogspot.com\/-YubyeclszYM\/YDfQHh0CtZI\/AAAAAAAABAg\/C5VtxMcAYqMZ8r4B2yhL2V-jg079ONLzACLcBGAsYHQ\/s1709\/Canal%2Bde%2BBerd%25C3%25BAn%2Ba%25C3%25B1o%2B1898.jpg\" style=\"margin-left: auto;margin-right: auto\"><img loading=\"lazy\" decoding=\"async\" border=\"0\" data-original-height=\"1127\" data-original-width=\"1709\" height=\"422\" src=\"https:\/\/1.bp.blogspot.com\/-YubyeclszYM\/YDfQHh0CtZI\/AAAAAAAABAg\/C5VtxMcAYqMZ8r4B2yhL2V-jg079ONLzACLcBGAsYHQ\/w640-h422\/Canal%2Bde%2BBerd%25C3%25BAn%2Ba%25C3%25B1o%2B1898.jpg\" width=\"640\" \/><\/a><\/td>\n<\/tr>\n<tr>\n<td style=\"text-align: center\"><b><i><span style=\"color: #990000;font-size: x-small\">Plano del Carrascal de Berd\u00fan (Huesca). A\u00f1o 1898.&nbsp; &nbsp; &nbsp; &nbsp;<\/span><span style=\"color: #990000;font-size: xx-small\">AHP Huesca CAT-505<\/p>\n<p><\/span><\/i><\/b><\/td>\n<\/tr>\n<\/tbody>\n<\/table>\n<p style=\"text-align: justify\"><\/p>\n<table align=\"center\" cellpadding=\"0\" cellspacing=\"0\" style=\"margin-left: auto;margin-right: auto\">\n<tbody>\n<tr>\n<td style=\"text-align: center\"><span style=\"margin-left: auto;margin-right: auto\"><a href=\"https:\/\/dara.aragon.es\/opac\/app\/item\/?vm=nv&amp;ob=os:0&amp;q=teruel+mapa&amp;p=1&amp;ft=archive:3&amp;i=350908\" target=\"_blank\" rel=\"noopener\"><img loading=\"lazy\" decoding=\"async\" border=\"0\" data-original-height=\"824\" data-original-width=\"1735\" height=\"304\" src=\"https:\/\/1.bp.blogspot.com\/-QLkisWiqyMk\/YDfXqGys2mI\/AAAAAAAABAo\/nf_LQZIkXTYxhaEwY3c1PYL5TTcZE1KAQCLcBGAsYHQ\/w640-h304\/mapas%2BTeruel.jpg%2BRECORTADO.jpg\" width=\"640\" \/><\/a><\/span><\/td>\n<\/tr>\n<tr>\n<td style=\"text-align: center\"><span style=\"color: #990000\"><i><b><a href=\"https:\/\/dara.aragon.es\/opac\/app\/item\/?vm=nv&amp;ob=os:0&amp;q=teruel+mapa&amp;p=1&amp;ft=archive:3&amp;i=350908\" target=\"_blank\" rel=\"noopener\"><span style=\"font-size: x-small\">Detalle de plano con el arbolado de la ciudad de Zaragoza. AHP Teruel&nbsp; &nbsp;&nbsp;<\/span><span style=\"font-size: xx-small\">ES\/AHPTE &#8211; MPGD\/CGA.31<\/span><\/a><\/b><\/i><\/span><\/td>\n<\/tr>\n<\/tbody>\n<\/table>\n<p style=\"text-align: justify\">Desde DARA, nos unimos a la campa\u00f1a de votaci\u00f3n abierta hasta el domingo, d\u00eda 28 de febrero, para que un \u00e1rbol milenario aragon\u00e9s, la carrasca de Lecina, sea declarada \u00ab\u00c1rbol Europeo del a\u00f1o 2021\u00bb.&nbsp;<\/p>\n<p style=\"text-align: justify\">Y aprovechamos para difundir los fondos documentales de los Archivos aragoneses, en los que puede encontrarse todo tipo de informaci\u00f3n sobre la historia aragonesa, quiz\u00e1s incluso, sobre la Carrasca milenaria de Lecina.&nbsp;<\/p>\n<p style=\"text-align: justify\">Puedes votar por la Carrasca de Lecina en el siguiente enlace:<\/p>\n<p style=\"text-align: justify\"><a href=\"https:\/\/www.treeoftheyear.org\/spain\">https:\/\/www.treeoftheyear.org\/spain<\/a><\/p>\n<p><\/p>\n<div style=\"clear: both;text-align: center\"><\/div>\n<p><\/p>\n<div>\n<div>\n<div><\/div>\n<div><\/div>\n<\/div>\n<\/div>\n<div><img decoding=\"async\" src=\"http:\/\/dara-documentos-y-archivos-de-aragon.blogspot.com\/\" \/><\/div>\n","protected":false},"excerpt":{"rendered":"<p>&nbsp;Los Archivos aragoneses guardan la historia&nbsp; de nuestra comunidad aut\u00f3noma. Tambi\u00e9n la historia de su representaci\u00f3n en mapas y planos.&nbsp; Gran parte de ella, puede ser consultada e investigada a trav\u00e9s del portal de Documentos y&nbsp; Archivos de Arag\u00f3n (DARA). Representaci\u00f3n de Lecina y los \u00e1rboles que la rodeaban en un mapa del a\u00f1o 1727&nbsp; [&hellip;]<\/p>\n","protected":false},"author":2,"featured_media":6530,"comment_status":"open","ping_status":"closed","sticky":false,"template":"","format":"standard","meta":{"_et_pb_use_builder":"","_et_pb_old_content":"","_et_gb_content_width":"","om_disable_all_campaigns":false,"_monsterinsights_skip_tracking":false,"_monsterinsights_sitenote_active":false,"_monsterinsights_sitenote_note":"","_monsterinsights_sitenote_category":0,"_uf_show_specific_survey":0,"_uf_disable_surveys":false,"footnotes":""},"categories":[5],"tags":[379,380,381,382],"class_list":["post-225","post","type-post","status-publish","format-standard","has-post-thumbnail","hentry","category-noticias","tag-arboles","tag-carrasca-de-lecina","tag-lecina","tag-mapas-y-planos"],"yoast_head":"<!-- This site is optimized with the Yoast SEO plugin v26.2 - https:\/\/yoast.com\/wordpress\/plugins\/seo\/ -->\n<title>Un \u00e1rbol milenario: \u00bfla representaci\u00f3n m\u00e1s antigua de la carrasca de Lecina? - DARA GENERAL<\/title>\n<meta name=\"robots\" content=\"index, follow, max-snippet:-1, max-image-preview:large, max-video-preview:-1\" \/>\n<link rel=\"canonical\" href=\"https:\/\/dara.aragon.es\/dara\/blog\/un-arbol-milenario-la-representacion-mas-antigua-de-la-carrasca-de-lecina\/\" \/>\n<meta property=\"og:locale\" content=\"es_ES\" \/>\n<meta property=\"og:type\" content=\"article\" \/>\n<meta property=\"og:title\" content=\"Un \u00e1rbol milenario: \u00bfla representaci\u00f3n m\u00e1s antigua de la carrasca de Lecina? - DARA GENERAL\" \/>\n<meta property=\"og:description\" content=\"&nbsp;Los Archivos aragoneses guardan la historia&nbsp; de nuestra comunidad aut\u00f3noma. Tambi\u00e9n la historia de su representaci\u00f3n en mapas y planos.&nbsp; Gran parte de ella, puede ser consultada e investigada a trav\u00e9s del portal de Documentos y&nbsp; Archivos de Arag\u00f3n (DARA). Representaci\u00f3n de Lecina y los \u00e1rboles que la rodeaban en un mapa del a\u00f1o 1727&nbsp; [&hellip;]\" \/>\n<meta property=\"og:url\" content=\"https:\/\/dara.aragon.es\/dara\/blog\/un-arbol-milenario-la-representacion-mas-antigua-de-la-carrasca-de-lecina\/\" \/>\n<meta property=\"og:site_name\" content=\"DARA GENERAL\" \/>\n<meta property=\"article:published_time\" content=\"2021-02-25T17:14:00+00:00\" \/>\n<meta property=\"article:modified_time\" content=\"2024-10-23T07:02:32+00:00\" \/>\n<meta property=\"og:image\" content=\"https:\/\/dara.aragon.es\/dara\/wp-content\/uploads\/2021\/02\/AHPZ_C_MPGD_000132_a.jpg-RECORTE3.jpg\" \/>\n\t<meta property=\"og:image:width\" content=\"640\" \/>\n\t<meta property=\"og:image:height\" content=\"300\" \/>\n\t<meta property=\"og:image:type\" content=\"image\/jpeg\" \/>\n<meta name=\"author\" content=\"Archivo Hist\u00f3rico Provincial de Huesca Juanjo Generelo\" \/>\n<meta name=\"twitter:card\" content=\"summary_large_image\" \/>\n<meta name=\"twitter:label1\" content=\"Escrito por\" \/>\n\t<meta name=\"twitter:data1\" content=\"Archivo Hist\u00f3rico Provincial de Huesca Juanjo Generelo\" \/>\n\t<meta name=\"twitter:label2\" content=\"Tiempo de lectura\" \/>\n\t<meta name=\"twitter:data2\" content=\"2 minutos\" \/>\n<script type=\"application\/ld+json\" class=\"yoast-schema-graph\">{\"@context\":\"https:\/\/schema.org\",\"@graph\":[{\"@type\":\"WebPage\",\"@id\":\"https:\/\/dara.aragon.es\/dara\/blog\/un-arbol-milenario-la-representacion-mas-antigua-de-la-carrasca-de-lecina\/\",\"url\":\"https:\/\/dara.aragon.es\/dara\/blog\/un-arbol-milenario-la-representacion-mas-antigua-de-la-carrasca-de-lecina\/\",\"name\":\"Un \u00e1rbol milenario: \u00bfla representaci\u00f3n m\u00e1s antigua de la carrasca de Lecina? - DARA GENERAL\",\"isPartOf\":{\"@id\":\"https:\/\/dara.aragon.es\/dara\/#website\"},\"primaryImageOfPage\":{\"@id\":\"https:\/\/dara.aragon.es\/dara\/blog\/un-arbol-milenario-la-representacion-mas-antigua-de-la-carrasca-de-lecina\/#primaryimage\"},\"image\":{\"@id\":\"https:\/\/dara.aragon.es\/dara\/blog\/un-arbol-milenario-la-representacion-mas-antigua-de-la-carrasca-de-lecina\/#primaryimage\"},\"thumbnailUrl\":\"https:\/\/dara.aragon.es\/dara\/wp-content\/uploads\/2021\/02\/AHPZ_C_MPGD_000132_a.jpg-RECORTE3.jpg\",\"datePublished\":\"2021-02-25T17:14:00+00:00\",\"dateModified\":\"2024-10-23T07:02:32+00:00\",\"author\":{\"@id\":\"https:\/\/dara.aragon.es\/dara\/#\/schema\/person\/c92a91d58960d5273d13b621efa16e1c\"},\"breadcrumb\":{\"@id\":\"https:\/\/dara.aragon.es\/dara\/blog\/un-arbol-milenario-la-representacion-mas-antigua-de-la-carrasca-de-lecina\/#breadcrumb\"},\"inLanguage\":\"es\",\"potentialAction\":[{\"@type\":\"ReadAction\",\"target\":[\"https:\/\/dara.aragon.es\/dara\/blog\/un-arbol-milenario-la-representacion-mas-antigua-de-la-carrasca-de-lecina\/\"]}]},{\"@type\":\"ImageObject\",\"inLanguage\":\"es\",\"@id\":\"https:\/\/dara.aragon.es\/dara\/blog\/un-arbol-milenario-la-representacion-mas-antigua-de-la-carrasca-de-lecina\/#primaryimage\",\"url\":\"https:\/\/dara.aragon.es\/dara\/wp-content\/uploads\/2021\/02\/AHPZ_C_MPGD_000132_a.jpg-RECORTE3.jpg\",\"contentUrl\":\"https:\/\/dara.aragon.es\/dara\/wp-content\/uploads\/2021\/02\/AHPZ_C_MPGD_000132_a.jpg-RECORTE3.jpg\",\"width\":640,\"height\":300},{\"@type\":\"BreadcrumbList\",\"@id\":\"https:\/\/dara.aragon.es\/dara\/blog\/un-arbol-milenario-la-representacion-mas-antigua-de-la-carrasca-de-lecina\/#breadcrumb\",\"itemListElement\":[{\"@type\":\"ListItem\",\"position\":1,\"name\":\"Portada\",\"item\":\"https:\/\/dara.aragon.es\/dara\/\"},{\"@type\":\"ListItem\",\"position\":2,\"name\":\"Un \u00e1rbol milenario: \u00bfla representaci\u00f3n m\u00e1s antigua de la carrasca de Lecina?\"}]},{\"@type\":\"WebSite\",\"@id\":\"https:\/\/dara.aragon.es\/dara\/#website\",\"url\":\"https:\/\/dara.aragon.es\/dara\/\",\"name\":\"DARA GENERAL\",\"description\":\"Documentos y archivos de Arag\u00f3n\",\"potentialAction\":[{\"@type\":\"SearchAction\",\"target\":{\"@type\":\"EntryPoint\",\"urlTemplate\":\"https:\/\/dara.aragon.es\/dara\/?s={search_term_string}\"},\"query-input\":{\"@type\":\"PropertyValueSpecification\",\"valueRequired\":true,\"valueName\":\"search_term_string\"}}],\"inLanguage\":\"es\"},{\"@type\":\"Person\",\"@id\":\"https:\/\/dara.aragon.es\/dara\/#\/schema\/person\/c92a91d58960d5273d13b621efa16e1c\",\"name\":\"Archivo Hist\u00f3rico Provincial de Huesca Juanjo Generelo\",\"image\":{\"@type\":\"ImageObject\",\"inLanguage\":\"es\",\"@id\":\"https:\/\/dara.aragon.es\/dara\/#\/schema\/person\/image\/\",\"url\":\"https:\/\/secure.gravatar.com\/avatar\/fa75e3fa3d7c0fae31f3a68e8792dda4a61d177f3ad3cf4464163ec40829ee75?s=96&d=mm&r=g\",\"contentUrl\":\"https:\/\/secure.gravatar.com\/avatar\/fa75e3fa3d7c0fae31f3a68e8792dda4a61d177f3ad3cf4464163ec40829ee75?s=96&d=mm&r=g\",\"caption\":\"Archivo Hist\u00f3rico Provincial de Huesca Juanjo Generelo\"},\"url\":\"https:\/\/dara.aragon.es\/dara\/blog\/author\/archivohu\/\"}]}<\/script>\n<!-- \/ Yoast SEO plugin. -->","yoast_head_json":{"title":"Un \u00e1rbol milenario: \u00bfla representaci\u00f3n m\u00e1s antigua de la carrasca de Lecina? - DARA GENERAL","robots":{"index":"index","follow":"follow","max-snippet":"max-snippet:-1","max-image-preview":"max-image-preview:large","max-video-preview":"max-video-preview:-1"},"canonical":"https:\/\/dara.aragon.es\/dara\/blog\/un-arbol-milenario-la-representacion-mas-antigua-de-la-carrasca-de-lecina\/","og_locale":"es_ES","og_type":"article","og_title":"Un \u00e1rbol milenario: \u00bfla representaci\u00f3n m\u00e1s antigua de la carrasca de Lecina? - DARA GENERAL","og_description":"&nbsp;Los Archivos aragoneses guardan la historia&nbsp; de nuestra comunidad aut\u00f3noma. Tambi\u00e9n la historia de su representaci\u00f3n en mapas y planos.&nbsp; Gran parte de ella, puede ser consultada e investigada a trav\u00e9s del portal de Documentos y&nbsp; Archivos de Arag\u00f3n (DARA). Representaci\u00f3n de Lecina y los \u00e1rboles que la rodeaban en un mapa del a\u00f1o 1727&nbsp; [&hellip;]","og_url":"https:\/\/dara.aragon.es\/dara\/blog\/un-arbol-milenario-la-representacion-mas-antigua-de-la-carrasca-de-lecina\/","og_site_name":"DARA GENERAL","article_published_time":"2021-02-25T17:14:00+00:00","article_modified_time":"2024-10-23T07:02:32+00:00","og_image":[{"width":640,"height":300,"url":"https:\/\/dara.aragon.es\/dara\/wp-content\/uploads\/2021\/02\/AHPZ_C_MPGD_000132_a.jpg-RECORTE3.jpg","type":"image\/jpeg"}],"author":"Archivo Hist\u00f3rico Provincial de Huesca Juanjo Generelo","twitter_card":"summary_large_image","twitter_misc":{"Escrito por":"Archivo Hist\u00f3rico Provincial de Huesca Juanjo Generelo","Tiempo de lectura":"2 minutos"},"schema":{"@context":"https:\/\/schema.org","@graph":[{"@type":"WebPage","@id":"https:\/\/dara.aragon.es\/dara\/blog\/un-arbol-milenario-la-representacion-mas-antigua-de-la-carrasca-de-lecina\/","url":"https:\/\/dara.aragon.es\/dara\/blog\/un-arbol-milenario-la-representacion-mas-antigua-de-la-carrasca-de-lecina\/","name":"Un \u00e1rbol milenario: \u00bfla representaci\u00f3n m\u00e1s antigua de la carrasca de Lecina? - DARA GENERAL","isPartOf":{"@id":"https:\/\/dara.aragon.es\/dara\/#website"},"primaryImageOfPage":{"@id":"https:\/\/dara.aragon.es\/dara\/blog\/un-arbol-milenario-la-representacion-mas-antigua-de-la-carrasca-de-lecina\/#primaryimage"},"image":{"@id":"https:\/\/dara.aragon.es\/dara\/blog\/un-arbol-milenario-la-representacion-mas-antigua-de-la-carrasca-de-lecina\/#primaryimage"},"thumbnailUrl":"https:\/\/dara.aragon.es\/dara\/wp-content\/uploads\/2021\/02\/AHPZ_C_MPGD_000132_a.jpg-RECORTE3.jpg","datePublished":"2021-02-25T17:14:00+00:00","dateModified":"2024-10-23T07:02:32+00:00","author":{"@id":"https:\/\/dara.aragon.es\/dara\/#\/schema\/person\/c92a91d58960d5273d13b621efa16e1c"},"breadcrumb":{"@id":"https:\/\/dara.aragon.es\/dara\/blog\/un-arbol-milenario-la-representacion-mas-antigua-de-la-carrasca-de-lecina\/#breadcrumb"},"inLanguage":"es","potentialAction":[{"@type":"ReadAction","target":["https:\/\/dara.aragon.es\/dara\/blog\/un-arbol-milenario-la-representacion-mas-antigua-de-la-carrasca-de-lecina\/"]}]},{"@type":"ImageObject","inLanguage":"es","@id":"https:\/\/dara.aragon.es\/dara\/blog\/un-arbol-milenario-la-representacion-mas-antigua-de-la-carrasca-de-lecina\/#primaryimage","url":"https:\/\/dara.aragon.es\/dara\/wp-content\/uploads\/2021\/02\/AHPZ_C_MPGD_000132_a.jpg-RECORTE3.jpg","contentUrl":"https:\/\/dara.aragon.es\/dara\/wp-content\/uploads\/2021\/02\/AHPZ_C_MPGD_000132_a.jpg-RECORTE3.jpg","width":640,"height":300},{"@type":"BreadcrumbList","@id":"https:\/\/dara.aragon.es\/dara\/blog\/un-arbol-milenario-la-representacion-mas-antigua-de-la-carrasca-de-lecina\/#breadcrumb","itemListElement":[{"@type":"ListItem","position":1,"name":"Portada","item":"https:\/\/dara.aragon.es\/dara\/"},{"@type":"ListItem","position":2,"name":"Un \u00e1rbol milenario: \u00bfla representaci\u00f3n m\u00e1s antigua de la carrasca de Lecina?"}]},{"@type":"WebSite","@id":"https:\/\/dara.aragon.es\/dara\/#website","url":"https:\/\/dara.aragon.es\/dara\/","name":"DARA GENERAL","description":"Documentos y archivos de Arag\u00f3n","potentialAction":[{"@type":"SearchAction","target":{"@type":"EntryPoint","urlTemplate":"https:\/\/dara.aragon.es\/dara\/?s={search_term_string}"},"query-input":{"@type":"PropertyValueSpecification","valueRequired":true,"valueName":"search_term_string"}}],"inLanguage":"es"},{"@type":"Person","@id":"https:\/\/dara.aragon.es\/dara\/#\/schema\/person\/c92a91d58960d5273d13b621efa16e1c","name":"Archivo Hist\u00f3rico Provincial de Huesca Juanjo Generelo","image":{"@type":"ImageObject","inLanguage":"es","@id":"https:\/\/dara.aragon.es\/dara\/#\/schema\/person\/image\/","url":"https:\/\/secure.gravatar.com\/avatar\/fa75e3fa3d7c0fae31f3a68e8792dda4a61d177f3ad3cf4464163ec40829ee75?s=96&d=mm&r=g","contentUrl":"https:\/\/secure.gravatar.com\/avatar\/fa75e3fa3d7c0fae31f3a68e8792dda4a61d177f3ad3cf4464163ec40829ee75?s=96&d=mm&r=g","caption":"Archivo Hist\u00f3rico Provincial de Huesca Juanjo Generelo"},"url":"https:\/\/dara.aragon.es\/dara\/blog\/author\/archivohu\/"}]}},"_links":{"self":[{"href":"https:\/\/dara.aragon.es\/dara\/wp-json\/wp\/v2\/posts\/225","targetHints":{"allow":["GET"]}}],"collection":[{"href":"https:\/\/dara.aragon.es\/dara\/wp-json\/wp\/v2\/posts"}],"about":[{"href":"https:\/\/dara.aragon.es\/dara\/wp-json\/wp\/v2\/types\/post"}],"author":[{"embeddable":true,"href":"https:\/\/dara.aragon.es\/dara\/wp-json\/wp\/v2\/users\/2"}],"replies":[{"embeddable":true,"href":"https:\/\/dara.aragon.es\/dara\/wp-json\/wp\/v2\/comments?post=225"}],"version-history":[{"count":0,"href":"https:\/\/dara.aragon.es\/dara\/wp-json\/wp\/v2\/posts\/225\/revisions"}],"wp:featuredmedia":[{"embeddable":true,"href":"https:\/\/dara.aragon.es\/dara\/wp-json\/wp\/v2\/media\/6530"}],"wp:attachment":[{"href":"https:\/\/dara.aragon.es\/dara\/wp-json\/wp\/v2\/media?parent=225"}],"wp:term":[{"taxonomy":"category","embeddable":true,"href":"https:\/\/dara.aragon.es\/dara\/wp-json\/wp\/v2\/categories?post=225"},{"taxonomy":"post_tag","embeddable":true,"href":"https:\/\/dara.aragon.es\/dara\/wp-json\/wp\/v2\/tags?post=225"}],"curies":[{"name":"wp","href":"https:\/\/api.w.org\/{rel}","templated":true}]}}