{"id":234,"date":"2020-09-02T10:52:00","date_gmt":"2020-09-02T10:52:00","guid":{"rendered":"https:\/\/dara.aragon.es\/dara\/blog\/2020\/09\/02\/dara-novedades-cumple-10-anos\/"},"modified":"2024-10-23T07:15:01","modified_gmt":"2024-10-23T07:15:01","slug":"dara-novedades-cumple-10-anos","status":"publish","type":"post","link":"https:\/\/dara.aragon.es\/dara\/blog\/dara-novedades-cumple-10-anos\/","title":{"rendered":"DARA-Novedades cumple 10 a\u00f1os"},"content":{"rendered":"<div style=\"clear: both;text-align: center\">La revista surgi\u00f3 como \u00f3rgano de comunicaci\u00f3n de la comunidad de archiveros del Sistema de Informaci\u00f3n de los Archivos de Arag\u00f3n con todos sus usuarios. En 2020, a pesar de las dificultades que nos han tocado vivir, ha seguido viva y, a lo largo del a\u00f1o se han podido presentar dos nuevos n\u00fameros monogr\u00e1ficos.&nbsp;<\/div>\n<div style=\"clear: both;text-align: center\"><\/div>\n<div style=\"clear: both;text-align: center\"><\/div>\n<table cellpadding=\"0\" cellspacing=\"0\" style=\"float: left;margin-right: 1em;text-align: left\">\n<tbody>\n<tr>\n<td style=\"text-align: center\"><a href=\"https:\/\/1.bp.blogspot.com\/-D8YT8q-pTak\/XtujZbmFYbI\/AAAAAAAAA5w\/xyDp7dHZVikXHrBDeOJHOXrC_4RzT7nNQCLcBGAsYHQ\/s1600\/imagenes_GA_00021410_Foto_Luis_Correas_cbd25925.jpg\" style=\"clear: left;margin-bottom: 1em;margin-left: auto;margin-right: auto\"><img loading=\"lazy\" decoding=\"async\" border=\"0\" data-original-height=\"310\" data-original-width=\"700\" height=\"282\" src=\"https:\/\/1.bp.blogspot.com\/-D8YT8q-pTak\/XtujZbmFYbI\/AAAAAAAAA5w\/xyDp7dHZVikXHrBDeOJHOXrC_4RzT7nNQCLcBGAsYHQ\/s640\/imagenes_GA_00021410_Foto_Luis_Correas_cbd25925.jpg\" width=\"640\" \/><\/a><\/td>\n<\/tr>\n<tr>\n<td style=\"text-align: center\">\n<div><span style=\"font-size: x-small\">La Directora del Archivo Hist\u00f3rico Provincial de Zaragoza, M\u00aa Teresa Iranzo, ense\u00f1a al Presidente Lamb\u00e1n algunos documentos en presencia del Consejero de Educaci\u00f3n, Cultura y Turismo y el Director General de Cultura y Patrimonio durante la presentaci\u00f3n del n\u00famero 20 de DARA-Novedades<\/span><\/div>\n<\/td>\n<\/tr>\n<\/tbody>\n<\/table>\n<div style=\"clear: both;text-align: center\"><\/div>\n<table align=\"center\" cellpadding=\"0\" cellspacing=\"0\" style=\"margin-left: auto;margin-right: auto\">\n<tbody>\n<tr>\n<td style=\"text-align: center\"><a href=\"http:\/\/www.dehuesca.es\/~sipca\/IMAGEN\/images_web\/boletinesdara\/DARA%20junio%202020.pdf\" target=\"_blank\" rel=\"noopener\"><img decoding=\"async\" border=\"0\" data-original-height=\"709\" data-original-width=\"494\" height=\"320\" src=\"https:\/\/1.bp.blogspot.com\/-L9kxPHFUqeA\/X1DQ7fyRL8I\/AAAAAAAAA78\/8MzU26UXa8Euw-t06KROLCoYGH81hgnpQCLcBGAsYHQ\/s320\/DARA-Novedades-21-Archivos_comarcales.png\" style=\"margin-left: auto;margin-right: auto\" \/><\/a><\/td>\n<\/tr>\n<tr>\n<td style=\"text-align: center\"><a href=\"http:\/\/www.dehuesca.es\/~sipca\/IMAGEN\/images_web\/boletinesdara\/DARA%20junio%202020.pdf\" target=\"_blank\" rel=\"noopener\"><br \/><\/a><\/td>\n<\/tr>\n<\/tbody>\n<\/table>\n<div style=\"clear: both;text-align: center\"><a href=\"https:\/\/1.bp.blogspot.com\/-L9kxPHFUqeA\/X1DQ7fyRL8I\/AAAAAAAAA78\/8MzU26UXa8Euw-t06KROLCoYGH81hgnpQCLcBGAsYHQ\/s709\/DARA-Novedades-21-Archivos_comarcales.png\" style=\"clear: left;float: left;margin-bottom: 1em;margin-right: 1em\">&nbsp;<\/a><\/div>\n<div style=\"clear: both;text-align: center\">El \u00faltimo n\u00famero en salir a la luz ha sido el dedicado a los archivos comarcales aragoneses. Fiel al esp\u00edritu con el que naci\u00f3 DARA, es el fruto del esfuerzo cooperativo de los profesionales de este tipo de archivos, asentados sobre el territorio y que plantean su trabajo como su compromiso con el Arag\u00f3n rural en la lucha contra la despoblaci\u00f3n. Se acab\u00f3 de preparar durante el confinamiento y fue presentado virtualmente el 12 de junio de 2020.<\/div>\n<div style=\"clear: both;text-align: center\"><\/div>\n<div style=\"clear: both;text-align: center\">Poco antes, el pasado 5 de junio, como preludio de la Semana Internacional de los Archivos, el Presidente de Arag\u00f3n, Javier Lamb\u00e1n, present\u00f3 el n\u00ba 20 de <i>DARA-Novedades<\/i>, dedicado al Conde de Aranda en los archivos aragoneses. La presentaci\u00f3n coincidi\u00f3 tambi\u00e9n con el 10\u00ba aniversario de la publicaci\u00f3n.&nbsp;<\/div>\n<div style=\"clear: both;text-align: center\"><\/div>\n<div style=\"clear: both;text-align: center\"><\/div>\n<div style=\"clear: both;text-align: center\"><a href=\"http:\/\/www.sipca.es\/dara\/boletin.jsp\" target=\"_blank\" rel=\"noopener\"><img loading=\"lazy\" decoding=\"async\" alt=\"http:\/\/www.sipca.es\/dara\/boletin.jsp\" border=\"0\" data-original-height=\"818\" data-original-width=\"760\" height=\"640\" src=\"https:\/\/1.bp.blogspot.com\/-86uEJ3cQWPs\/XtovmeRvi1I\/AAAAAAAAA48\/LSHetLa6tkc2-99NPAXEyOLYe_loIBepgCLcBGAsYHQ\/s640\/EZu5qN-WoAA-6Av.png\" width=\"593\" \/><\/a><\/div>\n<p><\/p>\n<h3>Todos los n\u00fameros<\/h3>\n<ul>\n<li>N\u00ba1 &#8211; Junio de 2010: DARA, una herramienta para compartir archivos.<\/li>\n<li>N\u00ba2 &#8211; Enero de 2011: 11 nuevos archivos se integran en DARA.<\/li>\n<li>N\u00ba3 &#8211; Febrero de 2011: Los escolapios aragoneses en internet.<\/li>\n<li>N\u00ba4 &#8211; Febrero de 2011: El Archivo de Joaqu\u00edn Costa.<\/li>\n<li>N\u00ba5 &#8211; Abril de 2011: Los procesos de la Inquisici\u00f3n aragonesa en Internet.<\/li>\n<li>N\u00ba6 &#8211; Junio de 2011: Normalizar la toponimia: GEODARA, v.2. <\/li>\n<li>N\u00ba7 &#8211; Junio de 2011: El Archivo Hist\u00f3rico Provincial de Zaragoza.&nbsp;<\/li>\n<li>N\u00ba8 &#8211; Enero de 2012: El Instituto Nacional de Colonizaci\u00f3n.<\/li>\n<li>N\u00ba9 &#8211; Mayo de 2012: Los censos electorales (1890 &#8211; 1955).<\/li>\n<li>N\u00ba10 &#8211; Mayo de 2012: El Archivo Hist\u00f3rico Provincial de Huesca.<\/li>\n<li>N\u00ba11 &#8211; Diciembre de 2012: Jer\u00f3nimo Zurita y su \u00e9poca.&nbsp;<\/li>\n<li>N\u00ba12 &#8211; Mayo de 2013: El Archivo de la Diputaci\u00f3n Provincial de Huesca.<\/li>\n<li>N\u00ba13 &#8211; Septiembre de 2013: Infanzon\u00edas: Las pruebas de nobleza en archivos aragoneses. Fondos para el estudio de la nobleza aragonesa.<\/li>\n<li>N\u00ba14 &#8211; Marzo de 2015: <i>Scripta Manent<\/i>: Edici\u00f3n y difusi\u00f3n de fuentes medievales aragonesas hoy.&nbsp;<\/li>\n<li>N\u00ba15 &#8211; Junio de 2015: Documentos medievales aragoneses: De Ramiro I a Fernando II. Reyes, instituciones, archivos.<\/li>\n<li>N\u00ba16 &#8211; Mayo de 2016: El Archivo Municipal de Jaca.<\/li>\n<li>N\u00ba17 &#8211; Junio de 2016: Yag\u00fce de Salas y los archivos turolenses.&nbsp;<\/li>\n<li>N\u00ba18 &#8211; Enero de 2018: Los papeles de la casa. Archivos personales y familiares aragoneses.&nbsp;<\/li>\n<li>N\u00ba19 &#8211; Octubre de 2018: Archivos y memoria democr\u00e1tica.&nbsp;<\/li>\n<li>N\u00ba20 &#8211; Diciembre de 2019: El Conde de Aranda y su \u00e9poca en los archivos aragoneses.&nbsp;<\/li>\n<li>N\u00ba21 &#8211; Junio de 2020: Archivos comarcales aragoneses.<\/li>\n<\/ul>\n<p><\/p>\n<h3>Autores:<\/h3>\n<p>Todo esto no hubiera sido posible sin la colaboraci\u00f3n desinteresada de m\u00e1s de medio centenar de autores que han querido colaborar. Destacados profesionales de los archivos y la investigaci\u00f3n hist\u00f3rica aragonesa que han aportado su conocimiento, su tiempo y su trabajo para dar a conocer nuestros archivos:<\/p>\n<p>&nbsp; &nbsp; &nbsp; Ram\u00f3n Abad Hiraldo, M\u00aa Pilar Ab\u00f3s Castel, Jos\u00e9 M\u00aa Alag\u00f3n Laste, Francisco J. Alfaro P\u00e9rez, Bego\u00f1a Alonso, Natalia Ascaso Labarta, Lausa As\u00edn Mart\u00ednez, M\u00aa Dolores Aur\u00e9 Mar\u00edn, M\u00aa Dolores Barrios Mart\u00ednez, Enrique Borruel L\u00f3pez, Domingo Buesa Conde, Beatriz Buesa Pueyo, Blanca Calavera Palacios, Pilar Calvo Vila, Beatriz Canellas Anoz, Jes\u00fas Cardiel, Elena Carnicer Gimeno, M\u00aa Jos\u00e9 Casaus Ballester, M\u00aa del Pilar Cuesta Domingo, Antonio Emperador Sau, Isabel Escart\u00edn Alcubierre, Jos\u00e9 A. Ferrer Benimeli, Blanca Ferrer Plou, M\u00aa Jos\u00e9 Foncillas Sierra, Laura Fontova Sancho, Ana Isabel Gasc\u00f3n Pascual, Juan Jos\u00e9 Generelo Lanaspa, Jos\u00e9 Antonio Gimeno Jarauta, Manuel G\u00f3mez de Valenzuela, Carmen Ib\u00e1\u00f1ez Ripoll, Alicia Ib\u00e1nez Yag\u00fce, M\u00aa Teresa Iranzo Mu\u00f1\u00edo, Daniel Jimeno Uriel, Natalia Juan, Mario Lafuente G\u00f3mez, Carlos Laliena Corbera, Jos\u00e9 Luis Lardi\u00e9s Pardo, Fernando L\u00f3pez Rajadel, Carmen Lozano Florist\u00e1n, V\u00edctor Lucea Ayala, M\u00aa Luisa Mart\u00ednez Gimeno, Marta Mastral Gasc\u00f3n de Gotor, Pedro Moreno Meyerhoff, Maricruz Moreno Gajate, Juli\u00e1n Moyano Collado, Concha Nasarre Sarmiento, Manuel Pardo de Vera y D\u00edaz, Diego Percebal Marco, Guillermo P\u00e9rez Sarri\u00f3n, Ana Isabel Pla Juli\u00e1n, Miguel \u00c1ngel del Prado Mart\u00ednez, Jos\u00e9 Carlos Puente Sanagust\u00edn, Mar\u00eda Rivas Pal\u00e1, Alicia S\u00e1nchez Lecha, Sonia S\u00e1nchez, Armando Serrano Mart\u00ednez, \u00c1ngel Sesma Mu\u00f1oz, Guillermo Tom\u00e1s Faci, Javier Velilla Gil, Jos\u00e9 Ram\u00f3n Villanueva Herrero, Concepci\u00f3n Villanueva Morte, M\u00aa Luisa Xim\u00e9nez de Emb\u00fam.<\/p>\n<h3>Todos los n\u00fameros est\u00e1n accesibles en&nbsp;<a href=\"http:\/\/www.dara-aragon.es\/dara\/boletin.jsp\">http:\/\/www.dara-aragon.es\/dara\/boletin.jsp<\/a><\/h3>\n","protected":false},"excerpt":{"rendered":"<p>La revista surgi\u00f3 como \u00f3rgano de comunicaci\u00f3n de la comunidad de archiveros del Sistema de Informaci\u00f3n de los Archivos de Arag\u00f3n con todos sus usuarios. En 2020, a pesar de las dificultades que nos han tocado vivir, ha seguido viva y, a lo largo del a\u00f1o se han podido presentar dos nuevos n\u00fameros monogr\u00e1ficos.&nbsp; La [&hellip;]<\/p>\n","protected":false},"author":2,"featured_media":6536,"comment_status":"open","ping_status":"closed","sticky":false,"template":"","format":"standard","meta":{"_et_pb_use_builder":"","_et_pb_old_content":"","_et_gb_content_width":"","om_disable_all_campaigns":false,"_monsterinsights_skip_tracking":false,"_monsterinsights_sitenote_active":false,"_monsterinsights_sitenote_note":"","_monsterinsights_sitenote_category":0,"_uf_show_specific_survey":0,"_uf_disable_surveys":false,"footnotes":""},"categories":[15,36,5],"tags":[509],"class_list":["post-234","post","type-post","status-publish","format-standard","has-post-thumbnail","hentry","category-ahp-zaragoza","category-dara-novedades","category-noticias","tag-javier-lamban"],"yoast_head":"<!-- This site is optimized with the Yoast SEO plugin v26.2 - https:\/\/yoast.com\/wordpress\/plugins\/seo\/ -->\n<title>DARA-Novedades cumple 10 a\u00f1os - DARA GENERAL<\/title>\n<meta name=\"robots\" content=\"index, follow, max-snippet:-1, max-image-preview:large, max-video-preview:-1\" \/>\n<link rel=\"canonical\" href=\"https:\/\/dara.aragon.es\/dara\/blog\/dara-novedades-cumple-10-anos\/\" \/>\n<meta property=\"og:locale\" content=\"es_ES\" \/>\n<meta property=\"og:type\" content=\"article\" \/>\n<meta property=\"og:title\" content=\"DARA-Novedades cumple 10 a\u00f1os - DARA GENERAL\" \/>\n<meta property=\"og:description\" content=\"La revista surgi\u00f3 como \u00f3rgano de comunicaci\u00f3n de la comunidad de archiveros del Sistema de Informaci\u00f3n de los Archivos de Arag\u00f3n con todos sus usuarios. En 2020, a pesar de las dificultades que nos han tocado vivir, ha seguido viva y, a lo largo del a\u00f1o se han podido presentar dos nuevos n\u00fameros monogr\u00e1ficos.&nbsp; La [&hellip;]\" \/>\n<meta property=\"og:url\" content=\"https:\/\/dara.aragon.es\/dara\/blog\/dara-novedades-cumple-10-anos\/\" \/>\n<meta property=\"og:site_name\" content=\"DARA GENERAL\" \/>\n<meta property=\"article:published_time\" content=\"2020-09-02T10:52:00+00:00\" \/>\n<meta property=\"article:modified_time\" content=\"2024-10-23T07:15:01+00:00\" \/>\n<meta property=\"og:image\" content=\"https:\/\/dara.aragon.es\/dara\/wp-content\/uploads\/2020\/09\/imagenes_GA_00021410_Foto_Luis_Correas_cbd25925.jpg\" \/>\n\t<meta property=\"og:image:width\" content=\"640\" \/>\n\t<meta property=\"og:image:height\" content=\"283\" \/>\n\t<meta property=\"og:image:type\" content=\"image\/jpeg\" \/>\n<meta name=\"author\" content=\"Archivo Hist\u00f3rico Provincial de Huesca Juanjo Generelo\" \/>\n<meta name=\"twitter:card\" content=\"summary_large_image\" \/>\n<meta name=\"twitter:label1\" content=\"Escrito por\" \/>\n\t<meta name=\"twitter:data1\" content=\"Archivo Hist\u00f3rico Provincial de Huesca Juanjo Generelo\" \/>\n\t<meta name=\"twitter:label2\" content=\"Tiempo de lectura\" \/>\n\t<meta name=\"twitter:data2\" content=\"4 minutos\" \/>\n<script type=\"application\/ld+json\" class=\"yoast-schema-graph\">{\"@context\":\"https:\/\/schema.org\",\"@graph\":[{\"@type\":\"WebPage\",\"@id\":\"https:\/\/dara.aragon.es\/dara\/blog\/dara-novedades-cumple-10-anos\/\",\"url\":\"https:\/\/dara.aragon.es\/dara\/blog\/dara-novedades-cumple-10-anos\/\",\"name\":\"DARA-Novedades cumple 10 a\u00f1os - DARA GENERAL\",\"isPartOf\":{\"@id\":\"https:\/\/dara.aragon.es\/dara\/#website\"},\"primaryImageOfPage\":{\"@id\":\"https:\/\/dara.aragon.es\/dara\/blog\/dara-novedades-cumple-10-anos\/#primaryimage\"},\"image\":{\"@id\":\"https:\/\/dara.aragon.es\/dara\/blog\/dara-novedades-cumple-10-anos\/#primaryimage\"},\"thumbnailUrl\":\"https:\/\/dara.aragon.es\/dara\/wp-content\/uploads\/2020\/09\/imagenes_GA_00021410_Foto_Luis_Correas_cbd25925.jpg\",\"datePublished\":\"2020-09-02T10:52:00+00:00\",\"dateModified\":\"2024-10-23T07:15:01+00:00\",\"author\":{\"@id\":\"https:\/\/dara.aragon.es\/dara\/#\/schema\/person\/c92a91d58960d5273d13b621efa16e1c\"},\"breadcrumb\":{\"@id\":\"https:\/\/dara.aragon.es\/dara\/blog\/dara-novedades-cumple-10-anos\/#breadcrumb\"},\"inLanguage\":\"es\",\"potentialAction\":[{\"@type\":\"ReadAction\",\"target\":[\"https:\/\/dara.aragon.es\/dara\/blog\/dara-novedades-cumple-10-anos\/\"]}]},{\"@type\":\"ImageObject\",\"inLanguage\":\"es\",\"@id\":\"https:\/\/dara.aragon.es\/dara\/blog\/dara-novedades-cumple-10-anos\/#primaryimage\",\"url\":\"https:\/\/dara.aragon.es\/dara\/wp-content\/uploads\/2020\/09\/imagenes_GA_00021410_Foto_Luis_Correas_cbd25925.jpg\",\"contentUrl\":\"https:\/\/dara.aragon.es\/dara\/wp-content\/uploads\/2020\/09\/imagenes_GA_00021410_Foto_Luis_Correas_cbd25925.jpg\",\"width\":640,\"height\":283},{\"@type\":\"BreadcrumbList\",\"@id\":\"https:\/\/dara.aragon.es\/dara\/blog\/dara-novedades-cumple-10-anos\/#breadcrumb\",\"itemListElement\":[{\"@type\":\"ListItem\",\"position\":1,\"name\":\"Portada\",\"item\":\"https:\/\/dara.aragon.es\/dara\/\"},{\"@type\":\"ListItem\",\"position\":2,\"name\":\"DARA-Novedades cumple 10 a\u00f1os\"}]},{\"@type\":\"WebSite\",\"@id\":\"https:\/\/dara.aragon.es\/dara\/#website\",\"url\":\"https:\/\/dara.aragon.es\/dara\/\",\"name\":\"DARA GENERAL\",\"description\":\"Documentos y archivos de Arag\u00f3n\",\"potentialAction\":[{\"@type\":\"SearchAction\",\"target\":{\"@type\":\"EntryPoint\",\"urlTemplate\":\"https:\/\/dara.aragon.es\/dara\/?s={search_term_string}\"},\"query-input\":{\"@type\":\"PropertyValueSpecification\",\"valueRequired\":true,\"valueName\":\"search_term_string\"}}],\"inLanguage\":\"es\"},{\"@type\":\"Person\",\"@id\":\"https:\/\/dara.aragon.es\/dara\/#\/schema\/person\/c92a91d58960d5273d13b621efa16e1c\",\"name\":\"Archivo Hist\u00f3rico Provincial de Huesca Juanjo Generelo\",\"image\":{\"@type\":\"ImageObject\",\"inLanguage\":\"es\",\"@id\":\"https:\/\/dara.aragon.es\/dara\/#\/schema\/person\/image\/\",\"url\":\"https:\/\/secure.gravatar.com\/avatar\/fa75e3fa3d7c0fae31f3a68e8792dda4a61d177f3ad3cf4464163ec40829ee75?s=96&d=mm&r=g\",\"contentUrl\":\"https:\/\/secure.gravatar.com\/avatar\/fa75e3fa3d7c0fae31f3a68e8792dda4a61d177f3ad3cf4464163ec40829ee75?s=96&d=mm&r=g\",\"caption\":\"Archivo Hist\u00f3rico Provincial de Huesca Juanjo Generelo\"},\"url\":\"https:\/\/dara.aragon.es\/dara\/blog\/author\/archivohu\/\"}]}<\/script>\n<!-- \/ Yoast SEO plugin. -->","yoast_head_json":{"title":"DARA-Novedades cumple 10 a\u00f1os - DARA GENERAL","robots":{"index":"index","follow":"follow","max-snippet":"max-snippet:-1","max-image-preview":"max-image-preview:large","max-video-preview":"max-video-preview:-1"},"canonical":"https:\/\/dara.aragon.es\/dara\/blog\/dara-novedades-cumple-10-anos\/","og_locale":"es_ES","og_type":"article","og_title":"DARA-Novedades cumple 10 a\u00f1os - DARA GENERAL","og_description":"La revista surgi\u00f3 como \u00f3rgano de comunicaci\u00f3n de la comunidad de archiveros del Sistema de Informaci\u00f3n de los Archivos de Arag\u00f3n con todos sus usuarios. En 2020, a pesar de las dificultades que nos han tocado vivir, ha seguido viva y, a lo largo del a\u00f1o se han podido presentar dos nuevos n\u00fameros monogr\u00e1ficos.&nbsp; La [&hellip;]","og_url":"https:\/\/dara.aragon.es\/dara\/blog\/dara-novedades-cumple-10-anos\/","og_site_name":"DARA GENERAL","article_published_time":"2020-09-02T10:52:00+00:00","article_modified_time":"2024-10-23T07:15:01+00:00","og_image":[{"width":640,"height":283,"url":"https:\/\/dara.aragon.es\/dara\/wp-content\/uploads\/2020\/09\/imagenes_GA_00021410_Foto_Luis_Correas_cbd25925.jpg","type":"image\/jpeg"}],"author":"Archivo Hist\u00f3rico Provincial de Huesca Juanjo Generelo","twitter_card":"summary_large_image","twitter_misc":{"Escrito por":"Archivo Hist\u00f3rico Provincial de Huesca Juanjo Generelo","Tiempo de lectura":"4 minutos"},"schema":{"@context":"https:\/\/schema.org","@graph":[{"@type":"WebPage","@id":"https:\/\/dara.aragon.es\/dara\/blog\/dara-novedades-cumple-10-anos\/","url":"https:\/\/dara.aragon.es\/dara\/blog\/dara-novedades-cumple-10-anos\/","name":"DARA-Novedades cumple 10 a\u00f1os - DARA GENERAL","isPartOf":{"@id":"https:\/\/dara.aragon.es\/dara\/#website"},"primaryImageOfPage":{"@id":"https:\/\/dara.aragon.es\/dara\/blog\/dara-novedades-cumple-10-anos\/#primaryimage"},"image":{"@id":"https:\/\/dara.aragon.es\/dara\/blog\/dara-novedades-cumple-10-anos\/#primaryimage"},"thumbnailUrl":"https:\/\/dara.aragon.es\/dara\/wp-content\/uploads\/2020\/09\/imagenes_GA_00021410_Foto_Luis_Correas_cbd25925.jpg","datePublished":"2020-09-02T10:52:00+00:00","dateModified":"2024-10-23T07:15:01+00:00","author":{"@id":"https:\/\/dara.aragon.es\/dara\/#\/schema\/person\/c92a91d58960d5273d13b621efa16e1c"},"breadcrumb":{"@id":"https:\/\/dara.aragon.es\/dara\/blog\/dara-novedades-cumple-10-anos\/#breadcrumb"},"inLanguage":"es","potentialAction":[{"@type":"ReadAction","target":["https:\/\/dara.aragon.es\/dara\/blog\/dara-novedades-cumple-10-anos\/"]}]},{"@type":"ImageObject","inLanguage":"es","@id":"https:\/\/dara.aragon.es\/dara\/blog\/dara-novedades-cumple-10-anos\/#primaryimage","url":"https:\/\/dara.aragon.es\/dara\/wp-content\/uploads\/2020\/09\/imagenes_GA_00021410_Foto_Luis_Correas_cbd25925.jpg","contentUrl":"https:\/\/dara.aragon.es\/dara\/wp-content\/uploads\/2020\/09\/imagenes_GA_00021410_Foto_Luis_Correas_cbd25925.jpg","width":640,"height":283},{"@type":"BreadcrumbList","@id":"https:\/\/dara.aragon.es\/dara\/blog\/dara-novedades-cumple-10-anos\/#breadcrumb","itemListElement":[{"@type":"ListItem","position":1,"name":"Portada","item":"https:\/\/dara.aragon.es\/dara\/"},{"@type":"ListItem","position":2,"name":"DARA-Novedades cumple 10 a\u00f1os"}]},{"@type":"WebSite","@id":"https:\/\/dara.aragon.es\/dara\/#website","url":"https:\/\/dara.aragon.es\/dara\/","name":"DARA GENERAL","description":"Documentos y archivos de Arag\u00f3n","potentialAction":[{"@type":"SearchAction","target":{"@type":"EntryPoint","urlTemplate":"https:\/\/dara.aragon.es\/dara\/?s={search_term_string}"},"query-input":{"@type":"PropertyValueSpecification","valueRequired":true,"valueName":"search_term_string"}}],"inLanguage":"es"},{"@type":"Person","@id":"https:\/\/dara.aragon.es\/dara\/#\/schema\/person\/c92a91d58960d5273d13b621efa16e1c","name":"Archivo Hist\u00f3rico Provincial de Huesca Juanjo Generelo","image":{"@type":"ImageObject","inLanguage":"es","@id":"https:\/\/dara.aragon.es\/dara\/#\/schema\/person\/image\/","url":"https:\/\/secure.gravatar.com\/avatar\/fa75e3fa3d7c0fae31f3a68e8792dda4a61d177f3ad3cf4464163ec40829ee75?s=96&d=mm&r=g","contentUrl":"https:\/\/secure.gravatar.com\/avatar\/fa75e3fa3d7c0fae31f3a68e8792dda4a61d177f3ad3cf4464163ec40829ee75?s=96&d=mm&r=g","caption":"Archivo Hist\u00f3rico Provincial de Huesca Juanjo Generelo"},"url":"https:\/\/dara.aragon.es\/dara\/blog\/author\/archivohu\/"}]}},"_links":{"self":[{"href":"https:\/\/dara.aragon.es\/dara\/wp-json\/wp\/v2\/posts\/234","targetHints":{"allow":["GET"]}}],"collection":[{"href":"https:\/\/dara.aragon.es\/dara\/wp-json\/wp\/v2\/posts"}],"about":[{"href":"https:\/\/dara.aragon.es\/dara\/wp-json\/wp\/v2\/types\/post"}],"author":[{"embeddable":true,"href":"https:\/\/dara.aragon.es\/dara\/wp-json\/wp\/v2\/users\/2"}],"replies":[{"embeddable":true,"href":"https:\/\/dara.aragon.es\/dara\/wp-json\/wp\/v2\/comments?post=234"}],"version-history":[{"count":0,"href":"https:\/\/dara.aragon.es\/dara\/wp-json\/wp\/v2\/posts\/234\/revisions"}],"wp:featuredmedia":[{"embeddable":true,"href":"https:\/\/dara.aragon.es\/dara\/wp-json\/wp\/v2\/media\/6536"}],"wp:attachment":[{"href":"https:\/\/dara.aragon.es\/dara\/wp-json\/wp\/v2\/media?parent=234"}],"wp:term":[{"taxonomy":"category","embeddable":true,"href":"https:\/\/dara.aragon.es\/dara\/wp-json\/wp\/v2\/categories?post=234"},{"taxonomy":"post_tag","embeddable":true,"href":"https:\/\/dara.aragon.es\/dara\/wp-json\/wp\/v2\/tags?post=234"}],"curies":[{"name":"wp","href":"https:\/\/api.w.org\/{rel}","templated":true}]}}