{"id":248,"date":"2020-05-14T10:16:00","date_gmt":"2020-05-14T10:16:00","guid":{"rendered":"https:\/\/dara.aragon.es\/dara\/blog\/2020\/05\/14\/memorias-recuperadas-8-juan-freixas-claramunt-1904\/"},"modified":"2024-10-23T07:39:04","modified_gmt":"2024-10-23T07:39:04","slug":"memorias-recuperadas-8-juan-freixas-claramunt-1904","status":"publish","type":"post","link":"https:\/\/dara.aragon.es\/dara\/blog\/memorias-recuperadas-8-juan-freixas-claramunt-1904\/","title":{"rendered":"Memorias recuperadas (8): Juan Freixas Claramunt (1904 &#8211; 2004)"},"content":{"rendered":"<div style=\"text-align: justify\"><span style=\", sans-serif\"><b><span style=\"line-height: 115%\">Recuperamos la <a href=\"https:\/\/bit.ly\/3brIbTp\">memoria de <\/a><\/span><a href=\"https:\/\/bit.ly\/3brIbTp\">Juan Freixas Claramunt<\/a>, entrevistado David Corellano Aznar y Mercedes Yusta Rodrigo el 9 de marzo de 1999.<\/b><\/span><\/div>\n<div style=\"text-align: justify\"><\/div>\n<div style=\"text-align: justify\"><b><span style=\", sans-serif\"><span style=\"font-weight: bold;line-height: 115%\">1.- Los convulsos a\u00f1os 20<\/span><\/span><\/b><\/div>\n<div style=\"text-align: justify\"><span style=\", sans-serif;line-height: 115%\">Juan <\/span><span style=\", sans-serif\">comenz\u00f3 a trabajar con 12 a\u00f1os en una f\u00e1brica de hilaturas de algod\u00f3n en Barcelona. En el a\u00f1o 1921, cuando todav\u00eda no hab\u00eda cumplido los 18 a\u00f1os, particip\u00f3 en la <\/span><b style=\"font-family: Verdana, sans-serif\">Huelga General<\/b><span style=\", sans-serif\"> en demanda de la jornada de 8 horas y <\/span><span style=\", sans-serif\">&nbsp;<\/span><span style=\", sans-serif\">en contra del trabajo infantil. Como miembro del Comit\u00e9 de Huelga fue detenido e ingres\u00f3 en la <\/span><b style=\"font-family: Verdana, sans-serif\">C\u00e1rcel Modelo<\/b><span style=\", sans-serif\"> durante un mes y medio (<\/span><a href=\"https:\/\/bit.ly\/2SX3PIs\" style=\"font-family: Verdana, sans-serif\">escuchar<\/a><span style=\", sans-serif\"><u><span style=\"color: blue\">)<\/span><\/u><\/span><\/div>\n<div style=\"text-align: justify\"><span style=\", sans-serif\"><br \/>\n<\/span><\/div>\n<div style=\"text-align: justify\"><span style=\", sans-serif\"><span style=\"line-height: 115%\">Tras la creaci\u00f3n de los reaccionarios <b>Sindicatos Libres<\/b> (<a href=\"https:\/\/bit.ly\/2LorddO\">escuchar<\/a><span><u><span style=\"color: blue\">)<\/span><\/u><\/span> y los asesinatos de <strong><b><span style=\"font-weight: normal\"><span>&nbsp;<\/span>militantes anarcosindicalistas, form\u00f3 parte de los <\/span><\/b><\/strong><b>grupos terroristas<\/b> encargados de dar respuesta al pistolerismo empresarial (<a href=\"https:\/\/bit.ly\/2zshYqu\">escuchar<\/a><span><u><span style=\"color: blue\">)<\/span><\/u><\/span>.<\/span><\/span><\/div>\n<div style=\"text-align: justify\"><span style=\", sans-serif\"><span style=\"line-height: 115%\"><br \/>\n<\/span><\/span><\/div>\n<div style=\"clear: both;text-align: center\"><a href=\"https:\/\/1.bp.blogspot.com\/-ga2GfLz49Bg\/Xr0WFF80HMI\/AAAAAAAAFr8\/FFj7O8tpPDsKfQf8w1mZrZyYquvAovYSwCNcBGAsYHQ\/s1600\/Ojo-por-ojo.jpg\" style=\"margin-left: 1em;margin-right: 1em\"><img loading=\"lazy\" decoding=\"async\" border=\"0\" data-original-height=\"320\" data-original-width=\"585\" height=\"350\" src=\"https:\/\/1.bp.blogspot.com\/-ga2GfLz49Bg\/Xr0WFF80HMI\/AAAAAAAAFr8\/FFj7O8tpPDsKfQf8w1mZrZyYquvAovYSwCNcBGAsYHQ\/s640\/Ojo-por-ojo.jpg\" width=\"640\" \/><\/a><\/div>\n<div style=\"text-align: center\"><span style=\", sans-serif;font-size: x-small\"><span style=\"line-height: 115%\"><a href=\"https:\/\/commons.wikimedia.org\/wiki\/File:Ojo-por-ojo.png\">Ojo por ojo<\/a>. A\u00f1o 1920<\/span><\/span><\/div>\n<div style=\"text-align: justify\"><\/div>\n<div style=\"text-align: justify\"><span style=\", sans-serif\"><span style=\"line-height: 115%\">Durante la <b>Dictadura del general Primo de Rivera<\/b> altern\u00f3 la prisi\u00f3n con el exilio (<a href=\"https:\/\/bit.ly\/2SZOrLz\">escuchar<\/a><span><u><span style=\"color: blue\">)<\/span><\/u><\/span>. Durante su estancia en la c\u00e1rcel ser\u00e1 usuario de su biblioteca donde se pod\u00edan leer las obras de Marx, de Lenin, de Bakunin, de Anselmo Lorenzo (<a href=\"https:\/\/bit.ly\/3bwwACB\">escuchar<\/a><span><u><span style=\"color: blue\">)<\/span><\/u><\/span>.<\/span><\/span><\/div>\n<div style=\"text-align: justify\"><span style=\", sans-serif\"><span style=\"line-height: 115%\"><br \/>\n<\/span><\/span><\/div>\n<div style=\"text-align: justify\"><span style=\", sans-serif\"><span style=\"line-height: 115%\">Amigo de las \u201cpol\u00e9micas\u201d escribir\u00e1 art\u00edculos en el peri\u00f3dico republicano barcelon\u00e9s \u201c<i>El Diluvio<\/i>\u201d y en \u201c<i>Mundo Obrero<\/i>\u201d el \u00f3rgano oficial del Partido Comunista Espa\u00f1ol desde 1930, donde seg\u00fan se\u00f1ala Freixas ejerci\u00f3 la funci\u00f3n de \u201cdirector de paja\u201d (escuchar <a href=\"https:\/\/bit.ly\/2xVoYLW\">https:\/\/bit.ly\/2xVoYLW<\/a><span><u><span style=\"color: blue\">)<\/span><\/u><\/span>.<span><u><span style=\"color: blue\"><\/span><\/u><\/span><\/span><\/span><\/div>\n<div style=\"text-align: justify\"><span style=\", sans-serif\"><span style=\"line-height: 115%\"><br \/>\n<\/span><\/span><\/div>\n<div style=\"clear: both;text-align: center\"><a href=\"https:\/\/1.bp.blogspot.com\/-vlGjubq92d4\/Xr0XdDwp3WI\/AAAAAAAAFsM\/vZEQX7sHMtYKL47jXbaWiseGRW0mLP6awCNcBGAsYHQ\/s1600\/1908-05-01%252C_El_Diluvio%252Crec.jpg\" style=\"margin-left: 1em;margin-right: 1em\"><img loading=\"lazy\" decoding=\"async\" border=\"0\" data-original-height=\"394\" data-original-width=\"792\" height=\"316\" src=\"https:\/\/1.bp.blogspot.com\/-vlGjubq92d4\/Xr0XdDwp3WI\/AAAAAAAAFsM\/vZEQX7sHMtYKL47jXbaWiseGRW0mLP6awCNcBGAsYHQ\/s640\/1908-05-01%252C_El_Diluvio%252Crec.jpg\" width=\"640\" \/><\/a><\/div>\n<div style=\"text-align: center\"><span style=\", sans-serif;font-size: x-small\"><span style=\"line-height: 115%\">Diario El Diluvio<\/span><\/span><\/div>\n<div style=\"text-align: justify\"><\/div>\n<div style=\"text-align: justify\"><b><span style=\", sans-serif\"><span style=\"line-height: 115%\">2.- La Guerra Civil<\/span><\/span><\/b><\/div>\n<div style=\"text-align: justify\"><span style=\", sans-serif\">Ya en la Guerra Civil, como destacado miembro del <\/span><b style=\"font-family: Verdana, sans-serif\">Partido Comunista<\/b><span style=\", sans-serif\">, se trasladar\u00e1 desde Barcelona a Arag\u00f3n con 2 escoltas y un ch\u00f3fer (<\/span><a href=\"https:\/\/bit.ly\/2Wn8IwM\" style=\"font-family: Verdana, sans-serif\">escuchar<\/a><span style=\", sans-serif\"><u><span style=\"color: blue\">)<\/span><\/u><\/span><span style=\", sans-serif\">. En la retaguardia en la provincia de Huesca intentar\u00e1 imponer las posiciones comunistas frente a las anarquistas. Partidario de concentrarse en ganar la guerra, se opondr\u00e1 a las colectividades de la CNT y de la UGT, apoyando la propiedad privada por considerarla m\u00e1s productiva (<\/span><a href=\"https:\/\/bit.ly\/2WT4E6v\" style=\"font-family: Verdana, sans-serif\">escuchar<\/a><span style=\", sans-serif\">).<\/span><\/div>\n<div style=\"text-align: justify\"><span style=\", sans-serif\"><span style=\"line-height: 115%\"><br \/>\n<\/span><\/span><\/div>\n<div style=\"clear: both;text-align: center\"><a href=\"https:\/\/1.bp.blogspot.com\/-YVM8k6ItlyI\/Xr0X4XHsIjI\/AAAAAAAAFsU\/zFut4gSaQXMc_KSZAvujYR5dTVOI-RWvACNcBGAsYHQ\/s1600\/colectividades_agrarias_aragon.jpg\" style=\"margin-left: 1em;margin-right: 1em\"><img loading=\"lazy\" decoding=\"async\" border=\"0\" data-original-height=\"163\" data-original-width=\"250\" height=\"417\" src=\"https:\/\/1.bp.blogspot.com\/-YVM8k6ItlyI\/Xr0X4XHsIjI\/AAAAAAAAFsU\/zFut4gSaQXMc_KSZAvujYR5dTVOI-RWvACNcBGAsYHQ\/s640\/colectividades_agrarias_aragon.jpg\" width=\"640\" \/><\/a><\/div>\n<div style=\"text-align: center\"><span style=\", sans-serif\"><span style=\"line-height: 115%\"><span style=\"font-size: x-small\">La colectivizaci\u00f3n de la tierra en Arag\u00f3n. Foto: <a href=\"http:\/\/laguerracivilenaragon.blogspot.com\/2014\/06\/la-colectivizacion-de-aragon.html\">La GuerraCivil en Arag\u00f3n<\/a><\/span><b><\/b><\/span><\/span><\/div>\n<div style=\"text-align: justify\"><\/div>\n<div style=\"text-align: justify\"><span style=\", sans-serif\">No obstante, en la localidad oscense de <b>Ariestolas<\/b>, Juan Freixas promovi\u00f3 la creaci\u00f3n de la \u00ab<i>Colectividad Pablo Iglesias<\/i>\u00bb para asegurar el abastecimiento de cereales a Catalu\u00f1a (<a href=\"https:\/\/bit.ly\/3fJKSmk\">escuchar<\/a><\/span><span style=\", sans-serif\"><u><span style=\"color: blue\">)<\/span><\/u><\/span><span style=\", sans-serif\">.<\/span><\/div>\n<div style=\"text-align: justify\"><span style=\", sans-serif\"><br \/>\n<\/span><\/div>\n<div style=\"text-align: justify\"><span style=\", sans-serif\"><span style=\"line-height: 115%\">La tensi\u00f3n entre las diferentes opciones y t\u00e1cticas pol\u00edticas en la retaguardia aragonesa son manifiestas. Hombre violento, en la entrevista presume de haber puesto orden en Arag\u00f3n amenazando al <b>Comit\u00e9 Local de Monz\u00f3n<\/b>, mostrando la pistola y las dos bombas que llevaba en el cintur\u00f3n, con \u201cfusilar en plena plaza del pueblo\u201d si actuaban por su cuenta (<a href=\"https:\/\/bit.ly\/2WptV98\">escuchar<\/a><span><u><span style=\"color: blue\">)<\/span><\/u><\/span>. Su actitud no dej\u00f3 de tener consecuencias, y en <b>Bin\u00e9far<\/b> fue ametrallado salv\u00e1ndose gracias a que viajaba en un coche blindado con cristales antibala (<a href=\"https:\/\/bit.ly\/2YWoDnt\">escuchar<\/a><span><u><span style=\"color: blue\">)<\/span><\/u><\/span>.<\/span><\/span><\/div>\n<div style=\"text-align: justify\"><span style=\", sans-serif\"><span style=\"line-height: 115%\"><br \/>\n<\/span><\/span><\/div>\n<div style=\"text-align: justify\"><span style=\", sans-serif\"><b><span style=\"font-weight: bold;line-height: 115%\">3.- El campo de concentraci\u00f3n de<span style=\"color: red\"><span style=\"color: red\"> <\/span><\/span>Argeles Sur Mer<\/span><\/b>,<\/span><\/div>\n<div style=\"text-align: justify\"><span style=\", sans-serif\"><span style=\"line-height: 115%\">Exiliado en Francia estar\u00e1 preso en el <b><span style=\"font-weight: bold\">campo de concentraci\u00f3n de<span style=\"color: red\"><span style=\"color: red\"> <\/span><\/span>Argeles Sur Mer<\/span><\/b>, durmiendo a la intemperie y con escasez de alimentos (<a href=\"https:\/\/bit.ly\/3dEdU51\">escuchar<\/a>). El hambre y la muerte estaban generalizadas. Seg\u00fan testimonia Juan, en ocasiones se juntaban hasta 3 \u00f3 4 compa\u00f1eros muertos, pudi\u00e9ndose retrasar varios d\u00edas su recogida (<a href=\"https:\/\/bit.ly\/2SY3kOA\">escuchar<\/a><span><u><span style=\"color: blue\">)<\/span><\/u><\/span>.<\/span><\/span><\/div>\n<div style=\"text-align: justify\"><span style=\", sans-serif\"><span style=\"line-height: 115%\"><br \/>\n<\/span><\/span><\/div>\n<div style=\"clear: both;text-align: center\"><a href=\"https:\/\/1.bp.blogspot.com\/-5kuP9S4zTFs\/Xr0YlJHv2TI\/AAAAAAAAFsc\/Jq2wr112VeYAFYZVUeXaiojmHn5aIAJeACNcBGAsYHQ\/s1600\/Argeles_Publico.jpg\" style=\"margin-left: 1em;margin-right: 1em\"><img loading=\"lazy\" decoding=\"async\" border=\"0\" data-original-height=\"340\" data-original-width=\"660\" height=\"328\" src=\"https:\/\/1.bp.blogspot.com\/-5kuP9S4zTFs\/Xr0YlJHv2TI\/AAAAAAAAFsc\/Jq2wr112VeYAFYZVUeXaiojmHn5aIAJeACNcBGAsYHQ\/s640\/Argeles_Publico.jpg\" width=\"640\" \/><\/a><\/div>\n<div style=\"text-align: center\"><span style=\", sans-serif\"><span style=\"line-height: 115%\"><span style=\"font-size: x-small\">Refugiados espa\u00f1oles en el campo de internamiento de Argel\u00e8s-Sur-Mer. Foto: <a href=\"https:\/\/www.publico.es\/politica\/espanoles-huyeron-guerra-y-acabaron.html\">P\u00fablico<\/a><\/span><b>&nbsp;<\/b><\/span><\/span><\/div>\n<div style=\"text-align: justify\"><span style=\", sans-serif\"><span style=\"line-height: 115%\"><br \/>\n<\/span><\/span><\/div>\n<div style=\"text-align: justify\"><span style=\", sans-serif\"><span style=\"line-height: 115%\">Juan conseguir\u00e1 huir del campo por debajo de las alambradas y a trav\u00e9s del mar (<a href=\"https:\/\/bit.ly\/2xV56sj\">escuchar<\/a>).<\/span><\/span><\/div>\n<div style=\"text-align: justify\"><span style=\", sans-serif\"><span style=\"line-height: 115%\"><br \/>\n<\/span><\/span><\/div>\n<div style=\"text-align: justify\"><b><span style=\", sans-serif\"><span style=\"font-weight: bold;line-height: 115%\">4.- El desembarco de Normand\u00eda<\/span><\/span><\/b><\/div>\n<div style=\"text-align: justify\"><span style=\"line-height: 115%\"><span style=\", sans-serif\">Ya en la II Guerra Mundial luchar\u00e1 con la resistencia francesa, formando parte del grupo guerrilleros espa\u00f1oles que destruyeron los puentes que cortaron la comunicaci\u00f3n al ej\u00e9rcito alem\u00e1n y posibilit\u00f3 el \u00e9xito del desembarco de Normand\u00eda (<a href=\"https:\/\/bit.ly\/2WoJj5R\">escuchar<\/a><span><u><span style=\"color: blue\">)<\/span><\/u><\/span><\/span><span style=\"font-size: 11pt\">.<\/span><b style=\"font-family: Verdana;font-size: 11pt\"><span style=\"font-weight: bold\"><\/span><\/b><\/span><\/div>\n","protected":false},"excerpt":{"rendered":"<p>Recuperamos la memoria de Juan Freixas Claramunt, entrevistado David Corellano Aznar y Mercedes Yusta Rodrigo el 9 de marzo de 1999. 1.- Los convulsos a\u00f1os 20 Juan comenz\u00f3 a trabajar con 12 a\u00f1os en una f\u00e1brica de hilaturas de algod\u00f3n en Barcelona. En el a\u00f1o 1921, cuando todav\u00eda no hab\u00eda cumplido los 18 a\u00f1os, particip\u00f3 [&hellip;]<\/p>\n","protected":false},"author":3,"featured_media":6570,"comment_status":"open","ping_status":"closed","sticky":false,"template":"","format":"standard","meta":{"_et_pb_use_builder":"off","_et_pb_old_content":"<br \/><div style=\"text-align: justify\"><span style=\", sans-serif\"><b><span style=\"line-height: 115%\">Recuperamos la <a href=\"https:\/\/bit.ly\/3brIbTp\">memoria de <\/a><\/span><a href=\"https:\/\/bit.ly\/3brIbTp\">Juan Freixas Claramunt<\/a>, entrevistado David Corellano Aznar y Mercedes Yusta Rodrigo el 9 de marzo de 1999.<\/b><\/span><\/div><div style=\"text-align: justify\"><br \/><\/div><div style=\"text-align: justify\"><b><span style=\", sans-serif\"><span style=\"font-weight: bold;line-height: 115%\">1.- Los convulsos a\u00f1os 20<\/span><\/span><\/b><\/div><div style=\"text-align: justify\"><span style=\", sans-serif;line-height: 115%\">Juan <\/span><span style=\", sans-serif\">comenz\u00f3 a trabajar con 12 a\u00f1os en una f\u00e1brica de hilaturas de algod\u00f3n en Barcelona. En el a\u00f1o 1921, cuando todav\u00eda no hab\u00eda cumplido los 18 a\u00f1os, particip\u00f3 en la <\/span><b style=\"font-family: Verdana, sans-serif\">Huelga General<\/b><span style=\", sans-serif\"> en demanda de la jornada de 8 horas y <\/span><span style=\", sans-serif\">&nbsp;<\/span><span style=\", sans-serif\">en contra del trabajo infantil. Como miembro del Comit\u00e9 de Huelga fue detenido e ingres\u00f3 en la <\/span><b style=\"font-family: Verdana, sans-serif\">C\u00e1rcel Modelo<\/b><span style=\", sans-serif\"> durante un mes y medio (<\/span><a href=\"https:\/\/bit.ly\/2SX3PIs\" style=\"font-family: Verdana, sans-serif\">escuchar<\/a><span style=\", sans-serif\"><u><span style=\"color: blue\">)<\/span><\/u><\/span><\/div><div style=\"text-align: justify\"><span style=\", sans-serif\"><br \/><\/span><\/div><div style=\"text-align: justify\"><span style=\", sans-serif\"><span style=\"line-height: 115%\">Tras la creaci\u00f3n de los reaccionarios <b>Sindicatos Libres<\/b> (<a href=\"https:\/\/bit.ly\/2LorddO\">escuchar<\/a><span><u><span style=\"color: blue\">)<\/span><\/u><\/span> y los asesinatos de <strong><b><span style=\"font-weight: normal\"><span>&nbsp;<\/span>militantes anarcosindicalistas, form\u00f3 parte de los <\/span><\/b><\/strong><b>grupos terroristas<\/b> encargados de dar respuesta al pistolerismo empresarial (<a href=\"https:\/\/bit.ly\/2zshYqu\">escuchar<\/a><span><u><span style=\"color: blue\">)<\/span><\/u><\/span>.<\/span><\/span><\/div><div style=\"text-align: justify\"><span style=\", sans-serif\"><span style=\"line-height: 115%\"><br \/><\/span><\/span><\/div><div style=\"clear: both;text-align: center\"><a href=\"https:\/\/1.bp.blogspot.com\/-ga2GfLz49Bg\/Xr0WFF80HMI\/AAAAAAAAFr8\/FFj7O8tpPDsKfQf8w1mZrZyYquvAovYSwCNcBGAsYHQ\/s1600\/Ojo-por-ojo.jpg\" style=\"margin-left: 1em;margin-right: 1em\"><img border=\"0\" data-original-height=\"320\" data-original-width=\"585\" height=\"350\" src=\"https:\/\/1.bp.blogspot.com\/-ga2GfLz49Bg\/Xr0WFF80HMI\/AAAAAAAAFr8\/FFj7O8tpPDsKfQf8w1mZrZyYquvAovYSwCNcBGAsYHQ\/s640\/Ojo-por-ojo.jpg\" width=\"640\" \/><\/a><\/div><div style=\"text-align: center\"><span style=\", sans-serif;font-size: x-small\"><span style=\"line-height: 115%\"><a href=\"https:\/\/commons.wikimedia.org\/wiki\/File:Ojo-por-ojo.png\">Ojo por ojo<\/a>. A\u00f1o 1920<\/span><\/span><\/div><div style=\"text-align: justify\"><br \/><\/div><div style=\"text-align: justify\"><span style=\", sans-serif\"><span style=\"line-height: 115%\">Durante la <b>Dictadura del general Primo de Rivera<\/b> altern\u00f3 la prisi\u00f3n con el exilio (<a href=\"https:\/\/bit.ly\/2SZOrLz\">escuchar<\/a><span><u><span style=\"color: blue\">)<\/span><\/u><\/span>. Durante su estancia en la c\u00e1rcel ser\u00e1 usuario de su biblioteca donde se pod\u00edan leer las obras de Marx, de Lenin, de Bakunin, de Anselmo Lorenzo (<a href=\"https:\/\/bit.ly\/3bwwACB\">escuchar<\/a><span><u><span style=\"color: blue\">)<\/span><\/u><\/span>.<\/span><\/span><\/div><div style=\"text-align: justify\"><span style=\", sans-serif\"><span style=\"line-height: 115%\"><br \/><\/span><\/span><\/div><div style=\"text-align: justify\"><span style=\", sans-serif\"><span style=\"line-height: 115%\">Amigo de las \u201cpol\u00e9micas\u201d escribir\u00e1 art\u00edculos en el peri\u00f3dico republicano barcelon\u00e9s \u201c<i>El Diluvio<\/i>\u201d y en \u201c<i>Mundo Obrero<\/i>\u201d el \u00f3rgano oficial del Partido Comunista Espa\u00f1ol desde 1930, donde seg\u00fan se\u00f1ala Freixas ejerci\u00f3 la funci\u00f3n de \u201cdirector de paja\u201d (escuchar <a href=\"https:\/\/bit.ly\/2xVoYLW\">https:\/\/bit.ly\/2xVoYLW<\/a><span><u><span style=\"color: blue\">)<\/span><\/u><\/span>.<span><u><span style=\"color: blue\"><\/span><\/u><\/span><\/span><\/span><\/div><div style=\"text-align: justify\"><span style=\", sans-serif\"><span style=\"line-height: 115%\"><br \/><\/span><\/span><\/div><div style=\"clear: both;text-align: center\"><a href=\"https:\/\/1.bp.blogspot.com\/-vlGjubq92d4\/Xr0XdDwp3WI\/AAAAAAAAFsM\/vZEQX7sHMtYKL47jXbaWiseGRW0mLP6awCNcBGAsYHQ\/s1600\/1908-05-01%252C_El_Diluvio%252Crec.jpg\" style=\"margin-left: 1em;margin-right: 1em\"><img border=\"0\" data-original-height=\"394\" data-original-width=\"792\" height=\"316\" src=\"https:\/\/1.bp.blogspot.com\/-vlGjubq92d4\/Xr0XdDwp3WI\/AAAAAAAAFsM\/vZEQX7sHMtYKL47jXbaWiseGRW0mLP6awCNcBGAsYHQ\/s640\/1908-05-01%252C_El_Diluvio%252Crec.jpg\" width=\"640\" \/><\/a><\/div><div style=\"text-align: center\"><span style=\", sans-serif;font-size: x-small\"><span style=\"line-height: 115%\">Diario El Diluvio<\/span><\/span><\/div><div style=\"text-align: justify\"><br \/><\/div><div style=\"text-align: justify\"><b><span style=\", sans-serif\"><span style=\"line-height: 115%\">2.- La Guerra Civil<\/span><\/span><\/b><\/div><div style=\"text-align: justify\"><span style=\", sans-serif\">Ya en la Guerra Civil, como destacado miembro del <\/span><b style=\"font-family: Verdana, sans-serif\">Partido Comunista<\/b><span style=\", sans-serif\">, se trasladar\u00e1 desde Barcelona a Arag\u00f3n con 2 escoltas y un ch\u00f3fer (<\/span><a href=\"https:\/\/bit.ly\/2Wn8IwM\" style=\"font-family: Verdana, sans-serif\">escuchar<\/a><span style=\", sans-serif\"><u><span style=\"color: blue\">)<\/span><\/u><\/span><span style=\", sans-serif\">. En la retaguardia en la provincia de Huesca intentar\u00e1 imponer las posiciones comunistas frente a las anarquistas. Partidario de concentrarse en ganar la guerra, se opondr\u00e1 a las colectividades de la CNT y de la UGT, apoyando la propiedad privada por considerarla m\u00e1s productiva (<\/span><a href=\"https:\/\/bit.ly\/2WT4E6v\" style=\"font-family: Verdana, sans-serif\">escuchar<\/a><span style=\", sans-serif\">).<\/span><\/div><div style=\"text-align: justify\"><span style=\", sans-serif\"><span style=\"line-height: 115%\"><br \/><\/span><\/span><\/div><div style=\"clear: both;text-align: center\"><a href=\"https:\/\/1.bp.blogspot.com\/-YVM8k6ItlyI\/Xr0X4XHsIjI\/AAAAAAAAFsU\/zFut4gSaQXMc_KSZAvujYR5dTVOI-RWvACNcBGAsYHQ\/s1600\/colectividades_agrarias_aragon.jpg\" style=\"margin-left: 1em;margin-right: 1em\"><img border=\"0\" data-original-height=\"163\" data-original-width=\"250\" height=\"417\" src=\"https:\/\/1.bp.blogspot.com\/-YVM8k6ItlyI\/Xr0X4XHsIjI\/AAAAAAAAFsU\/zFut4gSaQXMc_KSZAvujYR5dTVOI-RWvACNcBGAsYHQ\/s640\/colectividades_agrarias_aragon.jpg\" width=\"640\" \/><\/a><\/div><div style=\"text-align: center\"><span style=\", sans-serif\"><span style=\"line-height: 115%\"><span style=\"font-size: x-small\">La colectivizaci\u00f3n de la tierra en Arag\u00f3n. Foto: <a href=\"http:\/\/laguerracivilenaragon.blogspot.com\/2014\/06\/la-colectivizacion-de-aragon.html\">La GuerraCivil en Arag\u00f3n<\/a><\/span><b><\/b><\/span><\/span><\/div><div style=\"text-align: justify\"><br \/><\/div><div style=\"text-align: justify\"><span style=\", sans-serif\">No obstante, en la localidad oscense de <b>Ariestolas<\/b>, Juan Freixas promovi\u00f3 la creaci\u00f3n de la \"<i>Colectividad Pablo Iglesias<\/i>\" para asegurar el abastecimiento de cereales a Catalu\u00f1a (<a href=\"https:\/\/bit.ly\/3fJKSmk\">escuchar<\/a><\/span><span style=\", sans-serif\"><u><span style=\"color: blue\">)<\/span><\/u><\/span><span style=\", sans-serif\">.<\/span><\/div><div style=\"text-align: justify\"><span style=\", sans-serif\"><br \/><\/span><\/div><div style=\"text-align: justify\"><span style=\", sans-serif\"><span style=\"line-height: 115%\">La tensi\u00f3n entre las diferentes opciones y t\u00e1cticas pol\u00edticas en la retaguardia aragonesa son manifiestas. Hombre violento, en la entrevista presume de haber puesto orden en Arag\u00f3n amenazando al <b>Comit\u00e9 Local de Monz\u00f3n<\/b>, mostrando la pistola y las dos bombas que llevaba en el cintur\u00f3n, con \u201cfusilar en plena plaza del pueblo\u201d si actuaban por su cuenta (<a href=\"https:\/\/bit.ly\/2WptV98\">escuchar<\/a><span><u><span style=\"color: blue\">)<\/span><\/u><\/span>. Su actitud no dej\u00f3 de tener consecuencias, y en <b>Bin\u00e9far<\/b> fue ametrallado salv\u00e1ndose gracias a que viajaba en un coche blindado con cristales antibala (<a href=\"https:\/\/bit.ly\/2YWoDnt\">escuchar<\/a><span><u><span style=\"color: blue\">)<\/span><\/u><\/span>.<\/span><\/span><\/div><div style=\"text-align: justify\"><span style=\", sans-serif\"><span style=\"line-height: 115%\"><br \/><\/span><\/span><\/div><div style=\"text-align: justify\"><span style=\", sans-serif\"><b><span style=\"font-weight: bold;line-height: 115%\">3.- El campo de concentraci\u00f3n de<span style=\"color: red\"><span style=\"color: red\"> <\/span><\/span>Argeles Sur Mer<\/span><\/b>,<\/span><\/div><div style=\"text-align: justify\"><span style=\", sans-serif\"><span style=\"line-height: 115%\">Exiliado en Francia estar\u00e1 preso en el <b><span style=\"font-weight: bold\">campo de concentraci\u00f3n de<span style=\"color: red\"><span style=\"color: red\"> <\/span><\/span>Argeles Sur Mer<\/span><\/b>, durmiendo a la intemperie y con escasez de alimentos (<a href=\"https:\/\/bit.ly\/3dEdU51\">escuchar<\/a>). El hambre y la muerte estaban generalizadas. Seg\u00fan testimonia Juan, en ocasiones se juntaban hasta 3 \u00f3 4 compa\u00f1eros muertos, pudi\u00e9ndose retrasar varios d\u00edas su recogida (<a href=\"https:\/\/bit.ly\/2SY3kOA\">escuchar<\/a><span><u><span style=\"color: blue\">)<\/span><\/u><\/span>.<\/span><\/span><\/div><div style=\"text-align: justify\"><span style=\", sans-serif\"><span style=\"line-height: 115%\"><br \/><\/span><\/span><\/div><div style=\"clear: both;text-align: center\"><a href=\"https:\/\/1.bp.blogspot.com\/-5kuP9S4zTFs\/Xr0YlJHv2TI\/AAAAAAAAFsc\/Jq2wr112VeYAFYZVUeXaiojmHn5aIAJeACNcBGAsYHQ\/s1600\/Argeles_Publico.jpg\" style=\"margin-left: 1em;margin-right: 1em\"><img border=\"0\" data-original-height=\"340\" data-original-width=\"660\" height=\"328\" src=\"https:\/\/1.bp.blogspot.com\/-5kuP9S4zTFs\/Xr0YlJHv2TI\/AAAAAAAAFsc\/Jq2wr112VeYAFYZVUeXaiojmHn5aIAJeACNcBGAsYHQ\/s640\/Argeles_Publico.jpg\" width=\"640\" \/><\/a><\/div><div style=\"text-align: center\"><span style=\", sans-serif\"><span style=\"line-height: 115%\"><span style=\"font-size: x-small\">Refugiados espa\u00f1oles en el campo de internamiento de Argel\u00e8s-Sur-Mer. Foto: <a href=\"https:\/\/www.publico.es\/politica\/espanoles-huyeron-guerra-y-acabaron.html\">P\u00fablico<\/a><\/span><b>&nbsp;<\/b><\/span><\/span><\/div><div style=\"text-align: justify\"><span style=\", sans-serif\"><span style=\"line-height: 115%\"><br \/><\/span><\/span><\/div><div style=\"text-align: justify\"><span style=\", sans-serif\"><span style=\"line-height: 115%\">Juan conseguir\u00e1 huir del campo por debajo de las alambradas y a trav\u00e9s del mar (<a href=\"https:\/\/bit.ly\/2xV56sj\">escuchar<\/a>).<\/span><\/span><\/div><div style=\"text-align: justify\"><span style=\", sans-serif\"><span style=\"line-height: 115%\"><br \/><\/span><\/span><\/div><div style=\"text-align: justify\"><b><span style=\", sans-serif\"><span style=\"font-weight: bold;line-height: 115%\">4.- El desembarco de Normand\u00eda<\/span><\/span><\/b><\/div><div style=\"text-align: justify\"><span style=\"line-height: 115%\"><span style=\", sans-serif\">Ya en la II Guerra Mundial luchar\u00e1 con la resistencia francesa, formando parte del grupo guerrilleros espa\u00f1oles que destruyeron los puentes que cortaron la comunicaci\u00f3n al ej\u00e9rcito alem\u00e1n y posibilit\u00f3 el \u00e9xito del desembarco de Normand\u00eda (<a href=\"https:\/\/bit.ly\/2WoJj5R\">escuchar<\/a><span><u><span style=\"color: blue\">)<\/span><\/u><\/span><\/span><span style=\"font-size: 11pt\">.<\/span><b style=\"font-family: Verdana;font-size: 11pt\"><span style=\"font-weight: bold\"><\/span><\/b><\/span><\/div><br \/>","_et_gb_content_width":"","om_disable_all_campaigns":false,"_monsterinsights_skip_tracking":false,"_monsterinsights_sitenote_active":false,"_monsterinsights_sitenote_note":"","_monsterinsights_sitenote_category":0,"_uf_show_specific_survey":0,"_uf_disable_surveys":false,"footnotes":""},"categories":[89,86],"tags":[429,462,477,494,560],"class_list":["post-248","post","type-post","status-publish","format-standard","has-post-thumbnail","hentry","category-memorias-recuperadas","category-sonoros","tag-campos-de-concentracion","tag-dictadura-primo-de-rivera","tag-exilio","tag-guerra-civil-espanola","tag-segunda-guerra-mundial"],"yoast_head":"<!-- This site is optimized with the Yoast SEO plugin v26.2 - https:\/\/yoast.com\/wordpress\/plugins\/seo\/ -->\n<title>Memorias recuperadas (8): Juan Freixas Claramunt (1904 - 2004) - DARA GENERAL<\/title>\n<meta name=\"robots\" content=\"index, follow, max-snippet:-1, max-image-preview:large, max-video-preview:-1\" \/>\n<link rel=\"canonical\" href=\"https:\/\/dara.aragon.es\/dara\/blog\/memorias-recuperadas-8-juan-freixas-claramunt-1904\/\" \/>\n<meta property=\"og:locale\" content=\"es_ES\" \/>\n<meta property=\"og:type\" content=\"article\" \/>\n<meta property=\"og:title\" content=\"Memorias recuperadas (8): Juan Freixas Claramunt (1904 - 2004) - DARA GENERAL\" \/>\n<meta property=\"og:description\" content=\"Recuperamos la memoria de Juan Freixas Claramunt, entrevistado David Corellano Aznar y Mercedes Yusta Rodrigo el 9 de marzo de 1999. 1.- Los convulsos a\u00f1os 20 Juan comenz\u00f3 a trabajar con 12 a\u00f1os en una f\u00e1brica de hilaturas de algod\u00f3n en Barcelona. En el a\u00f1o 1921, cuando todav\u00eda no hab\u00eda cumplido los 18 a\u00f1os, particip\u00f3 [&hellip;]\" \/>\n<meta property=\"og:url\" content=\"https:\/\/dara.aragon.es\/dara\/blog\/memorias-recuperadas-8-juan-freixas-claramunt-1904\/\" \/>\n<meta property=\"og:site_name\" content=\"DARA GENERAL\" \/>\n<meta property=\"article:published_time\" content=\"2020-05-14T10:16:00+00:00\" \/>\n<meta property=\"article:modified_time\" content=\"2024-10-23T07:39:04+00:00\" \/>\n<meta property=\"og:image\" content=\"https:\/\/dara.aragon.es\/dara\/wp-content\/uploads\/2020\/05\/Ojo-por-ojo.jpg\" \/>\n\t<meta property=\"og:image:width\" content=\"585\" \/>\n\t<meta property=\"og:image:height\" content=\"320\" \/>\n\t<meta property=\"og:image:type\" content=\"image\/jpeg\" \/>\n<meta name=\"author\" content=\"Administrador DARA\" \/>\n<meta name=\"twitter:card\" content=\"summary_large_image\" \/>\n<meta name=\"twitter:label1\" content=\"Escrito por\" \/>\n\t<meta name=\"twitter:data1\" content=\"Administrador DARA\" \/>\n\t<meta name=\"twitter:label2\" content=\"Tiempo de lectura\" \/>\n\t<meta name=\"twitter:data2\" content=\"3 minutos\" \/>\n<script type=\"application\/ld+json\" class=\"yoast-schema-graph\">{\"@context\":\"https:\/\/schema.org\",\"@graph\":[{\"@type\":\"WebPage\",\"@id\":\"https:\/\/dara.aragon.es\/dara\/blog\/memorias-recuperadas-8-juan-freixas-claramunt-1904\/\",\"url\":\"https:\/\/dara.aragon.es\/dara\/blog\/memorias-recuperadas-8-juan-freixas-claramunt-1904\/\",\"name\":\"Memorias recuperadas (8): Juan Freixas Claramunt (1904 - 2004) - DARA GENERAL\",\"isPartOf\":{\"@id\":\"https:\/\/dara.aragon.es\/dara\/#website\"},\"primaryImageOfPage\":{\"@id\":\"https:\/\/dara.aragon.es\/dara\/blog\/memorias-recuperadas-8-juan-freixas-claramunt-1904\/#primaryimage\"},\"image\":{\"@id\":\"https:\/\/dara.aragon.es\/dara\/blog\/memorias-recuperadas-8-juan-freixas-claramunt-1904\/#primaryimage\"},\"thumbnailUrl\":\"https:\/\/dara.aragon.es\/dara\/wp-content\/uploads\/2020\/05\/Ojo-por-ojo.jpg\",\"datePublished\":\"2020-05-14T10:16:00+00:00\",\"dateModified\":\"2024-10-23T07:39:04+00:00\",\"author\":{\"@id\":\"https:\/\/dara.aragon.es\/dara\/#\/schema\/person\/42ee60d9eb45f8689b62d2b57c40aeec\"},\"breadcrumb\":{\"@id\":\"https:\/\/dara.aragon.es\/dara\/blog\/memorias-recuperadas-8-juan-freixas-claramunt-1904\/#breadcrumb\"},\"inLanguage\":\"es\",\"potentialAction\":[{\"@type\":\"ReadAction\",\"target\":[\"https:\/\/dara.aragon.es\/dara\/blog\/memorias-recuperadas-8-juan-freixas-claramunt-1904\/\"]}]},{\"@type\":\"ImageObject\",\"inLanguage\":\"es\",\"@id\":\"https:\/\/dara.aragon.es\/dara\/blog\/memorias-recuperadas-8-juan-freixas-claramunt-1904\/#primaryimage\",\"url\":\"https:\/\/dara.aragon.es\/dara\/wp-content\/uploads\/2020\/05\/Ojo-por-ojo.jpg\",\"contentUrl\":\"https:\/\/dara.aragon.es\/dara\/wp-content\/uploads\/2020\/05\/Ojo-por-ojo.jpg\",\"width\":585,\"height\":320},{\"@type\":\"BreadcrumbList\",\"@id\":\"https:\/\/dara.aragon.es\/dara\/blog\/memorias-recuperadas-8-juan-freixas-claramunt-1904\/#breadcrumb\",\"itemListElement\":[{\"@type\":\"ListItem\",\"position\":1,\"name\":\"Portada\",\"item\":\"https:\/\/dara.aragon.es\/dara\/\"},{\"@type\":\"ListItem\",\"position\":2,\"name\":\"Memorias recuperadas (8): Juan Freixas Claramunt (1904 &#8211; 2004)\"}]},{\"@type\":\"WebSite\",\"@id\":\"https:\/\/dara.aragon.es\/dara\/#website\",\"url\":\"https:\/\/dara.aragon.es\/dara\/\",\"name\":\"DARA GENERAL\",\"description\":\"Documentos y archivos de Arag\u00f3n\",\"potentialAction\":[{\"@type\":\"SearchAction\",\"target\":{\"@type\":\"EntryPoint\",\"urlTemplate\":\"https:\/\/dara.aragon.es\/dara\/?s={search_term_string}\"},\"query-input\":{\"@type\":\"PropertyValueSpecification\",\"valueRequired\":true,\"valueName\":\"search_term_string\"}}],\"inLanguage\":\"es\"},{\"@type\":\"Person\",\"@id\":\"https:\/\/dara.aragon.es\/dara\/#\/schema\/person\/42ee60d9eb45f8689b62d2b57c40aeec\",\"name\":\"Administrador DARA\",\"image\":{\"@type\":\"ImageObject\",\"inLanguage\":\"es\",\"@id\":\"https:\/\/dara.aragon.es\/dara\/#\/schema\/person\/image\/\",\"url\":\"https:\/\/secure.gravatar.com\/avatar\/8fc1a4250e60d75d1b41fafee86f7181217b3ec161666d4118ba57f78c0a1104?s=96&d=mm&r=g\",\"contentUrl\":\"https:\/\/secure.gravatar.com\/avatar\/8fc1a4250e60d75d1b41fafee86f7181217b3ec161666d4118ba57f78c0a1104?s=96&d=mm&r=g\",\"caption\":\"Administrador DARA\"},\"url\":\"https:\/\/dara.aragon.es\/dara\/blog\/author\/dara-gestion-de-contenidos\/\"}]}<\/script>\n<!-- \/ Yoast SEO plugin. -->","yoast_head_json":{"title":"Memorias recuperadas (8): Juan Freixas Claramunt (1904 - 2004) - DARA GENERAL","robots":{"index":"index","follow":"follow","max-snippet":"max-snippet:-1","max-image-preview":"max-image-preview:large","max-video-preview":"max-video-preview:-1"},"canonical":"https:\/\/dara.aragon.es\/dara\/blog\/memorias-recuperadas-8-juan-freixas-claramunt-1904\/","og_locale":"es_ES","og_type":"article","og_title":"Memorias recuperadas (8): Juan Freixas Claramunt (1904 - 2004) - DARA GENERAL","og_description":"Recuperamos la memoria de Juan Freixas Claramunt, entrevistado David Corellano Aznar y Mercedes Yusta Rodrigo el 9 de marzo de 1999. 1.- Los convulsos a\u00f1os 20 Juan comenz\u00f3 a trabajar con 12 a\u00f1os en una f\u00e1brica de hilaturas de algod\u00f3n en Barcelona. En el a\u00f1o 1921, cuando todav\u00eda no hab\u00eda cumplido los 18 a\u00f1os, particip\u00f3 [&hellip;]","og_url":"https:\/\/dara.aragon.es\/dara\/blog\/memorias-recuperadas-8-juan-freixas-claramunt-1904\/","og_site_name":"DARA GENERAL","article_published_time":"2020-05-14T10:16:00+00:00","article_modified_time":"2024-10-23T07:39:04+00:00","og_image":[{"width":585,"height":320,"url":"https:\/\/dara.aragon.es\/dara\/wp-content\/uploads\/2020\/05\/Ojo-por-ojo.jpg","type":"image\/jpeg"}],"author":"Administrador DARA","twitter_card":"summary_large_image","twitter_misc":{"Escrito por":"Administrador DARA","Tiempo de lectura":"3 minutos"},"schema":{"@context":"https:\/\/schema.org","@graph":[{"@type":"WebPage","@id":"https:\/\/dara.aragon.es\/dara\/blog\/memorias-recuperadas-8-juan-freixas-claramunt-1904\/","url":"https:\/\/dara.aragon.es\/dara\/blog\/memorias-recuperadas-8-juan-freixas-claramunt-1904\/","name":"Memorias recuperadas (8): Juan Freixas Claramunt (1904 - 2004) - DARA GENERAL","isPartOf":{"@id":"https:\/\/dara.aragon.es\/dara\/#website"},"primaryImageOfPage":{"@id":"https:\/\/dara.aragon.es\/dara\/blog\/memorias-recuperadas-8-juan-freixas-claramunt-1904\/#primaryimage"},"image":{"@id":"https:\/\/dara.aragon.es\/dara\/blog\/memorias-recuperadas-8-juan-freixas-claramunt-1904\/#primaryimage"},"thumbnailUrl":"https:\/\/dara.aragon.es\/dara\/wp-content\/uploads\/2020\/05\/Ojo-por-ojo.jpg","datePublished":"2020-05-14T10:16:00+00:00","dateModified":"2024-10-23T07:39:04+00:00","author":{"@id":"https:\/\/dara.aragon.es\/dara\/#\/schema\/person\/42ee60d9eb45f8689b62d2b57c40aeec"},"breadcrumb":{"@id":"https:\/\/dara.aragon.es\/dara\/blog\/memorias-recuperadas-8-juan-freixas-claramunt-1904\/#breadcrumb"},"inLanguage":"es","potentialAction":[{"@type":"ReadAction","target":["https:\/\/dara.aragon.es\/dara\/blog\/memorias-recuperadas-8-juan-freixas-claramunt-1904\/"]}]},{"@type":"ImageObject","inLanguage":"es","@id":"https:\/\/dara.aragon.es\/dara\/blog\/memorias-recuperadas-8-juan-freixas-claramunt-1904\/#primaryimage","url":"https:\/\/dara.aragon.es\/dara\/wp-content\/uploads\/2020\/05\/Ojo-por-ojo.jpg","contentUrl":"https:\/\/dara.aragon.es\/dara\/wp-content\/uploads\/2020\/05\/Ojo-por-ojo.jpg","width":585,"height":320},{"@type":"BreadcrumbList","@id":"https:\/\/dara.aragon.es\/dara\/blog\/memorias-recuperadas-8-juan-freixas-claramunt-1904\/#breadcrumb","itemListElement":[{"@type":"ListItem","position":1,"name":"Portada","item":"https:\/\/dara.aragon.es\/dara\/"},{"@type":"ListItem","position":2,"name":"Memorias recuperadas (8): Juan Freixas Claramunt (1904 &#8211; 2004)"}]},{"@type":"WebSite","@id":"https:\/\/dara.aragon.es\/dara\/#website","url":"https:\/\/dara.aragon.es\/dara\/","name":"DARA GENERAL","description":"Documentos y archivos de Arag\u00f3n","potentialAction":[{"@type":"SearchAction","target":{"@type":"EntryPoint","urlTemplate":"https:\/\/dara.aragon.es\/dara\/?s={search_term_string}"},"query-input":{"@type":"PropertyValueSpecification","valueRequired":true,"valueName":"search_term_string"}}],"inLanguage":"es"},{"@type":"Person","@id":"https:\/\/dara.aragon.es\/dara\/#\/schema\/person\/42ee60d9eb45f8689b62d2b57c40aeec","name":"Administrador DARA","image":{"@type":"ImageObject","inLanguage":"es","@id":"https:\/\/dara.aragon.es\/dara\/#\/schema\/person\/image\/","url":"https:\/\/secure.gravatar.com\/avatar\/8fc1a4250e60d75d1b41fafee86f7181217b3ec161666d4118ba57f78c0a1104?s=96&d=mm&r=g","contentUrl":"https:\/\/secure.gravatar.com\/avatar\/8fc1a4250e60d75d1b41fafee86f7181217b3ec161666d4118ba57f78c0a1104?s=96&d=mm&r=g","caption":"Administrador DARA"},"url":"https:\/\/dara.aragon.es\/dara\/blog\/author\/dara-gestion-de-contenidos\/"}]}},"_links":{"self":[{"href":"https:\/\/dara.aragon.es\/dara\/wp-json\/wp\/v2\/posts\/248","targetHints":{"allow":["GET"]}}],"collection":[{"href":"https:\/\/dara.aragon.es\/dara\/wp-json\/wp\/v2\/posts"}],"about":[{"href":"https:\/\/dara.aragon.es\/dara\/wp-json\/wp\/v2\/types\/post"}],"author":[{"embeddable":true,"href":"https:\/\/dara.aragon.es\/dara\/wp-json\/wp\/v2\/users\/3"}],"replies":[{"embeddable":true,"href":"https:\/\/dara.aragon.es\/dara\/wp-json\/wp\/v2\/comments?post=248"}],"version-history":[{"count":0,"href":"https:\/\/dara.aragon.es\/dara\/wp-json\/wp\/v2\/posts\/248\/revisions"}],"wp:featuredmedia":[{"embeddable":true,"href":"https:\/\/dara.aragon.es\/dara\/wp-json\/wp\/v2\/media\/6570"}],"wp:attachment":[{"href":"https:\/\/dara.aragon.es\/dara\/wp-json\/wp\/v2\/media?parent=248"}],"wp:term":[{"taxonomy":"category","embeddable":true,"href":"https:\/\/dara.aragon.es\/dara\/wp-json\/wp\/v2\/categories?post=248"},{"taxonomy":"post_tag","embeddable":true,"href":"https:\/\/dara.aragon.es\/dara\/wp-json\/wp\/v2\/tags?post=248"}],"curies":[{"name":"wp","href":"https:\/\/api.w.org\/{rel}","templated":true}]}}