{"id":254,"date":"2020-04-27T07:07:00","date_gmt":"2020-04-27T07:07:00","guid":{"rendered":"https:\/\/dara.aragon.es\/dara\/blog\/2020\/04\/27\/memorias-recuperadas-3-joaquina-arellano-1934-1939\/"},"modified":"2024-10-23T07:35:12","modified_gmt":"2024-10-23T07:35:12","slug":"memorias-recuperadas-3-joaquina-arellano-1934-1939","status":"publish","type":"post","link":"https:\/\/dara.aragon.es\/dara\/blog\/memorias-recuperadas-3-joaquina-arellano-1934-1939\/","title":{"rendered":"Memorias recuperadas (3): Joaquina Arellano (1934-1939)"},"content":{"rendered":"<div style=\"text-align: justify\"><span><b><span style=\"line-height: 115%\">Recuperamos la <a href=\"https:\/\/bit.ly\/3butVKp\">memoria de las experiencias vividas por Joaquina Arellano Vidal entre 1934 y 1939<\/a>,<\/span> entrevistada por Herminio Lafoz Rabaza el 4 de septiembre de 2001.<\/b><\/span><\/div>\n<div style=\"text-align: justify\"><span><br \/><\/span><\/div>\n<div style=\"text-align: justify\"><b><span><span style=\"line-height: 115%\">1.- Las huelgas de los trabajadores durante la Segunda Rep\u00fablica <\/span><\/span><\/b><\/div>\n<div style=\"text-align: justify\"><b><span><span style=\"line-height: 115%\"><br \/><\/span><\/span><\/b><\/div>\n<div style=\"text-align: justify\"><span><span style=\"line-height: 115%\">Joaquina narra sus vivencias durante las duras las jornadas de huelga en la Barcelona de los a\u00f1os 1934 a 1936, especialmente las de la construcci\u00f3n. Sin ingresos, los trabajadores no pod\u00edan comprar alimentos por lo que se ve\u00edan obligados a utilizar otros medios para poder comer. Una forma era entrar en los restaurantes y una vez comidos identificarse como huelguistas.<\/span><\/span><\/div>\n<div><span><span style=\"line-height: 115%\"><!--[if gte vml 1]&gt;                              &lt;![endif]--><!--[if !vml]--><!--[endif]--><\/span><\/span><\/div>\n<div style=\"text-align: justify\"><span><span style=\"line-height: 115%\"><br \/><\/span><\/span><\/div>\n<div style=\"clear: both;text-align: center\"><a href=\"https:\/\/1.bp.blogspot.com\/-LUxcGjkNucs\/XqaCtPjGIcI\/AAAAAAAAAeI\/UTiHOHdzN6AGMEg97_-U4W2MDrv-X9rBQCNcBGAsYHQ\/s1600\/AHPZ_MF_COYNE_006376.jpg\" style=\"margin-left: 1em;margin-right: 1em\"><img loading=\"lazy\" decoding=\"async\" border=\"0\" data-original-height=\"589\" data-original-width=\"919\" height=\"410\" src=\"https:\/\/1.bp.blogspot.com\/-LUxcGjkNucs\/XqaCtPjGIcI\/AAAAAAAAAeI\/UTiHOHdzN6AGMEg97_-U4W2MDrv-X9rBQCNcBGAsYHQ\/s640\/AHPZ_MF_COYNE_006376.jpg\" width=\"640\" \/><\/a><\/div>\n<div style=\"text-align: center\"><span style=\"font-size: x-small\"><span><span style=\"line-height: 115%\">Grupo de mujeres y ni\u00f1os en manifestaci\u00f3n. <\/span><\/span><span lang=\"EN-GB\">Manuel Coyne Buil. AHPZ_MF_COYNE_006376<\/span><\/span><\/div>\n<div style=\"text-align: justify\"><span lang=\"EN-GB\"><br \/><\/span><\/div>\n<div style=\"text-align: justify\"><span><span style=\"line-height: 115%\">La solidaridad entre los trabajadores ayud\u00f3 a su resistencia. Como ejemplo se\u00f1ala como durante la huelga general de Zaragoza del a\u00f1o 1936 (sic) que durar\u00e1 36 d\u00edas, muchos ni\u00f1os zaragozanos fueron acogidos en casas de obreros de Barcelona (<a href=\"https:\/\/bit.ly\/2XVYC7a\">Escuchar<\/a>).&nbsp;<\/span><\/span><\/div>\n<div style=\"text-align: justify\"><span><br \/><\/span><\/div>\n<div style=\"text-align: justify\"><b><span><span style=\"line-height: 115%\">2.-<\/span><\/span><\/b> <b><span style=\", sans-serif\">El Estallido de la Guerra en la escuela racionalista Joan Puig El\u00edas <\/span><\/b><\/div>\n<div style=\"text-align: justify\"><b><span style=\", sans-serif\"><br \/><\/span><\/b><\/div>\n<div style=\"text-align: justify\"><span><span style=\"line-height: 115%\">El d\u00eda que estall\u00f3 la Guerra Civil, los ni\u00f1os y ni\u00f1as de la <b>Escuela racionalista Joan Puig El\u00edas <\/b>de Barcelona, ubicada encima del Sindicato Textil de la CNT, estaban preparando diferentes actividades escolares. El maestro interrumpi\u00f3 la jornada para ordenar que los ni\u00f1os y mujeres fueran a casa y los hombres bajaran al sindicato a recoger las armas entregadas por la Generalidad de Catalu\u00f1a. Joaquina entonces ten\u00eda 17 a\u00f1os (<a href=\"https:\/\/bit.ly\/3bH5cCN\">Escuchar<\/a>).<\/span><\/span><\/div>\n<div style=\"text-align: justify\"><span><br \/><\/span><\/div>\n<div style=\"text-align: justify\"><b><span><span style=\"line-height: 115%\">3.- La quema de libros en Barcelona, por la entrada de las tropas franquistas <\/span><\/span><\/b><\/div>\n<div style=\"text-align: justify\"><b><span><span style=\"line-height: 115%\"><br \/><\/span><\/span><\/b><\/div>\n<div style=\"text-align: justify\"><span><span style=\"line-height: 115%\">En enero de 1939 las tropas nacionales entraron en Barcelona, gran parte de la poblaci\u00f3n civil estaba atemorizada. En estos d\u00edas era muy usual la quema de&nbsp; los libros con valores contrarios a los vencedores de la guerra y que supusieran un peligro para sus propietarios. Joaquina quem\u00f3 la enciclopedia <i>El Hombre y la tierra<\/i>&nbsp;de Eliseo Recl\u00fas (<a href=\"https:\/\/bit.ly\/2VKc0Zq\">Escuchar<\/a>).<\/span><\/span><\/div>\n<div style=\"text-align: justify\"><\/div>\n<div style=\"text-align: justify\"><b><span><span style=\"line-height: 115%\">4.- La huida de Barcelona a Francia y los sobornos para cruzar la frontera<\/span><\/span><\/b><\/div>\n<div style=\"text-align: justify\"><\/div>\n<div style=\"text-align: justify\"><span><span style=\"line-height: 115%\">Tras el final de la guerra Joaquina decidi\u00f3 abandonar Barcelona e ir a Francia para reencontrarse con su compa\u00f1ero exiliado. <\/span><\/span><\/div>\n<div style=\"text-align: justify\"><span><span style=\"line-height: 115%\"><br \/><\/span><\/span><\/div>\n<div style=\"text-align: justify\"><span><span style=\"line-height: 115%\">Entre varias personas pagaron los servicios de un gu\u00eda para que les ayudase a cruzar la frontera, pero al llegar a localidad de Puigcerd\u00e1 el gu\u00eda las abandon\u00f3 y fueron detenidas por la polic\u00eda y&nbsp; trasladas al <b>Penal de Figueras.<\/b><\/span><\/span><\/div>\n<div style=\"text-align: justify\"><span><span style=\"line-height: 115%\"><b><br \/><\/b><\/span><\/span><\/div>\n<div style=\"text-align: justify\"><span><span style=\", sans-serif;line-height: 115%\">Joaquina denuncia como la corrupci\u00f3n estaba institucionalizada, ya que para conseguir la autorizaci\u00f3n del paso fronterizo era necesario sobornar a la polic\u00eda y al director del penal, a lo que ella se neg\u00f3. (<a href=\"https:\/\/bit.ly\/3awr9CZ\">Escuchar<\/a>).<\/span><\/span><\/div>\n","protected":false},"excerpt":{"rendered":"<p>Recuperamos la memoria de las experiencias vividas por Joaquina Arellano Vidal entre 1934 y 1939, entrevistada por Herminio Lafoz Rabaza el 4 de septiembre de 2001. 1.- Las huelgas de los trabajadores durante la Segunda Rep\u00fablica Joaquina narra sus vivencias durante las duras las jornadas de huelga en la Barcelona de los a\u00f1os 1934 a [&hellip;]<\/p>\n","protected":false},"author":3,"featured_media":6576,"comment_status":"open","ping_status":"closed","sticky":false,"template":"","format":"standard","meta":{"_et_pb_use_builder":"","_et_pb_old_content":"","_et_gb_content_width":"","om_disable_all_campaigns":false,"_monsterinsights_skip_tracking":false,"_monsterinsights_sitenote_active":false,"_monsterinsights_sitenote_note":"","_monsterinsights_sitenote_category":0,"_uf_show_specific_survey":0,"_uf_disable_surveys":false,"footnotes":""},"categories":[41,89,86],"tags":[477,494],"class_list":["post-254","post","type-post","status-publish","format-standard","has-post-thumbnail","hentry","category-memoria-democratica","category-memorias-recuperadas","category-sonoros","tag-exilio","tag-guerra-civil-espanola"],"yoast_head":"<!-- This site is optimized with the Yoast SEO plugin v26.2 - https:\/\/yoast.com\/wordpress\/plugins\/seo\/ -->\n<title>Memorias recuperadas (3): Joaquina Arellano (1934-1939) - DARA GENERAL<\/title>\n<meta name=\"robots\" content=\"index, follow, max-snippet:-1, max-image-preview:large, max-video-preview:-1\" \/>\n<link rel=\"canonical\" href=\"https:\/\/dara.aragon.es\/dara\/blog\/memorias-recuperadas-3-joaquina-arellano-1934-1939\/\" \/>\n<meta property=\"og:locale\" content=\"es_ES\" \/>\n<meta property=\"og:type\" content=\"article\" \/>\n<meta property=\"og:title\" content=\"Memorias recuperadas (3): Joaquina Arellano (1934-1939) - DARA GENERAL\" \/>\n<meta property=\"og:description\" content=\"Recuperamos la memoria de las experiencias vividas por Joaquina Arellano Vidal entre 1934 y 1939, entrevistada por Herminio Lafoz Rabaza el 4 de septiembre de 2001. 1.- Las huelgas de los trabajadores durante la Segunda Rep\u00fablica Joaquina narra sus vivencias durante las duras las jornadas de huelga en la Barcelona de los a\u00f1os 1934 a [&hellip;]\" \/>\n<meta property=\"og:url\" content=\"https:\/\/dara.aragon.es\/dara\/blog\/memorias-recuperadas-3-joaquina-arellano-1934-1939\/\" \/>\n<meta property=\"og:site_name\" content=\"DARA GENERAL\" \/>\n<meta property=\"article:published_time\" content=\"2020-04-27T07:07:00+00:00\" \/>\n<meta property=\"article:modified_time\" content=\"2024-10-23T07:35:12+00:00\" \/>\n<meta property=\"og:image\" content=\"https:\/\/dara.aragon.es\/dara\/wp-content\/uploads\/2020\/04\/AHPZ_MF_COYNE_006376.jpg\" \/>\n\t<meta property=\"og:image:width\" content=\"640\" \/>\n\t<meta property=\"og:image:height\" content=\"410\" \/>\n\t<meta property=\"og:image:type\" content=\"image\/jpeg\" \/>\n<meta name=\"author\" content=\"Administrador DARA\" \/>\n<meta name=\"twitter:card\" content=\"summary_large_image\" \/>\n<meta name=\"twitter:label1\" content=\"Escrito por\" \/>\n\t<meta name=\"twitter:data1\" content=\"Administrador DARA\" \/>\n\t<meta name=\"twitter:label2\" content=\"Tiempo de lectura\" \/>\n\t<meta name=\"twitter:data2\" content=\"2 minutos\" \/>\n<script type=\"application\/ld+json\" class=\"yoast-schema-graph\">{\"@context\":\"https:\/\/schema.org\",\"@graph\":[{\"@type\":\"WebPage\",\"@id\":\"https:\/\/dara.aragon.es\/dara\/blog\/memorias-recuperadas-3-joaquina-arellano-1934-1939\/\",\"url\":\"https:\/\/dara.aragon.es\/dara\/blog\/memorias-recuperadas-3-joaquina-arellano-1934-1939\/\",\"name\":\"Memorias recuperadas (3): Joaquina Arellano (1934-1939) - DARA GENERAL\",\"isPartOf\":{\"@id\":\"https:\/\/dara.aragon.es\/dara\/#website\"},\"primaryImageOfPage\":{\"@id\":\"https:\/\/dara.aragon.es\/dara\/blog\/memorias-recuperadas-3-joaquina-arellano-1934-1939\/#primaryimage\"},\"image\":{\"@id\":\"https:\/\/dara.aragon.es\/dara\/blog\/memorias-recuperadas-3-joaquina-arellano-1934-1939\/#primaryimage\"},\"thumbnailUrl\":\"https:\/\/dara.aragon.es\/dara\/wp-content\/uploads\/2020\/04\/AHPZ_MF_COYNE_006376.jpg\",\"datePublished\":\"2020-04-27T07:07:00+00:00\",\"dateModified\":\"2024-10-23T07:35:12+00:00\",\"author\":{\"@id\":\"https:\/\/dara.aragon.es\/dara\/#\/schema\/person\/42ee60d9eb45f8689b62d2b57c40aeec\"},\"breadcrumb\":{\"@id\":\"https:\/\/dara.aragon.es\/dara\/blog\/memorias-recuperadas-3-joaquina-arellano-1934-1939\/#breadcrumb\"},\"inLanguage\":\"es\",\"potentialAction\":[{\"@type\":\"ReadAction\",\"target\":[\"https:\/\/dara.aragon.es\/dara\/blog\/memorias-recuperadas-3-joaquina-arellano-1934-1939\/\"]}]},{\"@type\":\"ImageObject\",\"inLanguage\":\"es\",\"@id\":\"https:\/\/dara.aragon.es\/dara\/blog\/memorias-recuperadas-3-joaquina-arellano-1934-1939\/#primaryimage\",\"url\":\"https:\/\/dara.aragon.es\/dara\/wp-content\/uploads\/2020\/04\/AHPZ_MF_COYNE_006376.jpg\",\"contentUrl\":\"https:\/\/dara.aragon.es\/dara\/wp-content\/uploads\/2020\/04\/AHPZ_MF_COYNE_006376.jpg\",\"width\":640,\"height\":410},{\"@type\":\"BreadcrumbList\",\"@id\":\"https:\/\/dara.aragon.es\/dara\/blog\/memorias-recuperadas-3-joaquina-arellano-1934-1939\/#breadcrumb\",\"itemListElement\":[{\"@type\":\"ListItem\",\"position\":1,\"name\":\"Portada\",\"item\":\"https:\/\/dara.aragon.es\/dara\/\"},{\"@type\":\"ListItem\",\"position\":2,\"name\":\"Memorias recuperadas (3): Joaquina Arellano (1934-1939)\"}]},{\"@type\":\"WebSite\",\"@id\":\"https:\/\/dara.aragon.es\/dara\/#website\",\"url\":\"https:\/\/dara.aragon.es\/dara\/\",\"name\":\"DARA GENERAL\",\"description\":\"Documentos y archivos de Arag\u00f3n\",\"potentialAction\":[{\"@type\":\"SearchAction\",\"target\":{\"@type\":\"EntryPoint\",\"urlTemplate\":\"https:\/\/dara.aragon.es\/dara\/?s={search_term_string}\"},\"query-input\":{\"@type\":\"PropertyValueSpecification\",\"valueRequired\":true,\"valueName\":\"search_term_string\"}}],\"inLanguage\":\"es\"},{\"@type\":\"Person\",\"@id\":\"https:\/\/dara.aragon.es\/dara\/#\/schema\/person\/42ee60d9eb45f8689b62d2b57c40aeec\",\"name\":\"Administrador DARA\",\"image\":{\"@type\":\"ImageObject\",\"inLanguage\":\"es\",\"@id\":\"https:\/\/dara.aragon.es\/dara\/#\/schema\/person\/image\/\",\"url\":\"https:\/\/secure.gravatar.com\/avatar\/8fc1a4250e60d75d1b41fafee86f7181217b3ec161666d4118ba57f78c0a1104?s=96&d=mm&r=g\",\"contentUrl\":\"https:\/\/secure.gravatar.com\/avatar\/8fc1a4250e60d75d1b41fafee86f7181217b3ec161666d4118ba57f78c0a1104?s=96&d=mm&r=g\",\"caption\":\"Administrador DARA\"},\"url\":\"https:\/\/dara.aragon.es\/dara\/blog\/author\/dara-gestion-de-contenidos\/\"}]}<\/script>\n<!-- \/ Yoast SEO plugin. -->","yoast_head_json":{"title":"Memorias recuperadas (3): Joaquina Arellano (1934-1939) - DARA GENERAL","robots":{"index":"index","follow":"follow","max-snippet":"max-snippet:-1","max-image-preview":"max-image-preview:large","max-video-preview":"max-video-preview:-1"},"canonical":"https:\/\/dara.aragon.es\/dara\/blog\/memorias-recuperadas-3-joaquina-arellano-1934-1939\/","og_locale":"es_ES","og_type":"article","og_title":"Memorias recuperadas (3): Joaquina Arellano (1934-1939) - DARA GENERAL","og_description":"Recuperamos la memoria de las experiencias vividas por Joaquina Arellano Vidal entre 1934 y 1939, entrevistada por Herminio Lafoz Rabaza el 4 de septiembre de 2001. 1.- Las huelgas de los trabajadores durante la Segunda Rep\u00fablica Joaquina narra sus vivencias durante las duras las jornadas de huelga en la Barcelona de los a\u00f1os 1934 a [&hellip;]","og_url":"https:\/\/dara.aragon.es\/dara\/blog\/memorias-recuperadas-3-joaquina-arellano-1934-1939\/","og_site_name":"DARA GENERAL","article_published_time":"2020-04-27T07:07:00+00:00","article_modified_time":"2024-10-23T07:35:12+00:00","og_image":[{"width":640,"height":410,"url":"https:\/\/dara.aragon.es\/dara\/wp-content\/uploads\/2020\/04\/AHPZ_MF_COYNE_006376.jpg","type":"image\/jpeg"}],"author":"Administrador DARA","twitter_card":"summary_large_image","twitter_misc":{"Escrito por":"Administrador DARA","Tiempo de lectura":"2 minutos"},"schema":{"@context":"https:\/\/schema.org","@graph":[{"@type":"WebPage","@id":"https:\/\/dara.aragon.es\/dara\/blog\/memorias-recuperadas-3-joaquina-arellano-1934-1939\/","url":"https:\/\/dara.aragon.es\/dara\/blog\/memorias-recuperadas-3-joaquina-arellano-1934-1939\/","name":"Memorias recuperadas (3): Joaquina Arellano (1934-1939) - DARA GENERAL","isPartOf":{"@id":"https:\/\/dara.aragon.es\/dara\/#website"},"primaryImageOfPage":{"@id":"https:\/\/dara.aragon.es\/dara\/blog\/memorias-recuperadas-3-joaquina-arellano-1934-1939\/#primaryimage"},"image":{"@id":"https:\/\/dara.aragon.es\/dara\/blog\/memorias-recuperadas-3-joaquina-arellano-1934-1939\/#primaryimage"},"thumbnailUrl":"https:\/\/dara.aragon.es\/dara\/wp-content\/uploads\/2020\/04\/AHPZ_MF_COYNE_006376.jpg","datePublished":"2020-04-27T07:07:00+00:00","dateModified":"2024-10-23T07:35:12+00:00","author":{"@id":"https:\/\/dara.aragon.es\/dara\/#\/schema\/person\/42ee60d9eb45f8689b62d2b57c40aeec"},"breadcrumb":{"@id":"https:\/\/dara.aragon.es\/dara\/blog\/memorias-recuperadas-3-joaquina-arellano-1934-1939\/#breadcrumb"},"inLanguage":"es","potentialAction":[{"@type":"ReadAction","target":["https:\/\/dara.aragon.es\/dara\/blog\/memorias-recuperadas-3-joaquina-arellano-1934-1939\/"]}]},{"@type":"ImageObject","inLanguage":"es","@id":"https:\/\/dara.aragon.es\/dara\/blog\/memorias-recuperadas-3-joaquina-arellano-1934-1939\/#primaryimage","url":"https:\/\/dara.aragon.es\/dara\/wp-content\/uploads\/2020\/04\/AHPZ_MF_COYNE_006376.jpg","contentUrl":"https:\/\/dara.aragon.es\/dara\/wp-content\/uploads\/2020\/04\/AHPZ_MF_COYNE_006376.jpg","width":640,"height":410},{"@type":"BreadcrumbList","@id":"https:\/\/dara.aragon.es\/dara\/blog\/memorias-recuperadas-3-joaquina-arellano-1934-1939\/#breadcrumb","itemListElement":[{"@type":"ListItem","position":1,"name":"Portada","item":"https:\/\/dara.aragon.es\/dara\/"},{"@type":"ListItem","position":2,"name":"Memorias recuperadas (3): Joaquina Arellano (1934-1939)"}]},{"@type":"WebSite","@id":"https:\/\/dara.aragon.es\/dara\/#website","url":"https:\/\/dara.aragon.es\/dara\/","name":"DARA GENERAL","description":"Documentos y archivos de Arag\u00f3n","potentialAction":[{"@type":"SearchAction","target":{"@type":"EntryPoint","urlTemplate":"https:\/\/dara.aragon.es\/dara\/?s={search_term_string}"},"query-input":{"@type":"PropertyValueSpecification","valueRequired":true,"valueName":"search_term_string"}}],"inLanguage":"es"},{"@type":"Person","@id":"https:\/\/dara.aragon.es\/dara\/#\/schema\/person\/42ee60d9eb45f8689b62d2b57c40aeec","name":"Administrador DARA","image":{"@type":"ImageObject","inLanguage":"es","@id":"https:\/\/dara.aragon.es\/dara\/#\/schema\/person\/image\/","url":"https:\/\/secure.gravatar.com\/avatar\/8fc1a4250e60d75d1b41fafee86f7181217b3ec161666d4118ba57f78c0a1104?s=96&d=mm&r=g","contentUrl":"https:\/\/secure.gravatar.com\/avatar\/8fc1a4250e60d75d1b41fafee86f7181217b3ec161666d4118ba57f78c0a1104?s=96&d=mm&r=g","caption":"Administrador DARA"},"url":"https:\/\/dara.aragon.es\/dara\/blog\/author\/dara-gestion-de-contenidos\/"}]}},"_links":{"self":[{"href":"https:\/\/dara.aragon.es\/dara\/wp-json\/wp\/v2\/posts\/254","targetHints":{"allow":["GET"]}}],"collection":[{"href":"https:\/\/dara.aragon.es\/dara\/wp-json\/wp\/v2\/posts"}],"about":[{"href":"https:\/\/dara.aragon.es\/dara\/wp-json\/wp\/v2\/types\/post"}],"author":[{"embeddable":true,"href":"https:\/\/dara.aragon.es\/dara\/wp-json\/wp\/v2\/users\/3"}],"replies":[{"embeddable":true,"href":"https:\/\/dara.aragon.es\/dara\/wp-json\/wp\/v2\/comments?post=254"}],"version-history":[{"count":0,"href":"https:\/\/dara.aragon.es\/dara\/wp-json\/wp\/v2\/posts\/254\/revisions"}],"wp:featuredmedia":[{"embeddable":true,"href":"https:\/\/dara.aragon.es\/dara\/wp-json\/wp\/v2\/media\/6576"}],"wp:attachment":[{"href":"https:\/\/dara.aragon.es\/dara\/wp-json\/wp\/v2\/media?parent=254"}],"wp:term":[{"taxonomy":"category","embeddable":true,"href":"https:\/\/dara.aragon.es\/dara\/wp-json\/wp\/v2\/categories?post=254"},{"taxonomy":"post_tag","embeddable":true,"href":"https:\/\/dara.aragon.es\/dara\/wp-json\/wp\/v2\/tags?post=254"}],"curies":[{"name":"wp","href":"https:\/\/api.w.org\/{rel}","templated":true}]}}