{"id":267,"date":"2020-04-12T17:17:00","date_gmt":"2020-04-12T17:17:00","guid":{"rendered":"https:\/\/dara.aragon.es\/dara\/blog\/2020\/04\/12\/la-jota-en-el-archivo-historico-provincial-de-teruel\/"},"modified":"2024-10-23T07:29:36","modified_gmt":"2024-10-23T07:29:36","slug":"la-jota-en-el-archivo-historico-provincial-de-teruel","status":"publish","type":"post","link":"https:\/\/dara.aragon.es\/dara\/blog\/la-jota-en-el-archivo-historico-provincial-de-teruel\/","title":{"rendered":"La Jota en el Archivo Hist\u00f3rico Provincial de Teruel"},"content":{"rendered":"<div style=\"clear: both;text-align: left\"><\/div>\n<div style=\"border: 0px;color: black;font-family: Roboto, Arial, sans-serif;font-size: 14px;font-style: normal;font-weight: 400;letter-spacing: normal;margin: 0px;padding: 0px;text-align: start;text-indent: 0px;text-transform: none\"><\/div>\n<div style=\"border: 0px;color: black;font-family: Roboto, Arial, sans-serif;font-size: 14px;font-style: normal;font-weight: 400;letter-spacing: normal;margin: 0px;padding: 0px;text-align: start;text-indent: 0px;text-transform: none\"><\/div>\n<div style=\"text-align: justify\">La Jota aragonesa es una manifestaci\u00f3n del folclore en Arag\u00f3n. Se expresa a trav\u00e9s del baile, el canto y la interpretaci\u00f3n instrumental, compuesta por una rondalla en la que participan fundamentalmente la guitarra, el la\u00fad y la bandurria.<\/div>\n<p><\/p>\n<div style=\"clear: both;text-align: center\"><a href=\"https:\/\/1.bp.blogspot.com\/-ErS6lBlRr6A\/XpSfqwuJb1I\/AAAAAAAAAPI\/yG6PbU1TNlYzdELDfEor8bLcy7dak64xgCLcBGAsYHQ\/s1600\/jota1.jpg\" style=\"margin-left: 1em;margin-right: 1em\"><img loading=\"lazy\" decoding=\"async\" border=\"0\" data-original-height=\"431\" data-original-width=\"615\" height=\"448\" src=\"https:\/\/1.bp.blogspot.com\/-ErS6lBlRr6A\/XpSfqwuJb1I\/AAAAAAAAAPI\/yG6PbU1TNlYzdELDfEor8bLcy7dak64xgCLcBGAsYHQ\/s640\/jota1.jpg\" width=\"640\" \/><\/a><\/div>\n<p><\/p>\n<div style=\"text-align: justify\">El Archivo Hist\u00f3rico Provincial de Teruel a trav\u00e9s de una selecci\u00f3n de fotograf\u00edas de las d\u00e9cadas de 1940 a 1960, de un total de 40 que se conservan en el fondo de la <a href=\"https:\/\/dara.aragon.es\/opac\/app\/results\/?ob=re:1&amp;q=seccion+femenina&amp;ft=institution:Delegaci%C3%B3n+Provincial+de+la+Secci%C3%B3n+Femenina+de+Teruel&amp;st=.4&amp;pmp=%25foto%25,foto\" target=\"_blank\" rel=\"noopener\">Secci\u00f3n Femenina<\/a>, y 16 en el fondo de <a href=\"https:\/\/dara.aragon.es\/opac\/app\/results\/?ob=re:1&amp;q=organizaci%C3%B3n+sindical&amp;ft=institution:Delegaci%C3%B3n+Provincial+de+la+Organizaci%C3%B3n+Sindical+de+Teruel&amp;st=.4&amp;pmp=%25foto%25,foto\" target=\"_blank\" rel=\"noopener\">Organizaci\u00f3n Sindical<\/a> sobre los grupos de Coros y Danzas y la Jota en general, quiere dar a conocer algunos de los grupos que hab\u00eda en Teruel y provincia, los int\u00e9rpretes, as\u00ed como los festivales nacionales e internacionales donde participaron. Grupos que se crearon para difundir, mantener y divulgar el folclore aragon\u00e9s.<\/div>\n<div style=\"text-align: justify\"><\/div>\n<div style=\"text-align: justify\">Se puede acceder a todo el contenido fotogr\u00e1fico desde el portal de <a href=\"http:\/\/www.dara-aragon.es\/\" target=\"_blank\" rel=\"noopener\">DARA<\/a>.<\/div>\n<p><\/p>\n<div style=\"background: transparent;border: 0px;margin: 0px;min-width: 0px;padding: 0px\">\n<div style=\"background: transparent;border: 0px;margin: 0px;max-width: 615px;padding: 0px\"><\/div>\n<div style=\"clear: both;text-align: center\"><\/div>\n<div style=\"background: transparent;border: 0px;margin: 0px;max-width: 615px;padding: 0px\"><\/div>\n<\/div>\n<p><\/p>\n","protected":false},"excerpt":{"rendered":"<p>La Jota aragonesa es una manifestaci\u00f3n del folclore en Arag\u00f3n. Se expresa a trav\u00e9s del baile, el canto y la interpretaci\u00f3n instrumental, compuesta por una rondalla en la que participan fundamentalmente la guitarra, el la\u00fad y la bandurria. El Archivo Hist\u00f3rico Provincial de Teruel a trav\u00e9s de una selecci\u00f3n de fotograf\u00edas de las d\u00e9cadas de [&hellip;]<\/p>\n","protected":false},"author":7,"featured_media":6565,"comment_status":"open","ping_status":"closed","sticky":false,"template":"","format":"standard","meta":{"_et_pb_use_builder":"","_et_pb_old_content":"","_et_gb_content_width":"","om_disable_all_campaigns":false,"_monsterinsights_skip_tracking":false,"_monsterinsights_sitenote_active":false,"_monsterinsights_sitenote_note":"","_monsterinsights_sitenote_category":0,"_uf_show_specific_survey":0,"_uf_disable_surveys":false,"footnotes":""},"categories":[13,587,49],"tags":[482,511],"class_list":["post-267","post","type-post","status-publish","format-standard","has-post-thumbnail","hentry","category-ahp-teruel","category-fotos","category-seccion-femenina","tag-folclore","tag-jota"],"yoast_head":"<!-- This site is optimized with the Yoast SEO plugin v26.2 - https:\/\/yoast.com\/wordpress\/plugins\/seo\/ -->\n<title>La Jota en el Archivo Hist\u00f3rico Provincial de Teruel - DARA GENERAL<\/title>\n<meta name=\"robots\" content=\"index, follow, max-snippet:-1, max-image-preview:large, max-video-preview:-1\" \/>\n<link rel=\"canonical\" href=\"https:\/\/dara.aragon.es\/dara\/blog\/la-jota-en-el-archivo-historico-provincial-de-teruel\/\" \/>\n<meta property=\"og:locale\" content=\"es_ES\" \/>\n<meta property=\"og:type\" content=\"article\" \/>\n<meta property=\"og:title\" content=\"La Jota en el Archivo Hist\u00f3rico Provincial de Teruel - DARA GENERAL\" \/>\n<meta property=\"og:description\" content=\"La Jota aragonesa es una manifestaci\u00f3n del folclore en Arag\u00f3n. Se expresa a trav\u00e9s del baile, el canto y la interpretaci\u00f3n instrumental, compuesta por una rondalla en la que participan fundamentalmente la guitarra, el la\u00fad y la bandurria. El Archivo Hist\u00f3rico Provincial de Teruel a trav\u00e9s de una selecci\u00f3n de fotograf\u00edas de las d\u00e9cadas de [&hellip;]\" \/>\n<meta property=\"og:url\" content=\"https:\/\/dara.aragon.es\/dara\/blog\/la-jota-en-el-archivo-historico-provincial-de-teruel\/\" \/>\n<meta property=\"og:site_name\" content=\"DARA GENERAL\" \/>\n<meta property=\"article:published_time\" content=\"2020-04-12T17:17:00+00:00\" \/>\n<meta property=\"article:modified_time\" content=\"2024-10-23T07:29:36+00:00\" \/>\n<meta property=\"og:image\" content=\"https:\/\/dara.aragon.es\/dara\/wp-content\/uploads\/2020\/04\/jota1.jpg\" \/>\n\t<meta property=\"og:image:width\" content=\"615\" \/>\n\t<meta property=\"og:image:height\" content=\"431\" \/>\n\t<meta property=\"og:image:type\" content=\"image\/jpeg\" \/>\n<meta name=\"author\" content=\"Archivo Hist\u00f3rico Provincial de Teruel\" \/>\n<meta name=\"twitter:card\" content=\"summary_large_image\" \/>\n<meta name=\"twitter:label1\" content=\"Escrito por\" \/>\n\t<meta name=\"twitter:data1\" content=\"Archivo Hist\u00f3rico Provincial de Teruel\" \/>\n\t<meta name=\"twitter:label2\" content=\"Tiempo de lectura\" \/>\n\t<meta name=\"twitter:data2\" content=\"1 minuto\" \/>\n<script type=\"application\/ld+json\" class=\"yoast-schema-graph\">{\"@context\":\"https:\/\/schema.org\",\"@graph\":[{\"@type\":\"WebPage\",\"@id\":\"https:\/\/dara.aragon.es\/dara\/blog\/la-jota-en-el-archivo-historico-provincial-de-teruel\/\",\"url\":\"https:\/\/dara.aragon.es\/dara\/blog\/la-jota-en-el-archivo-historico-provincial-de-teruel\/\",\"name\":\"La Jota en el Archivo Hist\u00f3rico Provincial de Teruel - DARA GENERAL\",\"isPartOf\":{\"@id\":\"https:\/\/dara.aragon.es\/dara\/#website\"},\"primaryImageOfPage\":{\"@id\":\"https:\/\/dara.aragon.es\/dara\/blog\/la-jota-en-el-archivo-historico-provincial-de-teruel\/#primaryimage\"},\"image\":{\"@id\":\"https:\/\/dara.aragon.es\/dara\/blog\/la-jota-en-el-archivo-historico-provincial-de-teruel\/#primaryimage\"},\"thumbnailUrl\":\"https:\/\/dara.aragon.es\/dara\/wp-content\/uploads\/2020\/04\/jota1.jpg\",\"datePublished\":\"2020-04-12T17:17:00+00:00\",\"dateModified\":\"2024-10-23T07:29:36+00:00\",\"author\":{\"@id\":\"https:\/\/dara.aragon.es\/dara\/#\/schema\/person\/d8651b250d315dfa397cc5625341aca7\"},\"breadcrumb\":{\"@id\":\"https:\/\/dara.aragon.es\/dara\/blog\/la-jota-en-el-archivo-historico-provincial-de-teruel\/#breadcrumb\"},\"inLanguage\":\"es\",\"potentialAction\":[{\"@type\":\"ReadAction\",\"target\":[\"https:\/\/dara.aragon.es\/dara\/blog\/la-jota-en-el-archivo-historico-provincial-de-teruel\/\"]}]},{\"@type\":\"ImageObject\",\"inLanguage\":\"es\",\"@id\":\"https:\/\/dara.aragon.es\/dara\/blog\/la-jota-en-el-archivo-historico-provincial-de-teruel\/#primaryimage\",\"url\":\"https:\/\/dara.aragon.es\/dara\/wp-content\/uploads\/2020\/04\/jota1.jpg\",\"contentUrl\":\"https:\/\/dara.aragon.es\/dara\/wp-content\/uploads\/2020\/04\/jota1.jpg\",\"width\":615,\"height\":431},{\"@type\":\"BreadcrumbList\",\"@id\":\"https:\/\/dara.aragon.es\/dara\/blog\/la-jota-en-el-archivo-historico-provincial-de-teruel\/#breadcrumb\",\"itemListElement\":[{\"@type\":\"ListItem\",\"position\":1,\"name\":\"Portada\",\"item\":\"https:\/\/dara.aragon.es\/dara\/\"},{\"@type\":\"ListItem\",\"position\":2,\"name\":\"La Jota en el Archivo Hist\u00f3rico Provincial de Teruel\"}]},{\"@type\":\"WebSite\",\"@id\":\"https:\/\/dara.aragon.es\/dara\/#website\",\"url\":\"https:\/\/dara.aragon.es\/dara\/\",\"name\":\"DARA GENERAL\",\"description\":\"Documentos y archivos de Arag\u00f3n\",\"potentialAction\":[{\"@type\":\"SearchAction\",\"target\":{\"@type\":\"EntryPoint\",\"urlTemplate\":\"https:\/\/dara.aragon.es\/dara\/?s={search_term_string}\"},\"query-input\":{\"@type\":\"PropertyValueSpecification\",\"valueRequired\":true,\"valueName\":\"search_term_string\"}}],\"inLanguage\":\"es\"},{\"@type\":\"Person\",\"@id\":\"https:\/\/dara.aragon.es\/dara\/#\/schema\/person\/d8651b250d315dfa397cc5625341aca7\",\"name\":\"Archivo Hist\u00f3rico Provincial de Teruel\",\"image\":{\"@type\":\"ImageObject\",\"inLanguage\":\"es\",\"@id\":\"https:\/\/dara.aragon.es\/dara\/#\/schema\/person\/image\/\",\"url\":\"https:\/\/secure.gravatar.com\/avatar\/e4e12c40936cffd276d8f3b687092ef94f44cc2fc561fcfac6253ff195919b88?s=96&d=mm&r=g\",\"contentUrl\":\"https:\/\/secure.gravatar.com\/avatar\/e4e12c40936cffd276d8f3b687092ef94f44cc2fc561fcfac6253ff195919b88?s=96&d=mm&r=g\",\"caption\":\"Archivo Hist\u00f3rico Provincial de Teruel\"},\"url\":\"https:\/\/dara.aragon.es\/dara\/blog\/author\/ahpte\/\"}]}<\/script>\n<!-- \/ Yoast SEO plugin. -->","yoast_head_json":{"title":"La Jota en el Archivo Hist\u00f3rico Provincial de Teruel - DARA GENERAL","robots":{"index":"index","follow":"follow","max-snippet":"max-snippet:-1","max-image-preview":"max-image-preview:large","max-video-preview":"max-video-preview:-1"},"canonical":"https:\/\/dara.aragon.es\/dara\/blog\/la-jota-en-el-archivo-historico-provincial-de-teruel\/","og_locale":"es_ES","og_type":"article","og_title":"La Jota en el Archivo Hist\u00f3rico Provincial de Teruel - DARA GENERAL","og_description":"La Jota aragonesa es una manifestaci\u00f3n del folclore en Arag\u00f3n. Se expresa a trav\u00e9s del baile, el canto y la interpretaci\u00f3n instrumental, compuesta por una rondalla en la que participan fundamentalmente la guitarra, el la\u00fad y la bandurria. El Archivo Hist\u00f3rico Provincial de Teruel a trav\u00e9s de una selecci\u00f3n de fotograf\u00edas de las d\u00e9cadas de [&hellip;]","og_url":"https:\/\/dara.aragon.es\/dara\/blog\/la-jota-en-el-archivo-historico-provincial-de-teruel\/","og_site_name":"DARA GENERAL","article_published_time":"2020-04-12T17:17:00+00:00","article_modified_time":"2024-10-23T07:29:36+00:00","og_image":[{"width":615,"height":431,"url":"https:\/\/dara.aragon.es\/dara\/wp-content\/uploads\/2020\/04\/jota1.jpg","type":"image\/jpeg"}],"author":"Archivo Hist\u00f3rico Provincial de Teruel","twitter_card":"summary_large_image","twitter_misc":{"Escrito por":"Archivo Hist\u00f3rico Provincial de Teruel","Tiempo de lectura":"1 minuto"},"schema":{"@context":"https:\/\/schema.org","@graph":[{"@type":"WebPage","@id":"https:\/\/dara.aragon.es\/dara\/blog\/la-jota-en-el-archivo-historico-provincial-de-teruel\/","url":"https:\/\/dara.aragon.es\/dara\/blog\/la-jota-en-el-archivo-historico-provincial-de-teruel\/","name":"La Jota en el Archivo Hist\u00f3rico Provincial de Teruel - DARA GENERAL","isPartOf":{"@id":"https:\/\/dara.aragon.es\/dara\/#website"},"primaryImageOfPage":{"@id":"https:\/\/dara.aragon.es\/dara\/blog\/la-jota-en-el-archivo-historico-provincial-de-teruel\/#primaryimage"},"image":{"@id":"https:\/\/dara.aragon.es\/dara\/blog\/la-jota-en-el-archivo-historico-provincial-de-teruel\/#primaryimage"},"thumbnailUrl":"https:\/\/dara.aragon.es\/dara\/wp-content\/uploads\/2020\/04\/jota1.jpg","datePublished":"2020-04-12T17:17:00+00:00","dateModified":"2024-10-23T07:29:36+00:00","author":{"@id":"https:\/\/dara.aragon.es\/dara\/#\/schema\/person\/d8651b250d315dfa397cc5625341aca7"},"breadcrumb":{"@id":"https:\/\/dara.aragon.es\/dara\/blog\/la-jota-en-el-archivo-historico-provincial-de-teruel\/#breadcrumb"},"inLanguage":"es","potentialAction":[{"@type":"ReadAction","target":["https:\/\/dara.aragon.es\/dara\/blog\/la-jota-en-el-archivo-historico-provincial-de-teruel\/"]}]},{"@type":"ImageObject","inLanguage":"es","@id":"https:\/\/dara.aragon.es\/dara\/blog\/la-jota-en-el-archivo-historico-provincial-de-teruel\/#primaryimage","url":"https:\/\/dara.aragon.es\/dara\/wp-content\/uploads\/2020\/04\/jota1.jpg","contentUrl":"https:\/\/dara.aragon.es\/dara\/wp-content\/uploads\/2020\/04\/jota1.jpg","width":615,"height":431},{"@type":"BreadcrumbList","@id":"https:\/\/dara.aragon.es\/dara\/blog\/la-jota-en-el-archivo-historico-provincial-de-teruel\/#breadcrumb","itemListElement":[{"@type":"ListItem","position":1,"name":"Portada","item":"https:\/\/dara.aragon.es\/dara\/"},{"@type":"ListItem","position":2,"name":"La Jota en el Archivo Hist\u00f3rico Provincial de Teruel"}]},{"@type":"WebSite","@id":"https:\/\/dara.aragon.es\/dara\/#website","url":"https:\/\/dara.aragon.es\/dara\/","name":"DARA GENERAL","description":"Documentos y archivos de Arag\u00f3n","potentialAction":[{"@type":"SearchAction","target":{"@type":"EntryPoint","urlTemplate":"https:\/\/dara.aragon.es\/dara\/?s={search_term_string}"},"query-input":{"@type":"PropertyValueSpecification","valueRequired":true,"valueName":"search_term_string"}}],"inLanguage":"es"},{"@type":"Person","@id":"https:\/\/dara.aragon.es\/dara\/#\/schema\/person\/d8651b250d315dfa397cc5625341aca7","name":"Archivo Hist\u00f3rico Provincial de Teruel","image":{"@type":"ImageObject","inLanguage":"es","@id":"https:\/\/dara.aragon.es\/dara\/#\/schema\/person\/image\/","url":"https:\/\/secure.gravatar.com\/avatar\/e4e12c40936cffd276d8f3b687092ef94f44cc2fc561fcfac6253ff195919b88?s=96&d=mm&r=g","contentUrl":"https:\/\/secure.gravatar.com\/avatar\/e4e12c40936cffd276d8f3b687092ef94f44cc2fc561fcfac6253ff195919b88?s=96&d=mm&r=g","caption":"Archivo Hist\u00f3rico Provincial de Teruel"},"url":"https:\/\/dara.aragon.es\/dara\/blog\/author\/ahpte\/"}]}},"_links":{"self":[{"href":"https:\/\/dara.aragon.es\/dara\/wp-json\/wp\/v2\/posts\/267","targetHints":{"allow":["GET"]}}],"collection":[{"href":"https:\/\/dara.aragon.es\/dara\/wp-json\/wp\/v2\/posts"}],"about":[{"href":"https:\/\/dara.aragon.es\/dara\/wp-json\/wp\/v2\/types\/post"}],"author":[{"embeddable":true,"href":"https:\/\/dara.aragon.es\/dara\/wp-json\/wp\/v2\/users\/7"}],"replies":[{"embeddable":true,"href":"https:\/\/dara.aragon.es\/dara\/wp-json\/wp\/v2\/comments?post=267"}],"version-history":[{"count":0,"href":"https:\/\/dara.aragon.es\/dara\/wp-json\/wp\/v2\/posts\/267\/revisions"}],"wp:featuredmedia":[{"embeddable":true,"href":"https:\/\/dara.aragon.es\/dara\/wp-json\/wp\/v2\/media\/6565"}],"wp:attachment":[{"href":"https:\/\/dara.aragon.es\/dara\/wp-json\/wp\/v2\/media?parent=267"}],"wp:term":[{"taxonomy":"category","embeddable":true,"href":"https:\/\/dara.aragon.es\/dara\/wp-json\/wp\/v2\/categories?post=267"},{"taxonomy":"post_tag","embeddable":true,"href":"https:\/\/dara.aragon.es\/dara\/wp-json\/wp\/v2\/tags?post=267"}],"curies":[{"name":"wp","href":"https:\/\/api.w.org\/{rel}","templated":true}]}}