{"id":268,"date":"2020-04-11T21:10:00","date_gmt":"2020-04-11T21:10:00","guid":{"rendered":"https:\/\/dara.aragon.es\/dara\/blog\/2020\/04\/11\/teruel-destruccion-y-reconstruccion\/"},"modified":"2024-10-23T07:21:47","modified_gmt":"2024-10-23T07:21:47","slug":"teruel-destruccion-y-reconstruccion","status":"publish","type":"post","link":"https:\/\/dara.aragon.es\/dara\/blog\/teruel-destruccion-y-reconstruccion\/","title":{"rendered":"Teruel: Destrucci\u00f3n y Reconstrucci\u00f3n"},"content":{"rendered":"<div style=\"clear: both;text-align: center\"><\/div>\n<div style=\"clear: both;text-align: center\"><\/div>\n<div style=\"clear: both;text-align: center\"><\/div>\n<div style=\"font-family: Helvetica, Arial, sans-serif\">\n<div style=\"text-align: justify\">El Archivo Hist\u00f3rico Provincial de Teruel conserva el fondo con las actuaciones de la <a href=\"https:\/\/dara.aragon.es\/opac\/app\/item\/ahpt;jsessionid=fXdPcs1pCaGx5_D72TqyOmVo7pHxggMdxlO-Qz5H_fhCVjd61PVG!-724939951?vm=nv&amp;q=Regiones+devastadas&amp;p=0&amp;ar=3&amp;i=284846\" target=\"_blank\" rel=\"noopener\"><b>Direcci\u00f3n General de Regiones Devastadas<\/b><\/a> en la provincia. Es una fuente documental fundamental para conocer y comprender la arquitectura y urbanismo de posguerra en Teruel.<\/p>\n<div style=\"clear: both;text-align: center\"><a href=\"https:\/\/1.bp.blogspot.com\/-2KUVPsNNNLs\/XosiL7NPPWI\/AAAAAAAAAyM\/5O8aXVFyEd4QIsgebc0BBP2HTYbFiiNOQCLcBGAsYHQ\/s1600\/CasinoTeruel.jpg\" style=\"margin-left: 1em;margin-right: 1em\"><img loading=\"lazy\" decoding=\"async\" border=\"0\" data-original-height=\"453\" data-original-width=\"650\" height=\"446\" src=\"https:\/\/1.bp.blogspot.com\/-2KUVPsNNNLs\/XosiL7NPPWI\/AAAAAAAAAyM\/5O8aXVFyEd4QIsgebc0BBP2HTYbFiiNOQCLcBGAsYHQ\/s640\/CasinoTeruel.jpg\" width=\"640\" \/><\/a><\/div>\n<p>Como consecuencia de la Guerra Civil, Teruel quedo destruida, por lo que la poblaci\u00f3n fue \u201cadoptada\u201d por el Caudillo el 7 de octubre de 1939, e incluida en los proyectos de reconstrucci\u00f3n que llevo a cabo la Direcci\u00f3n General de Regiones Devastadas y Reparaciones, que fue creada por Ley el 30 de enero de 1938, con el objetivo de orientar, facilitar y en muchos casos reconstruir los da\u00f1os causados por la guerra. El Estado se hizo cargo de la reconstrucci\u00f3n de determinados edificios, de la construcci\u00f3n de los oficiales, la reconstrucci\u00f3n urban\u00edstica de la ciudad y la concesi\u00f3n de cr\u00e9ditos a particulares.<\/p><\/div>\n<\/div>\n<div style=\"font-family: Helvetica, Arial, sans-serif\">\n<div style=\"text-align: justify\"><\/p>\n<div style=\"clear: both;text-align: center\"><\/div>\n<p><\/div>\n<\/div>\n<div style=\"font-family: Helvetica, Arial, sans-serif\">\n<div style=\"text-align: justify\"><\/div>\n<\/div>\n<div style=\"font-family: Helvetica, Arial, sans-serif\">\n<div style=\"text-align: justify\">El fondo de Regiones devastadas est\u00e1 compuesto por 537 cajas, en las que se incluyen 2107 planos. Las<a href=\"https:\/\/dara.aragon.es\/opac\/app\/results\/ahpt?ob=re:1&amp;st=.4.267.273.344.284846.501535\" target=\"_blank\" rel=\"noopener\"> <b>fotograf\u00edas<\/b><\/a>, un total de 521, constituyen un testimonio excepcional de la devastaci\u00f3n de la guerra y de la construcci\u00f3n del Teruel actual.<\/p>\n<h3>M\u00e1s informaci\u00f3n<\/h3>\n<div>\n<div style=\"background-color: white;border: 0px;color: #444444;, Helvetica, Arial, sans-serif;font-size: 14px;line-height: inherit;margin-bottom: 20px;padding: 0px;text-align: start;vertical-align: baseline\">\n<div style=\"clear: both;text-align: center\"><a href=\"https:\/\/1.bp.blogspot.com\/-6jTHqnKYjfc\/XoseKEEk62I\/AAAAAAAAAyA\/F3o5HdvLxFYNBaRAMwhRIxqPhlXnmK-gACLcBGAsYHQ\/s1600\/Reconstruccion_Teruel.jpg\" style=\"clear: left;float: left;margin-bottom: 1em;margin-right: 1em\"><img loading=\"lazy\" decoding=\"async\" border=\"0\" data-original-height=\"228\" data-original-width=\"198\" height=\"200\" src=\"https:\/\/1.bp.blogspot.com\/-6jTHqnKYjfc\/XoseKEEk62I\/AAAAAAAAAyA\/F3o5HdvLxFYNBaRAMwhRIxqPhlXnmK-gACLcBGAsYHQ\/s200\/Reconstruccion_Teruel.jpg\" width=\"173\" \/><\/a><\/div>\n<p><strong style=\"border: 0px;color: #333333;font-family: inherit;font-size: inherit;font-style: inherit;font-variant: inherit;line-height: inherit;margin: 0px;padding: 0px;vertical-align: baseline\"><a href=\"http:\/\/www.patrimonioculturaldearagon.es\/documents\/10157\/6286858c-9815-4d48-bc72-9a10d60c229f\" target=\"_blank\" rel=\"noopener\"><em style=\"border: 0px;font-family: inherit;font-size: inherit;font-variant: inherit;font-weight: inherit;line-height: inherit;margin: 0px;padding: 0px;vertical-align: baseline\">La reconstrucci\u00f3n de Teruel, 1939 &#8211; 1957<\/em>, [Cat\u00e1logo] \/ textos, Jos\u00e9 Manuel L\u00f3pez G\u00f3mez. Gobierno de Arag\u00f3n. Departamento de Educaci\u00f3n, Cultura y Deporte, D. L., Zaragoza, 2005.<\/a><\/strong><\/div>\n<p><a href=\"http:\/\/www.patrimonioculturaldearagon.es\/documents\/10157\/6286858c-9815-4d48-bc72-9a10d60c229f\" target=\"_blank\" rel=\"noopener\"><span style=\"color: #333333;, sans-serif\"><span style=\"background-color: white;border-color: initial;border-style: initial;font-size: 14px;line-height: inherit\">Descargar publicaci\u00f3n<\/span><\/span><span style=\"background-color: white;color: #444444;, sans-serif;font-size: 14px\"><\/span><\/a><\/p>\n<div style=\"background-color: white;border: 0px;color: #444444;, Helvetica, Arial, sans-serif;font-size: 14px;line-height: inherit;margin-bottom: 20px;padding: 0px;text-align: start;vertical-align: baseline\"><a href=\"http:\/\/www.patrimonioculturaldearagon.es\/documents\/10157\/6286858c-9815-4d48-bc72-9a10d60c229f\" target=\"_blank\" rel=\"noopener\">126 p.: il.<\/a><br \/><a href=\"http:\/\/www.patrimonioculturaldearagon.es\/documents\/10157\/6286858c-9815-4d48-bc72-9a10d60c229f\" target=\"_blank\" rel=\"noopener\">25 cm.<\/a><br \/><a href=\"http:\/\/www.patrimonioculturaldearagon.es\/documents\/10157\/6286858c-9815-4d48-bc72-9a10d60c229f\" target=\"_blank\" rel=\"noopener\">ISBN: 84-7753-406-3<\/a><\/div>\n<\/div>\n<\/div>\n<\/div>\n","protected":false},"excerpt":{"rendered":"<p>El Archivo Hist\u00f3rico Provincial de Teruel conserva el fondo con las actuaciones de la Direcci\u00f3n General de Regiones Devastadas en la provincia. Es una fuente documental fundamental para conocer y comprender la arquitectura y urbanismo de posguerra en Teruel. Como consecuencia de la Guerra Civil, Teruel quedo destruida, por lo que la poblaci\u00f3n fue \u201cadoptada\u201d [&hellip;]<\/p>\n","protected":false},"author":7,"featured_media":6551,"comment_status":"open","ping_status":"closed","sticky":false,"template":"","format":"standard","meta":{"_et_pb_use_builder":"","_et_pb_old_content":"","_et_gb_content_width":"","om_disable_all_campaigns":false,"_monsterinsights_skip_tracking":false,"_monsterinsights_sitenote_active":false,"_monsterinsights_sitenote_note":"","_monsterinsights_sitenote_category":0,"_uf_show_specific_survey":0,"_uf_disable_surveys":false,"footnotes":""},"categories":[13,5],"tags":[413,552],"class_list":["post-268","post","type-post","status-publish","format-standard","has-post-thumbnail","hentry","category-ahp-teruel","category-noticias","tag-arquitectura","tag-regiones-devastadas"],"yoast_head":"<!-- This site is optimized with the Yoast SEO plugin v26.2 - https:\/\/yoast.com\/wordpress\/plugins\/seo\/ -->\n<title>Teruel: Destrucci\u00f3n y Reconstrucci\u00f3n - DARA GENERAL<\/title>\n<meta name=\"robots\" content=\"index, follow, max-snippet:-1, max-image-preview:large, max-video-preview:-1\" \/>\n<link rel=\"canonical\" href=\"https:\/\/dara.aragon.es\/dara\/blog\/teruel-destruccion-y-reconstruccion\/\" \/>\n<meta property=\"og:locale\" content=\"es_ES\" \/>\n<meta property=\"og:type\" content=\"article\" \/>\n<meta property=\"og:title\" content=\"Teruel: Destrucci\u00f3n y Reconstrucci\u00f3n - DARA GENERAL\" \/>\n<meta property=\"og:description\" content=\"El Archivo Hist\u00f3rico Provincial de Teruel conserva el fondo con las actuaciones de la Direcci\u00f3n General de Regiones Devastadas en la provincia. Es una fuente documental fundamental para conocer y comprender la arquitectura y urbanismo de posguerra en Teruel. Como consecuencia de la Guerra Civil, Teruel quedo destruida, por lo que la poblaci\u00f3n fue \u201cadoptada\u201d [&hellip;]\" \/>\n<meta property=\"og:url\" content=\"https:\/\/dara.aragon.es\/dara\/blog\/teruel-destruccion-y-reconstruccion\/\" \/>\n<meta property=\"og:site_name\" content=\"DARA GENERAL\" \/>\n<meta property=\"article:published_time\" content=\"2020-04-11T21:10:00+00:00\" \/>\n<meta property=\"article:modified_time\" content=\"2024-10-23T07:21:47+00:00\" \/>\n<meta property=\"og:image\" content=\"https:\/\/dara.aragon.es\/dara\/wp-content\/uploads\/2020\/04\/CasinoTeruel.jpg\" \/>\n\t<meta property=\"og:image:width\" content=\"640\" \/>\n\t<meta property=\"og:image:height\" content=\"446\" \/>\n\t<meta property=\"og:image:type\" content=\"image\/jpeg\" \/>\n<meta name=\"author\" content=\"Archivo Hist\u00f3rico Provincial de Teruel\" \/>\n<meta name=\"twitter:card\" content=\"summary_large_image\" \/>\n<meta name=\"twitter:label1\" content=\"Escrito por\" \/>\n\t<meta name=\"twitter:data1\" content=\"Archivo Hist\u00f3rico Provincial de Teruel\" \/>\n\t<meta name=\"twitter:label2\" content=\"Tiempo de lectura\" \/>\n\t<meta name=\"twitter:data2\" content=\"1 minuto\" \/>\n<script type=\"application\/ld+json\" class=\"yoast-schema-graph\">{\"@context\":\"https:\/\/schema.org\",\"@graph\":[{\"@type\":\"WebPage\",\"@id\":\"https:\/\/dara.aragon.es\/dara\/blog\/teruel-destruccion-y-reconstruccion\/\",\"url\":\"https:\/\/dara.aragon.es\/dara\/blog\/teruel-destruccion-y-reconstruccion\/\",\"name\":\"Teruel: Destrucci\u00f3n y Reconstrucci\u00f3n - DARA GENERAL\",\"isPartOf\":{\"@id\":\"https:\/\/dara.aragon.es\/dara\/#website\"},\"primaryImageOfPage\":{\"@id\":\"https:\/\/dara.aragon.es\/dara\/blog\/teruel-destruccion-y-reconstruccion\/#primaryimage\"},\"image\":{\"@id\":\"https:\/\/dara.aragon.es\/dara\/blog\/teruel-destruccion-y-reconstruccion\/#primaryimage\"},\"thumbnailUrl\":\"https:\/\/dara.aragon.es\/dara\/wp-content\/uploads\/2020\/04\/CasinoTeruel.jpg\",\"datePublished\":\"2020-04-11T21:10:00+00:00\",\"dateModified\":\"2024-10-23T07:21:47+00:00\",\"author\":{\"@id\":\"https:\/\/dara.aragon.es\/dara\/#\/schema\/person\/d8651b250d315dfa397cc5625341aca7\"},\"breadcrumb\":{\"@id\":\"https:\/\/dara.aragon.es\/dara\/blog\/teruel-destruccion-y-reconstruccion\/#breadcrumb\"},\"inLanguage\":\"es\",\"potentialAction\":[{\"@type\":\"ReadAction\",\"target\":[\"https:\/\/dara.aragon.es\/dara\/blog\/teruel-destruccion-y-reconstruccion\/\"]}]},{\"@type\":\"ImageObject\",\"inLanguage\":\"es\",\"@id\":\"https:\/\/dara.aragon.es\/dara\/blog\/teruel-destruccion-y-reconstruccion\/#primaryimage\",\"url\":\"https:\/\/dara.aragon.es\/dara\/wp-content\/uploads\/2020\/04\/CasinoTeruel.jpg\",\"contentUrl\":\"https:\/\/dara.aragon.es\/dara\/wp-content\/uploads\/2020\/04\/CasinoTeruel.jpg\",\"width\":640,\"height\":446},{\"@type\":\"BreadcrumbList\",\"@id\":\"https:\/\/dara.aragon.es\/dara\/blog\/teruel-destruccion-y-reconstruccion\/#breadcrumb\",\"itemListElement\":[{\"@type\":\"ListItem\",\"position\":1,\"name\":\"Portada\",\"item\":\"https:\/\/dara.aragon.es\/dara\/\"},{\"@type\":\"ListItem\",\"position\":2,\"name\":\"Teruel: Destrucci\u00f3n y Reconstrucci\u00f3n\"}]},{\"@type\":\"WebSite\",\"@id\":\"https:\/\/dara.aragon.es\/dara\/#website\",\"url\":\"https:\/\/dara.aragon.es\/dara\/\",\"name\":\"DARA GENERAL\",\"description\":\"Documentos y archivos de Arag\u00f3n\",\"potentialAction\":[{\"@type\":\"SearchAction\",\"target\":{\"@type\":\"EntryPoint\",\"urlTemplate\":\"https:\/\/dara.aragon.es\/dara\/?s={search_term_string}\"},\"query-input\":{\"@type\":\"PropertyValueSpecification\",\"valueRequired\":true,\"valueName\":\"search_term_string\"}}],\"inLanguage\":\"es\"},{\"@type\":\"Person\",\"@id\":\"https:\/\/dara.aragon.es\/dara\/#\/schema\/person\/d8651b250d315dfa397cc5625341aca7\",\"name\":\"Archivo Hist\u00f3rico Provincial de Teruel\",\"image\":{\"@type\":\"ImageObject\",\"inLanguage\":\"es\",\"@id\":\"https:\/\/dara.aragon.es\/dara\/#\/schema\/person\/image\/\",\"url\":\"https:\/\/secure.gravatar.com\/avatar\/e4e12c40936cffd276d8f3b687092ef94f44cc2fc561fcfac6253ff195919b88?s=96&d=mm&r=g\",\"contentUrl\":\"https:\/\/secure.gravatar.com\/avatar\/e4e12c40936cffd276d8f3b687092ef94f44cc2fc561fcfac6253ff195919b88?s=96&d=mm&r=g\",\"caption\":\"Archivo Hist\u00f3rico Provincial de Teruel\"},\"url\":\"https:\/\/dara.aragon.es\/dara\/blog\/author\/ahpte\/\"}]}<\/script>\n<!-- \/ Yoast SEO plugin. -->","yoast_head_json":{"title":"Teruel: Destrucci\u00f3n y Reconstrucci\u00f3n - DARA GENERAL","robots":{"index":"index","follow":"follow","max-snippet":"max-snippet:-1","max-image-preview":"max-image-preview:large","max-video-preview":"max-video-preview:-1"},"canonical":"https:\/\/dara.aragon.es\/dara\/blog\/teruel-destruccion-y-reconstruccion\/","og_locale":"es_ES","og_type":"article","og_title":"Teruel: Destrucci\u00f3n y Reconstrucci\u00f3n - DARA GENERAL","og_description":"El Archivo Hist\u00f3rico Provincial de Teruel conserva el fondo con las actuaciones de la Direcci\u00f3n General de Regiones Devastadas en la provincia. Es una fuente documental fundamental para conocer y comprender la arquitectura y urbanismo de posguerra en Teruel. Como consecuencia de la Guerra Civil, Teruel quedo destruida, por lo que la poblaci\u00f3n fue \u201cadoptada\u201d [&hellip;]","og_url":"https:\/\/dara.aragon.es\/dara\/blog\/teruel-destruccion-y-reconstruccion\/","og_site_name":"DARA GENERAL","article_published_time":"2020-04-11T21:10:00+00:00","article_modified_time":"2024-10-23T07:21:47+00:00","og_image":[{"width":640,"height":446,"url":"https:\/\/dara.aragon.es\/dara\/wp-content\/uploads\/2020\/04\/CasinoTeruel.jpg","type":"image\/jpeg"}],"author":"Archivo Hist\u00f3rico Provincial de Teruel","twitter_card":"summary_large_image","twitter_misc":{"Escrito por":"Archivo Hist\u00f3rico Provincial de Teruel","Tiempo de lectura":"1 minuto"},"schema":{"@context":"https:\/\/schema.org","@graph":[{"@type":"WebPage","@id":"https:\/\/dara.aragon.es\/dara\/blog\/teruel-destruccion-y-reconstruccion\/","url":"https:\/\/dara.aragon.es\/dara\/blog\/teruel-destruccion-y-reconstruccion\/","name":"Teruel: Destrucci\u00f3n y Reconstrucci\u00f3n - DARA GENERAL","isPartOf":{"@id":"https:\/\/dara.aragon.es\/dara\/#website"},"primaryImageOfPage":{"@id":"https:\/\/dara.aragon.es\/dara\/blog\/teruel-destruccion-y-reconstruccion\/#primaryimage"},"image":{"@id":"https:\/\/dara.aragon.es\/dara\/blog\/teruel-destruccion-y-reconstruccion\/#primaryimage"},"thumbnailUrl":"https:\/\/dara.aragon.es\/dara\/wp-content\/uploads\/2020\/04\/CasinoTeruel.jpg","datePublished":"2020-04-11T21:10:00+00:00","dateModified":"2024-10-23T07:21:47+00:00","author":{"@id":"https:\/\/dara.aragon.es\/dara\/#\/schema\/person\/d8651b250d315dfa397cc5625341aca7"},"breadcrumb":{"@id":"https:\/\/dara.aragon.es\/dara\/blog\/teruel-destruccion-y-reconstruccion\/#breadcrumb"},"inLanguage":"es","potentialAction":[{"@type":"ReadAction","target":["https:\/\/dara.aragon.es\/dara\/blog\/teruel-destruccion-y-reconstruccion\/"]}]},{"@type":"ImageObject","inLanguage":"es","@id":"https:\/\/dara.aragon.es\/dara\/blog\/teruel-destruccion-y-reconstruccion\/#primaryimage","url":"https:\/\/dara.aragon.es\/dara\/wp-content\/uploads\/2020\/04\/CasinoTeruel.jpg","contentUrl":"https:\/\/dara.aragon.es\/dara\/wp-content\/uploads\/2020\/04\/CasinoTeruel.jpg","width":640,"height":446},{"@type":"BreadcrumbList","@id":"https:\/\/dara.aragon.es\/dara\/blog\/teruel-destruccion-y-reconstruccion\/#breadcrumb","itemListElement":[{"@type":"ListItem","position":1,"name":"Portada","item":"https:\/\/dara.aragon.es\/dara\/"},{"@type":"ListItem","position":2,"name":"Teruel: Destrucci\u00f3n y Reconstrucci\u00f3n"}]},{"@type":"WebSite","@id":"https:\/\/dara.aragon.es\/dara\/#website","url":"https:\/\/dara.aragon.es\/dara\/","name":"DARA GENERAL","description":"Documentos y archivos de Arag\u00f3n","potentialAction":[{"@type":"SearchAction","target":{"@type":"EntryPoint","urlTemplate":"https:\/\/dara.aragon.es\/dara\/?s={search_term_string}"},"query-input":{"@type":"PropertyValueSpecification","valueRequired":true,"valueName":"search_term_string"}}],"inLanguage":"es"},{"@type":"Person","@id":"https:\/\/dara.aragon.es\/dara\/#\/schema\/person\/d8651b250d315dfa397cc5625341aca7","name":"Archivo Hist\u00f3rico Provincial de Teruel","image":{"@type":"ImageObject","inLanguage":"es","@id":"https:\/\/dara.aragon.es\/dara\/#\/schema\/person\/image\/","url":"https:\/\/secure.gravatar.com\/avatar\/e4e12c40936cffd276d8f3b687092ef94f44cc2fc561fcfac6253ff195919b88?s=96&d=mm&r=g","contentUrl":"https:\/\/secure.gravatar.com\/avatar\/e4e12c40936cffd276d8f3b687092ef94f44cc2fc561fcfac6253ff195919b88?s=96&d=mm&r=g","caption":"Archivo Hist\u00f3rico Provincial de Teruel"},"url":"https:\/\/dara.aragon.es\/dara\/blog\/author\/ahpte\/"}]}},"_links":{"self":[{"href":"https:\/\/dara.aragon.es\/dara\/wp-json\/wp\/v2\/posts\/268","targetHints":{"allow":["GET"]}}],"collection":[{"href":"https:\/\/dara.aragon.es\/dara\/wp-json\/wp\/v2\/posts"}],"about":[{"href":"https:\/\/dara.aragon.es\/dara\/wp-json\/wp\/v2\/types\/post"}],"author":[{"embeddable":true,"href":"https:\/\/dara.aragon.es\/dara\/wp-json\/wp\/v2\/users\/7"}],"replies":[{"embeddable":true,"href":"https:\/\/dara.aragon.es\/dara\/wp-json\/wp\/v2\/comments?post=268"}],"version-history":[{"count":0,"href":"https:\/\/dara.aragon.es\/dara\/wp-json\/wp\/v2\/posts\/268\/revisions"}],"wp:featuredmedia":[{"embeddable":true,"href":"https:\/\/dara.aragon.es\/dara\/wp-json\/wp\/v2\/media\/6551"}],"wp:attachment":[{"href":"https:\/\/dara.aragon.es\/dara\/wp-json\/wp\/v2\/media?parent=268"}],"wp:term":[{"taxonomy":"category","embeddable":true,"href":"https:\/\/dara.aragon.es\/dara\/wp-json\/wp\/v2\/categories?post=268"},{"taxonomy":"post_tag","embeddable":true,"href":"https:\/\/dara.aragon.es\/dara\/wp-json\/wp\/v2\/tags?post=268"}],"curies":[{"name":"wp","href":"https:\/\/api.w.org\/{rel}","templated":true}]}}