{"id":272,"date":"2020-04-05T12:45:00","date_gmt":"2020-04-05T12:45:00","guid":{"rendered":"https:\/\/dara.aragon.es\/dara\/blog\/2020\/04\/05\/el-folclore-aragones-en-los-archivos-historicos-provinciales\/"},"modified":"2024-10-23T07:45:25","modified_gmt":"2024-10-23T07:45:25","slug":"el-folclore-aragones-en-los-archivos-historicos-provinciales","status":"publish","type":"post","link":"https:\/\/dara.aragon.es\/dara\/blog\/el-folclore-aragones-en-los-archivos-historicos-provinciales\/","title":{"rendered":"El folclore aragon\u00e9s en los Archivos Hist\u00f3ricos Provinciales"},"content":{"rendered":"<div style=\"clear: both;text-align: center\"><a href=\"https:\/\/1.bp.blogspot.com\/-3jqU6d1kr7I\/XorvdRmGBcI\/AAAAAAAAAxo\/zhbN9xY4Aq8yng7Fx3DzPIdIgrywYMAqgCLcBGAsYHQ\/s1600\/AHPHU_M_00101_0005_0017.jpg\" style=\"margin-left: 1em;margin-right: 1em\"><img loading=\"lazy\" decoding=\"async\" border=\"0\" data-original-height=\"523\" data-original-width=\"800\" height=\"418\" src=\"https:\/\/1.bp.blogspot.com\/-3jqU6d1kr7I\/XorvdRmGBcI\/AAAAAAAAAxo\/zhbN9xY4Aq8yng7Fx3DzPIdIgrywYMAqgCLcBGAsYHQ\/s640\/AHPHU_M_00101_0005_0017.jpg\" width=\"640\" \/><\/a><\/div>\n<div style=\"text-align: justify\"><span style=\"background-color: white;, sans-serif;font-size: 12px;text-align: left\"><span style=\"color: #990000;font-size: x-small\"><span style=\"font-style: italic\">Concurso de Coros y Danzas. Grupo de camaradas que interpretaron la jota de&nbsp;<\/span><span style=\"font-style: italic\">A<\/span><span style=\"font-style: italic\">ns\u00f3<\/span><span style=\"font-style: italic\">,&nbsp;<\/span><\/span><span style=\"color: #990000\"><span style=\"font-size: x-small;font-style: italic\">ataviados con el traje t\u00edpico.&nbsp;<\/span><span style=\"font-size: x-small\">Fidel&nbsp;Oltra. A\u00f1o 1945&nbsp;<\/span><\/span><\/span><br \/><span style=\"background-color: white;, sans-serif;font-size: 12px;text-align: left\"><span style=\"color: #990000\"><span style=\"font-size: xx-small\">(<\/span><\/span><span style=\"color: #990000\"><span style=\"font-size: xx-small\">Sign. ES\/AHPHU &#8211; M\/101_0005\/0017)<\/span><\/span><\/span><\/div>\n<div style=\"text-align: justify\"><\/div>\n<div style=\"text-align: justify\">Desde los <b>archivos hist\u00f3ricos provinciales de Arag\u00f3n<\/b> nos asomamos<span>&nbsp; <\/span>a la historia del <b>folclore y la jota aragoneses<\/b>, en el marco de la iniciativa del Gobierno de <b>Arag\u00f3n #CulturaEnCasa. <\/b><\/div>\n<div style=\"text-align: justify;text-indent: -18.0pt\"><\/p>\n<ul>\n<li>&nbsp; &nbsp; &nbsp; El <b>Archivo Hist\u00f3rico Provincial de Huesca<\/b> ha preparado un v\u00eddeo formado por fotograf\u00edas sobre la jota que se conservan en el fondo documental de Secci\u00f3n femenina. Abarcan desde 1945 a 1977. Contiene im\u00e1genes de diferentes grupos de jota de la provincia: Sallent de G\u00e1llego, Ans\u00f3, A\u00ednsa, Graus, Binaced, Barbastro\u2026 Tambi\u00e9n del Colegio P\u00edo XII de Huesca, y del Grupo de jota de Huesca \u201cSanta Cecilia\u201d.<span>&nbsp; <\/span>El bandurrista Sergio Aso Benito ha prestado para este v\u00eddeo su composici\u00f3n \u201cGoyeskas\u201d que \u00e9l mismo interpreta. Puede accederse a su contenido desde esta <a href=\"http:\/\/ahphuesca.blogspot.com\/2020\/04\/la-jota-en-el-archivo-historico.html\">entrada<\/a> del blog del <b>AHPHU <\/b>en el que tambi\u00e9n se incluyen<span>&nbsp; <\/span>algunas fotograf\u00edas antiguas sobre la jota.<\/li>\n<\/ul>\n<\/div>\n<div style=\"text-align: justify;text-indent: -18.0pt\">\n<div style=\"clear: both;text-align: center\"><\/div>\n<p><\/p>\n<ul>\n<li><span><span><span style=\"font-style: normal;font-variant: normal;font-weight: normal;line-height: normal\">&nbsp; &nbsp;&nbsp;<\/span><span> &nbsp;&nbsp;<\/span><\/span><\/span>El <b>Archivo Hist\u00f3rico Provincial de Zaragoza<\/b> ha reservado para la<span>&nbsp; <\/span>inauguraci\u00f3n de la serie de pel\u00edculas llamada \u201cCiudadano Coyne\u201d -de corta duraci\u00f3n y diferente tem\u00e1tica- la filmaci\u00f3n de la Ofrenda de flores en las fiestas del Pilar en los a\u00f1os sesenta.<span>&nbsp; <\/span>Puede verse el calendario de publicaci\u00f3n de estas grabaciones en esta <a href=\"https:\/\/dara-documentos-y-archivos-de-aragon.blogspot.com\/2020\/04\/videos-ciudadano-coyne-peliculas.html?fbclid=IwAR1TtQ-sbIeULknY3wkgQNCITxLGsFK4HyY00ByMxnX3bBwAMqhL6P-qqCo\">entrada<\/a><span>&nbsp; <\/span>del blog de DARA (Documentos y Archivos de Arag\u00f3n). <\/li>\n<\/ul>\n<p><!--[if !supportLists]--><\/div>\n<div style=\"text-align: justify\"><\/div>\n<div style=\"clear: both;text-align: center\"><\/div>\n<div style=\"text-align: justify\"><\/p>\n<ul>\n<li><span style=\"text-indent: -18pt\"><span><span style=\"font-size: 7pt;line-height: normal\">&nbsp;<\/span><\/span><\/span><span style=\"text-indent: -18pt\">El <\/span><b style=\"text-indent: -18pt\">Archivo Hist\u00f3rico Provincial de Teruel<\/b><span style=\"text-indent: -18pt\"> finalmente, ha elaborado para el <\/span><b style=\"text-indent: -18pt\">blog de DARA<\/b><span style=\"text-indent: -18pt\"> (Documentos y Archivos de Arag\u00f3n) una <\/span><a href=\"http:\/\/dara-documentos-y-archivos-de-aragon.blogspot.com\/2020\/03\/el-pastor-de-andorra-la-jota-y-la.html\" style=\"text-indent: -18pt\">entrada<\/a><span style=\"text-indent: -18pt\"> relativa a Jos\u00e9 Iranzo, el pastor de Andorra y a las fotos sobre la jota del fondo de<\/span><span style=\"text-indent: -18pt\">&nbsp; <\/span><span style=\"text-indent: -18pt\">la Secci\u00f3n femenina de FET y de las JONS, y un video con&nbsp;<\/span>Fotograf\u00edas sobre grupos de Jota turolenses de las d\u00e9cadas de 1940 a 1960 seleccionadas a partir de los fondos del Archivo Hist\u00f3rico Provincial de Teruel.<\/li>\n<\/ul>\n<div style=\"clear: both;text-align: center\"><\/div>\n<div><\/div>\n<\/div>\n<div>\n<table align=\"center\" cellpadding=\"0\" cellspacing=\"0\" style=\"margin-left: auto;margin-right: auto;text-align: center\">\n<tbody>\n<tr>\n<td style=\"text-align: center\"><a href=\"https:\/\/1.bp.blogspot.com\/-YLH6e0Qbmzw\/Xorxa0C7R0I\/AAAAAAAAAx0\/VOoQS1IuhtQYJ9zTMiKIWj99An4_EFXUgCLcBGAsYHQ\/s1600\/Jota%2BTeruel.jpg\" style=\"margin-left: auto;margin-right: auto\"><img loading=\"lazy\" decoding=\"async\" border=\"0\" data-original-height=\"431\" data-original-width=\"615\" height=\"448\" src=\"https:\/\/1.bp.blogspot.com\/-YLH6e0Qbmzw\/Xorxa0C7R0I\/AAAAAAAAAx0\/VOoQS1IuhtQYJ9zTMiKIWj99An4_EFXUgCLcBGAsYHQ\/s640\/Jota%2BTeruel.jpg\" width=\"640\" \/><\/a><\/td>\n<\/tr>\n<tr>\n<td style=\"text-align: left\"><span style=\"background-color: white;color: #990000;, sans-serif;text-align: justify\"><span style=\"font-size: x-small;font-style: italic\">Coros y Danzas de Espa\u00f1a. X Concurso Nacional de Canciones y Danzas. Grupo de danzas de Teruel. Joaqu\u00edn del Palacio \u00abKindel\u00bb. Teruel. A\u00f1o 1952<\/span><br \/><span style=\"font-size: xx-small\">(Sign.&nbsp;<\/span><\/span><span style=\"color: #990000;, sans-serif;font-size: xx-small\">ES\/AHPTE &#8211; F\/00025\/6_63)<\/span><\/td>\n<\/tr>\n<\/tbody>\n<\/table>\n<\/div>\n","protected":false},"excerpt":{"rendered":"<p>Concurso de Coros y Danzas. Grupo de camaradas que interpretaron la jota de&nbsp;Ans\u00f3,&nbsp;ataviados con el traje t\u00edpico.&nbsp;Fidel&nbsp;Oltra. A\u00f1o 1945&nbsp;(Sign. ES\/AHPHU &#8211; M\/101_0005\/0017) Desde los archivos hist\u00f3ricos provinciales de Arag\u00f3n nos asomamos&nbsp; a la historia del folclore y la jota aragoneses, en el marco de la iniciativa del Gobierno de Arag\u00f3n #CulturaEnCasa. &nbsp; &nbsp; &nbsp; El [&hellip;]<\/p>\n","protected":false},"author":7,"featured_media":6589,"comment_status":"open","ping_status":"closed","sticky":false,"template":"","format":"standard","meta":{"_et_pb_use_builder":"","_et_pb_old_content":"","_et_gb_content_width":"","om_disable_all_campaigns":false,"_monsterinsights_skip_tracking":false,"_monsterinsights_sitenote_active":false,"_monsterinsights_sitenote_note":"","_monsterinsights_sitenote_category":0,"_uf_show_specific_survey":0,"_uf_disable_surveys":false,"footnotes":""},"categories":[6,13,15,587,49],"tags":[482,511],"class_list":["post-272","post","type-post","status-publish","format-standard","has-post-thumbnail","hentry","category-ahp-huesca","category-ahp-teruel","category-ahp-zaragoza","category-fotos","category-seccion-femenina","tag-folclore","tag-jota"],"yoast_head":"<!-- This site is optimized with the Yoast SEO plugin v26.2 - https:\/\/yoast.com\/wordpress\/plugins\/seo\/ -->\n<title>El folclore aragon\u00e9s en los Archivos Hist\u00f3ricos Provinciales - DARA GENERAL<\/title>\n<meta name=\"robots\" content=\"index, follow, max-snippet:-1, max-image-preview:large, max-video-preview:-1\" \/>\n<link rel=\"canonical\" href=\"https:\/\/dara.aragon.es\/dara\/blog\/el-folclore-aragones-en-los-archivos-historicos-provinciales\/\" \/>\n<meta property=\"og:locale\" content=\"es_ES\" \/>\n<meta property=\"og:type\" content=\"article\" \/>\n<meta property=\"og:title\" content=\"El folclore aragon\u00e9s en los Archivos Hist\u00f3ricos Provinciales - DARA GENERAL\" \/>\n<meta property=\"og:description\" content=\"Concurso de Coros y Danzas. Grupo de camaradas que interpretaron la jota de&nbsp;Ans\u00f3,&nbsp;ataviados con el traje t\u00edpico.&nbsp;Fidel&nbsp;Oltra. A\u00f1o 1945&nbsp;(Sign. ES\/AHPHU &#8211; M\/101_0005\/0017) Desde los archivos hist\u00f3ricos provinciales de Arag\u00f3n nos asomamos&nbsp; a la historia del folclore y la jota aragoneses, en el marco de la iniciativa del Gobierno de Arag\u00f3n #CulturaEnCasa. &nbsp; &nbsp; &nbsp; El [&hellip;]\" \/>\n<meta property=\"og:url\" content=\"https:\/\/dara.aragon.es\/dara\/blog\/el-folclore-aragones-en-los-archivos-historicos-provinciales\/\" \/>\n<meta property=\"og:site_name\" content=\"DARA GENERAL\" \/>\n<meta property=\"article:published_time\" content=\"2020-04-05T12:45:00+00:00\" \/>\n<meta property=\"article:modified_time\" content=\"2024-10-23T07:45:25+00:00\" \/>\n<meta property=\"og:image\" content=\"https:\/\/dara.aragon.es\/dara\/wp-content\/uploads\/2020\/04\/AHPHU_M_00101_0005_0017.jpg\" \/>\n\t<meta property=\"og:image:width\" content=\"640\" \/>\n\t<meta property=\"og:image:height\" content=\"418\" \/>\n\t<meta property=\"og:image:type\" content=\"image\/jpeg\" \/>\n<meta name=\"author\" content=\"Archivo Hist\u00f3rico Provincial de Teruel\" \/>\n<meta name=\"twitter:card\" content=\"summary_large_image\" \/>\n<meta name=\"twitter:label1\" content=\"Escrito por\" \/>\n\t<meta name=\"twitter:data1\" content=\"Archivo Hist\u00f3rico Provincial de Teruel\" \/>\n\t<meta name=\"twitter:label2\" content=\"Tiempo de lectura\" \/>\n\t<meta name=\"twitter:data2\" content=\"2 minutos\" \/>\n<script type=\"application\/ld+json\" class=\"yoast-schema-graph\">{\"@context\":\"https:\/\/schema.org\",\"@graph\":[{\"@type\":\"WebPage\",\"@id\":\"https:\/\/dara.aragon.es\/dara\/blog\/el-folclore-aragones-en-los-archivos-historicos-provinciales\/\",\"url\":\"https:\/\/dara.aragon.es\/dara\/blog\/el-folclore-aragones-en-los-archivos-historicos-provinciales\/\",\"name\":\"El folclore aragon\u00e9s en los Archivos Hist\u00f3ricos Provinciales - DARA GENERAL\",\"isPartOf\":{\"@id\":\"https:\/\/dara.aragon.es\/dara\/#website\"},\"primaryImageOfPage\":{\"@id\":\"https:\/\/dara.aragon.es\/dara\/blog\/el-folclore-aragones-en-los-archivos-historicos-provinciales\/#primaryimage\"},\"image\":{\"@id\":\"https:\/\/dara.aragon.es\/dara\/blog\/el-folclore-aragones-en-los-archivos-historicos-provinciales\/#primaryimage\"},\"thumbnailUrl\":\"https:\/\/dara.aragon.es\/dara\/wp-content\/uploads\/2020\/04\/AHPHU_M_00101_0005_0017.jpg\",\"datePublished\":\"2020-04-05T12:45:00+00:00\",\"dateModified\":\"2024-10-23T07:45:25+00:00\",\"author\":{\"@id\":\"https:\/\/dara.aragon.es\/dara\/#\/schema\/person\/d8651b250d315dfa397cc5625341aca7\"},\"breadcrumb\":{\"@id\":\"https:\/\/dara.aragon.es\/dara\/blog\/el-folclore-aragones-en-los-archivos-historicos-provinciales\/#breadcrumb\"},\"inLanguage\":\"es\",\"potentialAction\":[{\"@type\":\"ReadAction\",\"target\":[\"https:\/\/dara.aragon.es\/dara\/blog\/el-folclore-aragones-en-los-archivos-historicos-provinciales\/\"]}]},{\"@type\":\"ImageObject\",\"inLanguage\":\"es\",\"@id\":\"https:\/\/dara.aragon.es\/dara\/blog\/el-folclore-aragones-en-los-archivos-historicos-provinciales\/#primaryimage\",\"url\":\"https:\/\/dara.aragon.es\/dara\/wp-content\/uploads\/2020\/04\/AHPHU_M_00101_0005_0017.jpg\",\"contentUrl\":\"https:\/\/dara.aragon.es\/dara\/wp-content\/uploads\/2020\/04\/AHPHU_M_00101_0005_0017.jpg\",\"width\":640,\"height\":418},{\"@type\":\"BreadcrumbList\",\"@id\":\"https:\/\/dara.aragon.es\/dara\/blog\/el-folclore-aragones-en-los-archivos-historicos-provinciales\/#breadcrumb\",\"itemListElement\":[{\"@type\":\"ListItem\",\"position\":1,\"name\":\"Portada\",\"item\":\"https:\/\/dara.aragon.es\/dara\/\"},{\"@type\":\"ListItem\",\"position\":2,\"name\":\"El folclore aragon\u00e9s en los Archivos Hist\u00f3ricos Provinciales\"}]},{\"@type\":\"WebSite\",\"@id\":\"https:\/\/dara.aragon.es\/dara\/#website\",\"url\":\"https:\/\/dara.aragon.es\/dara\/\",\"name\":\"DARA GENERAL\",\"description\":\"Documentos y archivos de Arag\u00f3n\",\"potentialAction\":[{\"@type\":\"SearchAction\",\"target\":{\"@type\":\"EntryPoint\",\"urlTemplate\":\"https:\/\/dara.aragon.es\/dara\/?s={search_term_string}\"},\"query-input\":{\"@type\":\"PropertyValueSpecification\",\"valueRequired\":true,\"valueName\":\"search_term_string\"}}],\"inLanguage\":\"es\"},{\"@type\":\"Person\",\"@id\":\"https:\/\/dara.aragon.es\/dara\/#\/schema\/person\/d8651b250d315dfa397cc5625341aca7\",\"name\":\"Archivo Hist\u00f3rico Provincial de Teruel\",\"image\":{\"@type\":\"ImageObject\",\"inLanguage\":\"es\",\"@id\":\"https:\/\/dara.aragon.es\/dara\/#\/schema\/person\/image\/\",\"url\":\"https:\/\/secure.gravatar.com\/avatar\/e4e12c40936cffd276d8f3b687092ef94f44cc2fc561fcfac6253ff195919b88?s=96&d=mm&r=g\",\"contentUrl\":\"https:\/\/secure.gravatar.com\/avatar\/e4e12c40936cffd276d8f3b687092ef94f44cc2fc561fcfac6253ff195919b88?s=96&d=mm&r=g\",\"caption\":\"Archivo Hist\u00f3rico Provincial de Teruel\"},\"url\":\"https:\/\/dara.aragon.es\/dara\/blog\/author\/ahpte\/\"}]}<\/script>\n<!-- \/ Yoast SEO plugin. -->","yoast_head_json":{"title":"El folclore aragon\u00e9s en los Archivos Hist\u00f3ricos Provinciales - DARA GENERAL","robots":{"index":"index","follow":"follow","max-snippet":"max-snippet:-1","max-image-preview":"max-image-preview:large","max-video-preview":"max-video-preview:-1"},"canonical":"https:\/\/dara.aragon.es\/dara\/blog\/el-folclore-aragones-en-los-archivos-historicos-provinciales\/","og_locale":"es_ES","og_type":"article","og_title":"El folclore aragon\u00e9s en los Archivos Hist\u00f3ricos Provinciales - DARA GENERAL","og_description":"Concurso de Coros y Danzas. Grupo de camaradas que interpretaron la jota de&nbsp;Ans\u00f3,&nbsp;ataviados con el traje t\u00edpico.&nbsp;Fidel&nbsp;Oltra. A\u00f1o 1945&nbsp;(Sign. ES\/AHPHU &#8211; M\/101_0005\/0017) Desde los archivos hist\u00f3ricos provinciales de Arag\u00f3n nos asomamos&nbsp; a la historia del folclore y la jota aragoneses, en el marco de la iniciativa del Gobierno de Arag\u00f3n #CulturaEnCasa. &nbsp; &nbsp; &nbsp; El [&hellip;]","og_url":"https:\/\/dara.aragon.es\/dara\/blog\/el-folclore-aragones-en-los-archivos-historicos-provinciales\/","og_site_name":"DARA GENERAL","article_published_time":"2020-04-05T12:45:00+00:00","article_modified_time":"2024-10-23T07:45:25+00:00","og_image":[{"width":640,"height":418,"url":"https:\/\/dara.aragon.es\/dara\/wp-content\/uploads\/2020\/04\/AHPHU_M_00101_0005_0017.jpg","type":"image\/jpeg"}],"author":"Archivo Hist\u00f3rico Provincial de Teruel","twitter_card":"summary_large_image","twitter_misc":{"Escrito por":"Archivo Hist\u00f3rico Provincial de Teruel","Tiempo de lectura":"2 minutos"},"schema":{"@context":"https:\/\/schema.org","@graph":[{"@type":"WebPage","@id":"https:\/\/dara.aragon.es\/dara\/blog\/el-folclore-aragones-en-los-archivos-historicos-provinciales\/","url":"https:\/\/dara.aragon.es\/dara\/blog\/el-folclore-aragones-en-los-archivos-historicos-provinciales\/","name":"El folclore aragon\u00e9s en los Archivos Hist\u00f3ricos Provinciales - DARA GENERAL","isPartOf":{"@id":"https:\/\/dara.aragon.es\/dara\/#website"},"primaryImageOfPage":{"@id":"https:\/\/dara.aragon.es\/dara\/blog\/el-folclore-aragones-en-los-archivos-historicos-provinciales\/#primaryimage"},"image":{"@id":"https:\/\/dara.aragon.es\/dara\/blog\/el-folclore-aragones-en-los-archivos-historicos-provinciales\/#primaryimage"},"thumbnailUrl":"https:\/\/dara.aragon.es\/dara\/wp-content\/uploads\/2020\/04\/AHPHU_M_00101_0005_0017.jpg","datePublished":"2020-04-05T12:45:00+00:00","dateModified":"2024-10-23T07:45:25+00:00","author":{"@id":"https:\/\/dara.aragon.es\/dara\/#\/schema\/person\/d8651b250d315dfa397cc5625341aca7"},"breadcrumb":{"@id":"https:\/\/dara.aragon.es\/dara\/blog\/el-folclore-aragones-en-los-archivos-historicos-provinciales\/#breadcrumb"},"inLanguage":"es","potentialAction":[{"@type":"ReadAction","target":["https:\/\/dara.aragon.es\/dara\/blog\/el-folclore-aragones-en-los-archivos-historicos-provinciales\/"]}]},{"@type":"ImageObject","inLanguage":"es","@id":"https:\/\/dara.aragon.es\/dara\/blog\/el-folclore-aragones-en-los-archivos-historicos-provinciales\/#primaryimage","url":"https:\/\/dara.aragon.es\/dara\/wp-content\/uploads\/2020\/04\/AHPHU_M_00101_0005_0017.jpg","contentUrl":"https:\/\/dara.aragon.es\/dara\/wp-content\/uploads\/2020\/04\/AHPHU_M_00101_0005_0017.jpg","width":640,"height":418},{"@type":"BreadcrumbList","@id":"https:\/\/dara.aragon.es\/dara\/blog\/el-folclore-aragones-en-los-archivos-historicos-provinciales\/#breadcrumb","itemListElement":[{"@type":"ListItem","position":1,"name":"Portada","item":"https:\/\/dara.aragon.es\/dara\/"},{"@type":"ListItem","position":2,"name":"El folclore aragon\u00e9s en los Archivos Hist\u00f3ricos Provinciales"}]},{"@type":"WebSite","@id":"https:\/\/dara.aragon.es\/dara\/#website","url":"https:\/\/dara.aragon.es\/dara\/","name":"DARA GENERAL","description":"Documentos y archivos de Arag\u00f3n","potentialAction":[{"@type":"SearchAction","target":{"@type":"EntryPoint","urlTemplate":"https:\/\/dara.aragon.es\/dara\/?s={search_term_string}"},"query-input":{"@type":"PropertyValueSpecification","valueRequired":true,"valueName":"search_term_string"}}],"inLanguage":"es"},{"@type":"Person","@id":"https:\/\/dara.aragon.es\/dara\/#\/schema\/person\/d8651b250d315dfa397cc5625341aca7","name":"Archivo Hist\u00f3rico Provincial de Teruel","image":{"@type":"ImageObject","inLanguage":"es","@id":"https:\/\/dara.aragon.es\/dara\/#\/schema\/person\/image\/","url":"https:\/\/secure.gravatar.com\/avatar\/e4e12c40936cffd276d8f3b687092ef94f44cc2fc561fcfac6253ff195919b88?s=96&d=mm&r=g","contentUrl":"https:\/\/secure.gravatar.com\/avatar\/e4e12c40936cffd276d8f3b687092ef94f44cc2fc561fcfac6253ff195919b88?s=96&d=mm&r=g","caption":"Archivo Hist\u00f3rico Provincial de Teruel"},"url":"https:\/\/dara.aragon.es\/dara\/blog\/author\/ahpte\/"}]}},"_links":{"self":[{"href":"https:\/\/dara.aragon.es\/dara\/wp-json\/wp\/v2\/posts\/272","targetHints":{"allow":["GET"]}}],"collection":[{"href":"https:\/\/dara.aragon.es\/dara\/wp-json\/wp\/v2\/posts"}],"about":[{"href":"https:\/\/dara.aragon.es\/dara\/wp-json\/wp\/v2\/types\/post"}],"author":[{"embeddable":true,"href":"https:\/\/dara.aragon.es\/dara\/wp-json\/wp\/v2\/users\/7"}],"replies":[{"embeddable":true,"href":"https:\/\/dara.aragon.es\/dara\/wp-json\/wp\/v2\/comments?post=272"}],"version-history":[{"count":0,"href":"https:\/\/dara.aragon.es\/dara\/wp-json\/wp\/v2\/posts\/272\/revisions"}],"wp:featuredmedia":[{"embeddable":true,"href":"https:\/\/dara.aragon.es\/dara\/wp-json\/wp\/v2\/media\/6589"}],"wp:attachment":[{"href":"https:\/\/dara.aragon.es\/dara\/wp-json\/wp\/v2\/media?parent=272"}],"wp:term":[{"taxonomy":"category","embeddable":true,"href":"https:\/\/dara.aragon.es\/dara\/wp-json\/wp\/v2\/categories?post=272"},{"taxonomy":"post_tag","embeddable":true,"href":"https:\/\/dara.aragon.es\/dara\/wp-json\/wp\/v2\/tags?post=272"}],"curies":[{"name":"wp","href":"https:\/\/api.w.org\/{rel}","templated":true}]}}