{"id":274,"date":"2020-04-03T18:00:00","date_gmt":"2020-04-03T18:00:00","guid":{"rendered":"https:\/\/dara.aragon.es\/dara\/blog\/2020\/04\/03\/la-peste-y-sus-acepciones\/"},"modified":"2023-04-26T11:17:39","modified_gmt":"2023-04-26T11:17:39","slug":"la-peste-y-sus-acepciones","status":"publish","type":"post","link":"https:\/\/dara.aragon.es\/dara\/blog\/la-peste-y-sus-acepciones\/","title":{"rendered":"La Peste y sus acepciones"},"content":{"rendered":"<table align=\"center\" cellpadding=\"0\" cellspacing=\"0\" style=\"margin-left: auto;margin-right: auto;text-align: center\">\n<tbody>\n<tr>\n<td style=\"text-align: center\"><a href=\"https:\/\/1.bp.blogspot.com\/-tAeYZZOsE9A\/Xod4n9BLxgI\/AAAAAAAAAO0\/f7TOu8vkvQkKN7yONQrthne_pqCkTOdRgCLcBGAsYHQ\/s1600\/AHPTE_CONCEJO_PERG-CV_00002_0037_A.jpg\" style=\"margin-left: auto;margin-right: auto\"><img loading=\"lazy\" decoding=\"async\" border=\"0\" data-original-height=\"829\" data-original-width=\"1600\" height=\"330\" src=\"https:\/\/1.bp.blogspot.com\/-tAeYZZOsE9A\/Xod4n9BLxgI\/AAAAAAAAAO0\/f7TOu8vkvQkKN7yONQrthne_pqCkTOdRgCLcBGAsYHQ\/s640\/AHPTE_CONCEJO_PERG-CV_00002_0037_A.jpg\" width=\"640\" \/><\/a><\/td>\n<\/tr>\n<tr>\n<td style=\"text-align: center\"><span style=\"background-color: white;color: #5a5a5a;, sans-serif;font-size: 14px;text-align: justify\">ES\/AHPTE &#8211; CONCEJO\/PERG-CV\/00002\/0037<\/span><\/td>\n<\/tr>\n<\/tbody>\n<\/table>\n<p><\/p>\n<div style=\"text-align: justify\"><span style=\", sans-serif\">La inclusi\u00f3n de un <\/span><a href=\"https:\/\/dara.aragon.es\/opac\/app\/item\/?vm=nv&amp;ob=re:1&amp;q=peste&amp;p=0&amp;st=.4&amp;i=693659\" style=\", sans-serif\" target=\"_blank\" rel=\"noopener\">Documento<\/a><span style=\", sans-serif\">&nbsp;<\/span><span style=\", sans-serif\">del concejo turolense en las redes sociales, nos ha proporcionado un interesante debate. La regesta del mencionado documento ya est\u00e1 corregida y la transcripci\u00f3n del documento la tienen en el <\/span><b style=\", sans-serif\">Vol. IV. Documentos<\/b><span style=\", sans-serif\"> de la magn\u00edfica obra del malogrado Antonio Jorge Gargallo Moya, nos referimos al <\/span><i style=\", sans-serif\">Concejo de Teruel en la Edad Media, 1177-<\/i><span style=\", sans-serif\">1327, doc. 386, p\u00e1gs. 391-392.<\/span><\/div>\n<div><\/div>\n<div style=\"margin-left: 106.2pt;text-indent: 35.4pt\"><span lang=\"ES-TRAD\" style=\"font-size: 10.0pt\">GARGALLO MOYA, A. J.<span>&nbsp; <\/span>(1996 y 2005). <i>El Concejo de Teruel en la Edad Media (1177-1327)<\/i>.<i> <\/i>Zaragoza. Instituto de Estudios Turolenses. Gobierno de Arag\u00f3n. Ayuntamiento de Teruel y ayuntamiento de Escucha. 4 vols. (IV, 2005).<\/span><\/div>\n<div style=\"text-align: justify\"><\/div>\n<div style=\"text-align: justify\"><span><span>&nbsp;&nbsp;&nbsp;&nbsp;&nbsp;&nbsp;&nbsp;&nbsp;&nbsp;&nbsp;&nbsp; <\/span>Aprovechamos la ocasi\u00f3n para decirles que la peste como tantas otras afecciones cl\u00ednicas de \u00e9poca medieval, fue compa\u00f1era de viaje de los europeos durante todo el per\u00edodo. Hubo ya peste o pestilencias en el mundo griego y <span>&nbsp;<\/span>romano y a lo largo de los siglos posteriores hasta su desaparici\u00f3n. <\/span><\/div>\n<div style=\"text-align: justify\"><\/div>\n<div style=\"text-align: justify\"><span><span>&nbsp;&nbsp;&nbsp;&nbsp;&nbsp;&nbsp;&nbsp;&nbsp;&nbsp;&nbsp;&nbsp; <\/span>La idea que hoy entendemos como peste se ha centrado, sobre todo, en una de las demoledoras, es decir, en el brote causado por una variante de la bacteria <i>Yersinie pestis <\/i>(enfermedad, epidemia\u2026), cuyo punto \u00e1lgido se situ\u00f3 entre 1347-1352 y es la que m\u00e1s afect\u00f3 a Europa; pero bajo ese concepto actual se utilizaron en las fuentes medievales coet\u00e1neas otras expresiones que intentaron diferenciar las diversas acepciones. En la Corona de Arag\u00f3n, en concreto, son frecuentes los t\u00e9rminos <i>malautos <\/i>(enfermos) o <i>malautia <\/i>(aparecen, en las l\u00edneas tercera y quinta del documento que nos ha servido como excusa para redactar estas l\u00edneas) que no se aplicaron s\u00f3lo a manifestaciones m\u00e9dicas, sino tambi\u00e9n o incluso a momentos de dificultades econ\u00f3micas; tal y como de dice a veces <i>el mal any<\/i>, para algunos estudiosos <span>&nbsp;<\/span>medievalistas de estos asuntos epid\u00e9micos, uno de ellos fue el 1320.<\/span><\/div>\n<div style=\"text-align: justify\"><\/div>\n<div style=\"text-align: justify\"><span><span>&nbsp;&nbsp;&nbsp;&nbsp;&nbsp;&nbsp;&nbsp;&nbsp;&nbsp;&nbsp;&nbsp; <\/span>Desde el AHPTE, le animamos a seguir cuid\u00e1ndose y ya falta menos para volver a la normalidad. Mientras tanto a su disposici\u00f3n en DARA y en las diferentes redes sociales que nos sirven para comunicarnos con Uds. <\/span><\/div>\n<div style=\"text-align: justify\"><\/div>\n<div style=\"text-align: justify\"><span><span>&nbsp;&nbsp;&nbsp;&nbsp;&nbsp;&nbsp;&nbsp;&nbsp;&nbsp;&nbsp;&nbsp; <\/span>Teruel, 3 de abril de 2020.<\/span><\/div>\n<p><\/p>\n","protected":false},"excerpt":{"rendered":"<p>ES\/AHPTE &#8211; CONCEJO\/PERG-CV\/00002\/0037 La inclusi\u00f3n de un Documento&nbsp;del concejo turolense en las redes sociales, nos ha proporcionado un interesante debate. La regesta del mencionado documento ya est\u00e1 corregida y la transcripci\u00f3n del documento la tienen en el Vol. IV. Documentos de la magn\u00edfica obra del malogrado Antonio Jorge Gargallo Moya, nos referimos al Concejo de [&hellip;]<\/p>\n","protected":false},"author":7,"featured_media":0,"comment_status":"open","ping_status":"closed","sticky":false,"template":"","format":"standard","meta":{"_et_pb_use_builder":"","_et_pb_old_content":"","_et_gb_content_width":"","om_disable_all_campaigns":false,"_monsterinsights_skip_tracking":false,"_monsterinsights_sitenote_active":false,"_monsterinsights_sitenote_note":"","_monsterinsights_sitenote_category":0,"_uf_show_specific_survey":0,"_uf_disable_surveys":false,"footnotes":""},"categories":[13],"tags":[471,472],"class_list":["post-274","post","type-post","status-publish","format-standard","hentry","category-ahp-teruel","tag-epidemias","tag-peste"],"yoast_head":"<!-- This site is optimized with the Yoast SEO plugin v27.5 - https:\/\/yoast.com\/product\/yoast-seo-wordpress\/ -->\n<title>La Peste y sus acepciones - DARA GENERAL<\/title>\n<meta name=\"robots\" content=\"index, follow, max-snippet:-1, max-image-preview:large, max-video-preview:-1\" \/>\n<link rel=\"canonical\" href=\"https:\/\/dara.aragon.es\/dara\/blog\/la-peste-y-sus-acepciones\/\" \/>\n<meta property=\"og:locale\" content=\"es_ES\" \/>\n<meta property=\"og:type\" content=\"article\" \/>\n<meta property=\"og:title\" content=\"La Peste y sus acepciones - DARA GENERAL\" \/>\n<meta property=\"og:description\" content=\"ES\/AHPTE &#8211; CONCEJO\/PERG-CV\/00002\/0037 La inclusi\u00f3n de un Documento&nbsp;del concejo turolense en las redes sociales, nos ha proporcionado un interesante debate. La regesta del mencionado documento ya est\u00e1 corregida y la transcripci\u00f3n del documento la tienen en el Vol. IV. Documentos de la magn\u00edfica obra del malogrado Antonio Jorge Gargallo Moya, nos referimos al Concejo de [&hellip;]\" \/>\n<meta property=\"og:url\" content=\"https:\/\/dara.aragon.es\/dara\/blog\/la-peste-y-sus-acepciones\/\" \/>\n<meta property=\"og:site_name\" content=\"DARA GENERAL\" \/>\n<meta property=\"article:published_time\" content=\"2020-04-03T18:00:00+00:00\" \/>\n<meta property=\"article:modified_time\" content=\"2023-04-26T11:17:39+00:00\" \/>\n<meta property=\"og:image\" content=\"https:\/\/1.bp.blogspot.com\/-tAeYZZOsE9A\/Xod4n9BLxgI\/AAAAAAAAAO0\/f7TOu8vkvQkKN7yONQrthne_pqCkTOdRgCLcBGAsYHQ\/s640\/AHPTE_CONCEJO_PERG-CV_00002_0037_A.jpg\" \/>\n<meta name=\"author\" content=\"Archivo Hist\u00f3rico Provincial de Teruel\" \/>\n<meta name=\"twitter:card\" content=\"summary_large_image\" \/>\n<meta name=\"twitter:label1\" content=\"Escrito por\" \/>\n\t<meta name=\"twitter:data1\" content=\"Archivo Hist\u00f3rico Provincial de Teruel\" \/>\n\t<meta name=\"twitter:label2\" content=\"Tiempo de lectura\" \/>\n\t<meta name=\"twitter:data2\" content=\"2 minutos\" \/>\n<script type=\"application\/ld+json\" class=\"yoast-schema-graph\">{\"@context\":\"https:\\\/\\\/schema.org\",\"@graph\":[{\"@type\":\"Article\",\"@id\":\"https:\\\/\\\/dara.aragon.es\\\/dara\\\/blog\\\/la-peste-y-sus-acepciones\\\/#article\",\"isPartOf\":{\"@id\":\"https:\\\/\\\/dara.aragon.es\\\/dara\\\/blog\\\/la-peste-y-sus-acepciones\\\/\"},\"author\":{\"name\":\"Archivo Hist\u00f3rico Provincial de Teruel\",\"@id\":\"https:\\\/\\\/dara.aragon.es\\\/dara\\\/#\\\/schema\\\/person\\\/d8651b250d315dfa397cc5625341aca7\"},\"headline\":\"La Peste y sus acepciones\",\"datePublished\":\"2020-04-03T18:00:00+00:00\",\"dateModified\":\"2023-04-26T11:17:39+00:00\",\"mainEntityOfPage\":{\"@id\":\"https:\\\/\\\/dara.aragon.es\\\/dara\\\/blog\\\/la-peste-y-sus-acepciones\\\/\"},\"wordCount\":406,\"commentCount\":1,\"image\":{\"@id\":\"https:\\\/\\\/dara.aragon.es\\\/dara\\\/blog\\\/la-peste-y-sus-acepciones\\\/#primaryimage\"},\"thumbnailUrl\":\"https:\\\/\\\/1.bp.blogspot.com\\\/-tAeYZZOsE9A\\\/Xod4n9BLxgI\\\/AAAAAAAAAO0\\\/f7TOu8vkvQkKN7yONQrthne_pqCkTOdRgCLcBGAsYHQ\\\/s640\\\/AHPTE_CONCEJO_PERG-CV_00002_0037_A.jpg\",\"keywords\":[\"Epidemias\",\"Peste\"],\"articleSection\":[\"AHP Teruel\"],\"inLanguage\":\"es\",\"potentialAction\":[{\"@type\":\"CommentAction\",\"name\":\"Comment\",\"target\":[\"https:\\\/\\\/dara.aragon.es\\\/dara\\\/blog\\\/la-peste-y-sus-acepciones\\\/#respond\"]}]},{\"@type\":\"WebPage\",\"@id\":\"https:\\\/\\\/dara.aragon.es\\\/dara\\\/blog\\\/la-peste-y-sus-acepciones\\\/\",\"url\":\"https:\\\/\\\/dara.aragon.es\\\/dara\\\/blog\\\/la-peste-y-sus-acepciones\\\/\",\"name\":\"La Peste y sus acepciones - DARA GENERAL\",\"isPartOf\":{\"@id\":\"https:\\\/\\\/dara.aragon.es\\\/dara\\\/#website\"},\"primaryImageOfPage\":{\"@id\":\"https:\\\/\\\/dara.aragon.es\\\/dara\\\/blog\\\/la-peste-y-sus-acepciones\\\/#primaryimage\"},\"image\":{\"@id\":\"https:\\\/\\\/dara.aragon.es\\\/dara\\\/blog\\\/la-peste-y-sus-acepciones\\\/#primaryimage\"},\"thumbnailUrl\":\"https:\\\/\\\/1.bp.blogspot.com\\\/-tAeYZZOsE9A\\\/Xod4n9BLxgI\\\/AAAAAAAAAO0\\\/f7TOu8vkvQkKN7yONQrthne_pqCkTOdRgCLcBGAsYHQ\\\/s640\\\/AHPTE_CONCEJO_PERG-CV_00002_0037_A.jpg\",\"datePublished\":\"2020-04-03T18:00:00+00:00\",\"dateModified\":\"2023-04-26T11:17:39+00:00\",\"author\":{\"@id\":\"https:\\\/\\\/dara.aragon.es\\\/dara\\\/#\\\/schema\\\/person\\\/d8651b250d315dfa397cc5625341aca7\"},\"breadcrumb\":{\"@id\":\"https:\\\/\\\/dara.aragon.es\\\/dara\\\/blog\\\/la-peste-y-sus-acepciones\\\/#breadcrumb\"},\"inLanguage\":\"es\",\"potentialAction\":[{\"@type\":\"ReadAction\",\"target\":[\"https:\\\/\\\/dara.aragon.es\\\/dara\\\/blog\\\/la-peste-y-sus-acepciones\\\/\"]}]},{\"@type\":\"ImageObject\",\"inLanguage\":\"es\",\"@id\":\"https:\\\/\\\/dara.aragon.es\\\/dara\\\/blog\\\/la-peste-y-sus-acepciones\\\/#primaryimage\",\"url\":\"https:\\\/\\\/1.bp.blogspot.com\\\/-tAeYZZOsE9A\\\/Xod4n9BLxgI\\\/AAAAAAAAAO0\\\/f7TOu8vkvQkKN7yONQrthne_pqCkTOdRgCLcBGAsYHQ\\\/s640\\\/AHPTE_CONCEJO_PERG-CV_00002_0037_A.jpg\",\"contentUrl\":\"https:\\\/\\\/1.bp.blogspot.com\\\/-tAeYZZOsE9A\\\/Xod4n9BLxgI\\\/AAAAAAAAAO0\\\/f7TOu8vkvQkKN7yONQrthne_pqCkTOdRgCLcBGAsYHQ\\\/s640\\\/AHPTE_CONCEJO_PERG-CV_00002_0037_A.jpg\"},{\"@type\":\"BreadcrumbList\",\"@id\":\"https:\\\/\\\/dara.aragon.es\\\/dara\\\/blog\\\/la-peste-y-sus-acepciones\\\/#breadcrumb\",\"itemListElement\":[{\"@type\":\"ListItem\",\"position\":1,\"name\":\"Portada\",\"item\":\"https:\\\/\\\/dara.aragon.es\\\/dara\\\/\"},{\"@type\":\"ListItem\",\"position\":2,\"name\":\"La Peste y sus acepciones\"}]},{\"@type\":\"WebSite\",\"@id\":\"https:\\\/\\\/dara.aragon.es\\\/dara\\\/#website\",\"url\":\"https:\\\/\\\/dara.aragon.es\\\/dara\\\/\",\"name\":\"DARA GENERAL\",\"description\":\"Documentos y archivos de Arag\u00f3n\",\"potentialAction\":[{\"@type\":\"SearchAction\",\"target\":{\"@type\":\"EntryPoint\",\"urlTemplate\":\"https:\\\/\\\/dara.aragon.es\\\/dara\\\/?s={search_term_string}\"},\"query-input\":{\"@type\":\"PropertyValueSpecification\",\"valueRequired\":true,\"valueName\":\"search_term_string\"}}],\"inLanguage\":\"es\"},{\"@type\":\"Person\",\"@id\":\"https:\\\/\\\/dara.aragon.es\\\/dara\\\/#\\\/schema\\\/person\\\/d8651b250d315dfa397cc5625341aca7\",\"name\":\"Archivo Hist\u00f3rico Provincial de Teruel\",\"image\":{\"@type\":\"ImageObject\",\"inLanguage\":\"es\",\"@id\":\"https:\\\/\\\/secure.gravatar.com\\\/avatar\\\/e4e12c40936cffd276d8f3b687092ef94f44cc2fc561fcfac6253ff195919b88?s=96&d=mm&r=g\",\"url\":\"https:\\\/\\\/secure.gravatar.com\\\/avatar\\\/e4e12c40936cffd276d8f3b687092ef94f44cc2fc561fcfac6253ff195919b88?s=96&d=mm&r=g\",\"contentUrl\":\"https:\\\/\\\/secure.gravatar.com\\\/avatar\\\/e4e12c40936cffd276d8f3b687092ef94f44cc2fc561fcfac6253ff195919b88?s=96&d=mm&r=g\",\"caption\":\"Archivo Hist\u00f3rico Provincial de Teruel\"},\"url\":\"https:\\\/\\\/dara.aragon.es\\\/dara\\\/blog\\\/author\\\/ahpte\\\/\"}]}<\/script>\n<!-- \/ Yoast SEO plugin. -->","yoast_head_json":{"title":"La Peste y sus acepciones - DARA GENERAL","robots":{"index":"index","follow":"follow","max-snippet":"max-snippet:-1","max-image-preview":"max-image-preview:large","max-video-preview":"max-video-preview:-1"},"canonical":"https:\/\/dara.aragon.es\/dara\/blog\/la-peste-y-sus-acepciones\/","og_locale":"es_ES","og_type":"article","og_title":"La Peste y sus acepciones - DARA GENERAL","og_description":"ES\/AHPTE &#8211; CONCEJO\/PERG-CV\/00002\/0037 La inclusi\u00f3n de un Documento&nbsp;del concejo turolense en las redes sociales, nos ha proporcionado un interesante debate. La regesta del mencionado documento ya est\u00e1 corregida y la transcripci\u00f3n del documento la tienen en el Vol. IV. Documentos de la magn\u00edfica obra del malogrado Antonio Jorge Gargallo Moya, nos referimos al Concejo de [&hellip;]","og_url":"https:\/\/dara.aragon.es\/dara\/blog\/la-peste-y-sus-acepciones\/","og_site_name":"DARA GENERAL","article_published_time":"2020-04-03T18:00:00+00:00","article_modified_time":"2023-04-26T11:17:39+00:00","og_image":[{"url":"https:\/\/1.bp.blogspot.com\/-tAeYZZOsE9A\/Xod4n9BLxgI\/AAAAAAAAAO0\/f7TOu8vkvQkKN7yONQrthne_pqCkTOdRgCLcBGAsYHQ\/s640\/AHPTE_CONCEJO_PERG-CV_00002_0037_A.jpg","type":"","width":"","height":""}],"author":"Archivo Hist\u00f3rico Provincial de Teruel","twitter_card":"summary_large_image","twitter_misc":{"Escrito por":"Archivo Hist\u00f3rico Provincial de Teruel","Tiempo de lectura":"2 minutos"},"schema":{"@context":"https:\/\/schema.org","@graph":[{"@type":"Article","@id":"https:\/\/dara.aragon.es\/dara\/blog\/la-peste-y-sus-acepciones\/#article","isPartOf":{"@id":"https:\/\/dara.aragon.es\/dara\/blog\/la-peste-y-sus-acepciones\/"},"author":{"name":"Archivo Hist\u00f3rico Provincial de Teruel","@id":"https:\/\/dara.aragon.es\/dara\/#\/schema\/person\/d8651b250d315dfa397cc5625341aca7"},"headline":"La Peste y sus acepciones","datePublished":"2020-04-03T18:00:00+00:00","dateModified":"2023-04-26T11:17:39+00:00","mainEntityOfPage":{"@id":"https:\/\/dara.aragon.es\/dara\/blog\/la-peste-y-sus-acepciones\/"},"wordCount":406,"commentCount":1,"image":{"@id":"https:\/\/dara.aragon.es\/dara\/blog\/la-peste-y-sus-acepciones\/#primaryimage"},"thumbnailUrl":"https:\/\/1.bp.blogspot.com\/-tAeYZZOsE9A\/Xod4n9BLxgI\/AAAAAAAAAO0\/f7TOu8vkvQkKN7yONQrthne_pqCkTOdRgCLcBGAsYHQ\/s640\/AHPTE_CONCEJO_PERG-CV_00002_0037_A.jpg","keywords":["Epidemias","Peste"],"articleSection":["AHP Teruel"],"inLanguage":"es","potentialAction":[{"@type":"CommentAction","name":"Comment","target":["https:\/\/dara.aragon.es\/dara\/blog\/la-peste-y-sus-acepciones\/#respond"]}]},{"@type":"WebPage","@id":"https:\/\/dara.aragon.es\/dara\/blog\/la-peste-y-sus-acepciones\/","url":"https:\/\/dara.aragon.es\/dara\/blog\/la-peste-y-sus-acepciones\/","name":"La Peste y sus acepciones - DARA GENERAL","isPartOf":{"@id":"https:\/\/dara.aragon.es\/dara\/#website"},"primaryImageOfPage":{"@id":"https:\/\/dara.aragon.es\/dara\/blog\/la-peste-y-sus-acepciones\/#primaryimage"},"image":{"@id":"https:\/\/dara.aragon.es\/dara\/blog\/la-peste-y-sus-acepciones\/#primaryimage"},"thumbnailUrl":"https:\/\/1.bp.blogspot.com\/-tAeYZZOsE9A\/Xod4n9BLxgI\/AAAAAAAAAO0\/f7TOu8vkvQkKN7yONQrthne_pqCkTOdRgCLcBGAsYHQ\/s640\/AHPTE_CONCEJO_PERG-CV_00002_0037_A.jpg","datePublished":"2020-04-03T18:00:00+00:00","dateModified":"2023-04-26T11:17:39+00:00","author":{"@id":"https:\/\/dara.aragon.es\/dara\/#\/schema\/person\/d8651b250d315dfa397cc5625341aca7"},"breadcrumb":{"@id":"https:\/\/dara.aragon.es\/dara\/blog\/la-peste-y-sus-acepciones\/#breadcrumb"},"inLanguage":"es","potentialAction":[{"@type":"ReadAction","target":["https:\/\/dara.aragon.es\/dara\/blog\/la-peste-y-sus-acepciones\/"]}]},{"@type":"ImageObject","inLanguage":"es","@id":"https:\/\/dara.aragon.es\/dara\/blog\/la-peste-y-sus-acepciones\/#primaryimage","url":"https:\/\/1.bp.blogspot.com\/-tAeYZZOsE9A\/Xod4n9BLxgI\/AAAAAAAAAO0\/f7TOu8vkvQkKN7yONQrthne_pqCkTOdRgCLcBGAsYHQ\/s640\/AHPTE_CONCEJO_PERG-CV_00002_0037_A.jpg","contentUrl":"https:\/\/1.bp.blogspot.com\/-tAeYZZOsE9A\/Xod4n9BLxgI\/AAAAAAAAAO0\/f7TOu8vkvQkKN7yONQrthne_pqCkTOdRgCLcBGAsYHQ\/s640\/AHPTE_CONCEJO_PERG-CV_00002_0037_A.jpg"},{"@type":"BreadcrumbList","@id":"https:\/\/dara.aragon.es\/dara\/blog\/la-peste-y-sus-acepciones\/#breadcrumb","itemListElement":[{"@type":"ListItem","position":1,"name":"Portada","item":"https:\/\/dara.aragon.es\/dara\/"},{"@type":"ListItem","position":2,"name":"La Peste y sus acepciones"}]},{"@type":"WebSite","@id":"https:\/\/dara.aragon.es\/dara\/#website","url":"https:\/\/dara.aragon.es\/dara\/","name":"DARA GENERAL","description":"Documentos y archivos de Arag\u00f3n","potentialAction":[{"@type":"SearchAction","target":{"@type":"EntryPoint","urlTemplate":"https:\/\/dara.aragon.es\/dara\/?s={search_term_string}"},"query-input":{"@type":"PropertyValueSpecification","valueRequired":true,"valueName":"search_term_string"}}],"inLanguage":"es"},{"@type":"Person","@id":"https:\/\/dara.aragon.es\/dara\/#\/schema\/person\/d8651b250d315dfa397cc5625341aca7","name":"Archivo Hist\u00f3rico Provincial de Teruel","image":{"@type":"ImageObject","inLanguage":"es","@id":"https:\/\/secure.gravatar.com\/avatar\/e4e12c40936cffd276d8f3b687092ef94f44cc2fc561fcfac6253ff195919b88?s=96&d=mm&r=g","url":"https:\/\/secure.gravatar.com\/avatar\/e4e12c40936cffd276d8f3b687092ef94f44cc2fc561fcfac6253ff195919b88?s=96&d=mm&r=g","contentUrl":"https:\/\/secure.gravatar.com\/avatar\/e4e12c40936cffd276d8f3b687092ef94f44cc2fc561fcfac6253ff195919b88?s=96&d=mm&r=g","caption":"Archivo Hist\u00f3rico Provincial de Teruel"},"url":"https:\/\/dara.aragon.es\/dara\/blog\/author\/ahpte\/"}]}},"_links":{"self":[{"href":"https:\/\/dara.aragon.es\/dara\/wp-json\/wp\/v2\/posts\/274","targetHints":{"allow":["GET"]}}],"collection":[{"href":"https:\/\/dara.aragon.es\/dara\/wp-json\/wp\/v2\/posts"}],"about":[{"href":"https:\/\/dara.aragon.es\/dara\/wp-json\/wp\/v2\/types\/post"}],"author":[{"embeddable":true,"href":"https:\/\/dara.aragon.es\/dara\/wp-json\/wp\/v2\/users\/7"}],"replies":[{"embeddable":true,"href":"https:\/\/dara.aragon.es\/dara\/wp-json\/wp\/v2\/comments?post=274"}],"version-history":[{"count":0,"href":"https:\/\/dara.aragon.es\/dara\/wp-json\/wp\/v2\/posts\/274\/revisions"}],"wp:attachment":[{"href":"https:\/\/dara.aragon.es\/dara\/wp-json\/wp\/v2\/media?parent=274"}],"wp:term":[{"taxonomy":"category","embeddable":true,"href":"https:\/\/dara.aragon.es\/dara\/wp-json\/wp\/v2\/categories?post=274"},{"taxonomy":"post_tag","embeddable":true,"href":"https:\/\/dara.aragon.es\/dara\/wp-json\/wp\/v2\/tags?post=274"}],"curies":[{"name":"wp","href":"https:\/\/api.w.org\/{rel}","templated":true}]}}