{"id":2872,"date":"2023-10-03T11:37:19","date_gmt":"2023-10-03T11:37:19","guid":{"rendered":"https:\/\/dara.aragon.es\/dara\/?p=2872"},"modified":"2026-02-04T11:02:37","modified_gmt":"2026-02-04T11:02:37","slug":"juan-pio-membrado-ejerique-1851-1923","status":"publish","type":"post","link":"https:\/\/dara.aragon.es\/dara\/blog\/juan-pio-membrado-ejerique-1851-1923\/","title":{"rendered":"Juan P\u00edo Membrado Ejerique (1851-1923)"},"content":{"rendered":"<p>[et_pb_section fb_built=\u00bb1&#8243; _builder_version=\u00bb4.20.2&#8243; _module_preset=\u00bbdefault\u00bb global_colors_info=\u00bb{}\u00bb][et_pb_row _builder_version=\u00bb4.20.2&#8243; _module_preset=\u00bbdefault\u00bb global_colors_info=\u00bb{}\u00bb][et_pb_column type=\u00bb4_4&#8243; _builder_version=\u00bb4.20.2&#8243; _module_preset=\u00bbdefault\u00bb global_colors_info=\u00bb{}\u00bb][et_pb_text _builder_version=\u00bb4.20.2&#8243; _module_preset=\u00bbdefault\u00bb hover_enabled=\u00bb0&#8243; global_colors_info=\u00bb{}\u00bb sticky_enabled=\u00bb0&#8243;]<\/p>\n<p style=\"text-align: center\"><strong><\/strong><\/p>\n<p style=\"text-align: justify\">Pas\u00f3 toda su vida en Belmonte de San Jos\u00e9 o de Mezqu\u00edn. Fue uno de los grandes regeneracionistas del denominado Bajo Arag\u00f3n Hist\u00f3rico. La finalidad de este movimiento ideol\u00f3gico que, como es bien sabido, se dio en Espa\u00f1a a finales del siglo XIX y principios del XX, fue la regeneraci\u00f3n de nuestro pa\u00eds (de ah\u00ed su nombre), para ello propugnaron la reforma de las estructuras sociales, pol\u00edticas y econ\u00f3micas.<\/p>\n<p style=\"text-align: justify\">Fue periodista, dedicando sus estudios a la agricultura. Public\u00f3 en diferentes medios de comunicaci\u00f3n regionales y tambi\u00e9n son de su autor\u00eda numerosos libros (algunos de ellos reeditados por el CESBA).<\/p>\n<p style=\"text-align: justify\">Fue uno de los impulsores y primer presidente de la Sociedad <em>El Fomento del Bajo Arag\u00f3n <\/em>(1912-1915). Debemos recordar que para el movimiento regeneracionista era fundamental promover el asociacionismo, el agrupamiento de esfuerzos y contar con la voluntad colectiva. En el caso que nos ocupa, se basaron en el fomento, en la educaci\u00f3n y en la defensa de los intereses de los pueblos que integraban los partidos judiciales de Alca\u00f1iz, Castellote, H\u00edjar y Valderrobres, todos de la provincia de Teruel.<\/p>\n<p style=\"text-align: justify\">Otros miembros que formaron parte de su primera junta directiva, adem\u00e1s del mencionado Juan P\u00edo Membrado Ejerique, fueron Juli\u00e1n de Santa Pau y la Figuera (vicepresidente) y Santiago Vidiella Jas\u00e1, Adolfo Tom\u00e1s Foz, Vicente Bardav\u00edu Ponz, Jos\u00e9 Pascual Orna, Luis Bernard Claver\u00eda, Jos\u00e9 Tom\u00e1s Daud\u00e9n, Inocencio Soler Ronzano, Feliciano Azc\u00f3n, Manuel Foz Bernaldo de Quir\u00f3s (director de \u2018Tierra Baja\u2019), \u00c1ngel Espada (de \u2018La Tribuna\u2019), Jos\u00e9 Sanz (de \u2018La Voz Regional\u2019) y Manuel Asensi Maestre (de \u2018El Pueblo\u2019), vocales. Es muy significativo la inclusi\u00f3n de directores de los medios de comunicaci\u00f3n de la \u00e9poca, de esta forma se aseguraban su apoyo y ayuda.<\/p>\n<p style=\"text-align: justify\">Su desaparici\u00f3n fue, principalmente, por las divergencias y disensiones internas existentes entre varios de sus principales dirigentes. En este contexto, dimiti\u00f3 su presidente, quedando formada la nueva junta, a\u00f1os 1915 y 1916, por: Epifanio Garc\u00eda Ib\u00e1\u00f1ez, presidente; Carlos Estevan Membrado, vicepresidente; V\u00edctor Navarro Vicente, secretario; Mariano Domenech Sarvis\u00e9, vicesecretario y gestor.<\/p>\n<p style=\"text-align: justify\">Su archivo, formado por m\u00e1s de 3.000 documentos, se conserva en la Casa Membrado de Belmonte de San Jos\u00e9, un edificio del siglo\u00a0XVIII donde vivi\u00f3 el periodista.<\/p>\n<p style=\"text-align: justify\">Como homenaje y reconocimiento a su figura, les ofrecemos su expediente acad\u00e9mico de 1862: \u201cJuan Membrado y Ejerique, natural de Belmonte de Mezqu\u00edn, matriculado en el Colegio de 2\u00aa Ense\u00f1anza de Alca\u00f1iz (Colegio de Escuelas P\u00edas), agregado al Instituto de Teruel. Expediente n\u00ba 702.<\/p>\n<p><a href=\"https:\/\/dara.aragon.es\/opac\/app\/item\/ahpt?p=0&amp;q=membrado+ejerique&amp;ob=df:1&amp;vm=nv&amp;i=244334\">https:\/\/dara.aragon.es\/opac\/app\/item\/ahpt?p=0&amp;q=membrado+ejerique&amp;ob=df:1&amp;vm=nv&amp;i=244334<\/a><\/p>\n<p>[\/et_pb_text][\/et_pb_column][\/et_pb_row][\/et_pb_section]<\/p>\n","protected":false},"excerpt":{"rendered":"<p>Pas\u00f3 toda su vida en Belmonte de San Jos\u00e9 o de Mezqu\u00edn. Fue uno de los grandes regeneracionistas del denominado Bajo Arag\u00f3n Hist\u00f3rico. La finalidad de este movimiento ideol\u00f3gico que, como es bien sabido, se dio en Espa\u00f1a a finales del siglo XIX y principios del XX, fue la regeneraci\u00f3n de nuestro pa\u00eds (de ah\u00ed [&hellip;]<\/p>\n","protected":false},"author":6,"featured_media":2876,"comment_status":"open","ping_status":"closed","sticky":false,"template":"","format":"standard","meta":{"_et_pb_use_builder":"on","_et_pb_old_content":"","_et_gb_content_width":"","om_disable_all_campaigns":false,"_monsterinsights_skip_tracking":false,"_monsterinsights_sitenote_active":false,"_monsterinsights_sitenote_note":"","_monsterinsights_sitenote_category":0,"_uf_show_specific_survey":0,"_uf_disable_surveys":false,"footnotes":""},"categories":[13,1],"tags":[426,603],"class_list":["post-2872","post","type-post","status-publish","format-standard","has-post-thumbnail","hentry","category-ahp-teruel","category-uncategorized","tag-biografias","tag-juan-pio-membrado"],"yoast_head":"<!-- This site is optimized with the Yoast SEO plugin v27.5 - https:\/\/yoast.com\/product\/yoast-seo-wordpress\/ -->\n<title>Juan P\u00edo Membrado Ejerique (1851-1923) - DARA GENERAL<\/title>\n<meta name=\"robots\" content=\"index, follow, max-snippet:-1, max-image-preview:large, max-video-preview:-1\" \/>\n<link rel=\"canonical\" href=\"https:\/\/dara.aragon.es\/dara\/blog\/juan-pio-membrado-ejerique-1851-1923\/\" \/>\n<meta property=\"og:locale\" content=\"es_ES\" \/>\n<meta property=\"og:type\" content=\"article\" \/>\n<meta property=\"og:title\" content=\"Juan P\u00edo Membrado Ejerique (1851-1923) - DARA GENERAL\" \/>\n<meta property=\"og:description\" content=\"Pas\u00f3 toda su vida en Belmonte de San Jos\u00e9 o de Mezqu\u00edn. Fue uno de los grandes regeneracionistas del denominado Bajo Arag\u00f3n Hist\u00f3rico. La finalidad de este movimiento ideol\u00f3gico que, como es bien sabido, se dio en Espa\u00f1a a finales del siglo XIX y principios del XX, fue la regeneraci\u00f3n de nuestro pa\u00eds (de ah\u00ed [&hellip;]\" \/>\n<meta property=\"og:url\" content=\"https:\/\/dara.aragon.es\/dara\/blog\/juan-pio-membrado-ejerique-1851-1923\/\" \/>\n<meta property=\"og:site_name\" content=\"DARA GENERAL\" \/>\n<meta property=\"article:published_time\" content=\"2023-10-03T11:37:19+00:00\" \/>\n<meta property=\"article:modified_time\" content=\"2026-02-04T11:02:37+00:00\" \/>\n<meta property=\"og:image\" content=\"https:\/\/dara.aragon.es\/dara\/wp-content\/uploads\/2023\/10\/membrado.jpg\" \/>\n\t<meta property=\"og:image:width\" content=\"1024\" \/>\n\t<meta property=\"og:image:height\" content=\"768\" \/>\n\t<meta property=\"og:image:type\" content=\"image\/jpeg\" \/>\n<meta name=\"author\" content=\"Mar\u00eda Jos\u00e9 Casaus Ballester Archivo Hist\u00f3rico Provincial de Teruel\" \/>\n<meta name=\"twitter:card\" content=\"summary_large_image\" \/>\n<meta name=\"twitter:label1\" content=\"Escrito por\" \/>\n\t<meta name=\"twitter:data1\" content=\"Mar\u00eda Jos\u00e9 Casaus Ballester Archivo Hist\u00f3rico Provincial de Teruel\" \/>\n\t<meta name=\"twitter:label2\" content=\"Tiempo de lectura\" \/>\n\t<meta name=\"twitter:data2\" content=\"3 minutos\" \/>\n<script type=\"application\/ld+json\" class=\"yoast-schema-graph\">{\"@context\":\"https:\\\/\\\/schema.org\",\"@graph\":[{\"@type\":\"Article\",\"@id\":\"https:\\\/\\\/dara.aragon.es\\\/dara\\\/blog\\\/juan-pio-membrado-ejerique-1851-1923\\\/#article\",\"isPartOf\":{\"@id\":\"https:\\\/\\\/dara.aragon.es\\\/dara\\\/blog\\\/juan-pio-membrado-ejerique-1851-1923\\\/\"},\"author\":{\"name\":\"Mar\u00eda Jos\u00e9 Casaus Ballester Archivo Hist\u00f3rico Provincial de Teruel\",\"@id\":\"https:\\\/\\\/dara.aragon.es\\\/dara\\\/#\\\/schema\\\/person\\\/92db10f29a48509b330e75cf1b9d39ed\"},\"headline\":\"Juan P\u00edo Membrado Ejerique (1851-1923)\",\"datePublished\":\"2023-10-03T11:37:19+00:00\",\"dateModified\":\"2026-02-04T11:02:37+00:00\",\"mainEntityOfPage\":{\"@id\":\"https:\\\/\\\/dara.aragon.es\\\/dara\\\/blog\\\/juan-pio-membrado-ejerique-1851-1923\\\/\"},\"wordCount\":527,\"commentCount\":0,\"image\":{\"@id\":\"https:\\\/\\\/dara.aragon.es\\\/dara\\\/blog\\\/juan-pio-membrado-ejerique-1851-1923\\\/#primaryimage\"},\"thumbnailUrl\":\"https:\\\/\\\/dara.aragon.es\\\/dara\\\/wp-content\\\/uploads\\\/2023\\\/10\\\/membrado.jpg\",\"keywords\":[\"Biograf\u00edas\",\"Juan P\u00edo Membrado\"],\"articleSection\":[\"AHP Teruel\",\"Uncategorized\"],\"inLanguage\":\"es\",\"potentialAction\":[{\"@type\":\"CommentAction\",\"name\":\"Comment\",\"target\":[\"https:\\\/\\\/dara.aragon.es\\\/dara\\\/blog\\\/juan-pio-membrado-ejerique-1851-1923\\\/#respond\"]}]},{\"@type\":\"WebPage\",\"@id\":\"https:\\\/\\\/dara.aragon.es\\\/dara\\\/blog\\\/juan-pio-membrado-ejerique-1851-1923\\\/\",\"url\":\"https:\\\/\\\/dara.aragon.es\\\/dara\\\/blog\\\/juan-pio-membrado-ejerique-1851-1923\\\/\",\"name\":\"Juan P\u00edo Membrado Ejerique (1851-1923) - DARA GENERAL\",\"isPartOf\":{\"@id\":\"https:\\\/\\\/dara.aragon.es\\\/dara\\\/#website\"},\"primaryImageOfPage\":{\"@id\":\"https:\\\/\\\/dara.aragon.es\\\/dara\\\/blog\\\/juan-pio-membrado-ejerique-1851-1923\\\/#primaryimage\"},\"image\":{\"@id\":\"https:\\\/\\\/dara.aragon.es\\\/dara\\\/blog\\\/juan-pio-membrado-ejerique-1851-1923\\\/#primaryimage\"},\"thumbnailUrl\":\"https:\\\/\\\/dara.aragon.es\\\/dara\\\/wp-content\\\/uploads\\\/2023\\\/10\\\/membrado.jpg\",\"datePublished\":\"2023-10-03T11:37:19+00:00\",\"dateModified\":\"2026-02-04T11:02:37+00:00\",\"author\":{\"@id\":\"https:\\\/\\\/dara.aragon.es\\\/dara\\\/#\\\/schema\\\/person\\\/92db10f29a48509b330e75cf1b9d39ed\"},\"breadcrumb\":{\"@id\":\"https:\\\/\\\/dara.aragon.es\\\/dara\\\/blog\\\/juan-pio-membrado-ejerique-1851-1923\\\/#breadcrumb\"},\"inLanguage\":\"es\",\"potentialAction\":[{\"@type\":\"ReadAction\",\"target\":[\"https:\\\/\\\/dara.aragon.es\\\/dara\\\/blog\\\/juan-pio-membrado-ejerique-1851-1923\\\/\"]}]},{\"@type\":\"ImageObject\",\"inLanguage\":\"es\",\"@id\":\"https:\\\/\\\/dara.aragon.es\\\/dara\\\/blog\\\/juan-pio-membrado-ejerique-1851-1923\\\/#primaryimage\",\"url\":\"https:\\\/\\\/dara.aragon.es\\\/dara\\\/wp-content\\\/uploads\\\/2023\\\/10\\\/membrado.jpg\",\"contentUrl\":\"https:\\\/\\\/dara.aragon.es\\\/dara\\\/wp-content\\\/uploads\\\/2023\\\/10\\\/membrado.jpg\",\"width\":1024,\"height\":768},{\"@type\":\"BreadcrumbList\",\"@id\":\"https:\\\/\\\/dara.aragon.es\\\/dara\\\/blog\\\/juan-pio-membrado-ejerique-1851-1923\\\/#breadcrumb\",\"itemListElement\":[{\"@type\":\"ListItem\",\"position\":1,\"name\":\"Portada\",\"item\":\"https:\\\/\\\/dara.aragon.es\\\/dara\\\/\"},{\"@type\":\"ListItem\",\"position\":2,\"name\":\"Juan P\u00edo Membrado Ejerique (1851-1923)\"}]},{\"@type\":\"WebSite\",\"@id\":\"https:\\\/\\\/dara.aragon.es\\\/dara\\\/#website\",\"url\":\"https:\\\/\\\/dara.aragon.es\\\/dara\\\/\",\"name\":\"DARA GENERAL\",\"description\":\"Documentos y archivos de Arag\u00f3n\",\"potentialAction\":[{\"@type\":\"SearchAction\",\"target\":{\"@type\":\"EntryPoint\",\"urlTemplate\":\"https:\\\/\\\/dara.aragon.es\\\/dara\\\/?s={search_term_string}\"},\"query-input\":{\"@type\":\"PropertyValueSpecification\",\"valueRequired\":true,\"valueName\":\"search_term_string\"}}],\"inLanguage\":\"es\"},{\"@type\":\"Person\",\"@id\":\"https:\\\/\\\/dara.aragon.es\\\/dara\\\/#\\\/schema\\\/person\\\/92db10f29a48509b330e75cf1b9d39ed\",\"name\":\"Mar\u00eda Jos\u00e9 Casaus Ballester Archivo Hist\u00f3rico Provincial de Teruel\",\"image\":{\"@type\":\"ImageObject\",\"inLanguage\":\"es\",\"@id\":\"https:\\\/\\\/secure.gravatar.com\\\/avatar\\\/eda95c3e9a0679fa28f40f7955438808774d16cf528ecc8ee8797074d4dd0132?s=96&d=mm&r=g\",\"url\":\"https:\\\/\\\/secure.gravatar.com\\\/avatar\\\/eda95c3e9a0679fa28f40f7955438808774d16cf528ecc8ee8797074d4dd0132?s=96&d=mm&r=g\",\"contentUrl\":\"https:\\\/\\\/secure.gravatar.com\\\/avatar\\\/eda95c3e9a0679fa28f40f7955438808774d16cf528ecc8ee8797074d4dd0132?s=96&d=mm&r=g\",\"caption\":\"Mar\u00eda Jos\u00e9 Casaus Ballester Archivo Hist\u00f3rico Provincial de Teruel\"},\"description\":\"T\u00e9cnico Superior de Patrimonio Cultural de Archivos y responsable de la direcci\u00f3n del AHPTE\",\"url\":\"https:\\\/\\\/dara.aragon.es\\\/dara\\\/blog\\\/author\\\/mjcasaus\\\/\"}]}<\/script>\n<!-- \/ Yoast SEO plugin. -->","yoast_head_json":{"title":"Juan P\u00edo Membrado Ejerique (1851-1923) - DARA GENERAL","robots":{"index":"index","follow":"follow","max-snippet":"max-snippet:-1","max-image-preview":"max-image-preview:large","max-video-preview":"max-video-preview:-1"},"canonical":"https:\/\/dara.aragon.es\/dara\/blog\/juan-pio-membrado-ejerique-1851-1923\/","og_locale":"es_ES","og_type":"article","og_title":"Juan P\u00edo Membrado Ejerique (1851-1923) - DARA GENERAL","og_description":"Pas\u00f3 toda su vida en Belmonte de San Jos\u00e9 o de Mezqu\u00edn. Fue uno de los grandes regeneracionistas del denominado Bajo Arag\u00f3n Hist\u00f3rico. La finalidad de este movimiento ideol\u00f3gico que, como es bien sabido, se dio en Espa\u00f1a a finales del siglo XIX y principios del XX, fue la regeneraci\u00f3n de nuestro pa\u00eds (de ah\u00ed [&hellip;]","og_url":"https:\/\/dara.aragon.es\/dara\/blog\/juan-pio-membrado-ejerique-1851-1923\/","og_site_name":"DARA GENERAL","article_published_time":"2023-10-03T11:37:19+00:00","article_modified_time":"2026-02-04T11:02:37+00:00","og_image":[{"width":1024,"height":768,"url":"https:\/\/dara.aragon.es\/dara\/wp-content\/uploads\/2023\/10\/membrado.jpg","type":"image\/jpeg"}],"author":"Mar\u00eda Jos\u00e9 Casaus Ballester Archivo Hist\u00f3rico Provincial de Teruel","twitter_card":"summary_large_image","twitter_misc":{"Escrito por":"Mar\u00eda Jos\u00e9 Casaus Ballester Archivo Hist\u00f3rico Provincial de Teruel","Tiempo de lectura":"3 minutos"},"schema":{"@context":"https:\/\/schema.org","@graph":[{"@type":"Article","@id":"https:\/\/dara.aragon.es\/dara\/blog\/juan-pio-membrado-ejerique-1851-1923\/#article","isPartOf":{"@id":"https:\/\/dara.aragon.es\/dara\/blog\/juan-pio-membrado-ejerique-1851-1923\/"},"author":{"name":"Mar\u00eda Jos\u00e9 Casaus Ballester Archivo Hist\u00f3rico Provincial de Teruel","@id":"https:\/\/dara.aragon.es\/dara\/#\/schema\/person\/92db10f29a48509b330e75cf1b9d39ed"},"headline":"Juan P\u00edo Membrado Ejerique (1851-1923)","datePublished":"2023-10-03T11:37:19+00:00","dateModified":"2026-02-04T11:02:37+00:00","mainEntityOfPage":{"@id":"https:\/\/dara.aragon.es\/dara\/blog\/juan-pio-membrado-ejerique-1851-1923\/"},"wordCount":527,"commentCount":0,"image":{"@id":"https:\/\/dara.aragon.es\/dara\/blog\/juan-pio-membrado-ejerique-1851-1923\/#primaryimage"},"thumbnailUrl":"https:\/\/dara.aragon.es\/dara\/wp-content\/uploads\/2023\/10\/membrado.jpg","keywords":["Biograf\u00edas","Juan P\u00edo Membrado"],"articleSection":["AHP Teruel","Uncategorized"],"inLanguage":"es","potentialAction":[{"@type":"CommentAction","name":"Comment","target":["https:\/\/dara.aragon.es\/dara\/blog\/juan-pio-membrado-ejerique-1851-1923\/#respond"]}]},{"@type":"WebPage","@id":"https:\/\/dara.aragon.es\/dara\/blog\/juan-pio-membrado-ejerique-1851-1923\/","url":"https:\/\/dara.aragon.es\/dara\/blog\/juan-pio-membrado-ejerique-1851-1923\/","name":"Juan P\u00edo Membrado Ejerique (1851-1923) - DARA GENERAL","isPartOf":{"@id":"https:\/\/dara.aragon.es\/dara\/#website"},"primaryImageOfPage":{"@id":"https:\/\/dara.aragon.es\/dara\/blog\/juan-pio-membrado-ejerique-1851-1923\/#primaryimage"},"image":{"@id":"https:\/\/dara.aragon.es\/dara\/blog\/juan-pio-membrado-ejerique-1851-1923\/#primaryimage"},"thumbnailUrl":"https:\/\/dara.aragon.es\/dara\/wp-content\/uploads\/2023\/10\/membrado.jpg","datePublished":"2023-10-03T11:37:19+00:00","dateModified":"2026-02-04T11:02:37+00:00","author":{"@id":"https:\/\/dara.aragon.es\/dara\/#\/schema\/person\/92db10f29a48509b330e75cf1b9d39ed"},"breadcrumb":{"@id":"https:\/\/dara.aragon.es\/dara\/blog\/juan-pio-membrado-ejerique-1851-1923\/#breadcrumb"},"inLanguage":"es","potentialAction":[{"@type":"ReadAction","target":["https:\/\/dara.aragon.es\/dara\/blog\/juan-pio-membrado-ejerique-1851-1923\/"]}]},{"@type":"ImageObject","inLanguage":"es","@id":"https:\/\/dara.aragon.es\/dara\/blog\/juan-pio-membrado-ejerique-1851-1923\/#primaryimage","url":"https:\/\/dara.aragon.es\/dara\/wp-content\/uploads\/2023\/10\/membrado.jpg","contentUrl":"https:\/\/dara.aragon.es\/dara\/wp-content\/uploads\/2023\/10\/membrado.jpg","width":1024,"height":768},{"@type":"BreadcrumbList","@id":"https:\/\/dara.aragon.es\/dara\/blog\/juan-pio-membrado-ejerique-1851-1923\/#breadcrumb","itemListElement":[{"@type":"ListItem","position":1,"name":"Portada","item":"https:\/\/dara.aragon.es\/dara\/"},{"@type":"ListItem","position":2,"name":"Juan P\u00edo Membrado Ejerique (1851-1923)"}]},{"@type":"WebSite","@id":"https:\/\/dara.aragon.es\/dara\/#website","url":"https:\/\/dara.aragon.es\/dara\/","name":"DARA GENERAL","description":"Documentos y archivos de Arag\u00f3n","potentialAction":[{"@type":"SearchAction","target":{"@type":"EntryPoint","urlTemplate":"https:\/\/dara.aragon.es\/dara\/?s={search_term_string}"},"query-input":{"@type":"PropertyValueSpecification","valueRequired":true,"valueName":"search_term_string"}}],"inLanguage":"es"},{"@type":"Person","@id":"https:\/\/dara.aragon.es\/dara\/#\/schema\/person\/92db10f29a48509b330e75cf1b9d39ed","name":"Mar\u00eda Jos\u00e9 Casaus Ballester Archivo Hist\u00f3rico Provincial de Teruel","image":{"@type":"ImageObject","inLanguage":"es","@id":"https:\/\/secure.gravatar.com\/avatar\/eda95c3e9a0679fa28f40f7955438808774d16cf528ecc8ee8797074d4dd0132?s=96&d=mm&r=g","url":"https:\/\/secure.gravatar.com\/avatar\/eda95c3e9a0679fa28f40f7955438808774d16cf528ecc8ee8797074d4dd0132?s=96&d=mm&r=g","contentUrl":"https:\/\/secure.gravatar.com\/avatar\/eda95c3e9a0679fa28f40f7955438808774d16cf528ecc8ee8797074d4dd0132?s=96&d=mm&r=g","caption":"Mar\u00eda Jos\u00e9 Casaus Ballester Archivo Hist\u00f3rico Provincial de Teruel"},"description":"T\u00e9cnico Superior de Patrimonio Cultural de Archivos y responsable de la direcci\u00f3n del AHPTE","url":"https:\/\/dara.aragon.es\/dara\/blog\/author\/mjcasaus\/"}]}},"_links":{"self":[{"href":"https:\/\/dara.aragon.es\/dara\/wp-json\/wp\/v2\/posts\/2872","targetHints":{"allow":["GET"]}}],"collection":[{"href":"https:\/\/dara.aragon.es\/dara\/wp-json\/wp\/v2\/posts"}],"about":[{"href":"https:\/\/dara.aragon.es\/dara\/wp-json\/wp\/v2\/types\/post"}],"author":[{"embeddable":true,"href":"https:\/\/dara.aragon.es\/dara\/wp-json\/wp\/v2\/users\/6"}],"replies":[{"embeddable":true,"href":"https:\/\/dara.aragon.es\/dara\/wp-json\/wp\/v2\/comments?post=2872"}],"version-history":[{"count":1,"href":"https:\/\/dara.aragon.es\/dara\/wp-json\/wp\/v2\/posts\/2872\/revisions"}],"predecessor-version":[{"id":9971,"href":"https:\/\/dara.aragon.es\/dara\/wp-json\/wp\/v2\/posts\/2872\/revisions\/9971"}],"wp:featuredmedia":[{"embeddable":true,"href":"https:\/\/dara.aragon.es\/dara\/wp-json\/wp\/v2\/media\/2876"}],"wp:attachment":[{"href":"https:\/\/dara.aragon.es\/dara\/wp-json\/wp\/v2\/media?parent=2872"}],"wp:term":[{"taxonomy":"category","embeddable":true,"href":"https:\/\/dara.aragon.es\/dara\/wp-json\/wp\/v2\/categories?post=2872"},{"taxonomy":"post_tag","embeddable":true,"href":"https:\/\/dara.aragon.es\/dara\/wp-json\/wp\/v2\/tags?post=2872"}],"curies":[{"name":"wp","href":"https:\/\/api.w.org\/{rel}","templated":true}]}}