{"id":310,"date":"2019-03-07T18:54:00","date_gmt":"2019-03-07T18:54:00","guid":{"rendered":"https:\/\/dara.aragon.es\/dara\/blog\/2019\/03\/07\/todo-el-archivo-de-arte-aragones-visible-en-dara\/"},"modified":"2024-10-23T06:20:37","modified_gmt":"2024-10-23T06:20:37","slug":"todo-el-archivo-de-arte-aragones-visible-en-dara","status":"publish","type":"post","link":"https:\/\/dara.aragon.es\/dara\/blog\/todo-el-archivo-de-arte-aragones-visible-en-dara\/","title":{"rendered":"TODO EL ARCHIVO DE ARTE ARAGON\u00c9S VISIBLE EN DARA"},"content":{"rendered":"<h2><span style=\"font-weight: normal\"><span style=\"font-size: large\">El Archivo de Arte Aragon\u00e9s, de Juan Mora, al completo.<\/span><\/span><\/h2>\n<div style=\"text-align: justify\"><span style=\"font-weight: normal\">Ya se puede disfrutar en <a href=\"https:\/\/dara.aragon.es\/opac\/app\/results\/ahpz?st=.2.7.104.112.182317&amp;pmp=%25foto%25,foto\" target=\"_blank\" rel=\"noopener\">DARA<\/a> de una visi\u00f3n completa del trabajo de Juan Mora Insa <\/span>dedicado al arte aragon\u00e9s. El Archivo de Arte Aragon\u00e9s es uno de los conjuntos m\u00e1s valiosos para  conocer el estado del patrimonio art\u00edstico y monumental aragon\u00e9s en la  primera mitad del siglo XX. Mostramos 4.236 fotograf\u00edas, con la novedad de aqu\u00e9llas que el fot\u00f3grafo hab\u00eda relegado por detalles t\u00e9cnicos.<\/div>\n<div><span style=\"font-weight: normal\"><br \/><\/span><\/div>\n<div style=\"clear: both;text-align: center\"><a href=\"https:\/\/3.bp.blogspot.com\/-J7-hZxSC4Mk\/XH-vft9kG_I\/AAAAAAAAAQo\/XqUGFRxvxXYuS4UDx-QvGvos7xndpFRpQCLcBGAs\/s1600\/AHPZ_MF_MORA_003788.jpg\" style=\"margin-left: 1em;margin-right: 1em\"><img loading=\"lazy\" decoding=\"async\" border=\"0\" data-original-height=\"1600\" data-original-width=\"1250\" height=\"320\" src=\"https:\/\/3.bp.blogspot.com\/-J7-hZxSC4Mk\/XH-vft9kG_I\/AAAAAAAAAQo\/XqUGFRxvxXYuS4UDx-QvGvos7xndpFRpQCLcBGAs\/s320\/AHPZ_MF_MORA_003788.jpg\" width=\"250\" \/><\/a><\/div>\n<div style=\"text-align: center\">Juan Mora Insa. Autorretrato<br \/>AHPZ_MF_MORA_003788 <br \/>&nbsp; <\/div>\n<div style=\"text-align: center\"><a href=\"https:\/\/3.bp.blogspot.com\/-HhQolDBdjNo\/XH-yhhlf3FI\/AAAAAAAAAQ0\/tJmaGGgWcWUZgiQiZ17XwcCTin_PERIuQCLcBGAs\/s1600\/AHPZ_MF_MORA_003816_01.jpg\" style=\"clear: right;float: right;margin-bottom: 1em;margin-left: 1em\"><img loading=\"lazy\" decoding=\"async\" border=\"0\" data-original-height=\"1201\" data-original-width=\"1600\" height=\"240\" src=\"https:\/\/3.bp.blogspot.com\/-HhQolDBdjNo\/XH-yhhlf3FI\/AAAAAAAAAQ0\/tJmaGGgWcWUZgiQiZ17XwcCTin_PERIuQCLcBGAs\/s320\/AHPZ_MF_MORA_003816_01.jpg\" width=\"320\" \/><\/a><\/div>\n<div style=\"text-align: justify\">El Archivo de Arte Aragon\u00e9s fue iniciado antes 1923 y Mora sigui\u00f3 trabajando en \u00e9l hasta su fallecimiento en 1954. Su inter\u00e9s radica en que documenta la situaci\u00f3n de muchos monumentos antes y despu\u00e9s de la Guerra Civil y que incluye reportajes de exposiciones como la de obras de Goya en 1928 o \u00e9sta de los sepulcros reales de Poblet que se exihibieron en la Lonja en 1942.<br \/>Juan Mora tuvo muchos clientes de su archivo fotogr\u00e1fico entre los grandes museos y revistas de fuera de Espa\u00f1a, indicio del inter\u00e9s del coleccionismo internacional por el arte aragon\u00e9s.<\/p>\n<\/div>\n<div style=\"text-align: right\">\n<div style=\"text-align: right\">&nbsp;&nbsp;&nbsp;&nbsp;&nbsp;&nbsp;&nbsp;&nbsp;&nbsp;&nbsp;&nbsp;&nbsp;&nbsp;&nbsp;&nbsp;&nbsp;&nbsp;&nbsp;&nbsp;&nbsp;&nbsp;&nbsp;&nbsp;&nbsp;&nbsp;&nbsp;&nbsp;&nbsp;&nbsp; <\/div>\n<div style=\"text-align: right\"><\/div>\n<div style=\"text-align: right\">AHPZ_MF_MORA_003816<\/div>\n<\/div>\n","protected":false},"excerpt":{"rendered":"<p>El Archivo de Arte Aragon\u00e9s, de Juan Mora, al completo. Ya se puede disfrutar en DARA de una visi\u00f3n completa del trabajo de Juan Mora Insa dedicado al arte aragon\u00e9s. El Archivo de Arte Aragon\u00e9s es uno de los conjuntos m\u00e1s valiosos para conocer el estado del patrimonio art\u00edstico y monumental aragon\u00e9s en la primera [&hellip;]<\/p>\n","protected":false},"author":11,"featured_media":6460,"comment_status":"open","ping_status":"closed","sticky":false,"template":"","format":"standard","meta":{"_et_pb_use_builder":"","_et_pb_old_content":"","_et_gb_content_width":"","om_disable_all_campaigns":false,"_monsterinsights_skip_tracking":false,"_monsterinsights_sitenote_active":false,"_monsterinsights_sitenote_note":"","_monsterinsights_sitenote_category":0,"_uf_show_specific_survey":0,"_uf_disable_surveys":false,"footnotes":""},"categories":[15,177],"tags":[415,484,512],"class_list":["post-310","post","type-post","status-publish","format-standard","has-post-thumbnail","hentry","category-ahp-zaragoza","category-faqfotografia","tag-arte","tag-fotografia","tag-juan-mora-insa"],"yoast_head":"<!-- This site is optimized with the Yoast SEO plugin v26.2 - https:\/\/yoast.com\/wordpress\/plugins\/seo\/ -->\n<title>TODO EL ARCHIVO DE ARTE ARAGON\u00c9S VISIBLE EN DARA - DARA GENERAL<\/title>\n<meta name=\"robots\" content=\"index, follow, max-snippet:-1, max-image-preview:large, max-video-preview:-1\" \/>\n<link rel=\"canonical\" href=\"https:\/\/dara.aragon.es\/dara\/blog\/todo-el-archivo-de-arte-aragones-visible-en-dara\/\" \/>\n<meta property=\"og:locale\" content=\"es_ES\" \/>\n<meta property=\"og:type\" content=\"article\" \/>\n<meta property=\"og:title\" content=\"TODO EL ARCHIVO DE ARTE ARAGON\u00c9S VISIBLE EN DARA - DARA GENERAL\" \/>\n<meta property=\"og:description\" content=\"El Archivo de Arte Aragon\u00e9s, de Juan Mora, al completo. Ya se puede disfrutar en DARA de una visi\u00f3n completa del trabajo de Juan Mora Insa dedicado al arte aragon\u00e9s. El Archivo de Arte Aragon\u00e9s es uno de los conjuntos m\u00e1s valiosos para conocer el estado del patrimonio art\u00edstico y monumental aragon\u00e9s en la primera [&hellip;]\" \/>\n<meta property=\"og:url\" content=\"https:\/\/dara.aragon.es\/dara\/blog\/todo-el-archivo-de-arte-aragones-visible-en-dara\/\" \/>\n<meta property=\"og:site_name\" content=\"DARA GENERAL\" \/>\n<meta property=\"article:published_time\" content=\"2019-03-07T18:54:00+00:00\" \/>\n<meta property=\"article:modified_time\" content=\"2024-10-23T06:20:37+00:00\" \/>\n<meta property=\"og:image\" content=\"https:\/\/dara.aragon.es\/dara\/wp-content\/uploads\/2019\/03\/AHPZ_MF_MORA_003788.jpg\" \/>\n\t<meta property=\"og:image:width\" content=\"250\" \/>\n\t<meta property=\"og:image:height\" content=\"320\" \/>\n\t<meta property=\"og:image:type\" content=\"image\/jpeg\" \/>\n<meta name=\"author\" content=\"Archivo Hist\u00f3rico Provincial de Zaragoza\" \/>\n<meta name=\"twitter:card\" content=\"summary_large_image\" \/>\n<meta name=\"twitter:label1\" content=\"Escrito por\" \/>\n\t<meta name=\"twitter:data1\" content=\"Archivo Hist\u00f3rico Provincial de Zaragoza\" \/>\n\t<meta name=\"twitter:label2\" content=\"Tiempo de lectura\" \/>\n\t<meta name=\"twitter:data2\" content=\"1 minuto\" \/>\n<script type=\"application\/ld+json\" class=\"yoast-schema-graph\">{\"@context\":\"https:\/\/schema.org\",\"@graph\":[{\"@type\":\"WebPage\",\"@id\":\"https:\/\/dara.aragon.es\/dara\/blog\/todo-el-archivo-de-arte-aragones-visible-en-dara\/\",\"url\":\"https:\/\/dara.aragon.es\/dara\/blog\/todo-el-archivo-de-arte-aragones-visible-en-dara\/\",\"name\":\"TODO EL ARCHIVO DE ARTE ARAGON\u00c9S VISIBLE EN DARA - DARA GENERAL\",\"isPartOf\":{\"@id\":\"https:\/\/dara.aragon.es\/dara\/#website\"},\"primaryImageOfPage\":{\"@id\":\"https:\/\/dara.aragon.es\/dara\/blog\/todo-el-archivo-de-arte-aragones-visible-en-dara\/#primaryimage\"},\"image\":{\"@id\":\"https:\/\/dara.aragon.es\/dara\/blog\/todo-el-archivo-de-arte-aragones-visible-en-dara\/#primaryimage\"},\"thumbnailUrl\":\"https:\/\/dara.aragon.es\/dara\/wp-content\/uploads\/2019\/03\/AHPZ_MF_MORA_003788.jpg\",\"datePublished\":\"2019-03-07T18:54:00+00:00\",\"dateModified\":\"2024-10-23T06:20:37+00:00\",\"author\":{\"@id\":\"https:\/\/dara.aragon.es\/dara\/#\/schema\/person\/aa940813e687c06e6a90d2a9865721dc\"},\"breadcrumb\":{\"@id\":\"https:\/\/dara.aragon.es\/dara\/blog\/todo-el-archivo-de-arte-aragones-visible-en-dara\/#breadcrumb\"},\"inLanguage\":\"es\",\"potentialAction\":[{\"@type\":\"ReadAction\",\"target\":[\"https:\/\/dara.aragon.es\/dara\/blog\/todo-el-archivo-de-arte-aragones-visible-en-dara\/\"]}]},{\"@type\":\"ImageObject\",\"inLanguage\":\"es\",\"@id\":\"https:\/\/dara.aragon.es\/dara\/blog\/todo-el-archivo-de-arte-aragones-visible-en-dara\/#primaryimage\",\"url\":\"https:\/\/dara.aragon.es\/dara\/wp-content\/uploads\/2019\/03\/AHPZ_MF_MORA_003788.jpg\",\"contentUrl\":\"https:\/\/dara.aragon.es\/dara\/wp-content\/uploads\/2019\/03\/AHPZ_MF_MORA_003788.jpg\",\"width\":250,\"height\":320},{\"@type\":\"BreadcrumbList\",\"@id\":\"https:\/\/dara.aragon.es\/dara\/blog\/todo-el-archivo-de-arte-aragones-visible-en-dara\/#breadcrumb\",\"itemListElement\":[{\"@type\":\"ListItem\",\"position\":1,\"name\":\"Portada\",\"item\":\"https:\/\/dara.aragon.es\/dara\/\"},{\"@type\":\"ListItem\",\"position\":2,\"name\":\"TODO EL ARCHIVO DE ARTE ARAGON\u00c9S VISIBLE EN DARA\"}]},{\"@type\":\"WebSite\",\"@id\":\"https:\/\/dara.aragon.es\/dara\/#website\",\"url\":\"https:\/\/dara.aragon.es\/dara\/\",\"name\":\"DARA GENERAL\",\"description\":\"Documentos y archivos de Arag\u00f3n\",\"potentialAction\":[{\"@type\":\"SearchAction\",\"target\":{\"@type\":\"EntryPoint\",\"urlTemplate\":\"https:\/\/dara.aragon.es\/dara\/?s={search_term_string}\"},\"query-input\":{\"@type\":\"PropertyValueSpecification\",\"valueRequired\":true,\"valueName\":\"search_term_string\"}}],\"inLanguage\":\"es\"},{\"@type\":\"Person\",\"@id\":\"https:\/\/dara.aragon.es\/dara\/#\/schema\/person\/aa940813e687c06e6a90d2a9865721dc\",\"name\":\"Archivo Hist\u00f3rico Provincial de Zaragoza\",\"image\":{\"@type\":\"ImageObject\",\"inLanguage\":\"es\",\"@id\":\"https:\/\/dara.aragon.es\/dara\/#\/schema\/person\/image\/\",\"url\":\"https:\/\/secure.gravatar.com\/avatar\/e4f5f90ed6a903156946b09b5288c8496ea6e89f7e939a4bccb6a8fad48a2c44?s=96&d=mm&r=g\",\"contentUrl\":\"https:\/\/secure.gravatar.com\/avatar\/e4f5f90ed6a903156946b09b5288c8496ea6e89f7e939a4bccb6a8fad48a2c44?s=96&d=mm&r=g\",\"caption\":\"Archivo Hist\u00f3rico Provincial de Zaragoza\"},\"url\":\"https:\/\/dara.aragon.es\/dara\/blog\/author\/ahpz\/\"}]}<\/script>\n<!-- \/ Yoast SEO plugin. -->","yoast_head_json":{"title":"TODO EL ARCHIVO DE ARTE ARAGON\u00c9S VISIBLE EN DARA - DARA GENERAL","robots":{"index":"index","follow":"follow","max-snippet":"max-snippet:-1","max-image-preview":"max-image-preview:large","max-video-preview":"max-video-preview:-1"},"canonical":"https:\/\/dara.aragon.es\/dara\/blog\/todo-el-archivo-de-arte-aragones-visible-en-dara\/","og_locale":"es_ES","og_type":"article","og_title":"TODO EL ARCHIVO DE ARTE ARAGON\u00c9S VISIBLE EN DARA - DARA GENERAL","og_description":"El Archivo de Arte Aragon\u00e9s, de Juan Mora, al completo. Ya se puede disfrutar en DARA de una visi\u00f3n completa del trabajo de Juan Mora Insa dedicado al arte aragon\u00e9s. El Archivo de Arte Aragon\u00e9s es uno de los conjuntos m\u00e1s valiosos para conocer el estado del patrimonio art\u00edstico y monumental aragon\u00e9s en la primera [&hellip;]","og_url":"https:\/\/dara.aragon.es\/dara\/blog\/todo-el-archivo-de-arte-aragones-visible-en-dara\/","og_site_name":"DARA GENERAL","article_published_time":"2019-03-07T18:54:00+00:00","article_modified_time":"2024-10-23T06:20:37+00:00","og_image":[{"width":250,"height":320,"url":"https:\/\/dara.aragon.es\/dara\/wp-content\/uploads\/2019\/03\/AHPZ_MF_MORA_003788.jpg","type":"image\/jpeg"}],"author":"Archivo Hist\u00f3rico Provincial de Zaragoza","twitter_card":"summary_large_image","twitter_misc":{"Escrito por":"Archivo Hist\u00f3rico Provincial de Zaragoza","Tiempo de lectura":"1 minuto"},"schema":{"@context":"https:\/\/schema.org","@graph":[{"@type":"WebPage","@id":"https:\/\/dara.aragon.es\/dara\/blog\/todo-el-archivo-de-arte-aragones-visible-en-dara\/","url":"https:\/\/dara.aragon.es\/dara\/blog\/todo-el-archivo-de-arte-aragones-visible-en-dara\/","name":"TODO EL ARCHIVO DE ARTE ARAGON\u00c9S VISIBLE EN DARA - DARA GENERAL","isPartOf":{"@id":"https:\/\/dara.aragon.es\/dara\/#website"},"primaryImageOfPage":{"@id":"https:\/\/dara.aragon.es\/dara\/blog\/todo-el-archivo-de-arte-aragones-visible-en-dara\/#primaryimage"},"image":{"@id":"https:\/\/dara.aragon.es\/dara\/blog\/todo-el-archivo-de-arte-aragones-visible-en-dara\/#primaryimage"},"thumbnailUrl":"https:\/\/dara.aragon.es\/dara\/wp-content\/uploads\/2019\/03\/AHPZ_MF_MORA_003788.jpg","datePublished":"2019-03-07T18:54:00+00:00","dateModified":"2024-10-23T06:20:37+00:00","author":{"@id":"https:\/\/dara.aragon.es\/dara\/#\/schema\/person\/aa940813e687c06e6a90d2a9865721dc"},"breadcrumb":{"@id":"https:\/\/dara.aragon.es\/dara\/blog\/todo-el-archivo-de-arte-aragones-visible-en-dara\/#breadcrumb"},"inLanguage":"es","potentialAction":[{"@type":"ReadAction","target":["https:\/\/dara.aragon.es\/dara\/blog\/todo-el-archivo-de-arte-aragones-visible-en-dara\/"]}]},{"@type":"ImageObject","inLanguage":"es","@id":"https:\/\/dara.aragon.es\/dara\/blog\/todo-el-archivo-de-arte-aragones-visible-en-dara\/#primaryimage","url":"https:\/\/dara.aragon.es\/dara\/wp-content\/uploads\/2019\/03\/AHPZ_MF_MORA_003788.jpg","contentUrl":"https:\/\/dara.aragon.es\/dara\/wp-content\/uploads\/2019\/03\/AHPZ_MF_MORA_003788.jpg","width":250,"height":320},{"@type":"BreadcrumbList","@id":"https:\/\/dara.aragon.es\/dara\/blog\/todo-el-archivo-de-arte-aragones-visible-en-dara\/#breadcrumb","itemListElement":[{"@type":"ListItem","position":1,"name":"Portada","item":"https:\/\/dara.aragon.es\/dara\/"},{"@type":"ListItem","position":2,"name":"TODO EL ARCHIVO DE ARTE ARAGON\u00c9S VISIBLE EN DARA"}]},{"@type":"WebSite","@id":"https:\/\/dara.aragon.es\/dara\/#website","url":"https:\/\/dara.aragon.es\/dara\/","name":"DARA GENERAL","description":"Documentos y archivos de Arag\u00f3n","potentialAction":[{"@type":"SearchAction","target":{"@type":"EntryPoint","urlTemplate":"https:\/\/dara.aragon.es\/dara\/?s={search_term_string}"},"query-input":{"@type":"PropertyValueSpecification","valueRequired":true,"valueName":"search_term_string"}}],"inLanguage":"es"},{"@type":"Person","@id":"https:\/\/dara.aragon.es\/dara\/#\/schema\/person\/aa940813e687c06e6a90d2a9865721dc","name":"Archivo Hist\u00f3rico Provincial de Zaragoza","image":{"@type":"ImageObject","inLanguage":"es","@id":"https:\/\/dara.aragon.es\/dara\/#\/schema\/person\/image\/","url":"https:\/\/secure.gravatar.com\/avatar\/e4f5f90ed6a903156946b09b5288c8496ea6e89f7e939a4bccb6a8fad48a2c44?s=96&d=mm&r=g","contentUrl":"https:\/\/secure.gravatar.com\/avatar\/e4f5f90ed6a903156946b09b5288c8496ea6e89f7e939a4bccb6a8fad48a2c44?s=96&d=mm&r=g","caption":"Archivo Hist\u00f3rico Provincial de Zaragoza"},"url":"https:\/\/dara.aragon.es\/dara\/blog\/author\/ahpz\/"}]}},"_links":{"self":[{"href":"https:\/\/dara.aragon.es\/dara\/wp-json\/wp\/v2\/posts\/310","targetHints":{"allow":["GET"]}}],"collection":[{"href":"https:\/\/dara.aragon.es\/dara\/wp-json\/wp\/v2\/posts"}],"about":[{"href":"https:\/\/dara.aragon.es\/dara\/wp-json\/wp\/v2\/types\/post"}],"author":[{"embeddable":true,"href":"https:\/\/dara.aragon.es\/dara\/wp-json\/wp\/v2\/users\/11"}],"replies":[{"embeddable":true,"href":"https:\/\/dara.aragon.es\/dara\/wp-json\/wp\/v2\/comments?post=310"}],"version-history":[{"count":0,"href":"https:\/\/dara.aragon.es\/dara\/wp-json\/wp\/v2\/posts\/310\/revisions"}],"wp:featuredmedia":[{"embeddable":true,"href":"https:\/\/dara.aragon.es\/dara\/wp-json\/wp\/v2\/media\/6460"}],"wp:attachment":[{"href":"https:\/\/dara.aragon.es\/dara\/wp-json\/wp\/v2\/media?parent=310"}],"wp:term":[{"taxonomy":"category","embeddable":true,"href":"https:\/\/dara.aragon.es\/dara\/wp-json\/wp\/v2\/categories?post=310"},{"taxonomy":"post_tag","embeddable":true,"href":"https:\/\/dara.aragon.es\/dara\/wp-json\/wp\/v2\/tags?post=310"}],"curies":[{"name":"wp","href":"https:\/\/api.w.org\/{rel}","templated":true}]}}