{"id":312,"date":"2018-12-20T07:26:00","date_gmt":"2018-12-20T07:26:00","guid":{"rendered":"https:\/\/dara.aragon.es\/dara\/blog\/2018\/12\/20\/poderoso-caballero-es-don-dinero\/"},"modified":"2023-04-27T10:36:42","modified_gmt":"2023-04-27T10:36:42","slug":"poderoso-caballero-es-don-dinero","status":"publish","type":"post","link":"https:\/\/dara.aragon.es\/dara\/blog\/poderoso-caballero-es-don-dinero\/","title":{"rendered":"PODEROSO CABALLERO ES DON DINERO"},"content":{"rendered":"<p><!--[if gte mso 9]&gt;      &lt;![endif]--><br \/><!--[if gte mso 9]&gt;   Normal  0      21      false  false  false    ES  X-NONE  X-NONE                                                                    &lt;![endif]--><!--[if gte mso 9]&gt;                                                                                                                                                                                                                                                                                                                                                                                                                                                                                                                                                                                                                                                                                                                                                                        &lt;![endif]--><!--[if gte mso 10]&gt;&lt;![endif]--> <\/p>\n<div align=\"center\" style=\"text-align: center\"><b><span style=\"font-size: 14.0pt;line-height: 107%\">PODEROSO CABALLERO ES DON DINERO<\/span><\/b><\/div>\n<div style=\"text-align: justify\"><span style=\"font-size: 12.0pt;line-height: 107%\"><span>&nbsp;&nbsp;&nbsp;&nbsp;&nbsp;&nbsp;&nbsp;&nbsp;&nbsp;&nbsp;&nbsp; <\/span><\/span><span style=\"font-size: 10.0pt;line-height: 107%\">Deliberadamente esta entrada responde al poema de Francisco de Quevedo que lo toma como t\u00edtulo (tan sat\u00edrico como popularizado en una canci\u00f3n por Paco Ib\u00e1\u00f1ez).<\/span><span style=\"font-size: 12.0pt;line-height: 107%\"><\/span><\/div>\n<div style=\"text-align: justify\"><span style=\"font-size: 12.0pt;line-height: 107%\"><span>&nbsp;&nbsp;&nbsp;&nbsp;&nbsp;&nbsp;&nbsp;&nbsp;&nbsp;&nbsp;&nbsp; <\/span>En este mes un tanto especial, fin de a\u00f1o = a redacci\u00f3n de informes, memorias, prop\u00f3sitos para el nuevo a\u00f1o y todo lo que se quiera a\u00f1adir; no debemos olvidarnos que el pr\u00f3ximo d\u00eda 22 se celebrar\u00e1 el popular sorteo de la loter\u00eda nacional, m\u00e1s conocido como <i>Sorteo de Navidad<\/i>.<\/span><\/div>\n<div style=\"text-align: justify\"><span style=\"font-size: 12.0pt;line-height: 107%\"><span>&nbsp;&nbsp;&nbsp;&nbsp;&nbsp;&nbsp;&nbsp;&nbsp;&nbsp;&nbsp;&nbsp; <\/span>Sin lugar a dudas, la loter\u00eda nacional sigue siendo uno de los juegos de azar m\u00e1s extendidos en <span>&nbsp;<\/span>Espa\u00f1a. Sus antecedentes datan de 1763. Fue Carlos III el que la introdujo en nuestro pa\u00eds, imitando la que hab\u00eda en N\u00e1poles. La que conocemos ahora naci\u00f3 en C\u00e1diz en 1811 y su principal finalidad fue la de recaudar fondos para la Hacienda P\u00fablica, muy mermada por los gastos de la Guerra de la Independencia (1808-1814). <\/span><\/div>\n<div style=\"text-align: justify\"><span style=\"font-size: 12.0pt;line-height: 107%\"><span>&nbsp;&nbsp;&nbsp;&nbsp;&nbsp;&nbsp;&nbsp;&nbsp;&nbsp;&nbsp;&nbsp; <\/span>En este contexto, presentamos un d\u00e9cimo de 1947 que se ha conservado (dentro de la documentaci\u00f3n judicial), por hab\u00e9rsele intervenido a un procesado (indicando en el reverso que no hab\u00eda obtenido ning\u00fan premio). Como curiosidad, les diremos que el <i>gordo <\/i>de ese a\u00f1o fue para el n\u00famero 35.920. <\/span><\/div>\n<div style=\"clear: both;text-align: center\"><a href=\"https:\/\/4.bp.blogspot.com\/-QXEiNe7kaZE\/XBtC456_KfI\/AAAAAAAAAJ4\/kZM2oFRC-1IqcEuLaP99h0h8THOdeugYACEwYBhgL\/s1600\/Scan-2018-12-14_07-58-28.jpg\" style=\"clear: left;float: left;margin-bottom: 1em;margin-right: 1em\"><img loading=\"lazy\" decoding=\"async\" border=\"0\" data-original-height=\"865\" data-original-width=\"1600\" height=\"172\" src=\"https:\/\/4.bp.blogspot.com\/-QXEiNe7kaZE\/XBtC456_KfI\/AAAAAAAAAJ4\/kZM2oFRC-1IqcEuLaP99h0h8THOdeugYACEwYBhgL\/s320\/Scan-2018-12-14_07-58-28.jpg\" width=\"320\" \/><\/a><\/div>\n<div style=\"text-align: justify\"><span style=\"font-size: 12.0pt;line-height: 107%\"><span>&nbsp;&nbsp;&nbsp;&nbsp;&nbsp;&nbsp;&nbsp;&nbsp;&nbsp;&nbsp;&nbsp; <\/span>Los sorteos eran semanales (como ahora) <b>y un d\u00e9cimo costaba 3 pts<\/b>. \u00bfQu\u00e9 se pod\u00eda comprar con esta cantidad de dinero? Debemos recordar que el sistema econ\u00f3mico imperante en nuestro pa\u00eds era la autarqu\u00eda, con el estraperlo, mercado negro, cartillas de racionamiento (suprimidas en 1952) \u2026 <\/span><\/div>\n<div style=\"text-align: justify;text-indent: 35.4pt\"><a href=\"https:\/\/4.bp.blogspot.com\/-wF19TWZepBE\/XBtDBa3OhyI\/AAAAAAAAAJ0\/Yg3MuhaWzN4oWnREmxcyhYiqEid5MdkzACEwYBhgL\/s1600\/Scan-2018-12-14_08-01-36.jpg\" style=\"clear: right;float: right;margin-bottom: 1em;margin-left: 1em\"><img loading=\"lazy\" decoding=\"async\" border=\"0\" data-original-height=\"892\" data-original-width=\"1600\" height=\"178\" src=\"https:\/\/4.bp.blogspot.com\/-wF19TWZepBE\/XBtDBa3OhyI\/AAAAAAAAAJ0\/Yg3MuhaWzN4oWnREmxcyhYiqEid5MdkzACEwYBhgL\/s320\/Scan-2018-12-14_08-01-36.jpg\" width=\"320\" \/><\/a><span style=\"font-size: 12.0pt;line-height: 107%\">Para paliar esta situaci\u00f3n, el 24 de diciembre de 1944, el gobierno decidi\u00f3 otorgar a los trabajadores una gratificaci\u00f3n extraordinaria que consist\u00eda en el equivalente a una semana de su salario, con la finalidad de \u201csolemnizar las fiestas de Navidad\u201d.&nbsp;<\/span><\/div>\n<p><\/p>\n<div style=\"text-align: justify;text-indent: 35.4pt\"><\/div>\n<div style=\"text-align: justify;text-indent: 35.4pt\"><span style=\"font-size: 12.0pt;line-height: 107%\">La segunda gratificaci\u00f3n data de 1947, de igual cuant\u00eda econ\u00f3mica, en esta ocasi\u00f3n el gobierno decidi\u00f3 conmemorar el <b>alzamiento nacional<\/b>; siendo conocida como la de del <b>18 de julio <\/b>(d\u00eda que se celebraba la <b>Fiesta de la Exaltaci\u00f3n del Trabajo<\/b>, es obvio que en esa \u00e9poca no se celebraba el 1 de mayo). En ambos casos, el r\u00e9gimen reconoci\u00f3 el retroceso sufrido por el nivel de vida de los espa\u00f1oles, debido tanto a la ca\u00edda de salarios, como al elevado coste de la vida en la d\u00e9cada de los a\u00f1os 40 del siglo pasado. Conocidas como <b>la extra de Navidad<\/b> y <b>la del verano<\/b>, una vez instaurada la democracia, siguieron percibi\u00e9ndose, siendo su importe \u00edntegro el de una mensualidad y pas\u00e1ndose la 2\u00aa al mes de junio (supuestamente por la onom\u00e1stica del rey Juan Carlos).<\/span><\/div>\n<div style=\"text-align: justify;text-indent: 35.4pt\"><span style=\"font-size: 12.0pt;line-height: 107%\">A continuaci\u00f3n, exponemos en pesetas, algunos <b>salarios diarios <\/b>vigentes en nuestro pa\u00eds en 1947<\/span><\/div>\n<div style=\"text-align: justify;text-indent: 35.4pt\"><b><span style=\"color: #0070c0;font-size: 10.0pt;line-height: 107%\">Industria <span>&nbsp;&nbsp;&nbsp;&nbsp;&nbsp;&nbsp;&nbsp;&nbsp;&nbsp;&nbsp;&nbsp;&nbsp;&nbsp;&nbsp;&nbsp;&nbsp;&nbsp;&nbsp;&nbsp;&nbsp;&nbsp;&nbsp;&nbsp;&nbsp;&nbsp;&nbsp;&nbsp;&nbsp;&nbsp;&nbsp;&nbsp;&nbsp;&nbsp;&nbsp;&nbsp;&nbsp;&nbsp;&nbsp;&nbsp;&nbsp;&nbsp;&nbsp;&nbsp;&nbsp;&nbsp; <\/span><span>&nbsp;&nbsp;&nbsp;&nbsp;&nbsp;&nbsp;&nbsp;&nbsp;&nbsp;&nbsp;&nbsp;&nbsp;&nbsp;&nbsp;&nbsp;&nbsp;&nbsp;&nbsp;&nbsp;&nbsp;&nbsp;&nbsp;&nbsp;&nbsp;&nbsp;&nbsp;&nbsp;&nbsp;&nbsp;&nbsp; <\/span><span>&nbsp;&nbsp;&nbsp;&nbsp;&nbsp;&nbsp;<\/span>Agricultura<\/span><\/b><\/div>\n<div style=\"text-align: justify;text-indent: 35.4pt\"><b><span style=\"color: #0070c0;font-size: 10.0pt;line-height: 107%\"><span>&nbsp;&nbsp;&nbsp;&nbsp;&nbsp;&nbsp;&nbsp;&nbsp;&nbsp;&nbsp;&nbsp;&nbsp;&nbsp;&nbsp;&nbsp;&nbsp;&nbsp;&nbsp;&nbsp;&nbsp;&nbsp;&nbsp;&nbsp;&nbsp;&nbsp;&nbsp;&nbsp;&nbsp;&nbsp;&nbsp;&nbsp;&nbsp;&nbsp;&nbsp;&nbsp;&nbsp;&nbsp;&nbsp;&nbsp;&nbsp;&nbsp;&nbsp;&nbsp;&nbsp;&nbsp;&nbsp;&nbsp;&nbsp;&nbsp;&nbsp;&nbsp;&nbsp;&nbsp;&nbsp;&nbsp;&nbsp;&nbsp;&nbsp;&nbsp;&nbsp;&nbsp;&nbsp;&nbsp;&nbsp;&nbsp;&nbsp;&nbsp;&nbsp;&nbsp;&nbsp;&nbsp;&nbsp;&nbsp;&nbsp;&nbsp;&nbsp;&nbsp;&nbsp; <\/span>Hombre <span>&nbsp;&nbsp;&nbsp;&nbsp;&nbsp;&nbsp;&nbsp;&nbsp;&nbsp;&nbsp;&nbsp;&nbsp;&nbsp;&nbsp;&nbsp;&nbsp;&nbsp;&nbsp;&nbsp;&nbsp;&nbsp;&nbsp;&nbsp;&nbsp;&nbsp;&nbsp;&nbsp;&nbsp;&nbsp;&nbsp;&nbsp;&nbsp;&nbsp;&nbsp;&nbsp;&nbsp;&nbsp;&nbsp;&nbsp;&nbsp;&nbsp;&nbsp;&nbsp;&nbsp;&nbsp;&nbsp; <\/span>Mujer<\/span><\/b><\/div>\n<div style=\"text-align: justify\"><b><span style=\"color: #0070c0;font-size: 10.0pt;line-height: 107%\">Cualificado<span>&nbsp;&nbsp;&nbsp; <\/span>No cualificado <span>&nbsp;&nbsp;&nbsp;&nbsp;&nbsp;&nbsp;&nbsp;&nbsp;&nbsp;&nbsp;&nbsp;&nbsp;&nbsp;&nbsp;&nbsp;&nbsp;&nbsp;&nbsp;&nbsp;&nbsp;&nbsp;&nbsp;&nbsp;&nbsp;&nbsp;&nbsp; <\/span>M\u00e1ximo<span>&nbsp;&nbsp;&nbsp;&nbsp; <\/span>Medio<span>&nbsp;&nbsp;&nbsp; <\/span>M\u00ednimo<span>&nbsp;&nbsp;&nbsp;&nbsp;&nbsp;&nbsp;&nbsp;&nbsp;&nbsp;&nbsp;&nbsp;&nbsp; <\/span>M\u00e1ximo<span>&nbsp;&nbsp; <\/span>Medio<span>&nbsp;&nbsp; <\/span>M\u00ednimo<\/span><\/b><\/div>\n<div style=\"text-align: justify\"><b><span style=\"color: #0070c0;font-size: 10.0pt;line-height: 107%\">22\u201923 <span>&nbsp;&nbsp;&nbsp;&nbsp; <\/span><span>&nbsp;&nbsp;&nbsp;&nbsp;&nbsp;&nbsp;&nbsp;&nbsp;&nbsp;&nbsp;&nbsp;&nbsp;&nbsp;&nbsp;&nbsp; <\/span>16\u201915 <span>&nbsp;&nbsp;&nbsp;&nbsp;&nbsp;&nbsp;&nbsp;&nbsp;&nbsp;&nbsp;&nbsp;&nbsp;&nbsp;&nbsp;&nbsp;&nbsp;&nbsp;&nbsp;&nbsp;&nbsp;&nbsp;&nbsp;&nbsp;&nbsp;&nbsp;&nbsp;&nbsp;&nbsp;&nbsp;&nbsp;&nbsp;&nbsp;&nbsp;&nbsp;&nbsp; <\/span>16\u201930<span>&nbsp;&nbsp;&nbsp;&nbsp; <\/span><span>&nbsp;&nbsp;&nbsp;&nbsp; <\/span>12\u201924<span>&nbsp;&nbsp;&nbsp;&nbsp; <\/span>10\u201940<span>&nbsp;&nbsp;&nbsp;&nbsp;&nbsp;&nbsp;&nbsp;&nbsp;&nbsp;&nbsp;&nbsp;&nbsp;&nbsp;&nbsp;&nbsp;&nbsp;&nbsp;&nbsp;&nbsp;&nbsp; <\/span>9\u201975 <span>&nbsp;&nbsp;&nbsp;&nbsp;&nbsp;&nbsp;<\/span>8\u201933<span>&nbsp;&nbsp;&nbsp;&nbsp;&nbsp; <\/span>6\u201990<\/span><\/b><\/div>\n<div style=\"text-align: justify;text-indent: 35.4pt\"><span style=\"font-size: 12.0pt;line-height: 107%\">Los productos incluidos en el racionamiento eran los b\u00e1sicos: patatas, jud\u00edas, garbanzos, lentejas, arroz, aceite, caf\u00e9, az\u00facar, carne (de ganado lanar, vacuno y de cerdo), tocino, bacalao\u2026<span>&nbsp; <\/span><b><span style=\"color: #0070c0\"><\/span><\/b><\/span><\/div>\n<div style=\"text-align: justify\"><b><span style=\"color: #0070c0;font-size: 10.0pt;line-height: 107%\">Producto<span>&nbsp; <\/span><span>&nbsp;&nbsp;&nbsp;&nbsp;&nbsp;&nbsp;&nbsp;&nbsp;&nbsp;&nbsp;&nbsp;&nbsp;&nbsp;&nbsp;&nbsp;&nbsp;&nbsp;&nbsp;&nbsp;&nbsp;&nbsp;&nbsp;&nbsp;&nbsp;&nbsp;&nbsp;&nbsp;&nbsp;&nbsp;&nbsp;&nbsp;&nbsp;&nbsp;&nbsp;&nbsp;&nbsp;&nbsp;&nbsp;&nbsp;&nbsp;&nbsp;&nbsp;&nbsp; <\/span>Cantidad <span>&nbsp;&nbsp;&nbsp;&nbsp;&nbsp;&nbsp;&nbsp;&nbsp;&nbsp;&nbsp;&nbsp;&nbsp;&nbsp;&nbsp;&nbsp;&nbsp;&nbsp;&nbsp;&nbsp;&nbsp;&nbsp;&nbsp;&nbsp;&nbsp;&nbsp;&nbsp;&nbsp;&nbsp; <\/span>Precio<\/span><\/b><\/div>\n<div style=\"text-align: justify\"><b><span style=\"color: #0070c0;font-size: 10.0pt;line-height: 107%\">Aceite<span>&nbsp;&nbsp;&nbsp;&nbsp;&nbsp;&nbsp;&nbsp;&nbsp;&nbsp;&nbsp;&nbsp;&nbsp;&nbsp;&nbsp;&nbsp;&nbsp;&nbsp;&nbsp;&nbsp;&nbsp;&nbsp;&nbsp;&nbsp;&nbsp;&nbsp;&nbsp;&nbsp;&nbsp;&nbsp;&nbsp;&nbsp;&nbsp;&nbsp;&nbsp;&nbsp;&nbsp;&nbsp;&nbsp;&nbsp;&nbsp;&nbsp;&nbsp;&nbsp;&nbsp;&nbsp;&nbsp;&nbsp;&nbsp;&nbsp;&nbsp; <\/span>1 cuarto<span>&nbsp;&nbsp;&nbsp;&nbsp;&nbsp;&nbsp;&nbsp;&nbsp;&nbsp;&nbsp;&nbsp;&nbsp;&nbsp;&nbsp;&nbsp;&nbsp;&nbsp;&nbsp;&nbsp;&nbsp;&nbsp;&nbsp;&nbsp;&nbsp;&nbsp;&nbsp;&nbsp;&nbsp;&nbsp;&nbsp;&nbsp; <\/span>1\u201940 pts.<\/span><\/b><\/div>\n<div style=\"text-align: justify\"><b><span style=\"color: #0070c0;font-size: 10.0pt;line-height: 107%\">Arroz<span>&nbsp;&nbsp;&nbsp;&nbsp;&nbsp;&nbsp;&nbsp;&nbsp;&nbsp;&nbsp;&nbsp;&nbsp;&nbsp;&nbsp;&nbsp;&nbsp;&nbsp;&nbsp;&nbsp;&nbsp;&nbsp;&nbsp;&nbsp;&nbsp;&nbsp;&nbsp;&nbsp;&nbsp;&nbsp;&nbsp;&nbsp;&nbsp;&nbsp;&nbsp;&nbsp;&nbsp;&nbsp;&nbsp;&nbsp;&nbsp;&nbsp;&nbsp;&nbsp;&nbsp;&nbsp;&nbsp;&nbsp;&nbsp;&nbsp;&nbsp;&nbsp;&nbsp; <\/span>100 gr<span>&nbsp;&nbsp;&nbsp;&nbsp;&nbsp;&nbsp;&nbsp;&nbsp;&nbsp;&nbsp;&nbsp;&nbsp;&nbsp;&nbsp;&nbsp;&nbsp;&nbsp;&nbsp;&nbsp;&nbsp;&nbsp;&nbsp;&nbsp;&nbsp;&nbsp;&nbsp;&nbsp;&nbsp;&nbsp;&nbsp;&nbsp;&nbsp;&nbsp;&nbsp;&nbsp; <\/span>0\u201945 pts.<\/span><\/b><\/div>\n<div style=\"text-align: justify\"><a href=\"https:\/\/3.bp.blogspot.com\/-ziEmw4mK8h0\/XBtD3btJWBI\/AAAAAAAAAKE\/iKqFDwKtqjA-tkq-yHoZs2-xUASz8HT9gCLcBGAs\/s1600\/Scan-2018-12-14_09-44-31.jpg\" style=\"clear: right;float: right;margin-bottom: 1em;margin-left: 1em\"><img loading=\"lazy\" decoding=\"async\" border=\"0\" data-original-height=\"1600\" data-original-width=\"1163\" height=\"320\" src=\"https:\/\/3.bp.blogspot.com\/-ziEmw4mK8h0\/XBtD3btJWBI\/AAAAAAAAAKE\/iKqFDwKtqjA-tkq-yHoZs2-xUASz8HT9gCLcBGAs\/s320\/Scan-2018-12-14_09-44-31.jpg\" width=\"232\" \/><\/a><b><span style=\"color: #0070c0;font-size: 10.0pt;line-height: 107%\">Az\u00facar<span>&nbsp;&nbsp;&nbsp;&nbsp;&nbsp;&nbsp;&nbsp;&nbsp;&nbsp;&nbsp;&nbsp;&nbsp;&nbsp;&nbsp;&nbsp;&nbsp;&nbsp;&nbsp;&nbsp;&nbsp;&nbsp;&nbsp;&nbsp;&nbsp;&nbsp;&nbsp;&nbsp;&nbsp;&nbsp;&nbsp;&nbsp;&nbsp;&nbsp;&nbsp;&nbsp;&nbsp;&nbsp;&nbsp;&nbsp;&nbsp;&nbsp;&nbsp;&nbsp;&nbsp;&nbsp;&nbsp;&nbsp;&nbsp;&nbsp;&nbsp; <\/span>200 gr<span>&nbsp;&nbsp;&nbsp;&nbsp;&nbsp;&nbsp;&nbsp;&nbsp;&nbsp;&nbsp;&nbsp;&nbsp;&nbsp;&nbsp;&nbsp;&nbsp;&nbsp;&nbsp;&nbsp;&nbsp;&nbsp;&nbsp;&nbsp;&nbsp;&nbsp;&nbsp;&nbsp;&nbsp;&nbsp;&nbsp;&nbsp;&nbsp;&nbsp;&nbsp;&nbsp; <\/span>1\u201911 pts.<\/span><\/b><\/div>\n<div style=\"text-align: justify\"><b><span style=\"color: #0070c0;font-size: 10.0pt;line-height: 107%\">Pl\u00e1tanos <span>&nbsp;&nbsp;&nbsp;&nbsp;&nbsp;&nbsp;&nbsp;&nbsp;&nbsp;&nbsp;&nbsp;&nbsp;&nbsp;&nbsp;&nbsp;&nbsp;&nbsp;&nbsp;&nbsp;&nbsp;&nbsp;&nbsp;&nbsp;&nbsp;&nbsp;&nbsp;&nbsp;&nbsp;&nbsp;&nbsp;&nbsp;&nbsp;&nbsp;&nbsp;&nbsp;&nbsp;&nbsp;&nbsp;&nbsp;&nbsp;&nbsp;&nbsp;&nbsp;&nbsp;&nbsp; <\/span>250 gr <span>&nbsp;&nbsp;&nbsp;&nbsp;&nbsp;&nbsp;&nbsp;&nbsp;&nbsp;&nbsp;&nbsp;&nbsp;&nbsp;&nbsp;&nbsp;&nbsp;&nbsp;&nbsp;&nbsp;&nbsp;&nbsp;&nbsp;&nbsp;&nbsp;&nbsp;&nbsp;&nbsp;&nbsp;&nbsp;&nbsp;&nbsp;&nbsp;&nbsp;&nbsp; <\/span>1\u201925 pts.<\/span><\/b><\/div>\n<div style=\"text-align: justify\"><b><span style=\"color: #0070c0;font-size: 10.0pt;line-height: 107%\">Una entrada de cine en Madrid <span>&nbsp;&nbsp;&nbsp;&nbsp; <\/span><span>&nbsp;&nbsp;&nbsp;&nbsp;&nbsp;&nbsp;&nbsp;&nbsp;&nbsp;&nbsp;&nbsp;&nbsp;&nbsp;&nbsp;&nbsp;&nbsp;&nbsp;&nbsp;&nbsp;&nbsp;&nbsp;&nbsp;&nbsp;&nbsp;&nbsp;&nbsp;&nbsp;&nbsp;&nbsp;&nbsp;&nbsp;&nbsp;&nbsp;&nbsp;&nbsp;&nbsp;&nbsp;&nbsp;&nbsp;&nbsp;&nbsp;&nbsp;&nbsp;&nbsp;&nbsp;&nbsp; <\/span>2\u201900 pts.<\/span><\/b><\/div>\n<div style=\"text-align: justify;text-indent: 35.4pt\"><span style=\"font-size: 12.0pt;line-height: 107%\">Sobre la loter\u00eda, en la documentaci\u00f3n conservada tenemos robos, hurtos, estafas, timos, extorsiones, malversaci\u00f3n de caudales o denuncias: por extrav\u00edo de d\u00e9cimos, venta de participaciones falsas. Las fechas desde 1934 1956. Desde esta fecha hasta 1978, abundan los libros de cuentas de las administraciones de Teruel y provincia, los listados de premios, facturas, liquidaciones\u2026<span>&nbsp; <\/span><\/span><\/div>\n<div style=\"text-align: justify;text-indent: 35.4pt\"><\/div>\n<div style=\"text-align: justify;text-indent: 35.4pt\"><span style=\"font-size: 12.0pt;line-height: 107%\">&nbsp;Como cada persona puede sacar sus conclusiones, s\u00f3lo nos queda decirles que tienen m\u00e1s informaci\u00f3n de todo lo expuesto en DARA (www.dara-aragon.es), y si juegan a la loter\u00eda (quiz\u00e1 algo habitual en las fechas en las que nos encontramos) mucha, mucha suerte y, por supuesto, FELICES FIESTAS Y PR\u00d3SPERO 2019.<b><span style=\"color: #0070c0\"><\/span><\/b><\/span><\/div>\n<p><\/p>\n<div style=\"clear: both;text-align: center\"><\/div>\n<p><\/p>\n<div style=\"clear: both;text-align: center\"><\/div>\n","protected":false},"excerpt":{"rendered":"<p>PODEROSO CABALLERO ES DON DINERO &nbsp;&nbsp;&nbsp;&nbsp;&nbsp;&nbsp;&nbsp;&nbsp;&nbsp;&nbsp;&nbsp; Deliberadamente esta entrada responde al poema de Francisco de Quevedo que lo toma como t\u00edtulo (tan sat\u00edrico como popularizado en una canci\u00f3n por Paco Ib\u00e1\u00f1ez). &nbsp;&nbsp;&nbsp;&nbsp;&nbsp;&nbsp;&nbsp;&nbsp;&nbsp;&nbsp;&nbsp; En este mes un tanto especial, fin de a\u00f1o = a redacci\u00f3n de informes, memorias, prop\u00f3sitos para el nuevo a\u00f1o y todo lo [&hellip;]<\/p>\n","protected":false},"author":6,"featured_media":0,"comment_status":"open","ping_status":"closed","sticky":false,"template":"","format":"standard","meta":{"_et_pb_use_builder":"","_et_pb_old_content":"","_et_gb_content_width":"","om_disable_all_campaigns":false,"_monsterinsights_skip_tracking":false,"_monsterinsights_sitenote_active":false,"_monsterinsights_sitenote_note":"","_monsterinsights_sitenote_category":0,"_uf_show_specific_survey":0,"_uf_disable_surveys":false,"footnotes":""},"categories":[1],"tags":[],"class_list":["post-312","post","type-post","status-publish","format-standard","hentry","category-uncategorized"],"yoast_head":"<!-- This site is optimized with the Yoast SEO plugin v26.2 - https:\/\/yoast.com\/wordpress\/plugins\/seo\/ -->\n<title>PODEROSO CABALLERO ES DON DINERO - DARA GENERAL<\/title>\n<meta name=\"robots\" content=\"index, follow, max-snippet:-1, max-image-preview:large, max-video-preview:-1\" \/>\n<link rel=\"canonical\" href=\"https:\/\/dara.aragon.es\/dara\/blog\/poderoso-caballero-es-don-dinero\/\" \/>\n<meta property=\"og:locale\" content=\"es_ES\" \/>\n<meta property=\"og:type\" content=\"article\" \/>\n<meta property=\"og:title\" content=\"PODEROSO CABALLERO ES DON DINERO - DARA GENERAL\" \/>\n<meta property=\"og:description\" content=\"PODEROSO CABALLERO ES DON DINERO &nbsp;&nbsp;&nbsp;&nbsp;&nbsp;&nbsp;&nbsp;&nbsp;&nbsp;&nbsp;&nbsp; Deliberadamente esta entrada responde al poema de Francisco de Quevedo que lo toma como t\u00edtulo (tan sat\u00edrico como popularizado en una canci\u00f3n por Paco Ib\u00e1\u00f1ez). &nbsp;&nbsp;&nbsp;&nbsp;&nbsp;&nbsp;&nbsp;&nbsp;&nbsp;&nbsp;&nbsp; En este mes un tanto especial, fin de a\u00f1o = a redacci\u00f3n de informes, memorias, prop\u00f3sitos para el nuevo a\u00f1o y todo lo [&hellip;]\" \/>\n<meta property=\"og:url\" content=\"https:\/\/dara.aragon.es\/dara\/blog\/poderoso-caballero-es-don-dinero\/\" \/>\n<meta property=\"og:site_name\" content=\"DARA GENERAL\" \/>\n<meta property=\"article:published_time\" content=\"2018-12-20T07:26:00+00:00\" \/>\n<meta property=\"article:modified_time\" content=\"2023-04-27T10:36:42+00:00\" \/>\n<meta property=\"og:image\" content=\"https:\/\/4.bp.blogspot.com\/-QXEiNe7kaZE\/XBtC456_KfI\/AAAAAAAAAJ4\/kZM2oFRC-1IqcEuLaP99h0h8THOdeugYACEwYBhgL\/s320\/Scan-2018-12-14_07-58-28.jpg\" \/>\n<meta name=\"author\" content=\"Mar\u00eda Jos\u00e9 Casaus Ballester Archivo Hist\u00f3rico Provincial de Teruel\" \/>\n<meta name=\"twitter:card\" content=\"summary_large_image\" \/>\n<meta name=\"twitter:label1\" content=\"Escrito por\" \/>\n\t<meta name=\"twitter:data1\" content=\"Mar\u00eda Jos\u00e9 Casaus Ballester Archivo Hist\u00f3rico Provincial de Teruel\" \/>\n\t<meta name=\"twitter:label2\" content=\"Tiempo de lectura\" \/>\n\t<meta name=\"twitter:data2\" content=\"8 minutos\" \/>\n<script type=\"application\/ld+json\" class=\"yoast-schema-graph\">{\"@context\":\"https:\/\/schema.org\",\"@graph\":[{\"@type\":\"WebPage\",\"@id\":\"https:\/\/dara.aragon.es\/dara\/blog\/poderoso-caballero-es-don-dinero\/\",\"url\":\"https:\/\/dara.aragon.es\/dara\/blog\/poderoso-caballero-es-don-dinero\/\",\"name\":\"PODEROSO CABALLERO ES DON DINERO - DARA GENERAL\",\"isPartOf\":{\"@id\":\"https:\/\/dara.aragon.es\/dara\/#website\"},\"primaryImageOfPage\":{\"@id\":\"https:\/\/dara.aragon.es\/dara\/blog\/poderoso-caballero-es-don-dinero\/#primaryimage\"},\"image\":{\"@id\":\"https:\/\/dara.aragon.es\/dara\/blog\/poderoso-caballero-es-don-dinero\/#primaryimage\"},\"thumbnailUrl\":\"https:\/\/4.bp.blogspot.com\/-QXEiNe7kaZE\/XBtC456_KfI\/AAAAAAAAAJ4\/kZM2oFRC-1IqcEuLaP99h0h8THOdeugYACEwYBhgL\/s320\/Scan-2018-12-14_07-58-28.jpg\",\"datePublished\":\"2018-12-20T07:26:00+00:00\",\"dateModified\":\"2023-04-27T10:36:42+00:00\",\"author\":{\"@id\":\"https:\/\/dara.aragon.es\/dara\/#\/schema\/person\/92db10f29a48509b330e75cf1b9d39ed\"},\"breadcrumb\":{\"@id\":\"https:\/\/dara.aragon.es\/dara\/blog\/poderoso-caballero-es-don-dinero\/#breadcrumb\"},\"inLanguage\":\"es\",\"potentialAction\":[{\"@type\":\"ReadAction\",\"target\":[\"https:\/\/dara.aragon.es\/dara\/blog\/poderoso-caballero-es-don-dinero\/\"]}]},{\"@type\":\"ImageObject\",\"inLanguage\":\"es\",\"@id\":\"https:\/\/dara.aragon.es\/dara\/blog\/poderoso-caballero-es-don-dinero\/#primaryimage\",\"url\":\"https:\/\/4.bp.blogspot.com\/-QXEiNe7kaZE\/XBtC456_KfI\/AAAAAAAAAJ4\/kZM2oFRC-1IqcEuLaP99h0h8THOdeugYACEwYBhgL\/s320\/Scan-2018-12-14_07-58-28.jpg\",\"contentUrl\":\"https:\/\/4.bp.blogspot.com\/-QXEiNe7kaZE\/XBtC456_KfI\/AAAAAAAAAJ4\/kZM2oFRC-1IqcEuLaP99h0h8THOdeugYACEwYBhgL\/s320\/Scan-2018-12-14_07-58-28.jpg\"},{\"@type\":\"BreadcrumbList\",\"@id\":\"https:\/\/dara.aragon.es\/dara\/blog\/poderoso-caballero-es-don-dinero\/#breadcrumb\",\"itemListElement\":[{\"@type\":\"ListItem\",\"position\":1,\"name\":\"Portada\",\"item\":\"https:\/\/dara.aragon.es\/dara\/\"},{\"@type\":\"ListItem\",\"position\":2,\"name\":\"PODEROSO CABALLERO ES DON DINERO\"}]},{\"@type\":\"WebSite\",\"@id\":\"https:\/\/dara.aragon.es\/dara\/#website\",\"url\":\"https:\/\/dara.aragon.es\/dara\/\",\"name\":\"DARA GENERAL\",\"description\":\"Documentos y archivos de Arag\u00f3n\",\"potentialAction\":[{\"@type\":\"SearchAction\",\"target\":{\"@type\":\"EntryPoint\",\"urlTemplate\":\"https:\/\/dara.aragon.es\/dara\/?s={search_term_string}\"},\"query-input\":{\"@type\":\"PropertyValueSpecification\",\"valueRequired\":true,\"valueName\":\"search_term_string\"}}],\"inLanguage\":\"es\"},{\"@type\":\"Person\",\"@id\":\"https:\/\/dara.aragon.es\/dara\/#\/schema\/person\/92db10f29a48509b330e75cf1b9d39ed\",\"name\":\"Mar\u00eda Jos\u00e9 Casaus Ballester Archivo Hist\u00f3rico Provincial de Teruel\",\"image\":{\"@type\":\"ImageObject\",\"inLanguage\":\"es\",\"@id\":\"https:\/\/dara.aragon.es\/dara\/#\/schema\/person\/image\/\",\"url\":\"https:\/\/secure.gravatar.com\/avatar\/eda95c3e9a0679fa28f40f7955438808774d16cf528ecc8ee8797074d4dd0132?s=96&d=mm&r=g\",\"contentUrl\":\"https:\/\/secure.gravatar.com\/avatar\/eda95c3e9a0679fa28f40f7955438808774d16cf528ecc8ee8797074d4dd0132?s=96&d=mm&r=g\",\"caption\":\"Mar\u00eda Jos\u00e9 Casaus Ballester Archivo Hist\u00f3rico Provincial de Teruel\"},\"description\":\"T\u00e9cnico Superior de Patrimonio Cultural de Archivos y responsable de la direcci\u00f3n del AHPTE\",\"url\":\"https:\/\/dara.aragon.es\/dara\/blog\/author\/mjcasaus\/\"}]}<\/script>\n<!-- \/ Yoast SEO plugin. -->","yoast_head_json":{"title":"PODEROSO CABALLERO ES DON DINERO - DARA GENERAL","robots":{"index":"index","follow":"follow","max-snippet":"max-snippet:-1","max-image-preview":"max-image-preview:large","max-video-preview":"max-video-preview:-1"},"canonical":"https:\/\/dara.aragon.es\/dara\/blog\/poderoso-caballero-es-don-dinero\/","og_locale":"es_ES","og_type":"article","og_title":"PODEROSO CABALLERO ES DON DINERO - DARA GENERAL","og_description":"PODEROSO CABALLERO ES DON DINERO &nbsp;&nbsp;&nbsp;&nbsp;&nbsp;&nbsp;&nbsp;&nbsp;&nbsp;&nbsp;&nbsp; Deliberadamente esta entrada responde al poema de Francisco de Quevedo que lo toma como t\u00edtulo (tan sat\u00edrico como popularizado en una canci\u00f3n por Paco Ib\u00e1\u00f1ez). &nbsp;&nbsp;&nbsp;&nbsp;&nbsp;&nbsp;&nbsp;&nbsp;&nbsp;&nbsp;&nbsp; En este mes un tanto especial, fin de a\u00f1o = a redacci\u00f3n de informes, memorias, prop\u00f3sitos para el nuevo a\u00f1o y todo lo [&hellip;]","og_url":"https:\/\/dara.aragon.es\/dara\/blog\/poderoso-caballero-es-don-dinero\/","og_site_name":"DARA GENERAL","article_published_time":"2018-12-20T07:26:00+00:00","article_modified_time":"2023-04-27T10:36:42+00:00","og_image":[{"url":"https:\/\/4.bp.blogspot.com\/-QXEiNe7kaZE\/XBtC456_KfI\/AAAAAAAAAJ4\/kZM2oFRC-1IqcEuLaP99h0h8THOdeugYACEwYBhgL\/s320\/Scan-2018-12-14_07-58-28.jpg","type":"","width":"","height":""}],"author":"Mar\u00eda Jos\u00e9 Casaus Ballester Archivo Hist\u00f3rico Provincial de Teruel","twitter_card":"summary_large_image","twitter_misc":{"Escrito por":"Mar\u00eda Jos\u00e9 Casaus Ballester Archivo Hist\u00f3rico Provincial de Teruel","Tiempo de lectura":"8 minutos"},"schema":{"@context":"https:\/\/schema.org","@graph":[{"@type":"WebPage","@id":"https:\/\/dara.aragon.es\/dara\/blog\/poderoso-caballero-es-don-dinero\/","url":"https:\/\/dara.aragon.es\/dara\/blog\/poderoso-caballero-es-don-dinero\/","name":"PODEROSO CABALLERO ES DON DINERO - DARA GENERAL","isPartOf":{"@id":"https:\/\/dara.aragon.es\/dara\/#website"},"primaryImageOfPage":{"@id":"https:\/\/dara.aragon.es\/dara\/blog\/poderoso-caballero-es-don-dinero\/#primaryimage"},"image":{"@id":"https:\/\/dara.aragon.es\/dara\/blog\/poderoso-caballero-es-don-dinero\/#primaryimage"},"thumbnailUrl":"https:\/\/4.bp.blogspot.com\/-QXEiNe7kaZE\/XBtC456_KfI\/AAAAAAAAAJ4\/kZM2oFRC-1IqcEuLaP99h0h8THOdeugYACEwYBhgL\/s320\/Scan-2018-12-14_07-58-28.jpg","datePublished":"2018-12-20T07:26:00+00:00","dateModified":"2023-04-27T10:36:42+00:00","author":{"@id":"https:\/\/dara.aragon.es\/dara\/#\/schema\/person\/92db10f29a48509b330e75cf1b9d39ed"},"breadcrumb":{"@id":"https:\/\/dara.aragon.es\/dara\/blog\/poderoso-caballero-es-don-dinero\/#breadcrumb"},"inLanguage":"es","potentialAction":[{"@type":"ReadAction","target":["https:\/\/dara.aragon.es\/dara\/blog\/poderoso-caballero-es-don-dinero\/"]}]},{"@type":"ImageObject","inLanguage":"es","@id":"https:\/\/dara.aragon.es\/dara\/blog\/poderoso-caballero-es-don-dinero\/#primaryimage","url":"https:\/\/4.bp.blogspot.com\/-QXEiNe7kaZE\/XBtC456_KfI\/AAAAAAAAAJ4\/kZM2oFRC-1IqcEuLaP99h0h8THOdeugYACEwYBhgL\/s320\/Scan-2018-12-14_07-58-28.jpg","contentUrl":"https:\/\/4.bp.blogspot.com\/-QXEiNe7kaZE\/XBtC456_KfI\/AAAAAAAAAJ4\/kZM2oFRC-1IqcEuLaP99h0h8THOdeugYACEwYBhgL\/s320\/Scan-2018-12-14_07-58-28.jpg"},{"@type":"BreadcrumbList","@id":"https:\/\/dara.aragon.es\/dara\/blog\/poderoso-caballero-es-don-dinero\/#breadcrumb","itemListElement":[{"@type":"ListItem","position":1,"name":"Portada","item":"https:\/\/dara.aragon.es\/dara\/"},{"@type":"ListItem","position":2,"name":"PODEROSO CABALLERO ES DON DINERO"}]},{"@type":"WebSite","@id":"https:\/\/dara.aragon.es\/dara\/#website","url":"https:\/\/dara.aragon.es\/dara\/","name":"DARA GENERAL","description":"Documentos y archivos de Arag\u00f3n","potentialAction":[{"@type":"SearchAction","target":{"@type":"EntryPoint","urlTemplate":"https:\/\/dara.aragon.es\/dara\/?s={search_term_string}"},"query-input":{"@type":"PropertyValueSpecification","valueRequired":true,"valueName":"search_term_string"}}],"inLanguage":"es"},{"@type":"Person","@id":"https:\/\/dara.aragon.es\/dara\/#\/schema\/person\/92db10f29a48509b330e75cf1b9d39ed","name":"Mar\u00eda Jos\u00e9 Casaus Ballester Archivo Hist\u00f3rico Provincial de Teruel","image":{"@type":"ImageObject","inLanguage":"es","@id":"https:\/\/dara.aragon.es\/dara\/#\/schema\/person\/image\/","url":"https:\/\/secure.gravatar.com\/avatar\/eda95c3e9a0679fa28f40f7955438808774d16cf528ecc8ee8797074d4dd0132?s=96&d=mm&r=g","contentUrl":"https:\/\/secure.gravatar.com\/avatar\/eda95c3e9a0679fa28f40f7955438808774d16cf528ecc8ee8797074d4dd0132?s=96&d=mm&r=g","caption":"Mar\u00eda Jos\u00e9 Casaus Ballester Archivo Hist\u00f3rico Provincial de Teruel"},"description":"T\u00e9cnico Superior de Patrimonio Cultural de Archivos y responsable de la direcci\u00f3n del AHPTE","url":"https:\/\/dara.aragon.es\/dara\/blog\/author\/mjcasaus\/"}]}},"_links":{"self":[{"href":"https:\/\/dara.aragon.es\/dara\/wp-json\/wp\/v2\/posts\/312","targetHints":{"allow":["GET"]}}],"collection":[{"href":"https:\/\/dara.aragon.es\/dara\/wp-json\/wp\/v2\/posts"}],"about":[{"href":"https:\/\/dara.aragon.es\/dara\/wp-json\/wp\/v2\/types\/post"}],"author":[{"embeddable":true,"href":"https:\/\/dara.aragon.es\/dara\/wp-json\/wp\/v2\/users\/6"}],"replies":[{"embeddable":true,"href":"https:\/\/dara.aragon.es\/dara\/wp-json\/wp\/v2\/comments?post=312"}],"version-history":[{"count":0,"href":"https:\/\/dara.aragon.es\/dara\/wp-json\/wp\/v2\/posts\/312\/revisions"}],"wp:attachment":[{"href":"https:\/\/dara.aragon.es\/dara\/wp-json\/wp\/v2\/media?parent=312"}],"wp:term":[{"taxonomy":"category","embeddable":true,"href":"https:\/\/dara.aragon.es\/dara\/wp-json\/wp\/v2\/categories?post=312"},{"taxonomy":"post_tag","embeddable":true,"href":"https:\/\/dara.aragon.es\/dara\/wp-json\/wp\/v2\/tags?post=312"}],"curies":[{"name":"wp","href":"https:\/\/api.w.org\/{rel}","templated":true}]}}