{"id":313,"date":"2018-12-05T12:29:00","date_gmt":"2018-12-05T12:29:00","guid":{"rendered":"https:\/\/dara.aragon.es\/dara\/blog\/2018\/12\/05\/una-fotografia-de-dara-ayuda-a-encontrar-un-dolmen-perdido\/"},"modified":"2024-10-23T06:21:05","modified_gmt":"2024-10-23T06:21:05","slug":"una-fotografia-de-dara-ayuda-a-encontrar-un-dolmen-perdido","status":"publish","type":"post","link":"https:\/\/dara.aragon.es\/dara\/blog\/una-fotografia-de-dara-ayuda-a-encontrar-un-dolmen-perdido\/","title":{"rendered":"Una fotograf\u00eda de DARA ayuda a encontrar \u00a1un dolmen perdido!"},"content":{"rendered":"<p><\/p>\n<div style=\"clear: both;text-align: center\"><a href=\"https:\/\/3.bp.blogspot.com\/-ojkXa-hZcJU\/XAfAHv0DOtI\/AAAAAAAAAPU\/BM2rim6YoHMaZhTcuz4BebGWdN_-9YPRACEwYBhgL\/s1600\/AHPZ_MF_GALIAY_1195.jpg\" style=\"margin-left: 1em;margin-right: 1em\"><img loading=\"lazy\" decoding=\"async\" border=\"0\" data-original-height=\"383\" data-original-width=\"600\" height=\"408\" src=\"https:\/\/3.bp.blogspot.com\/-ojkXa-hZcJU\/XAfAHv0DOtI\/AAAAAAAAAPU\/BM2rim6YoHMaZhTcuz4BebGWdN_-9YPRACEwYBhgL\/s640\/AHPZ_MF_GALIAY_1195.jpg\" width=\"640\" \/><\/a><\/div>\n<p><\/p>\n<div style=\"clear: both;text-align: center\"><a href=\"https:\/\/3.bp.blogspot.com\/-fbmelgauoP4\/XAfAXaU-MYI\/AAAAAAAAAPk\/k0l58t7jHSc0Dz1VhPpT0Fp2-cN7RJHpACEwYBhgL\/s1600\/AHPZ_MF_GALIAY_1196.jpg\" style=\"margin-left: 1em;margin-right: 1em\"><img loading=\"lazy\" decoding=\"async\" border=\"0\" data-original-height=\"381\" data-original-width=\"600\" height=\"406\" src=\"https:\/\/3.bp.blogspot.com\/-fbmelgauoP4\/XAfAXaU-MYI\/AAAAAAAAAPk\/k0l58t7jHSc0Dz1VhPpT0Fp2-cN7RJHpACEwYBhgL\/s640\/AHPZ_MF_GALIAY_1196.jpg\" width=\"640\" \/><\/a><\/div>\n<p><\/p>\n<div style=\"clear: both;text-align: center\"><a href=\"https:\/\/3.bp.blogspot.com\/-dQTdWOJfPH8\/XAfAcDYlVtI\/AAAAAAAAAPs\/gn8ofJPSagoxH_aV1ysLEMI-ESOc7d_7wCEwYBhgL\/s1600\/AHPZ_MF_GALIAY_1193.jpg\" style=\"margin-left: 1em;margin-right: 1em\"><img loading=\"lazy\" decoding=\"async\" border=\"0\" data-original-height=\"425\" data-original-width=\"600\" height=\"452\" src=\"https:\/\/3.bp.blogspot.com\/-dQTdWOJfPH8\/XAfAcDYlVtI\/AAAAAAAAAPs\/gn8ofJPSagoxH_aV1ysLEMI-ESOc7d_7wCEwYBhgL\/s640\/AHPZ_MF_GALIAY_1193.jpg\" width=\"640\" \/><\/a><\/div>\n<p><\/p>\n<div style=\"clear: both;text-align: center\"><a href=\"https:\/\/3.bp.blogspot.com\/-9bbF1wxPvwo\/XAfAkjo9R9I\/AAAAAAAAAPs\/Iv2lPDScMvcmHZG71oIqv3TEg8KITYBCgCEwYBhgL\/s1600\/AHPZ_MF_GALIAY_1192.jpg\" style=\"margin-left: 1em;margin-right: 1em\"><img loading=\"lazy\" decoding=\"async\" border=\"0\" data-original-height=\"431\" data-original-width=\"600\" height=\"458\" src=\"https:\/\/3.bp.blogspot.com\/-9bbF1wxPvwo\/XAfAkjo9R9I\/AAAAAAAAAPs\/Iv2lPDScMvcmHZG71oIqv3TEg8KITYBCgCEwYBhgL\/s640\/AHPZ_MF_GALIAY_1192.jpg\" width=\"640\" \/><\/a><\/div>\n<div style=\"clear: both;text-align: center\"><a href=\"https:\/\/1.bp.blogspot.com\/-1O20z6hThD8\/XAfBAgljVmI\/AAAAAAAAAP0\/kWo80jHEI8UyEqQ0yr8oETEvPdEmEUDawCLcBGAs\/s1600\/AHPZ_MF_GALIAY_1194.jpg\" style=\"margin-left: 1em;margin-right: 1em\"><img loading=\"lazy\" decoding=\"async\" border=\"0\" data-original-height=\"385\" data-original-width=\"600\" height=\"409\" src=\"https:\/\/1.bp.blogspot.com\/-1O20z6hThD8\/XAfBAgljVmI\/AAAAAAAAAP0\/kWo80jHEI8UyEqQ0yr8oETEvPdEmEUDawCLcBGAs\/s640\/AHPZ_MF_GALIAY_1194.jpg\" width=\"640\" \/><\/a><\/div>\n<div style=\"clear: both;text-align: center\"><\/div>\n<p>Seg\u00fan la noticia que daba a conocer Heraldo de Arag\u00f3n-edici\u00f3n Huesca a \u00faltima hora de ayer, la localizaci\u00f3n de un dolmen en Santa Elena (Biescas) que se daba por perdido desde hace m\u00e1s de 80 a\u00f1os ha sido posible gracias a la consulta de DARA.<\/p>\n<p>En efecto, esto ha sido posible gracias al extraordinario reportaje que Jos\u00e9 Galiay Sara\u00f1ana, Director del Museo de Zaragoza, dedic\u00f3 al monumento megal\u00edtico, recurso del que se han servido los investigadores locales y los arque\u00f3logos del Gobierno de Arag\u00f3n que han perticpado en la recuperaci\u00f3n.<br \/>El archivo fotogr\u00e1fico de Jos\u00e9 Galiay, donado por su familia al Gobienro de Arag\u00f3n, es reflejo de su dedicaci\u00f3n profesional a la arqueolog\u00eda y al arte mud\u00e9jera como qued\u00f3 plasmado en las casi 1800 fotograf\u00edas que lo integran, digitalizadas todas en DARA:<\/p>\n<div style=\"text-align: center\"><a href=\"https:\/\/dara.aragon.es\/opac\/app\/results\/ahpz?st=.2.7.104.113&amp;pmp=%25foto%25,foto\" target=\"_blank\" rel=\"noopener\">Archivo fotogr\u00e1fico Jos\u00e9 Galiay<\/a>&nbsp;<\/div>\n<p><\/p>\n","protected":false},"excerpt":{"rendered":"<p>Seg\u00fan la noticia que daba a conocer Heraldo de Arag\u00f3n-edici\u00f3n Huesca a \u00faltima hora de ayer, la localizaci\u00f3n de un dolmen en Santa Elena (Biescas) que se daba por perdido desde hace m\u00e1s de 80 a\u00f1os ha sido posible gracias a la consulta de DARA. En efecto, esto ha sido posible gracias al extraordinario reportaje [&hellip;]<\/p>\n","protected":false},"author":11,"featured_media":6461,"comment_status":"open","ping_status":"closed","sticky":false,"template":"","format":"standard","meta":{"_et_pb_use_builder":"","_et_pb_old_content":"","_et_gb_content_width":"","om_disable_all_campaigns":false,"_monsterinsights_skip_tracking":false,"_monsterinsights_sitenote_active":false,"_monsterinsights_sitenote_note":"","_monsterinsights_sitenote_category":0,"_uf_show_specific_survey":0,"_uf_disable_surveys":false,"footnotes":""},"categories":[169,5],"tags":[412,442,484],"class_list":["post-313","post","type-post","status-publish","format-standard","has-post-thumbnail","hentry","category-consultasfrecuentes","category-noticias","tag-arqueologia","tag-biescas","tag-fotografia"],"yoast_head":"<!-- This site is optimized with the Yoast SEO plugin v26.2 - https:\/\/yoast.com\/wordpress\/plugins\/seo\/ -->\n<title>Una fotograf\u00eda de DARA ayuda a encontrar \u00a1un dolmen perdido! - DARA GENERAL<\/title>\n<meta name=\"robots\" content=\"index, follow, max-snippet:-1, max-image-preview:large, max-video-preview:-1\" \/>\n<link rel=\"canonical\" href=\"https:\/\/dara.aragon.es\/dara\/blog\/una-fotografia-de-dara-ayuda-a-encontrar-un-dolmen-perdido\/\" \/>\n<meta property=\"og:locale\" content=\"es_ES\" \/>\n<meta property=\"og:type\" content=\"article\" \/>\n<meta property=\"og:title\" content=\"Una fotograf\u00eda de DARA ayuda a encontrar \u00a1un dolmen perdido! - DARA GENERAL\" \/>\n<meta property=\"og:description\" content=\"Seg\u00fan la noticia que daba a conocer Heraldo de Arag\u00f3n-edici\u00f3n Huesca a \u00faltima hora de ayer, la localizaci\u00f3n de un dolmen en Santa Elena (Biescas) que se daba por perdido desde hace m\u00e1s de 80 a\u00f1os ha sido posible gracias a la consulta de DARA. En efecto, esto ha sido posible gracias al extraordinario reportaje [&hellip;]\" \/>\n<meta property=\"og:url\" content=\"https:\/\/dara.aragon.es\/dara\/blog\/una-fotografia-de-dara-ayuda-a-encontrar-un-dolmen-perdido\/\" \/>\n<meta property=\"og:site_name\" content=\"DARA GENERAL\" \/>\n<meta property=\"article:published_time\" content=\"2018-12-05T12:29:00+00:00\" \/>\n<meta property=\"article:modified_time\" content=\"2024-10-23T06:21:05+00:00\" \/>\n<meta property=\"og:image\" content=\"https:\/\/dara.aragon.es\/dara\/wp-content\/uploads\/2018\/12\/AHPZ_MF_GALIAY_1195.jpg\" \/>\n\t<meta property=\"og:image:width\" content=\"600\" \/>\n\t<meta property=\"og:image:height\" content=\"383\" \/>\n\t<meta property=\"og:image:type\" content=\"image\/jpeg\" \/>\n<meta name=\"author\" content=\"Archivo Hist\u00f3rico Provincial de Zaragoza\" \/>\n<meta name=\"twitter:card\" content=\"summary_large_image\" \/>\n<meta name=\"twitter:label1\" content=\"Escrito por\" \/>\n\t<meta name=\"twitter:data1\" content=\"Archivo Hist\u00f3rico Provincial de Zaragoza\" \/>\n\t<meta name=\"twitter:label2\" content=\"Tiempo de lectura\" \/>\n\t<meta name=\"twitter:data2\" content=\"1 minuto\" \/>\n<script type=\"application\/ld+json\" class=\"yoast-schema-graph\">{\"@context\":\"https:\/\/schema.org\",\"@graph\":[{\"@type\":\"WebPage\",\"@id\":\"https:\/\/dara.aragon.es\/dara\/blog\/una-fotografia-de-dara-ayuda-a-encontrar-un-dolmen-perdido\/\",\"url\":\"https:\/\/dara.aragon.es\/dara\/blog\/una-fotografia-de-dara-ayuda-a-encontrar-un-dolmen-perdido\/\",\"name\":\"Una fotograf\u00eda de DARA ayuda a encontrar \u00a1un dolmen perdido! - DARA GENERAL\",\"isPartOf\":{\"@id\":\"https:\/\/dara.aragon.es\/dara\/#website\"},\"primaryImageOfPage\":{\"@id\":\"https:\/\/dara.aragon.es\/dara\/blog\/una-fotografia-de-dara-ayuda-a-encontrar-un-dolmen-perdido\/#primaryimage\"},\"image\":{\"@id\":\"https:\/\/dara.aragon.es\/dara\/blog\/una-fotografia-de-dara-ayuda-a-encontrar-un-dolmen-perdido\/#primaryimage\"},\"thumbnailUrl\":\"https:\/\/dara.aragon.es\/dara\/wp-content\/uploads\/2018\/12\/AHPZ_MF_GALIAY_1195.jpg\",\"datePublished\":\"2018-12-05T12:29:00+00:00\",\"dateModified\":\"2024-10-23T06:21:05+00:00\",\"author\":{\"@id\":\"https:\/\/dara.aragon.es\/dara\/#\/schema\/person\/aa940813e687c06e6a90d2a9865721dc\"},\"breadcrumb\":{\"@id\":\"https:\/\/dara.aragon.es\/dara\/blog\/una-fotografia-de-dara-ayuda-a-encontrar-un-dolmen-perdido\/#breadcrumb\"},\"inLanguage\":\"es\",\"potentialAction\":[{\"@type\":\"ReadAction\",\"target\":[\"https:\/\/dara.aragon.es\/dara\/blog\/una-fotografia-de-dara-ayuda-a-encontrar-un-dolmen-perdido\/\"]}]},{\"@type\":\"ImageObject\",\"inLanguage\":\"es\",\"@id\":\"https:\/\/dara.aragon.es\/dara\/blog\/una-fotografia-de-dara-ayuda-a-encontrar-un-dolmen-perdido\/#primaryimage\",\"url\":\"https:\/\/dara.aragon.es\/dara\/wp-content\/uploads\/2018\/12\/AHPZ_MF_GALIAY_1195.jpg\",\"contentUrl\":\"https:\/\/dara.aragon.es\/dara\/wp-content\/uploads\/2018\/12\/AHPZ_MF_GALIAY_1195.jpg\",\"width\":600,\"height\":383},{\"@type\":\"BreadcrumbList\",\"@id\":\"https:\/\/dara.aragon.es\/dara\/blog\/una-fotografia-de-dara-ayuda-a-encontrar-un-dolmen-perdido\/#breadcrumb\",\"itemListElement\":[{\"@type\":\"ListItem\",\"position\":1,\"name\":\"Portada\",\"item\":\"https:\/\/dara.aragon.es\/dara\/\"},{\"@type\":\"ListItem\",\"position\":2,\"name\":\"Una fotograf\u00eda de DARA ayuda a encontrar \u00a1un dolmen perdido!\"}]},{\"@type\":\"WebSite\",\"@id\":\"https:\/\/dara.aragon.es\/dara\/#website\",\"url\":\"https:\/\/dara.aragon.es\/dara\/\",\"name\":\"DARA GENERAL\",\"description\":\"Documentos y archivos de Arag\u00f3n\",\"potentialAction\":[{\"@type\":\"SearchAction\",\"target\":{\"@type\":\"EntryPoint\",\"urlTemplate\":\"https:\/\/dara.aragon.es\/dara\/?s={search_term_string}\"},\"query-input\":{\"@type\":\"PropertyValueSpecification\",\"valueRequired\":true,\"valueName\":\"search_term_string\"}}],\"inLanguage\":\"es\"},{\"@type\":\"Person\",\"@id\":\"https:\/\/dara.aragon.es\/dara\/#\/schema\/person\/aa940813e687c06e6a90d2a9865721dc\",\"name\":\"Archivo Hist\u00f3rico Provincial de Zaragoza\",\"image\":{\"@type\":\"ImageObject\",\"inLanguage\":\"es\",\"@id\":\"https:\/\/dara.aragon.es\/dara\/#\/schema\/person\/image\/\",\"url\":\"https:\/\/secure.gravatar.com\/avatar\/e4f5f90ed6a903156946b09b5288c8496ea6e89f7e939a4bccb6a8fad48a2c44?s=96&d=mm&r=g\",\"contentUrl\":\"https:\/\/secure.gravatar.com\/avatar\/e4f5f90ed6a903156946b09b5288c8496ea6e89f7e939a4bccb6a8fad48a2c44?s=96&d=mm&r=g\",\"caption\":\"Archivo Hist\u00f3rico Provincial de Zaragoza\"},\"url\":\"https:\/\/dara.aragon.es\/dara\/blog\/author\/ahpz\/\"}]}<\/script>\n<!-- \/ Yoast SEO plugin. -->","yoast_head_json":{"title":"Una fotograf\u00eda de DARA ayuda a encontrar \u00a1un dolmen perdido! - DARA GENERAL","robots":{"index":"index","follow":"follow","max-snippet":"max-snippet:-1","max-image-preview":"max-image-preview:large","max-video-preview":"max-video-preview:-1"},"canonical":"https:\/\/dara.aragon.es\/dara\/blog\/una-fotografia-de-dara-ayuda-a-encontrar-un-dolmen-perdido\/","og_locale":"es_ES","og_type":"article","og_title":"Una fotograf\u00eda de DARA ayuda a encontrar \u00a1un dolmen perdido! - DARA GENERAL","og_description":"Seg\u00fan la noticia que daba a conocer Heraldo de Arag\u00f3n-edici\u00f3n Huesca a \u00faltima hora de ayer, la localizaci\u00f3n de un dolmen en Santa Elena (Biescas) que se daba por perdido desde hace m\u00e1s de 80 a\u00f1os ha sido posible gracias a la consulta de DARA. En efecto, esto ha sido posible gracias al extraordinario reportaje [&hellip;]","og_url":"https:\/\/dara.aragon.es\/dara\/blog\/una-fotografia-de-dara-ayuda-a-encontrar-un-dolmen-perdido\/","og_site_name":"DARA GENERAL","article_published_time":"2018-12-05T12:29:00+00:00","article_modified_time":"2024-10-23T06:21:05+00:00","og_image":[{"width":600,"height":383,"url":"https:\/\/dara.aragon.es\/dara\/wp-content\/uploads\/2018\/12\/AHPZ_MF_GALIAY_1195.jpg","type":"image\/jpeg"}],"author":"Archivo Hist\u00f3rico Provincial de Zaragoza","twitter_card":"summary_large_image","twitter_misc":{"Escrito por":"Archivo Hist\u00f3rico Provincial de Zaragoza","Tiempo de lectura":"1 minuto"},"schema":{"@context":"https:\/\/schema.org","@graph":[{"@type":"WebPage","@id":"https:\/\/dara.aragon.es\/dara\/blog\/una-fotografia-de-dara-ayuda-a-encontrar-un-dolmen-perdido\/","url":"https:\/\/dara.aragon.es\/dara\/blog\/una-fotografia-de-dara-ayuda-a-encontrar-un-dolmen-perdido\/","name":"Una fotograf\u00eda de DARA ayuda a encontrar \u00a1un dolmen perdido! - DARA GENERAL","isPartOf":{"@id":"https:\/\/dara.aragon.es\/dara\/#website"},"primaryImageOfPage":{"@id":"https:\/\/dara.aragon.es\/dara\/blog\/una-fotografia-de-dara-ayuda-a-encontrar-un-dolmen-perdido\/#primaryimage"},"image":{"@id":"https:\/\/dara.aragon.es\/dara\/blog\/una-fotografia-de-dara-ayuda-a-encontrar-un-dolmen-perdido\/#primaryimage"},"thumbnailUrl":"https:\/\/dara.aragon.es\/dara\/wp-content\/uploads\/2018\/12\/AHPZ_MF_GALIAY_1195.jpg","datePublished":"2018-12-05T12:29:00+00:00","dateModified":"2024-10-23T06:21:05+00:00","author":{"@id":"https:\/\/dara.aragon.es\/dara\/#\/schema\/person\/aa940813e687c06e6a90d2a9865721dc"},"breadcrumb":{"@id":"https:\/\/dara.aragon.es\/dara\/blog\/una-fotografia-de-dara-ayuda-a-encontrar-un-dolmen-perdido\/#breadcrumb"},"inLanguage":"es","potentialAction":[{"@type":"ReadAction","target":["https:\/\/dara.aragon.es\/dara\/blog\/una-fotografia-de-dara-ayuda-a-encontrar-un-dolmen-perdido\/"]}]},{"@type":"ImageObject","inLanguage":"es","@id":"https:\/\/dara.aragon.es\/dara\/blog\/una-fotografia-de-dara-ayuda-a-encontrar-un-dolmen-perdido\/#primaryimage","url":"https:\/\/dara.aragon.es\/dara\/wp-content\/uploads\/2018\/12\/AHPZ_MF_GALIAY_1195.jpg","contentUrl":"https:\/\/dara.aragon.es\/dara\/wp-content\/uploads\/2018\/12\/AHPZ_MF_GALIAY_1195.jpg","width":600,"height":383},{"@type":"BreadcrumbList","@id":"https:\/\/dara.aragon.es\/dara\/blog\/una-fotografia-de-dara-ayuda-a-encontrar-un-dolmen-perdido\/#breadcrumb","itemListElement":[{"@type":"ListItem","position":1,"name":"Portada","item":"https:\/\/dara.aragon.es\/dara\/"},{"@type":"ListItem","position":2,"name":"Una fotograf\u00eda de DARA ayuda a encontrar \u00a1un dolmen perdido!"}]},{"@type":"WebSite","@id":"https:\/\/dara.aragon.es\/dara\/#website","url":"https:\/\/dara.aragon.es\/dara\/","name":"DARA GENERAL","description":"Documentos y archivos de Arag\u00f3n","potentialAction":[{"@type":"SearchAction","target":{"@type":"EntryPoint","urlTemplate":"https:\/\/dara.aragon.es\/dara\/?s={search_term_string}"},"query-input":{"@type":"PropertyValueSpecification","valueRequired":true,"valueName":"search_term_string"}}],"inLanguage":"es"},{"@type":"Person","@id":"https:\/\/dara.aragon.es\/dara\/#\/schema\/person\/aa940813e687c06e6a90d2a9865721dc","name":"Archivo Hist\u00f3rico Provincial de Zaragoza","image":{"@type":"ImageObject","inLanguage":"es","@id":"https:\/\/dara.aragon.es\/dara\/#\/schema\/person\/image\/","url":"https:\/\/secure.gravatar.com\/avatar\/e4f5f90ed6a903156946b09b5288c8496ea6e89f7e939a4bccb6a8fad48a2c44?s=96&d=mm&r=g","contentUrl":"https:\/\/secure.gravatar.com\/avatar\/e4f5f90ed6a903156946b09b5288c8496ea6e89f7e939a4bccb6a8fad48a2c44?s=96&d=mm&r=g","caption":"Archivo Hist\u00f3rico Provincial de Zaragoza"},"url":"https:\/\/dara.aragon.es\/dara\/blog\/author\/ahpz\/"}]}},"_links":{"self":[{"href":"https:\/\/dara.aragon.es\/dara\/wp-json\/wp\/v2\/posts\/313","targetHints":{"allow":["GET"]}}],"collection":[{"href":"https:\/\/dara.aragon.es\/dara\/wp-json\/wp\/v2\/posts"}],"about":[{"href":"https:\/\/dara.aragon.es\/dara\/wp-json\/wp\/v2\/types\/post"}],"author":[{"embeddable":true,"href":"https:\/\/dara.aragon.es\/dara\/wp-json\/wp\/v2\/users\/11"}],"replies":[{"embeddable":true,"href":"https:\/\/dara.aragon.es\/dara\/wp-json\/wp\/v2\/comments?post=313"}],"version-history":[{"count":0,"href":"https:\/\/dara.aragon.es\/dara\/wp-json\/wp\/v2\/posts\/313\/revisions"}],"wp:featuredmedia":[{"embeddable":true,"href":"https:\/\/dara.aragon.es\/dara\/wp-json\/wp\/v2\/media\/6461"}],"wp:attachment":[{"href":"https:\/\/dara.aragon.es\/dara\/wp-json\/wp\/v2\/media?parent=313"}],"wp:term":[{"taxonomy":"category","embeddable":true,"href":"https:\/\/dara.aragon.es\/dara\/wp-json\/wp\/v2\/categories?post=313"},{"taxonomy":"post_tag","embeddable":true,"href":"https:\/\/dara.aragon.es\/dara\/wp-json\/wp\/v2\/tags?post=313"}],"curies":[{"name":"wp","href":"https:\/\/api.w.org\/{rel}","templated":true}]}}