{"id":330,"date":"2018-05-04T12:53:00","date_gmt":"2018-05-04T12:53:00","guid":{"rendered":"https:\/\/dara.aragon.es\/dara\/blog\/2018\/05\/04\/la-escritura-desde-los-archivos-curso-mooc-de-la-carlos-iii\/"},"modified":"2024-10-22T14:25:04","modified_gmt":"2024-10-22T14:25:04","slug":"la-escritura-desde-los-archivos-curso-mooc-de-la-carlos-iii","status":"publish","type":"post","link":"https:\/\/dara.aragon.es\/dara\/blog\/la-escritura-desde-los-archivos-curso-mooc-de-la-carlos-iii\/","title":{"rendered":"La escritura desde los archivos. Curso MOOC de la Carlos III"},"content":{"rendered":"<p>El AHPZ ha colaborado con la aportaci\u00f3n de ejemplos del patrimonio documental aragon\u00e9s que custodia en la selecci\u00f3n de materiales docentes para el Curso MOOC organizado por la UC3 titulado<\/p>\n<h4 style=\"text-align: center\">&nbsp;Caligraf\u00eda y Paleograf\u00eda: espacios hist\u00f3ricos para su estudio y pr\u00e1ctica<\/h4>\n<div style=\"clear: both;text-align: center\"><a href=\"https:\/\/2.bp.blogspot.com\/-6MOlIFukjaU\/WuxWoe1XN5I\/AAAAAAAAANg\/IC9B1mni4rkyOfpELwPzDPLJxMK3J6OswCLcBGAs\/s1600\/AHPZ_C_CRAR_0010.jpg\" style=\"margin-left: 1em;margin-right: 1em\"><img loading=\"lazy\" decoding=\"async\" border=\"0\" data-original-height=\"1349\" data-original-width=\"1600\" height=\"538\" src=\"https:\/\/2.bp.blogspot.com\/-6MOlIFukjaU\/WuxWoe1XN5I\/AAAAAAAAANg\/IC9B1mni4rkyOfpELwPzDPLJxMK3J6OswCLcBGAs\/s640\/AHPZ_C_CRAR_0010.jpg\" width=\"640\" \/><\/a><\/div>\n<div style=\"text-align: center\">AHPZ_C_CRAR_0010<\/div>\n<p><\/p>\n<div style=\"text-align: center\">&nbsp;<a href=\"https:\/\/www.edx.org\/es\/course\/caligrafia-y-paleografia-espacios-historicos-para-su-estudio-y-practica\" target=\"_blank\" rel=\"noopener\">V\u00eddeo promocional. Pincha aqu\u00ed<\/a><\/div>\n","protected":false},"excerpt":{"rendered":"<p>El AHPZ ha colaborado con la aportaci\u00f3n de ejemplos del patrimonio documental aragon\u00e9s que custodia en la selecci\u00f3n de materiales docentes para el Curso MOOC organizado por la UC3 titulado &nbsp;Caligraf\u00eda y Paleograf\u00eda: espacios hist\u00f3ricos para su estudio y pr\u00e1ctica AHPZ_C_CRAR_0010 &nbsp;V\u00eddeo promocional. Pincha aqu\u00ed<\/p>\n","protected":false},"author":11,"featured_media":0,"comment_status":"open","ping_status":"closed","sticky":false,"template":"","format":"standard","meta":{"_et_pb_use_builder":"","_et_pb_old_content":"","_et_gb_content_width":"","om_disable_all_campaigns":false,"_monsterinsights_skip_tracking":false,"_monsterinsights_sitenote_active":false,"_monsterinsights_sitenote_note":"","_monsterinsights_sitenote_category":0,"_uf_show_specific_survey":0,"_uf_disable_surveys":false,"footnotes":""},"categories":[15],"tags":[428,483,536],"class_list":["post-330","post","type-post","status-publish","format-standard","hentry","category-ahp-zaragoza","tag-caligrafia","tag-formacion","tag-paleografia"],"yoast_head":"<!-- This site is optimized with the Yoast SEO plugin v26.2 - https:\/\/yoast.com\/wordpress\/plugins\/seo\/ -->\n<title>La escritura desde los archivos. Curso MOOC de la Carlos III - DARA GENERAL<\/title>\n<meta name=\"robots\" content=\"index, follow, max-snippet:-1, max-image-preview:large, max-video-preview:-1\" \/>\n<link rel=\"canonical\" href=\"https:\/\/dara.aragon.es\/dara\/blog\/la-escritura-desde-los-archivos-curso-mooc-de-la-carlos-iii\/\" \/>\n<meta property=\"og:locale\" content=\"es_ES\" \/>\n<meta property=\"og:type\" content=\"article\" \/>\n<meta property=\"og:title\" content=\"La escritura desde los archivos. Curso MOOC de la Carlos III - DARA GENERAL\" \/>\n<meta property=\"og:description\" content=\"El AHPZ ha colaborado con la aportaci\u00f3n de ejemplos del patrimonio documental aragon\u00e9s que custodia en la selecci\u00f3n de materiales docentes para el Curso MOOC organizado por la UC3 titulado &nbsp;Caligraf\u00eda y Paleograf\u00eda: espacios hist\u00f3ricos para su estudio y pr\u00e1ctica AHPZ_C_CRAR_0010 &nbsp;V\u00eddeo promocional. Pincha aqu\u00ed\" \/>\n<meta property=\"og:url\" content=\"https:\/\/dara.aragon.es\/dara\/blog\/la-escritura-desde-los-archivos-curso-mooc-de-la-carlos-iii\/\" \/>\n<meta property=\"og:site_name\" content=\"DARA GENERAL\" \/>\n<meta property=\"article:published_time\" content=\"2018-05-04T12:53:00+00:00\" \/>\n<meta property=\"article:modified_time\" content=\"2024-10-22T14:25:04+00:00\" \/>\n<meta property=\"og:image\" content=\"https:\/\/2.bp.blogspot.com\/-6MOlIFukjaU\/WuxWoe1XN5I\/AAAAAAAAANg\/IC9B1mni4rkyOfpELwPzDPLJxMK3J6OswCLcBGAs\/s640\/AHPZ_C_CRAR_0010.jpg\" \/>\n<meta name=\"author\" content=\"Archivo Hist\u00f3rico Provincial de Zaragoza\" \/>\n<meta name=\"twitter:card\" content=\"summary_large_image\" \/>\n<meta name=\"twitter:label1\" content=\"Escrito por\" \/>\n\t<meta name=\"twitter:data1\" content=\"Archivo Hist\u00f3rico Provincial de Zaragoza\" \/>\n<script type=\"application\/ld+json\" class=\"yoast-schema-graph\">{\"@context\":\"https:\/\/schema.org\",\"@graph\":[{\"@type\":\"WebPage\",\"@id\":\"https:\/\/dara.aragon.es\/dara\/blog\/la-escritura-desde-los-archivos-curso-mooc-de-la-carlos-iii\/\",\"url\":\"https:\/\/dara.aragon.es\/dara\/blog\/la-escritura-desde-los-archivos-curso-mooc-de-la-carlos-iii\/\",\"name\":\"La escritura desde los archivos. Curso MOOC de la Carlos III - DARA GENERAL\",\"isPartOf\":{\"@id\":\"https:\/\/dara.aragon.es\/dara\/#website\"},\"primaryImageOfPage\":{\"@id\":\"https:\/\/dara.aragon.es\/dara\/blog\/la-escritura-desde-los-archivos-curso-mooc-de-la-carlos-iii\/#primaryimage\"},\"image\":{\"@id\":\"https:\/\/dara.aragon.es\/dara\/blog\/la-escritura-desde-los-archivos-curso-mooc-de-la-carlos-iii\/#primaryimage\"},\"thumbnailUrl\":\"https:\/\/2.bp.blogspot.com\/-6MOlIFukjaU\/WuxWoe1XN5I\/AAAAAAAAANg\/IC9B1mni4rkyOfpELwPzDPLJxMK3J6OswCLcBGAs\/s640\/AHPZ_C_CRAR_0010.jpg\",\"datePublished\":\"2018-05-04T12:53:00+00:00\",\"dateModified\":\"2024-10-22T14:25:04+00:00\",\"author\":{\"@id\":\"https:\/\/dara.aragon.es\/dara\/#\/schema\/person\/aa940813e687c06e6a90d2a9865721dc\"},\"breadcrumb\":{\"@id\":\"https:\/\/dara.aragon.es\/dara\/blog\/la-escritura-desde-los-archivos-curso-mooc-de-la-carlos-iii\/#breadcrumb\"},\"inLanguage\":\"es\",\"potentialAction\":[{\"@type\":\"ReadAction\",\"target\":[\"https:\/\/dara.aragon.es\/dara\/blog\/la-escritura-desde-los-archivos-curso-mooc-de-la-carlos-iii\/\"]}]},{\"@type\":\"ImageObject\",\"inLanguage\":\"es\",\"@id\":\"https:\/\/dara.aragon.es\/dara\/blog\/la-escritura-desde-los-archivos-curso-mooc-de-la-carlos-iii\/#primaryimage\",\"url\":\"https:\/\/2.bp.blogspot.com\/-6MOlIFukjaU\/WuxWoe1XN5I\/AAAAAAAAANg\/IC9B1mni4rkyOfpELwPzDPLJxMK3J6OswCLcBGAs\/s640\/AHPZ_C_CRAR_0010.jpg\",\"contentUrl\":\"https:\/\/2.bp.blogspot.com\/-6MOlIFukjaU\/WuxWoe1XN5I\/AAAAAAAAANg\/IC9B1mni4rkyOfpELwPzDPLJxMK3J6OswCLcBGAs\/s640\/AHPZ_C_CRAR_0010.jpg\"},{\"@type\":\"BreadcrumbList\",\"@id\":\"https:\/\/dara.aragon.es\/dara\/blog\/la-escritura-desde-los-archivos-curso-mooc-de-la-carlos-iii\/#breadcrumb\",\"itemListElement\":[{\"@type\":\"ListItem\",\"position\":1,\"name\":\"Portada\",\"item\":\"https:\/\/dara.aragon.es\/dara\/\"},{\"@type\":\"ListItem\",\"position\":2,\"name\":\"La escritura desde los archivos. Curso MOOC de la Carlos III\"}]},{\"@type\":\"WebSite\",\"@id\":\"https:\/\/dara.aragon.es\/dara\/#website\",\"url\":\"https:\/\/dara.aragon.es\/dara\/\",\"name\":\"DARA GENERAL\",\"description\":\"Documentos y archivos de Arag\u00f3n\",\"potentialAction\":[{\"@type\":\"SearchAction\",\"target\":{\"@type\":\"EntryPoint\",\"urlTemplate\":\"https:\/\/dara.aragon.es\/dara\/?s={search_term_string}\"},\"query-input\":{\"@type\":\"PropertyValueSpecification\",\"valueRequired\":true,\"valueName\":\"search_term_string\"}}],\"inLanguage\":\"es\"},{\"@type\":\"Person\",\"@id\":\"https:\/\/dara.aragon.es\/dara\/#\/schema\/person\/aa940813e687c06e6a90d2a9865721dc\",\"name\":\"Archivo Hist\u00f3rico Provincial de Zaragoza\",\"image\":{\"@type\":\"ImageObject\",\"inLanguage\":\"es\",\"@id\":\"https:\/\/dara.aragon.es\/dara\/#\/schema\/person\/image\/\",\"url\":\"https:\/\/secure.gravatar.com\/avatar\/e4f5f90ed6a903156946b09b5288c8496ea6e89f7e939a4bccb6a8fad48a2c44?s=96&d=mm&r=g\",\"contentUrl\":\"https:\/\/secure.gravatar.com\/avatar\/e4f5f90ed6a903156946b09b5288c8496ea6e89f7e939a4bccb6a8fad48a2c44?s=96&d=mm&r=g\",\"caption\":\"Archivo Hist\u00f3rico Provincial de Zaragoza\"},\"url\":\"https:\/\/dara.aragon.es\/dara\/blog\/author\/ahpz\/\"}]}<\/script>\n<!-- \/ Yoast SEO plugin. -->","yoast_head_json":{"title":"La escritura desde los archivos. Curso MOOC de la Carlos III - DARA GENERAL","robots":{"index":"index","follow":"follow","max-snippet":"max-snippet:-1","max-image-preview":"max-image-preview:large","max-video-preview":"max-video-preview:-1"},"canonical":"https:\/\/dara.aragon.es\/dara\/blog\/la-escritura-desde-los-archivos-curso-mooc-de-la-carlos-iii\/","og_locale":"es_ES","og_type":"article","og_title":"La escritura desde los archivos. Curso MOOC de la Carlos III - DARA GENERAL","og_description":"El AHPZ ha colaborado con la aportaci\u00f3n de ejemplos del patrimonio documental aragon\u00e9s que custodia en la selecci\u00f3n de materiales docentes para el Curso MOOC organizado por la UC3 titulado &nbsp;Caligraf\u00eda y Paleograf\u00eda: espacios hist\u00f3ricos para su estudio y pr\u00e1ctica AHPZ_C_CRAR_0010 &nbsp;V\u00eddeo promocional. Pincha aqu\u00ed","og_url":"https:\/\/dara.aragon.es\/dara\/blog\/la-escritura-desde-los-archivos-curso-mooc-de-la-carlos-iii\/","og_site_name":"DARA GENERAL","article_published_time":"2018-05-04T12:53:00+00:00","article_modified_time":"2024-10-22T14:25:04+00:00","og_image":[{"url":"https:\/\/2.bp.blogspot.com\/-6MOlIFukjaU\/WuxWoe1XN5I\/AAAAAAAAANg\/IC9B1mni4rkyOfpELwPzDPLJxMK3J6OswCLcBGAs\/s640\/AHPZ_C_CRAR_0010.jpg","type":"","width":"","height":""}],"author":"Archivo Hist\u00f3rico Provincial de Zaragoza","twitter_card":"summary_large_image","twitter_misc":{"Escrito por":"Archivo Hist\u00f3rico Provincial de Zaragoza"},"schema":{"@context":"https:\/\/schema.org","@graph":[{"@type":"WebPage","@id":"https:\/\/dara.aragon.es\/dara\/blog\/la-escritura-desde-los-archivos-curso-mooc-de-la-carlos-iii\/","url":"https:\/\/dara.aragon.es\/dara\/blog\/la-escritura-desde-los-archivos-curso-mooc-de-la-carlos-iii\/","name":"La escritura desde los archivos. Curso MOOC de la Carlos III - DARA GENERAL","isPartOf":{"@id":"https:\/\/dara.aragon.es\/dara\/#website"},"primaryImageOfPage":{"@id":"https:\/\/dara.aragon.es\/dara\/blog\/la-escritura-desde-los-archivos-curso-mooc-de-la-carlos-iii\/#primaryimage"},"image":{"@id":"https:\/\/dara.aragon.es\/dara\/blog\/la-escritura-desde-los-archivos-curso-mooc-de-la-carlos-iii\/#primaryimage"},"thumbnailUrl":"https:\/\/2.bp.blogspot.com\/-6MOlIFukjaU\/WuxWoe1XN5I\/AAAAAAAAANg\/IC9B1mni4rkyOfpELwPzDPLJxMK3J6OswCLcBGAs\/s640\/AHPZ_C_CRAR_0010.jpg","datePublished":"2018-05-04T12:53:00+00:00","dateModified":"2024-10-22T14:25:04+00:00","author":{"@id":"https:\/\/dara.aragon.es\/dara\/#\/schema\/person\/aa940813e687c06e6a90d2a9865721dc"},"breadcrumb":{"@id":"https:\/\/dara.aragon.es\/dara\/blog\/la-escritura-desde-los-archivos-curso-mooc-de-la-carlos-iii\/#breadcrumb"},"inLanguage":"es","potentialAction":[{"@type":"ReadAction","target":["https:\/\/dara.aragon.es\/dara\/blog\/la-escritura-desde-los-archivos-curso-mooc-de-la-carlos-iii\/"]}]},{"@type":"ImageObject","inLanguage":"es","@id":"https:\/\/dara.aragon.es\/dara\/blog\/la-escritura-desde-los-archivos-curso-mooc-de-la-carlos-iii\/#primaryimage","url":"https:\/\/2.bp.blogspot.com\/-6MOlIFukjaU\/WuxWoe1XN5I\/AAAAAAAAANg\/IC9B1mni4rkyOfpELwPzDPLJxMK3J6OswCLcBGAs\/s640\/AHPZ_C_CRAR_0010.jpg","contentUrl":"https:\/\/2.bp.blogspot.com\/-6MOlIFukjaU\/WuxWoe1XN5I\/AAAAAAAAANg\/IC9B1mni4rkyOfpELwPzDPLJxMK3J6OswCLcBGAs\/s640\/AHPZ_C_CRAR_0010.jpg"},{"@type":"BreadcrumbList","@id":"https:\/\/dara.aragon.es\/dara\/blog\/la-escritura-desde-los-archivos-curso-mooc-de-la-carlos-iii\/#breadcrumb","itemListElement":[{"@type":"ListItem","position":1,"name":"Portada","item":"https:\/\/dara.aragon.es\/dara\/"},{"@type":"ListItem","position":2,"name":"La escritura desde los archivos. Curso MOOC de la Carlos III"}]},{"@type":"WebSite","@id":"https:\/\/dara.aragon.es\/dara\/#website","url":"https:\/\/dara.aragon.es\/dara\/","name":"DARA GENERAL","description":"Documentos y archivos de Arag\u00f3n","potentialAction":[{"@type":"SearchAction","target":{"@type":"EntryPoint","urlTemplate":"https:\/\/dara.aragon.es\/dara\/?s={search_term_string}"},"query-input":{"@type":"PropertyValueSpecification","valueRequired":true,"valueName":"search_term_string"}}],"inLanguage":"es"},{"@type":"Person","@id":"https:\/\/dara.aragon.es\/dara\/#\/schema\/person\/aa940813e687c06e6a90d2a9865721dc","name":"Archivo Hist\u00f3rico Provincial de Zaragoza","image":{"@type":"ImageObject","inLanguage":"es","@id":"https:\/\/dara.aragon.es\/dara\/#\/schema\/person\/image\/","url":"https:\/\/secure.gravatar.com\/avatar\/e4f5f90ed6a903156946b09b5288c8496ea6e89f7e939a4bccb6a8fad48a2c44?s=96&d=mm&r=g","contentUrl":"https:\/\/secure.gravatar.com\/avatar\/e4f5f90ed6a903156946b09b5288c8496ea6e89f7e939a4bccb6a8fad48a2c44?s=96&d=mm&r=g","caption":"Archivo Hist\u00f3rico Provincial de Zaragoza"},"url":"https:\/\/dara.aragon.es\/dara\/blog\/author\/ahpz\/"}]}},"_links":{"self":[{"href":"https:\/\/dara.aragon.es\/dara\/wp-json\/wp\/v2\/posts\/330","targetHints":{"allow":["GET"]}}],"collection":[{"href":"https:\/\/dara.aragon.es\/dara\/wp-json\/wp\/v2\/posts"}],"about":[{"href":"https:\/\/dara.aragon.es\/dara\/wp-json\/wp\/v2\/types\/post"}],"author":[{"embeddable":true,"href":"https:\/\/dara.aragon.es\/dara\/wp-json\/wp\/v2\/users\/11"}],"replies":[{"embeddable":true,"href":"https:\/\/dara.aragon.es\/dara\/wp-json\/wp\/v2\/comments?post=330"}],"version-history":[{"count":0,"href":"https:\/\/dara.aragon.es\/dara\/wp-json\/wp\/v2\/posts\/330\/revisions"}],"wp:attachment":[{"href":"https:\/\/dara.aragon.es\/dara\/wp-json\/wp\/v2\/media?parent=330"}],"wp:term":[{"taxonomy":"category","embeddable":true,"href":"https:\/\/dara.aragon.es\/dara\/wp-json\/wp\/v2\/categories?post=330"},{"taxonomy":"post_tag","embeddable":true,"href":"https:\/\/dara.aragon.es\/dara\/wp-json\/wp\/v2\/tags?post=330"}],"curies":[{"name":"wp","href":"https:\/\/api.w.org\/{rel}","templated":true}]}}