{"id":342,"date":"2017-12-05T13:25:00","date_gmt":"2017-12-05T13:25:00","guid":{"rendered":"https:\/\/dara.aragon.es\/dara\/blog\/2017\/12\/05\/y-de-la-historia-de-mi-pueblo-que\/"},"modified":"2024-10-23T06:30:43","modified_gmt":"2024-10-23T06:30:43","slug":"y-de-la-historia-de-mi-pueblo-que","status":"publish","type":"post","link":"https:\/\/dara.aragon.es\/dara\/blog\/y-de-la-historia-de-mi-pueblo-que\/","title":{"rendered":"Y de la historia de mi pueblo \u00bfqu\u00e9?"},"content":{"rendered":"<div style=\"clear: both;text-align: center\"><a href=\"https:\/\/1.bp.blogspot.com\/-GqJSVAFrHDE\/WiaU6nQm8fI\/AAAAAAAAAGs\/MxGUKn-RSwcwGYQELOyRiA57sCqZCcgswCLcBGAs\/s1600\/Portal%2Bde%2BMolina%2BAlbarrac%25C3%25ADn.jpg\" style=\"clear: left;float: left;margin-bottom: 1em;margin-right: 1em\"><img loading=\"lazy\" decoding=\"async\" border=\"0\" data-original-height=\"1600\" data-original-width=\"1184\" height=\"320\" src=\"https:\/\/1.bp.blogspot.com\/-GqJSVAFrHDE\/WiaU6nQm8fI\/AAAAAAAAAGs\/MxGUKn-RSwcwGYQELOyRiA57sCqZCcgswCLcBGAs\/s320\/Portal%2Bde%2BMolina%2BAlbarrac%25C3%25ADn.jpg\" width=\"235\" \/><\/a><\/div>\n<div><span><span style=\"font-size: 18.6667px\"><br \/><\/span><\/span><\/div>\n<div><span><span style=\"font-size: 18.6667px\"><br \/><\/span><\/span><\/div>\n<div>\n<h4><span><span style=\"font-size: 18.6667px\">Introducci\u00f3n<\/span><\/span><\/h4>\n<\/div>\n<div><span><span style=\"font-size: 18.6667px\">Sirva este encabezado para recordar los a\u00f1os 80, cuando en la incipiente democracia (ya s\u00e9 que algunos que nos lean, nacieron en ella), era frecuente que despu\u00e9s de las elecciones municipales, el concejal\/a de cultura, se acercase al Archivo e hiciese esta pregunta.<\/span><\/span><\/div>\n<div><span><span style=\"font-size: 18.6667px\"><br \/><\/span><\/span><\/div>\n<div><span><span style=\"font-size: 18.6667px\">A su vez, en octubre del a\u00f1o en curso, nuestr@s colegas del Archivo Comarcal del Somontano de Barbastro, nos obsequiaron con una entrada que bajo el ep\u00edgrafe <a href=\"http:\/\/dara-documentos-y-archivos-de-aragon.blogspot.com.es\/2017\/10\/que-conoces-de-tu-pueblo.html\" target=\"_blank\" rel=\"noopener\">\u00bfQu\u00e9 conoces de tu pueblo?<\/a>, en la que no s\u00f3lo nos &nbsp;ense\u00f1an a buscar, sino que, adem\u00e1s, han editado un folleto que, como bien dicen, puede ser extrapolable a cualquier otro municipio como base de investigaci\u00f3n.<\/span><\/span><\/div>\n<div><span><span style=\"font-size: 18.6667px\"><br \/><\/span><\/span><\/div>\n<div><span><span style=\"font-size: 18.6667px\">Centr\u00e1ndonos en el Archivo Hist\u00f3rico Provincial de Teruel, en los casi 160.000 documentos descritos y recogidos a lo largo de a\u00f1os y a\u00f1os de trabajo (tanto p\u00fablicos, como privados), encontramos informaci\u00f3n sobre los diversos acontecimientos acaecidos en cualquiera de nuestros municipios a lo largo de sus siglos de historia.<\/span><\/span><\/div>\n<div>\n<h4><span><span style=\"font-size: 18.6667px\">Fondos p\u00fablicos<\/span><\/span><\/h4>\n<\/div>\n<div><span><span style=\"font-size: 18.6667px\">Se conservan parte de los documentos de la Comunidad de Aldeas de Teruel-Mosqueruela, estando microfilmado todo el fondo al igual que el de la Comunidad de Albarrac\u00edn-Tramacastilla, que, junto con las comunidades de Daroca y Calatayud, se enmarcaron en las nuevas estructuras surgidas en Arag\u00f3n durante el siglo XIII.&nbsp;<\/span><\/span><\/div>\n<div><span><span style=\"font-size: 18.6667px\"><br \/><\/span><\/span><\/div>\n<div><span><span style=\"font-size: 18.6667px\">Por diversas circunstancias, que no es el momento de detallar, tenemos documentaci\u00f3n del <a href=\"https:\/\/dara.aragon.es\/opac\/app\/results\/?st=.4.267.275.356\" target=\"_blank\" rel=\"noopener\">Concejo de Teruel<\/a>(1176-1914)<\/span><\/span><\/div>\n<div><span><span style=\"font-size: 18.6667px\"><br \/><\/span><\/span><\/div>\n<div><span><span style=\"font-size: 18.6667px\">Con respecto al campo de la educaci\u00f3n tenemos los expedientes (desde 1845 a 1947) de &nbsp;los alumn@s que cursaron el bachiller en el <a href=\"https:\/\/dara.aragon.es\/opac\/app\/results\/?st=.4.267.273.309.330\" target=\"_blank\" rel=\"noopener\">Instituto Ib\u00e1\u00f1ez Mart\u00edn<\/a>&nbsp;(en la actualidad Vega del Turia).<\/span><\/span><br \/><span><span style=\"font-size: 18.6667px\"><br \/><\/span><\/span><\/div>\n<div><span><span style=\"font-size: 18.6667px\">* Del gobierno civil y de la Delegaci\u00f3n de Hacienda, tenemos &nbsp;correspondencia sobre las construcciones escolares (expedientes y proyectos), creaci\u00f3n de centros, dotaci\u00f3n de material o instalaciones (1943;1978).<\/span><\/span><\/div>\n<div><span><span style=\"font-size: 18.6667px\"><br \/><\/span><\/span><\/div>\n<div><span><span style=\"font-size: 18.6667px\">Tanto de los proleg\u00f3menos, como de las consecuencias del \u00faltimo conflicto b\u00e9lico (1936-1939), tenemos numerosa documentaci\u00f3n de diferentes organismos: ley de responsabilidades pol\u00edticas, evacuaciones, concesi\u00f3n de salvoconductos, sobre el maquis, las multas impuestas por la Fiscal\u00eda Provincial de Tasas o algunas&nbsp;<a href=\"https:\/\/dara.aragon.es\/opac\/app\/results\/?st=.4.267.276.359.325485\" target=\"_blank\" rel=\"noopener\">fotograf\u00edas<\/a>&nbsp;conservadas de la Secci\u00f3n Femenina.&nbsp;<\/span><\/span><\/div>\n<div><span><span style=\"font-size: 18.6667px\"><br \/><\/span><\/span><\/div>\n<div><span><span style=\"font-size: 18.6667px\">De la prisi\u00f3n provincial tenemos documentaci\u00f3n (1935-1989), referida a la gesti\u00f3n de las distintas dependencias: granja agr\u00edcola, economato, talleres\u2026 Destaca la serie formada por los libros de actos de la Junta de R\u00e9gimen y Administraci\u00f3n de dicha instituci\u00f3n a partir de 1950.<\/span><\/span><br \/><span><span style=\"font-size: 18.6667px\"><br \/><\/span><\/span><\/div>\n<div><span><span style=\"font-size: 18.6667px\">Entre otros, por lo completo, cabe mencionar el fondo de Regiones Devastadas (1931-1979).&nbsp;<\/span><\/span><span style=\"font-family: arial;font-size: 18.6667px\">La Direcci\u00f3n General de Regiones Devastadas y Reparaciones, dependiente del Ministerio de la Gobernaci\u00f3n, se cre\u00f3 en 1938. Su objetivo fue el de orientar, facilitar y, en la mayor\u00eda de las ocasiones, reconstruir directamente los da\u00f1os causados por la Guerra Civil.&nbsp;<\/span><span style=\"font-family: arial;font-size: 18.6667px\">Contiene <\/span><a href=\"https:\/\/dara.aragon.es\/opac\/app\/results\/?st=.4.267.273.344.284846.501535\" style=\"font-family: arial;font-size: 18.6667px\" target=\"_blank\" rel=\"noopener\">fotograf\u00edas<\/a><span style=\"font-family: arial;font-size: 18.6667px\">, proyectos, expedientes y planos (2.107). Adem\u00e1s de Teruel capital, las otras localidades \u00abadoptadas por el Caudillo\u00bb fueron: El Campillo, Celadas, Griegos, Sarri\u00f3n, Albarrac\u00edn, Alca\u00f1iz, H\u00edjar y Torrecilla de Aca\u00f1iz.<\/span><\/div>\n<div><span><span style=\"font-size: 18.6667px\"><br \/><\/span><\/span><\/div>\n<div><span><span style=\"font-size: 18.6667px\">Uno de los fondos mejor conservados y m\u00e1s completos, es el del &nbsp;Gobierno Civil, en \u00e9l se encuentra todo lo referido al orden p\u00fablico, desde la autorizaci\u00f3n a la celebraci\u00f3n de un baile, las fiestas patronales, el tiro al plato o los espect\u00e1culos taurinos.&nbsp;<\/span><\/span><span style=\"font-family: arial;font-size: 18.6667px\">Tambi\u00e9n contiene los permisos para la emigraci\u00f3n (aunque fuese temporal) a Francia -el principal destino- pero tambi\u00e9n los hubo a Suiza, Venezuela, Brasil o EE.UU.<\/span><\/div>\n<div><span><span style=\"font-size: 18.6667px\"><br \/><\/span><\/span><\/div>\n<div><span><span style=\"font-size: 18.6667px\">De Hacienda destacamos:<\/span><\/span><\/div>\n<div><span><span style=\"font-size: 18.6667px\"><span> <\/span>** los libros de registro fiscal (contribuci\u00f3n urbana): 1894-1950<\/span><\/span><\/div>\n<div><span><span style=\"font-size: 18.6667px\"><span> <\/span>** los libros de amillaramiento (r\u00fastica): 1860;1950<\/span><\/span><\/div>\n<div><span><span style=\"font-size: 18.6667px\"><span> <\/span>** los ap\u00e9ndices de amillaramiento: 1898;1952)<\/span><\/span><\/div>\n<div><span><span style=\"font-size: 18.6667px\"><span> <\/span>** los ap\u00e9ndices al registro fiscal de edificios y solares: 1912-1936<\/span><\/span><\/div>\n<div><span><span style=\"font-size: 18.6667px\"><span> <\/span>** las listas cobratorias (contribuci\u00f3n): 1908-1923<\/span><\/span><\/div>\n<div><span><span style=\"font-size: 18.6667px\"><span> <\/span>** las matr\u00edculas industriales: 1902-1947<\/span><\/span><\/div>\n<div><span><span style=\"font-size: 18.6667px\"><span> <\/span>** las cartillas evaluatorias: 1840-1900 o<\/span><\/span><\/div>\n<div><span><span style=\"font-size: 18.6667px\"><span> <\/span>** los padrones de los edificios y solares:1897-1934&nbsp;<\/span><\/span><\/div>\n<div><span><span style=\"font-size: 18.6667px\"><br \/><\/span><\/span><\/div>\n<div><span><span style=\"font-size: 18.6667px\">Del Departamento de Industria tenemos las solicitudes de construcciones, instalaciones el\u00e9ctricas, tiendas, secadero de jamones\u2026<\/span><\/span><\/div>\n<div><span><span style=\"font-size: 18.6667px\"><br \/><\/span><\/span><\/div>\n<div><span><span style=\"font-size: 18.6667px\">En una provincia tan agr\u00edcola y ganadera como lo fue la nuestra, todo lo referido a nuestros montes (p\u00fablicos o privados) y a la &nbsp;naturaleza se encuentra en Agricultura (distrito forestal). <span> <\/span><\/span><\/span><\/div>\n<div><span><span style=\"font-size: 18.6667px\">Destacan los expedientes de aprovechamientos forestales, con las solicitudes de corta de pinos, encinas o carrascas; la extracci\u00f3n de le\u00f1as; las mejoras o las subastas de pastos.<\/span><\/span><\/div>\n<div><span><span style=\"font-size: 18.6667px\">Forma parte de esta consejer\u00eda, la Jefatura Provincial del Instituto de Reforma y Desarrollo Agrario (IRYDA). En un claro intento de apoyar al mundo rural y a su poblaci\u00f3n, en los a\u00f1os 80 del siglo pasado, se cre\u00f3 una l\u00ednea de subvenciones que, bajo el ep\u00edgrafe de expedientes de auxilio econ\u00f3mico, contienen solicitudes para mejoras de explotaciones ganaderas (construcci\u00f3n de naves), reformas de almacenes u obras de regad\u00edo. En el caso de la C\u00e1mara Agraria Local, las ayudas obtenidas se destinaron al arreglo de caminos y obras de desarrollo comunitario.<\/span><\/span><\/div>\n<div><\/div>\n<div>\n<h4><span><span style=\"font-size: 18.6667px\">Fondos privados<\/span><\/span><\/h4>\n<\/div>\n<div><span><span style=\"font-size: 18.6667px\">Con respecto a los fondos de procedencia privada, destacamos, por ejemplo:&nbsp;<\/span><\/span><\/div>\n<div><span><span style=\"font-size: 18.6667px\"><br \/><\/span><\/span><\/div>\n<div><span><span style=\"font-size: 18.6667px\">Los de la Compa\u00f1\u00eda Minera de Sierra Menera como, por ejemplo, las expropiaciones de terrenos (1902-1910)&nbsp;<\/span><\/span><\/div>\n<div><span><span style=\"font-size: 18.6667px\"><br \/><\/span><\/span><\/div>\n<div><span><span style=\"font-size: 18.6667px\">De archivos de familia tenemos, entre otros, los de los S\u00e1nchez Mu\u00f1oz (1346-1879), que entre otras muchas cosas, son los herederos del se\u00f1or\u00edo o baron\u00eda de Escriche.&nbsp;<\/span><\/span><\/div>\n<div><span><span style=\"font-size: 18.6667px\"><br \/><\/span><\/span><\/div>\n<div><span><span style=\"font-size: 18.6667px\">De las \u00f3rdenes militares tenemos algunos documentos referidos a la de Calatrava (Alca\u00f1iz y La Fresneda) y a la de San Juan de Jerusal\u00e9n (Cantavieja).&nbsp;<\/span><\/span><\/div>\n<div><span><span style=\"font-size: 18.6667px\"><br \/><\/span><\/span><\/div>\n<div><span><span style=\"font-size: 18.6667px\">Con respecto a la <a href=\"http:\/\/dara-documentos-y-archivos-de-aragon.blogspot.com.es\/2017\/10\/la-institucion-notarial-en-teruel.html\" target=\"_blank\" rel=\"noopener\">instituci\u00f3n notarial<\/a>, se mencion\u00f3 en una entrada aparte de este mismo blog.<\/span><\/span><\/div>\n<div>\n<h4><span><span style=\"font-size: 18.6667px\">Otros fondos&nbsp;<\/span><\/span><\/h4>\n<\/div>\n<div><span><span style=\"font-size: 18.6667px\">De capellan\u00edas, v\u00ednculos, mayorazgos, patronatos, cofrad\u00edas y obras p\u00edas tenemos informaci\u00f3n desde los siglos XIV al XIX. &nbsp;<\/span><\/span><br \/><span><span style=\"font-size: 18.6667px\"><br \/><\/span><\/span><\/div>\n<div><span><span style=\"font-size: 18.6667px\">Prolifera la documentaci\u00f3n del siglo XIX, en clara consonancia con las m\u00faltiples leyes desamortizadoras que se dieron en \u00e9l.<\/span><\/span><\/div>\n<div><span><span style=\"font-size: 18.6667px\"><br \/><\/span><\/span><\/div>\n<div><span><span style=\"font-size: 18.6667px\">De la Residencia sanitaria Obispo Polanco se conservan m\u00e1s de 56.000 historias cl\u00ednicas de personas que recibieron atenci\u00f3n m\u00e9dica en dicho centro, desde 1953-1987.<\/span><\/span><br \/><span><span style=\"font-size: 18.6667px\"><br \/><\/span><\/span><\/div>\n<div><span><span style=\"font-size: 18.6667px\">De otras dependencias del \u00e1mbito sanitario tenemos desde concursos de suministros, hasta n\u00f3minas, o facturas (todo del pasado siglo)<\/span><\/span><\/div>\n<div><span><span style=\"font-size: 18.6667px\"><br \/><\/span><\/span><\/div>\n<div><span><span style=\"font-size: 18.6667px\"><br \/><\/span><\/span><\/div>\n<div><\/div>\n","protected":false},"excerpt":{"rendered":"<p>Introducci\u00f3n Sirva este encabezado para recordar los a\u00f1os 80, cuando en la incipiente democracia (ya s\u00e9 que algunos que nos lean, nacieron en ella), era frecuente que despu\u00e9s de las elecciones municipales, el concejal\/a de cultura, se acercase al Archivo e hiciese esta pregunta. A su vez, en octubre del a\u00f1o en curso, nuestr@s colegas [&hellip;]<\/p>\n","protected":false},"author":7,"featured_media":6473,"comment_status":"open","ping_status":"closed","sticky":false,"template":"","format":"standard","meta":{"_et_pb_use_builder":"","_et_pb_old_content":"","_et_gb_content_width":"","om_disable_all_campaigns":false,"_monsterinsights_skip_tracking":false,"_monsterinsights_sitenote_active":false,"_monsterinsights_sitenote_note":"","_monsterinsights_sitenote_category":0,"_uf_show_specific_survey":0,"_uf_disable_surveys":false,"footnotes":""},"categories":[28,13,211],"tags":[574],"class_list":["post-342","post","type-post","status-publish","format-standard","has-post-thumbnail","hentry","category-ac-somontano-de-barbastro","category-ahp-teruel","category-faqlocalidadesyterritorio","tag-teruel"],"yoast_head":"<!-- This site is optimized with the Yoast SEO plugin v27.5 - https:\/\/yoast.com\/product\/yoast-seo-wordpress\/ -->\n<title>Y de la historia de mi pueblo \u00bfqu\u00e9? - DARA GENERAL<\/title>\n<meta name=\"robots\" content=\"index, follow, max-snippet:-1, max-image-preview:large, max-video-preview:-1\" \/>\n<link rel=\"canonical\" href=\"https:\/\/dara.aragon.es\/dara\/blog\/y-de-la-historia-de-mi-pueblo-que\/\" \/>\n<meta property=\"og:locale\" content=\"es_ES\" \/>\n<meta property=\"og:type\" content=\"article\" \/>\n<meta property=\"og:title\" content=\"Y de la historia de mi pueblo \u00bfqu\u00e9? - DARA GENERAL\" \/>\n<meta property=\"og:description\" content=\"Introducci\u00f3n Sirva este encabezado para recordar los a\u00f1os 80, cuando en la incipiente democracia (ya s\u00e9 que algunos que nos lean, nacieron en ella), era frecuente que despu\u00e9s de las elecciones municipales, el concejal\/a de cultura, se acercase al Archivo e hiciese esta pregunta. A su vez, en octubre del a\u00f1o en curso, nuestr@s colegas [&hellip;]\" \/>\n<meta property=\"og:url\" content=\"https:\/\/dara.aragon.es\/dara\/blog\/y-de-la-historia-de-mi-pueblo-que\/\" \/>\n<meta property=\"og:site_name\" content=\"DARA GENERAL\" \/>\n<meta property=\"article:published_time\" content=\"2017-12-05T13:25:00+00:00\" \/>\n<meta property=\"article:modified_time\" content=\"2024-10-23T06:30:43+00:00\" \/>\n<meta property=\"og:image\" content=\"https:\/\/dara.aragon.es\/dara\/wp-content\/uploads\/2017\/12\/Portal-de-Molina-Albarracin.jpg\" \/>\n\t<meta property=\"og:image:width\" content=\"237\" \/>\n\t<meta property=\"og:image:height\" content=\"320\" \/>\n\t<meta property=\"og:image:type\" content=\"image\/jpeg\" \/>\n<meta name=\"author\" content=\"Archivo Hist\u00f3rico Provincial de Teruel\" \/>\n<meta name=\"twitter:card\" content=\"summary_large_image\" \/>\n<meta name=\"twitter:label1\" content=\"Escrito por\" \/>\n\t<meta name=\"twitter:data1\" content=\"Archivo Hist\u00f3rico Provincial de Teruel\" \/>\n\t<meta name=\"twitter:label2\" content=\"Tiempo de lectura\" \/>\n\t<meta name=\"twitter:data2\" content=\"5 minutos\" \/>\n<script type=\"application\/ld+json\" class=\"yoast-schema-graph\">{\"@context\":\"https:\\\/\\\/schema.org\",\"@graph\":[{\"@type\":\"Article\",\"@id\":\"https:\\\/\\\/dara.aragon.es\\\/dara\\\/blog\\\/y-de-la-historia-de-mi-pueblo-que\\\/#article\",\"isPartOf\":{\"@id\":\"https:\\\/\\\/dara.aragon.es\\\/dara\\\/blog\\\/y-de-la-historia-de-mi-pueblo-que\\\/\"},\"author\":{\"name\":\"Archivo Hist\u00f3rico Provincial de Teruel\",\"@id\":\"https:\\\/\\\/dara.aragon.es\\\/dara\\\/#\\\/schema\\\/person\\\/d8651b250d315dfa397cc5625341aca7\"},\"headline\":\"Y de la historia de mi pueblo \u00bfqu\u00e9?\",\"datePublished\":\"2017-12-05T13:25:00+00:00\",\"dateModified\":\"2024-10-23T06:30:43+00:00\",\"mainEntityOfPage\":{\"@id\":\"https:\\\/\\\/dara.aragon.es\\\/dara\\\/blog\\\/y-de-la-historia-de-mi-pueblo-que\\\/\"},\"wordCount\":1041,\"commentCount\":0,\"image\":{\"@id\":\"https:\\\/\\\/dara.aragon.es\\\/dara\\\/blog\\\/y-de-la-historia-de-mi-pueblo-que\\\/#primaryimage\"},\"thumbnailUrl\":\"https:\\\/\\\/dara.aragon.es\\\/dara\\\/wp-content\\\/uploads\\\/2017\\\/12\\\/Portal-de-Molina-Albarracin.jpg\",\"keywords\":[\"Teruel\"],\"articleSection\":[\"AC Somontano de Barbastro\",\"AHP Teruel\",\"FAQLocalidadesyTerritorio\"],\"inLanguage\":\"es\",\"potentialAction\":[{\"@type\":\"CommentAction\",\"name\":\"Comment\",\"target\":[\"https:\\\/\\\/dara.aragon.es\\\/dara\\\/blog\\\/y-de-la-historia-de-mi-pueblo-que\\\/#respond\"]}]},{\"@type\":\"WebPage\",\"@id\":\"https:\\\/\\\/dara.aragon.es\\\/dara\\\/blog\\\/y-de-la-historia-de-mi-pueblo-que\\\/\",\"url\":\"https:\\\/\\\/dara.aragon.es\\\/dara\\\/blog\\\/y-de-la-historia-de-mi-pueblo-que\\\/\",\"name\":\"Y de la historia de mi pueblo \u00bfqu\u00e9? - DARA GENERAL\",\"isPartOf\":{\"@id\":\"https:\\\/\\\/dara.aragon.es\\\/dara\\\/#website\"},\"primaryImageOfPage\":{\"@id\":\"https:\\\/\\\/dara.aragon.es\\\/dara\\\/blog\\\/y-de-la-historia-de-mi-pueblo-que\\\/#primaryimage\"},\"image\":{\"@id\":\"https:\\\/\\\/dara.aragon.es\\\/dara\\\/blog\\\/y-de-la-historia-de-mi-pueblo-que\\\/#primaryimage\"},\"thumbnailUrl\":\"https:\\\/\\\/dara.aragon.es\\\/dara\\\/wp-content\\\/uploads\\\/2017\\\/12\\\/Portal-de-Molina-Albarracin.jpg\",\"datePublished\":\"2017-12-05T13:25:00+00:00\",\"dateModified\":\"2024-10-23T06:30:43+00:00\",\"author\":{\"@id\":\"https:\\\/\\\/dara.aragon.es\\\/dara\\\/#\\\/schema\\\/person\\\/d8651b250d315dfa397cc5625341aca7\"},\"breadcrumb\":{\"@id\":\"https:\\\/\\\/dara.aragon.es\\\/dara\\\/blog\\\/y-de-la-historia-de-mi-pueblo-que\\\/#breadcrumb\"},\"inLanguage\":\"es\",\"potentialAction\":[{\"@type\":\"ReadAction\",\"target\":[\"https:\\\/\\\/dara.aragon.es\\\/dara\\\/blog\\\/y-de-la-historia-de-mi-pueblo-que\\\/\"]}]},{\"@type\":\"ImageObject\",\"inLanguage\":\"es\",\"@id\":\"https:\\\/\\\/dara.aragon.es\\\/dara\\\/blog\\\/y-de-la-historia-de-mi-pueblo-que\\\/#primaryimage\",\"url\":\"https:\\\/\\\/dara.aragon.es\\\/dara\\\/wp-content\\\/uploads\\\/2017\\\/12\\\/Portal-de-Molina-Albarracin.jpg\",\"contentUrl\":\"https:\\\/\\\/dara.aragon.es\\\/dara\\\/wp-content\\\/uploads\\\/2017\\\/12\\\/Portal-de-Molina-Albarracin.jpg\",\"width\":237,\"height\":320},{\"@type\":\"BreadcrumbList\",\"@id\":\"https:\\\/\\\/dara.aragon.es\\\/dara\\\/blog\\\/y-de-la-historia-de-mi-pueblo-que\\\/#breadcrumb\",\"itemListElement\":[{\"@type\":\"ListItem\",\"position\":1,\"name\":\"Portada\",\"item\":\"https:\\\/\\\/dara.aragon.es\\\/dara\\\/\"},{\"@type\":\"ListItem\",\"position\":2,\"name\":\"Y de la historia de mi pueblo \u00bfqu\u00e9?\"}]},{\"@type\":\"WebSite\",\"@id\":\"https:\\\/\\\/dara.aragon.es\\\/dara\\\/#website\",\"url\":\"https:\\\/\\\/dara.aragon.es\\\/dara\\\/\",\"name\":\"DARA GENERAL\",\"description\":\"Documentos y archivos de Arag\u00f3n\",\"potentialAction\":[{\"@type\":\"SearchAction\",\"target\":{\"@type\":\"EntryPoint\",\"urlTemplate\":\"https:\\\/\\\/dara.aragon.es\\\/dara\\\/?s={search_term_string}\"},\"query-input\":{\"@type\":\"PropertyValueSpecification\",\"valueRequired\":true,\"valueName\":\"search_term_string\"}}],\"inLanguage\":\"es\"},{\"@type\":\"Person\",\"@id\":\"https:\\\/\\\/dara.aragon.es\\\/dara\\\/#\\\/schema\\\/person\\\/d8651b250d315dfa397cc5625341aca7\",\"name\":\"Archivo Hist\u00f3rico Provincial de Teruel\",\"image\":{\"@type\":\"ImageObject\",\"inLanguage\":\"es\",\"@id\":\"https:\\\/\\\/secure.gravatar.com\\\/avatar\\\/e4e12c40936cffd276d8f3b687092ef94f44cc2fc561fcfac6253ff195919b88?s=96&d=mm&r=g\",\"url\":\"https:\\\/\\\/secure.gravatar.com\\\/avatar\\\/e4e12c40936cffd276d8f3b687092ef94f44cc2fc561fcfac6253ff195919b88?s=96&d=mm&r=g\",\"contentUrl\":\"https:\\\/\\\/secure.gravatar.com\\\/avatar\\\/e4e12c40936cffd276d8f3b687092ef94f44cc2fc561fcfac6253ff195919b88?s=96&d=mm&r=g\",\"caption\":\"Archivo Hist\u00f3rico Provincial de Teruel\"},\"url\":\"https:\\\/\\\/dara.aragon.es\\\/dara\\\/blog\\\/author\\\/ahpte\\\/\"}]}<\/script>\n<!-- \/ Yoast SEO plugin. -->","yoast_head_json":{"title":"Y de la historia de mi pueblo \u00bfqu\u00e9? - DARA GENERAL","robots":{"index":"index","follow":"follow","max-snippet":"max-snippet:-1","max-image-preview":"max-image-preview:large","max-video-preview":"max-video-preview:-1"},"canonical":"https:\/\/dara.aragon.es\/dara\/blog\/y-de-la-historia-de-mi-pueblo-que\/","og_locale":"es_ES","og_type":"article","og_title":"Y de la historia de mi pueblo \u00bfqu\u00e9? - DARA GENERAL","og_description":"Introducci\u00f3n Sirva este encabezado para recordar los a\u00f1os 80, cuando en la incipiente democracia (ya s\u00e9 que algunos que nos lean, nacieron en ella), era frecuente que despu\u00e9s de las elecciones municipales, el concejal\/a de cultura, se acercase al Archivo e hiciese esta pregunta. A su vez, en octubre del a\u00f1o en curso, nuestr@s colegas [&hellip;]","og_url":"https:\/\/dara.aragon.es\/dara\/blog\/y-de-la-historia-de-mi-pueblo-que\/","og_site_name":"DARA GENERAL","article_published_time":"2017-12-05T13:25:00+00:00","article_modified_time":"2024-10-23T06:30:43+00:00","og_image":[{"width":237,"height":320,"url":"https:\/\/dara.aragon.es\/dara\/wp-content\/uploads\/2017\/12\/Portal-de-Molina-Albarracin.jpg","type":"image\/jpeg"}],"author":"Archivo Hist\u00f3rico Provincial de Teruel","twitter_card":"summary_large_image","twitter_misc":{"Escrito por":"Archivo Hist\u00f3rico Provincial de Teruel","Tiempo de lectura":"5 minutos"},"schema":{"@context":"https:\/\/schema.org","@graph":[{"@type":"Article","@id":"https:\/\/dara.aragon.es\/dara\/blog\/y-de-la-historia-de-mi-pueblo-que\/#article","isPartOf":{"@id":"https:\/\/dara.aragon.es\/dara\/blog\/y-de-la-historia-de-mi-pueblo-que\/"},"author":{"name":"Archivo Hist\u00f3rico Provincial de Teruel","@id":"https:\/\/dara.aragon.es\/dara\/#\/schema\/person\/d8651b250d315dfa397cc5625341aca7"},"headline":"Y de la historia de mi pueblo \u00bfqu\u00e9?","datePublished":"2017-12-05T13:25:00+00:00","dateModified":"2024-10-23T06:30:43+00:00","mainEntityOfPage":{"@id":"https:\/\/dara.aragon.es\/dara\/blog\/y-de-la-historia-de-mi-pueblo-que\/"},"wordCount":1041,"commentCount":0,"image":{"@id":"https:\/\/dara.aragon.es\/dara\/blog\/y-de-la-historia-de-mi-pueblo-que\/#primaryimage"},"thumbnailUrl":"https:\/\/dara.aragon.es\/dara\/wp-content\/uploads\/2017\/12\/Portal-de-Molina-Albarracin.jpg","keywords":["Teruel"],"articleSection":["AC Somontano de Barbastro","AHP Teruel","FAQLocalidadesyTerritorio"],"inLanguage":"es","potentialAction":[{"@type":"CommentAction","name":"Comment","target":["https:\/\/dara.aragon.es\/dara\/blog\/y-de-la-historia-de-mi-pueblo-que\/#respond"]}]},{"@type":"WebPage","@id":"https:\/\/dara.aragon.es\/dara\/blog\/y-de-la-historia-de-mi-pueblo-que\/","url":"https:\/\/dara.aragon.es\/dara\/blog\/y-de-la-historia-de-mi-pueblo-que\/","name":"Y de la historia de mi pueblo \u00bfqu\u00e9? - DARA GENERAL","isPartOf":{"@id":"https:\/\/dara.aragon.es\/dara\/#website"},"primaryImageOfPage":{"@id":"https:\/\/dara.aragon.es\/dara\/blog\/y-de-la-historia-de-mi-pueblo-que\/#primaryimage"},"image":{"@id":"https:\/\/dara.aragon.es\/dara\/blog\/y-de-la-historia-de-mi-pueblo-que\/#primaryimage"},"thumbnailUrl":"https:\/\/dara.aragon.es\/dara\/wp-content\/uploads\/2017\/12\/Portal-de-Molina-Albarracin.jpg","datePublished":"2017-12-05T13:25:00+00:00","dateModified":"2024-10-23T06:30:43+00:00","author":{"@id":"https:\/\/dara.aragon.es\/dara\/#\/schema\/person\/d8651b250d315dfa397cc5625341aca7"},"breadcrumb":{"@id":"https:\/\/dara.aragon.es\/dara\/blog\/y-de-la-historia-de-mi-pueblo-que\/#breadcrumb"},"inLanguage":"es","potentialAction":[{"@type":"ReadAction","target":["https:\/\/dara.aragon.es\/dara\/blog\/y-de-la-historia-de-mi-pueblo-que\/"]}]},{"@type":"ImageObject","inLanguage":"es","@id":"https:\/\/dara.aragon.es\/dara\/blog\/y-de-la-historia-de-mi-pueblo-que\/#primaryimage","url":"https:\/\/dara.aragon.es\/dara\/wp-content\/uploads\/2017\/12\/Portal-de-Molina-Albarracin.jpg","contentUrl":"https:\/\/dara.aragon.es\/dara\/wp-content\/uploads\/2017\/12\/Portal-de-Molina-Albarracin.jpg","width":237,"height":320},{"@type":"BreadcrumbList","@id":"https:\/\/dara.aragon.es\/dara\/blog\/y-de-la-historia-de-mi-pueblo-que\/#breadcrumb","itemListElement":[{"@type":"ListItem","position":1,"name":"Portada","item":"https:\/\/dara.aragon.es\/dara\/"},{"@type":"ListItem","position":2,"name":"Y de la historia de mi pueblo \u00bfqu\u00e9?"}]},{"@type":"WebSite","@id":"https:\/\/dara.aragon.es\/dara\/#website","url":"https:\/\/dara.aragon.es\/dara\/","name":"DARA GENERAL","description":"Documentos y archivos de Arag\u00f3n","potentialAction":[{"@type":"SearchAction","target":{"@type":"EntryPoint","urlTemplate":"https:\/\/dara.aragon.es\/dara\/?s={search_term_string}"},"query-input":{"@type":"PropertyValueSpecification","valueRequired":true,"valueName":"search_term_string"}}],"inLanguage":"es"},{"@type":"Person","@id":"https:\/\/dara.aragon.es\/dara\/#\/schema\/person\/d8651b250d315dfa397cc5625341aca7","name":"Archivo Hist\u00f3rico Provincial de Teruel","image":{"@type":"ImageObject","inLanguage":"es","@id":"https:\/\/secure.gravatar.com\/avatar\/e4e12c40936cffd276d8f3b687092ef94f44cc2fc561fcfac6253ff195919b88?s=96&d=mm&r=g","url":"https:\/\/secure.gravatar.com\/avatar\/e4e12c40936cffd276d8f3b687092ef94f44cc2fc561fcfac6253ff195919b88?s=96&d=mm&r=g","contentUrl":"https:\/\/secure.gravatar.com\/avatar\/e4e12c40936cffd276d8f3b687092ef94f44cc2fc561fcfac6253ff195919b88?s=96&d=mm&r=g","caption":"Archivo Hist\u00f3rico Provincial de Teruel"},"url":"https:\/\/dara.aragon.es\/dara\/blog\/author\/ahpte\/"}]}},"_links":{"self":[{"href":"https:\/\/dara.aragon.es\/dara\/wp-json\/wp\/v2\/posts\/342","targetHints":{"allow":["GET"]}}],"collection":[{"href":"https:\/\/dara.aragon.es\/dara\/wp-json\/wp\/v2\/posts"}],"about":[{"href":"https:\/\/dara.aragon.es\/dara\/wp-json\/wp\/v2\/types\/post"}],"author":[{"embeddable":true,"href":"https:\/\/dara.aragon.es\/dara\/wp-json\/wp\/v2\/users\/7"}],"replies":[{"embeddable":true,"href":"https:\/\/dara.aragon.es\/dara\/wp-json\/wp\/v2\/comments?post=342"}],"version-history":[{"count":0,"href":"https:\/\/dara.aragon.es\/dara\/wp-json\/wp\/v2\/posts\/342\/revisions"}],"wp:featuredmedia":[{"embeddable":true,"href":"https:\/\/dara.aragon.es\/dara\/wp-json\/wp\/v2\/media\/6473"}],"wp:attachment":[{"href":"https:\/\/dara.aragon.es\/dara\/wp-json\/wp\/v2\/media?parent=342"}],"wp:term":[{"taxonomy":"category","embeddable":true,"href":"https:\/\/dara.aragon.es\/dara\/wp-json\/wp\/v2\/categories?post=342"},{"taxonomy":"post_tag","embeddable":true,"href":"https:\/\/dara.aragon.es\/dara\/wp-json\/wp\/v2\/tags?post=342"}],"curies":[{"name":"wp","href":"https:\/\/api.w.org\/{rel}","templated":true}]}}