{"id":3514,"date":"2024-02-19T11:29:42","date_gmt":"2024-02-19T11:29:42","guid":{"rendered":"https:\/\/dara.aragon.es\/dara\/?p=3514"},"modified":"2024-10-22T14:33:00","modified_gmt":"2024-10-22T14:33:00","slug":"hallazgos-documentales-con-final-feliz","status":"publish","type":"post","link":"https:\/\/dara.aragon.es\/dara\/blog\/hallazgos-documentales-con-final-feliz\/","title":{"rendered":"Hallazgos documentales, con final feliz"},"content":{"rendered":"<p>[et_pb_section fb_built=\u00bb1&#8243; _builder_version=\u00bb4.20.2&#8243; _module_preset=\u00bbdefault\u00bb global_colors_info=\u00bb{}\u00bb][et_pb_row _builder_version=\u00bb4.20.2&#8243; _module_preset=\u00bbdefault\u00bb global_colors_info=\u00bb{}\u00bb][et_pb_column type=\u00bb4_4&#8243; _builder_version=\u00bb4.20.2&#8243; _module_preset=\u00bbdefault\u00bb global_colors_info=\u00bb{}\u00bb][et_pb_text _builder_version=\u00bb4.20.2&#8243; _module_preset=\u00bbdefault\u00bb hover_enabled=\u00bb0&#8243; global_colors_info=\u00bb{}\u00bb sticky_enabled=\u00bb0&#8243;]<\/p>\n<p style=\"text-align: center\"><strong><\/strong><\/p>\n<p style=\"text-align: justify\"><strong>Introducci\u00f3n <\/strong><\/p>\n<p style=\"text-align: justify\">Al recibir una llamada, en julio de 2022, de un compa\u00f1ero del Archivo Hist\u00f3rico Nacional solicitando informaci\u00f3n sobre la pertenencia al Archivo Municipal de Teruel del \u201cLibro de estatutos, ordenanzas y privilegios de la cofrad\u00eda de San Jorge de Teruel\u201d, para el que se hab\u00eda solicitado autorizaci\u00f3n de exportaci\u00f3n, se conectaron todas nuestras neuronas y al un\u00edsono se pusieron a indagar sobre tama\u00f1a tropel\u00eda, una vez m\u00e1s y son demasiadas, nuestro patrimonio documental se sigue esquilmado.<\/p>\n<p style=\"text-align: justify\"><strong>La demostraci\u00f3n <\/strong><\/p>\n<p style=\"text-align: justify\">La consulta de art\u00edculos y libros publicados sobre el Archivo Municipal de Teruel y la historiograf\u00eda turolense, dio los resultados previstos.<\/p>\n<p style=\"text-align: justify\">En toda b\u00fasqueda bibliogr\u00e1fica, hay o debe haber cierta l\u00f3gica, si en un cat\u00e1logo de 1918 no se encuentra ninguna referencia documental a este libro, es obvio que no est\u00e1, es decir, hab\u00eda desaparecido antes de esa fecha.<\/p>\n<p style=\"text-align: justify\">La afirmaci\u00f3n la encontramos en 1953, en concreto, en un art\u00edculo de Jaime Caruana y G\u00f3mez de Barreda (\u201cIniciaci\u00f3n a la historiograf\u00eda turolense\u201d, <em>Teruel<\/em>, n\u00famero 9, p\u00e1gs. 137-155). En su an\u00e1lisis se lee \u201c\u2026 que el original de este libro se hab\u00eda perdido, o bien no sabemos en la actualidad su paradero\u2026\u201d (p\u00e1g.138).<\/p>\n<p style=\"text-align: justify\">Se digitaliz\u00f3 el art\u00edculo, se acab\u00f3 el informe y se envi\u00f3 a la persona que lo hab\u00eda solicitado y a la Direcci\u00f3n General de Cultura del Gobierno de Arag\u00f3n.<\/p>\n<p style=\"text-align: justify\">Despu\u00e9s de diversas vicisitudes, en octubre del 2023 fue adquirido por el Gobierno de Arag\u00f3n y desde enero del a\u00f1o en curso, se custodia en este archivo.<\/p>\n<p style=\"text-align: justify\"><strong><img loading=\"lazy\" decoding=\"async\" src=\"https:\/\/dara.aragon.es\/dara\/wp-content\/uploads\/2024\/02\/2.2.-Ya-en-el-Archivo-scaled.jpg\" width=\"1916\" height=\"2560\" alt=\"\" class=\"wp-image-3519 alignnone size-full\" srcset=\"https:\/\/dara.aragon.es\/dara\/wp-content\/uploads\/2024\/02\/2.2.-Ya-en-el-Archivo-scaled.jpg 1916w, https:\/\/dara.aragon.es\/dara\/wp-content\/uploads\/2024\/02\/2.2.-Ya-en-el-Archivo-1280x1710.jpg 1280w, https:\/\/dara.aragon.es\/dara\/wp-content\/uploads\/2024\/02\/2.2.-Ya-en-el-Archivo-980x1309.jpg 980w, https:\/\/dara.aragon.es\/dara\/wp-content\/uploads\/2024\/02\/2.2.-Ya-en-el-Archivo-480x641.jpg 480w\" sizes=\"(min-width: 0px) and (max-width: 480px) 480px, (min-width: 481px) and (max-width: 980px) 980px, (min-width: 981px) and (max-width: 1280px) 1280px, (min-width: 1281px) 1916px, 100vw\" \/>\u00a0<\/strong><\/p>\n<p style=\"text-align: justify\"><strong>El libro de estatutos, ordenanzas y privilegios de la cofrad\u00eda de San Jorge de Teruel<\/strong><\/p>\n<p style=\"text-align: justify\">Muy bien conservado, de letra human\u00edstica, confeccionado en 1615 por el infanz\u00f3n turolense Jer\u00f3nimo Arnal de Marcilla y el licenciado Francisco Juesa, finaliza en 1695.<\/p>\n<p style=\"text-align: justify\">En el libro se denota una planificaci\u00f3n elaborada de lo que se nos va a narrar. Dividido en 4 libros:<\/p>\n<p style=\"text-align: justify\">** el 1\u00ba versa sobre sobre la fundaci\u00f3n y privilegios de esta compa\u00f1\u00eda, haciendo especial inter\u00e9s los or\u00edgenes legendarios de Teruel, sus pobladores o las gestas de los turolenses en apoyo a los reyes de Arag\u00f3n<\/p>\n<p style=\"text-align: justify\">** en el 2\u00ba encontramos las rentas de esta compa\u00f1\u00eda, incluyendo los privilegios y los censales<\/p>\n<p style=\"text-align: justify\">** en el tercero se reproducen sus estatutos y ordenanzas y<\/p>\n<p style=\"text-align: justify\">** en el 4\u00ba aparecen las matr\u00edculas de los miembros de la cofrad\u00eda. Siendo los asientos muy detallados habida cuenta que incluyen sus antepasados, la historia y el linaje al que pertenecen, la fecha desde la que son cofrades y otros datos geneal\u00f3gicos e hist\u00f3ricos, todo ello para avalar tanto sus m\u00e9ritos para el ingreso en la cofrad\u00eda, como para enaltecer a su familia.<\/p>\n<p style=\"text-align: justify\">Menci\u00f3n especial merecen las armas her\u00e1ldicas de los cofrades, que aparecen en la cabecera del folio, profusamente dibujados de colores y enmarcados en una orla.<\/p>\n<p style=\"text-align: justify\">\n<p style=\"text-align: justify\"><strong>Informaci\u00f3n aportada <\/strong><\/p>\n<p style=\"text-align: justify\">\n<p style=\"text-align: justify\">Es sabido que las cofrad\u00edas, en la \u00e9poca preindustrial, constituyeron una forma de agrupaci\u00f3n para defender sus intereses.<\/p>\n<p style=\"text-align: justify\">Consecuencia de su perduraci\u00f3n, durante siglos, es el recuso de la memoria escrita que se transform\u00f3 en estos libros (como el caso que nos ocupa).<\/p>\n<p style=\"text-align: justify\">Es indudable que su mayor aportaci\u00f3n radica en la visi\u00f3n tan completa de las instituciones que los generaron y sus integrantes.<\/p>\n<p style=\"text-align: justify\">Otro valor a\u00f1adido es que este tipo de libros conservados son escasos, con lo cual se cubren una serie de carencias de fuentes primarias conservadas hasta la actualidad.<\/p>\n<p style=\"text-align: justify\">Por \u00faltimo, conviene recordar que San Jorge no s\u00f3lo es el Patr\u00f3n de Arag\u00f3n, sino tambi\u00e9n el de la Diputaci\u00f3n Provincial de Teruel. Su magn\u00edfico retablo pas\u00f3 de la Iglesia de San Miguel (sede de esta cofrad\u00eda y desacralizada desde hace tiempo) a la de la Merced en donde se encuentra.<\/p>\n<p style=\"text-align: justify\">\n<p style=\"text-align: justify\"><strong>\u00a0<\/strong><\/p>\n<p style=\"text-align: justify\"><strong>Conclusiones <\/strong><\/p>\n<p style=\"text-align: justify\"><em>El libro de estatutos\u2026,<\/em> lo tienen digitalizado (su consulta, como siempre a trav\u00e9s de DARA):<\/p>\n<p style=\"text-align: justify\"><a href=\"https:\/\/dara.aragon.es\/opac\/app\/item\/?p=0&amp;q=libro+de+estatutos&amp;st=.4&amp;ob=re:1&amp;vm=nv&amp;i=1259937\">DARA :: Detalle de Registro (aragon.es)<\/a><\/p>\n<p style=\"text-align: justify\">Esperamos y deseamos que de esta forma se puedan propiciar los pertinentes estudios a toda la informaci\u00f3n en \u00e9l atesorada, que habr\u00e1 que cotejar con otras fuentes tanto archiv\u00edsticas, como bibliogr\u00e1ficas. Los resultados, depender\u00e1n de lo que se pretenda.<\/p>\n<p style=\"text-align: justify\">Nos queda por agradecer a nuestros compa\u00f1eros Laura As\u00edn Mart\u00ednez, jefa de servicio de Archivos, Museos y Bibliotecas, la sensibilidad demostrada para la adquisici\u00f3n de este documento y que se depositase en este Archivo, y a Juan Jos\u00e9 Morales G\u00f3mez, jefe de secci\u00f3n del mismo servicio, su exhaustivo informe y estudio, que result\u00f3 fundamental para que este hallazgo tuviera un final feliz, es decir, que est\u00e9 en este archivo.<\/p>\n<p style=\"text-align: justify\">Por \u00faltimo, desde el Archivo Hist\u00f3rico Provincial de Teruel y como responsable del mismo, compartimos nuestra satisfacci\u00f3n de contar con este documento tan singular y valioso que ha pasado a engrosar los ricos y voluminosos fondos del Concejo de Teruel (cuya alcaldesa y parte de su equipo ya los estuvieron viendo, el d\u00eda 1 del mes y a\u00f1o en curso).<\/p>\n<p style=\"text-align: justify\">Teruel, 15 de febrero de 2024<\/p>\n<p>&nbsp;<\/p>\n<p>[\/et_pb_text][\/et_pb_column][\/et_pb_row][\/et_pb_section]<\/p>\n","protected":false},"excerpt":{"rendered":"<p>Introducci\u00f3n Al recibir una llamada, en julio de 2022, de un compa\u00f1ero del Archivo Hist\u00f3rico Nacional solicitando informaci\u00f3n sobre la pertenencia al Archivo Municipal de Teruel del \u201cLibro de estatutos, ordenanzas y privilegios de la cofrad\u00eda de San Jorge de Teruel\u201d, para el que se hab\u00eda solicitado autorizaci\u00f3n de exportaci\u00f3n, se conectaron todas nuestras neuronas [&hellip;]<\/p>\n","protected":false},"author":6,"featured_media":3518,"comment_status":"open","ping_status":"closed","sticky":false,"template":"","format":"standard","meta":{"_et_pb_use_builder":"on","_et_pb_old_content":"","_et_gb_content_width":"","om_disable_all_campaigns":false,"_monsterinsights_skip_tracking":false,"_monsterinsights_sitenote_active":false,"_monsterinsights_sitenote_note":"","_monsterinsights_sitenote_category":0,"_uf_show_specific_survey":0,"_uf_disable_surveys":false,"footnotes":""},"categories":[13],"tags":[440,515,539],"class_list":["post-3514","post","type-post","status-publish","format-standard","has-post-thumbnail","hentry","category-ahp-teruel","tag-cofradias","tag-libros","tag-patrimonio-cultural-aragones"],"yoast_head":"<!-- This site is optimized with the Yoast SEO plugin v26.2 - https:\/\/yoast.com\/wordpress\/plugins\/seo\/ -->\n<title>Hallazgos documentales, con final feliz - DARA GENERAL<\/title>\n<meta name=\"robots\" content=\"index, follow, max-snippet:-1, max-image-preview:large, max-video-preview:-1\" \/>\n<link rel=\"canonical\" href=\"https:\/\/dara.aragon.es\/dara\/blog\/hallazgos-documentales-con-final-feliz\/\" \/>\n<meta property=\"og:locale\" content=\"es_ES\" \/>\n<meta property=\"og:type\" content=\"article\" \/>\n<meta property=\"og:title\" content=\"Hallazgos documentales, con final feliz - DARA GENERAL\" \/>\n<meta property=\"og:description\" content=\"Introducci\u00f3n Al recibir una llamada, en julio de 2022, de un compa\u00f1ero del Archivo Hist\u00f3rico Nacional solicitando informaci\u00f3n sobre la pertenencia al Archivo Municipal de Teruel del \u201cLibro de estatutos, ordenanzas y privilegios de la cofrad\u00eda de San Jorge de Teruel\u201d, para el que se hab\u00eda solicitado autorizaci\u00f3n de exportaci\u00f3n, se conectaron todas nuestras neuronas [&hellip;]\" \/>\n<meta property=\"og:url\" content=\"https:\/\/dara.aragon.es\/dara\/blog\/hallazgos-documentales-con-final-feliz\/\" \/>\n<meta property=\"og:site_name\" content=\"DARA GENERAL\" \/>\n<meta property=\"article:published_time\" content=\"2024-02-19T11:29:42+00:00\" \/>\n<meta property=\"article:modified_time\" content=\"2024-10-22T14:33:00+00:00\" \/>\n<meta property=\"og:image\" content=\"https:\/\/dara.aragon.es\/dara\/wp-content\/uploads\/2024\/02\/2.1.-Ordenanzas-San-Jorge-de-Teruel.jpg\" \/>\n\t<meta property=\"og:image:width\" content=\"1600\" \/>\n\t<meta property=\"og:image:height\" content=\"1200\" \/>\n\t<meta property=\"og:image:type\" content=\"image\/jpeg\" \/>\n<meta name=\"author\" content=\"Mar\u00eda Jos\u00e9 Casaus Ballester Archivo Hist\u00f3rico Provincial de Teruel\" \/>\n<meta name=\"twitter:card\" content=\"summary_large_image\" \/>\n<meta name=\"twitter:label1\" content=\"Escrito por\" \/>\n\t<meta name=\"twitter:data1\" content=\"Mar\u00eda Jos\u00e9 Casaus Ballester Archivo Hist\u00f3rico Provincial de Teruel\" \/>\n\t<meta name=\"twitter:label2\" content=\"Tiempo de lectura\" \/>\n\t<meta name=\"twitter:data2\" content=\"5 minutos\" \/>\n<script type=\"application\/ld+json\" class=\"yoast-schema-graph\">{\"@context\":\"https:\/\/schema.org\",\"@graph\":[{\"@type\":\"WebPage\",\"@id\":\"https:\/\/dara.aragon.es\/dara\/blog\/hallazgos-documentales-con-final-feliz\/\",\"url\":\"https:\/\/dara.aragon.es\/dara\/blog\/hallazgos-documentales-con-final-feliz\/\",\"name\":\"Hallazgos documentales, con final feliz - DARA GENERAL\",\"isPartOf\":{\"@id\":\"https:\/\/dara.aragon.es\/dara\/#website\"},\"primaryImageOfPage\":{\"@id\":\"https:\/\/dara.aragon.es\/dara\/blog\/hallazgos-documentales-con-final-feliz\/#primaryimage\"},\"image\":{\"@id\":\"https:\/\/dara.aragon.es\/dara\/blog\/hallazgos-documentales-con-final-feliz\/#primaryimage\"},\"thumbnailUrl\":\"https:\/\/dara.aragon.es\/dara\/wp-content\/uploads\/2024\/02\/2.1.-Ordenanzas-San-Jorge-de-Teruel.jpg\",\"datePublished\":\"2024-02-19T11:29:42+00:00\",\"dateModified\":\"2024-10-22T14:33:00+00:00\",\"author\":{\"@id\":\"https:\/\/dara.aragon.es\/dara\/#\/schema\/person\/92db10f29a48509b330e75cf1b9d39ed\"},\"breadcrumb\":{\"@id\":\"https:\/\/dara.aragon.es\/dara\/blog\/hallazgos-documentales-con-final-feliz\/#breadcrumb\"},\"inLanguage\":\"es\",\"potentialAction\":[{\"@type\":\"ReadAction\",\"target\":[\"https:\/\/dara.aragon.es\/dara\/blog\/hallazgos-documentales-con-final-feliz\/\"]}]},{\"@type\":\"ImageObject\",\"inLanguage\":\"es\",\"@id\":\"https:\/\/dara.aragon.es\/dara\/blog\/hallazgos-documentales-con-final-feliz\/#primaryimage\",\"url\":\"https:\/\/dara.aragon.es\/dara\/wp-content\/uploads\/2024\/02\/2.1.-Ordenanzas-San-Jorge-de-Teruel.jpg\",\"contentUrl\":\"https:\/\/dara.aragon.es\/dara\/wp-content\/uploads\/2024\/02\/2.1.-Ordenanzas-San-Jorge-de-Teruel.jpg\",\"width\":1600,\"height\":1200},{\"@type\":\"BreadcrumbList\",\"@id\":\"https:\/\/dara.aragon.es\/dara\/blog\/hallazgos-documentales-con-final-feliz\/#breadcrumb\",\"itemListElement\":[{\"@type\":\"ListItem\",\"position\":1,\"name\":\"Portada\",\"item\":\"https:\/\/dara.aragon.es\/dara\/\"},{\"@type\":\"ListItem\",\"position\":2,\"name\":\"Hallazgos documentales, con final feliz\"}]},{\"@type\":\"WebSite\",\"@id\":\"https:\/\/dara.aragon.es\/dara\/#website\",\"url\":\"https:\/\/dara.aragon.es\/dara\/\",\"name\":\"DARA GENERAL\",\"description\":\"Documentos y archivos de Arag\u00f3n\",\"potentialAction\":[{\"@type\":\"SearchAction\",\"target\":{\"@type\":\"EntryPoint\",\"urlTemplate\":\"https:\/\/dara.aragon.es\/dara\/?s={search_term_string}\"},\"query-input\":{\"@type\":\"PropertyValueSpecification\",\"valueRequired\":true,\"valueName\":\"search_term_string\"}}],\"inLanguage\":\"es\"},{\"@type\":\"Person\",\"@id\":\"https:\/\/dara.aragon.es\/dara\/#\/schema\/person\/92db10f29a48509b330e75cf1b9d39ed\",\"name\":\"Mar\u00eda Jos\u00e9 Casaus Ballester Archivo Hist\u00f3rico Provincial de Teruel\",\"image\":{\"@type\":\"ImageObject\",\"inLanguage\":\"es\",\"@id\":\"https:\/\/dara.aragon.es\/dara\/#\/schema\/person\/image\/\",\"url\":\"https:\/\/secure.gravatar.com\/avatar\/eda95c3e9a0679fa28f40f7955438808774d16cf528ecc8ee8797074d4dd0132?s=96&d=mm&r=g\",\"contentUrl\":\"https:\/\/secure.gravatar.com\/avatar\/eda95c3e9a0679fa28f40f7955438808774d16cf528ecc8ee8797074d4dd0132?s=96&d=mm&r=g\",\"caption\":\"Mar\u00eda Jos\u00e9 Casaus Ballester Archivo Hist\u00f3rico Provincial de Teruel\"},\"description\":\"T\u00e9cnico Superior de Patrimonio Cultural de Archivos y responsable de la direcci\u00f3n del AHPTE\",\"url\":\"https:\/\/dara.aragon.es\/dara\/blog\/author\/mjcasaus\/\"}]}<\/script>\n<!-- \/ Yoast SEO plugin. -->","yoast_head_json":{"title":"Hallazgos documentales, con final feliz - DARA GENERAL","robots":{"index":"index","follow":"follow","max-snippet":"max-snippet:-1","max-image-preview":"max-image-preview:large","max-video-preview":"max-video-preview:-1"},"canonical":"https:\/\/dara.aragon.es\/dara\/blog\/hallazgos-documentales-con-final-feliz\/","og_locale":"es_ES","og_type":"article","og_title":"Hallazgos documentales, con final feliz - DARA GENERAL","og_description":"Introducci\u00f3n Al recibir una llamada, en julio de 2022, de un compa\u00f1ero del Archivo Hist\u00f3rico Nacional solicitando informaci\u00f3n sobre la pertenencia al Archivo Municipal de Teruel del \u201cLibro de estatutos, ordenanzas y privilegios de la cofrad\u00eda de San Jorge de Teruel\u201d, para el que se hab\u00eda solicitado autorizaci\u00f3n de exportaci\u00f3n, se conectaron todas nuestras neuronas [&hellip;]","og_url":"https:\/\/dara.aragon.es\/dara\/blog\/hallazgos-documentales-con-final-feliz\/","og_site_name":"DARA GENERAL","article_published_time":"2024-02-19T11:29:42+00:00","article_modified_time":"2024-10-22T14:33:00+00:00","og_image":[{"width":1600,"height":1200,"url":"https:\/\/dara.aragon.es\/dara\/wp-content\/uploads\/2024\/02\/2.1.-Ordenanzas-San-Jorge-de-Teruel.jpg","type":"image\/jpeg"}],"author":"Mar\u00eda Jos\u00e9 Casaus Ballester Archivo Hist\u00f3rico Provincial de Teruel","twitter_card":"summary_large_image","twitter_misc":{"Escrito por":"Mar\u00eda Jos\u00e9 Casaus Ballester Archivo Hist\u00f3rico Provincial de Teruel","Tiempo de lectura":"5 minutos"},"schema":{"@context":"https:\/\/schema.org","@graph":[{"@type":"WebPage","@id":"https:\/\/dara.aragon.es\/dara\/blog\/hallazgos-documentales-con-final-feliz\/","url":"https:\/\/dara.aragon.es\/dara\/blog\/hallazgos-documentales-con-final-feliz\/","name":"Hallazgos documentales, con final feliz - DARA GENERAL","isPartOf":{"@id":"https:\/\/dara.aragon.es\/dara\/#website"},"primaryImageOfPage":{"@id":"https:\/\/dara.aragon.es\/dara\/blog\/hallazgos-documentales-con-final-feliz\/#primaryimage"},"image":{"@id":"https:\/\/dara.aragon.es\/dara\/blog\/hallazgos-documentales-con-final-feliz\/#primaryimage"},"thumbnailUrl":"https:\/\/dara.aragon.es\/dara\/wp-content\/uploads\/2024\/02\/2.1.-Ordenanzas-San-Jorge-de-Teruel.jpg","datePublished":"2024-02-19T11:29:42+00:00","dateModified":"2024-10-22T14:33:00+00:00","author":{"@id":"https:\/\/dara.aragon.es\/dara\/#\/schema\/person\/92db10f29a48509b330e75cf1b9d39ed"},"breadcrumb":{"@id":"https:\/\/dara.aragon.es\/dara\/blog\/hallazgos-documentales-con-final-feliz\/#breadcrumb"},"inLanguage":"es","potentialAction":[{"@type":"ReadAction","target":["https:\/\/dara.aragon.es\/dara\/blog\/hallazgos-documentales-con-final-feliz\/"]}]},{"@type":"ImageObject","inLanguage":"es","@id":"https:\/\/dara.aragon.es\/dara\/blog\/hallazgos-documentales-con-final-feliz\/#primaryimage","url":"https:\/\/dara.aragon.es\/dara\/wp-content\/uploads\/2024\/02\/2.1.-Ordenanzas-San-Jorge-de-Teruel.jpg","contentUrl":"https:\/\/dara.aragon.es\/dara\/wp-content\/uploads\/2024\/02\/2.1.-Ordenanzas-San-Jorge-de-Teruel.jpg","width":1600,"height":1200},{"@type":"BreadcrumbList","@id":"https:\/\/dara.aragon.es\/dara\/blog\/hallazgos-documentales-con-final-feliz\/#breadcrumb","itemListElement":[{"@type":"ListItem","position":1,"name":"Portada","item":"https:\/\/dara.aragon.es\/dara\/"},{"@type":"ListItem","position":2,"name":"Hallazgos documentales, con final feliz"}]},{"@type":"WebSite","@id":"https:\/\/dara.aragon.es\/dara\/#website","url":"https:\/\/dara.aragon.es\/dara\/","name":"DARA GENERAL","description":"Documentos y archivos de Arag\u00f3n","potentialAction":[{"@type":"SearchAction","target":{"@type":"EntryPoint","urlTemplate":"https:\/\/dara.aragon.es\/dara\/?s={search_term_string}"},"query-input":{"@type":"PropertyValueSpecification","valueRequired":true,"valueName":"search_term_string"}}],"inLanguage":"es"},{"@type":"Person","@id":"https:\/\/dara.aragon.es\/dara\/#\/schema\/person\/92db10f29a48509b330e75cf1b9d39ed","name":"Mar\u00eda Jos\u00e9 Casaus Ballester Archivo Hist\u00f3rico Provincial de Teruel","image":{"@type":"ImageObject","inLanguage":"es","@id":"https:\/\/dara.aragon.es\/dara\/#\/schema\/person\/image\/","url":"https:\/\/secure.gravatar.com\/avatar\/eda95c3e9a0679fa28f40f7955438808774d16cf528ecc8ee8797074d4dd0132?s=96&d=mm&r=g","contentUrl":"https:\/\/secure.gravatar.com\/avatar\/eda95c3e9a0679fa28f40f7955438808774d16cf528ecc8ee8797074d4dd0132?s=96&d=mm&r=g","caption":"Mar\u00eda Jos\u00e9 Casaus Ballester Archivo Hist\u00f3rico Provincial de Teruel"},"description":"T\u00e9cnico Superior de Patrimonio Cultural de Archivos y responsable de la direcci\u00f3n del AHPTE","url":"https:\/\/dara.aragon.es\/dara\/blog\/author\/mjcasaus\/"}]}},"_links":{"self":[{"href":"https:\/\/dara.aragon.es\/dara\/wp-json\/wp\/v2\/posts\/3514","targetHints":{"allow":["GET"]}}],"collection":[{"href":"https:\/\/dara.aragon.es\/dara\/wp-json\/wp\/v2\/posts"}],"about":[{"href":"https:\/\/dara.aragon.es\/dara\/wp-json\/wp\/v2\/types\/post"}],"author":[{"embeddable":true,"href":"https:\/\/dara.aragon.es\/dara\/wp-json\/wp\/v2\/users\/6"}],"replies":[{"embeddable":true,"href":"https:\/\/dara.aragon.es\/dara\/wp-json\/wp\/v2\/comments?post=3514"}],"version-history":[{"count":0,"href":"https:\/\/dara.aragon.es\/dara\/wp-json\/wp\/v2\/posts\/3514\/revisions"}],"wp:featuredmedia":[{"embeddable":true,"href":"https:\/\/dara.aragon.es\/dara\/wp-json\/wp\/v2\/media\/3518"}],"wp:attachment":[{"href":"https:\/\/dara.aragon.es\/dara\/wp-json\/wp\/v2\/media?parent=3514"}],"wp:term":[{"taxonomy":"category","embeddable":true,"href":"https:\/\/dara.aragon.es\/dara\/wp-json\/wp\/v2\/categories?post=3514"},{"taxonomy":"post_tag","embeddable":true,"href":"https:\/\/dara.aragon.es\/dara\/wp-json\/wp\/v2\/tags?post=3514"}],"curies":[{"name":"wp","href":"https:\/\/api.w.org\/{rel}","templated":true}]}}