{"id":362,"date":"2017-05-10T08:38:00","date_gmt":"2017-05-10T08:38:00","guid":{"rendered":"https:\/\/dara.aragon.es\/dara\/blog\/2017\/05\/10\/memoria-y-patrimonio-de-la-nieve\/"},"modified":"2024-10-22T13:48:57","modified_gmt":"2024-10-22T13:48:57","slug":"memoria-y-patrimonio-de-la-nieve","status":"publish","type":"post","link":"https:\/\/dara.aragon.es\/dara\/blog\/memoria-y-patrimonio-de-la-nieve\/","title":{"rendered":"MEMORIA Y PATRIMONIO DE LA NIEVE"},"content":{"rendered":"<div lang=\"zxx\" style=\"margin-bottom: 0cm\"><\/div>\n<div lang=\"zxx\" style=\"margin-bottom: 0cm\"><a href=\"https:\/\/3.bp.blogspot.com\/-sZmX9xvzh5s\/WRLMcDJTdBI\/AAAAAAAAAAM\/R7n8fW_zxUkPNbXsi0B-xLSO_eJA0Y91wCLcB\/s1600\/01.jpg\" style=\"clear: left;margin-bottom: 1em\"><img loading=\"lazy\" decoding=\"async\" border=\"0\" height=\"477\" src=\"https:\/\/3.bp.blogspot.com\/-sZmX9xvzh5s\/WRLMcDJTdBI\/AAAAAAAAAAM\/R7n8fW_zxUkPNbXsi0B-xLSO_eJA0Y91wCLcB\/s640\/01.jpg\" width=\"640\" \/><\/a>&nbsp;<\/div>\n<div lang=\"zxx\" style=\"margin-bottom: 0cm\"><\/div>\n<div lang=\"zxx\" style=\"margin-bottom: 0cm\"><\/div>\n<div lang=\"zxx\" style=\"margin-bottom: 0cm\">El pasado 25 de abril se emiti\u00f3 el \u00faltimo de los dos programas que Arag\u00f3n Radio ha dedicado a los pozos de nieve y hielo aragoneses, en el marco de la colaboraci\u00f3n semanal de SIPCA con el espacio cultural \u00abLa torre de Babel\u00bb.<\/div>\n<div lang=\"zxx\" style=\"margin-bottom: 0cm\"><\/div>\n<div lang=\"zxx\" style=\"margin-bottom: 0cm\">Siguiendo la t\u00f3nica habitual de esta colaboraci\u00f3n, los monumentales pozos de nieve y hielo documentados en el cat\u00e1logo de patrimonio arquitect\u00f3nico de SIPCA se han combinado con la informaci\u00f3n hist\u00f3rica procedente de numerosos archivos integrados en DARA.<\/div>\n<div lang=\"zxx\" style=\"margin-bottom: 0cm\"><\/div>\n<div lang=\"zxx\" style=\"margin-bottom: 0cm\">As\u00ed, los datos y an\u00e9cdotas extra\u00eddos de las escrituras notariales conservadas en los archivos han dado sentido a esas singulares arquitecturas, en torno a las cuales se configuraron en el Arag\u00f3n de la Edad Moderna unas complejas redes comerciales que implicaban a cientos de personas.<\/div>\n<div lang=\"zxx\" style=\"margin-bottom: 0cm\"><\/div>\n<div lang=\"zxx\" style=\"margin-bottom: 0cm\">De este modo,  jornaleros y arrieros, grandes mercaderes y familias nobles, desfilan a lo largo de los dos programas, protagonizando<span><span style=\"font-weight: normal\">historias que combinan los riesgos y fatigas de un trabajo penoso en las monta\u00f1as con la picaresca del mundo mercantil en las ciudades.<\/span><\/span><\/div>\n<div lang=\"zxx\" style=\"margin-bottom: 0cm\"><\/div>\n<div lang=\"zxx\" style=\"margin-bottom: 0cm\">Los podcast de ambos programas, acompa\u00f1ados de fotograf\u00edas e informaci\u00f3n complementaria, se encuentran ya accesibles en el portal SIPCA:<\/div>\n<div lang=\"zxx\" style=\"margin-bottom: 0cm\"><\/div>\n<div lang=\"zxx\" style=\"margin-bottom: 0cm\">* <a href=\"http:\/\/www.sipca.es\/tematicas\/sugerencia.jsp?id_noticia=178&amp;vieneDe=lista#.WRLLAsbYWUk\">Arquitectura y redes comerciales de la nieve y el hielo<\/a><span><\/span>. Emitido el 18 de abril de 2017<\/div>\n<div lang=\"zxx\" style=\"margin-bottom: 0cm\">* <a href=\"http:\/\/www.sipca.es\/tematicas\/sugerencia.jsp?id_noticia=179&amp;vieneDe=lista#.WRLLOsbYWUk\">Nieve para todos: de la monta\u00f1a a las never\u00edas<\/a>. Emitido el 25 de abril de 2017<\/div>\n<div lang=\"zxx\" style=\"margin-bottom: 0cm\"><\/div>\n<div lang=\"zxx\" style=\"margin-bottom: 0cm\">Para acceder a programas anteriores, pulsad <a href=\"http:\/\/www.sipca.es\/tematicas\/sugerencias-tematicas.jsp\">aqu\u00ed<\/a>.<\/div>\n","protected":false},"excerpt":{"rendered":"<p>&nbsp; El pasado 25 de abril se emiti\u00f3 el \u00faltimo de los dos programas que Arag\u00f3n Radio ha dedicado a los pozos de nieve y hielo aragoneses, en el marco de la colaboraci\u00f3n semanal de SIPCA con el espacio cultural \u00abLa torre de Babel\u00bb. Siguiendo la t\u00f3nica habitual de esta colaboraci\u00f3n, los monumentales pozos de [&hellip;]<\/p>\n","protected":false},"author":24,"featured_media":0,"comment_status":"open","ping_status":"closed","sticky":false,"template":"","format":"standard","meta":{"_et_pb_use_builder":"","_et_pb_old_content":"","_et_gb_content_width":"","om_disable_all_campaigns":false,"_monsterinsights_skip_tracking":false,"_monsterinsights_sitenote_active":false,"_monsterinsights_sitenote_note":"","_monsterinsights_sitenote_category":0,"_uf_show_specific_survey":0,"_uf_disable_surveys":false,"footnotes":""},"categories":[5],"tags":[400,413,543,567],"class_list":["post-362","post","type-post","status-publish","format-standard","hentry","category-noticias","tag-aragon-radio","tag-arquitectura","tag-pozos-de-nieve","tag-sipca"],"yoast_head":"<!-- This site is optimized with the Yoast SEO plugin v26.2 - https:\/\/yoast.com\/wordpress\/plugins\/seo\/ -->\n<title>MEMORIA Y PATRIMONIO DE LA NIEVE - DARA GENERAL<\/title>\n<meta name=\"robots\" content=\"index, follow, max-snippet:-1, max-image-preview:large, max-video-preview:-1\" \/>\n<link rel=\"canonical\" href=\"https:\/\/dara.aragon.es\/dara\/blog\/memoria-y-patrimonio-de-la-nieve\/\" \/>\n<meta property=\"og:locale\" content=\"es_ES\" \/>\n<meta property=\"og:type\" content=\"article\" \/>\n<meta property=\"og:title\" content=\"MEMORIA Y PATRIMONIO DE LA NIEVE - DARA GENERAL\" \/>\n<meta property=\"og:description\" content=\"&nbsp; El pasado 25 de abril se emiti\u00f3 el \u00faltimo de los dos programas que Arag\u00f3n Radio ha dedicado a los pozos de nieve y hielo aragoneses, en el marco de la colaboraci\u00f3n semanal de SIPCA con el espacio cultural \u00abLa torre de Babel\u00bb. Siguiendo la t\u00f3nica habitual de esta colaboraci\u00f3n, los monumentales pozos de [&hellip;]\" \/>\n<meta property=\"og:url\" content=\"https:\/\/dara.aragon.es\/dara\/blog\/memoria-y-patrimonio-de-la-nieve\/\" \/>\n<meta property=\"og:site_name\" content=\"DARA GENERAL\" \/>\n<meta property=\"article:published_time\" content=\"2017-05-10T08:38:00+00:00\" \/>\n<meta property=\"article:modified_time\" content=\"2024-10-22T13:48:57+00:00\" \/>\n<meta property=\"og:image\" content=\"https:\/\/3.bp.blogspot.com\/-sZmX9xvzh5s\/WRLMcDJTdBI\/AAAAAAAAAAM\/R7n8fW_zxUkPNbXsi0B-xLSO_eJA0Y91wCLcB\/s640\/01.jpg\" \/>\n<meta name=\"author\" content=\"SIPCA Difusi\u00f3n Francisco Bolea\" \/>\n<meta name=\"twitter:card\" content=\"summary_large_image\" \/>\n<meta name=\"twitter:label1\" content=\"Escrito por\" \/>\n\t<meta name=\"twitter:data1\" content=\"SIPCA Difusi\u00f3n Francisco Bolea\" \/>\n\t<meta name=\"twitter:label2\" content=\"Tiempo de lectura\" \/>\n\t<meta name=\"twitter:data2\" content=\"1 minuto\" \/>\n<script type=\"application\/ld+json\" class=\"yoast-schema-graph\">{\"@context\":\"https:\/\/schema.org\",\"@graph\":[{\"@type\":\"WebPage\",\"@id\":\"https:\/\/dara.aragon.es\/dara\/blog\/memoria-y-patrimonio-de-la-nieve\/\",\"url\":\"https:\/\/dara.aragon.es\/dara\/blog\/memoria-y-patrimonio-de-la-nieve\/\",\"name\":\"MEMORIA Y PATRIMONIO DE LA NIEVE - DARA GENERAL\",\"isPartOf\":{\"@id\":\"https:\/\/dara.aragon.es\/dara\/#website\"},\"primaryImageOfPage\":{\"@id\":\"https:\/\/dara.aragon.es\/dara\/blog\/memoria-y-patrimonio-de-la-nieve\/#primaryimage\"},\"image\":{\"@id\":\"https:\/\/dara.aragon.es\/dara\/blog\/memoria-y-patrimonio-de-la-nieve\/#primaryimage\"},\"thumbnailUrl\":\"https:\/\/3.bp.blogspot.com\/-sZmX9xvzh5s\/WRLMcDJTdBI\/AAAAAAAAAAM\/R7n8fW_zxUkPNbXsi0B-xLSO_eJA0Y91wCLcB\/s640\/01.jpg\",\"datePublished\":\"2017-05-10T08:38:00+00:00\",\"dateModified\":\"2024-10-22T13:48:57+00:00\",\"author\":{\"@id\":\"https:\/\/dara.aragon.es\/dara\/#\/schema\/person\/b960cc2d8cda4f26ed522948bccf102e\"},\"breadcrumb\":{\"@id\":\"https:\/\/dara.aragon.es\/dara\/blog\/memoria-y-patrimonio-de-la-nieve\/#breadcrumb\"},\"inLanguage\":\"es\",\"potentialAction\":[{\"@type\":\"ReadAction\",\"target\":[\"https:\/\/dara.aragon.es\/dara\/blog\/memoria-y-patrimonio-de-la-nieve\/\"]}]},{\"@type\":\"ImageObject\",\"inLanguage\":\"es\",\"@id\":\"https:\/\/dara.aragon.es\/dara\/blog\/memoria-y-patrimonio-de-la-nieve\/#primaryimage\",\"url\":\"https:\/\/3.bp.blogspot.com\/-sZmX9xvzh5s\/WRLMcDJTdBI\/AAAAAAAAAAM\/R7n8fW_zxUkPNbXsi0B-xLSO_eJA0Y91wCLcB\/s640\/01.jpg\",\"contentUrl\":\"https:\/\/3.bp.blogspot.com\/-sZmX9xvzh5s\/WRLMcDJTdBI\/AAAAAAAAAAM\/R7n8fW_zxUkPNbXsi0B-xLSO_eJA0Y91wCLcB\/s640\/01.jpg\"},{\"@type\":\"BreadcrumbList\",\"@id\":\"https:\/\/dara.aragon.es\/dara\/blog\/memoria-y-patrimonio-de-la-nieve\/#breadcrumb\",\"itemListElement\":[{\"@type\":\"ListItem\",\"position\":1,\"name\":\"Portada\",\"item\":\"https:\/\/dara.aragon.es\/dara\/\"},{\"@type\":\"ListItem\",\"position\":2,\"name\":\"MEMORIA Y PATRIMONIO DE LA NIEVE\"}]},{\"@type\":\"WebSite\",\"@id\":\"https:\/\/dara.aragon.es\/dara\/#website\",\"url\":\"https:\/\/dara.aragon.es\/dara\/\",\"name\":\"DARA GENERAL\",\"description\":\"Documentos y archivos de Arag\u00f3n\",\"potentialAction\":[{\"@type\":\"SearchAction\",\"target\":{\"@type\":\"EntryPoint\",\"urlTemplate\":\"https:\/\/dara.aragon.es\/dara\/?s={search_term_string}\"},\"query-input\":{\"@type\":\"PropertyValueSpecification\",\"valueRequired\":true,\"valueName\":\"search_term_string\"}}],\"inLanguage\":\"es\"},{\"@type\":\"Person\",\"@id\":\"https:\/\/dara.aragon.es\/dara\/#\/schema\/person\/b960cc2d8cda4f26ed522948bccf102e\",\"name\":\"SIPCA Difusi\u00f3n Francisco Bolea\",\"image\":{\"@type\":\"ImageObject\",\"inLanguage\":\"es\",\"@id\":\"https:\/\/dara.aragon.es\/dara\/#\/schema\/person\/image\/\",\"url\":\"https:\/\/secure.gravatar.com\/avatar\/ac73812b13ef114a4ae78e81b14a1ed38e2d8c146de877d7e5648a31b5d53874?s=96&d=mm&r=g\",\"contentUrl\":\"https:\/\/secure.gravatar.com\/avatar\/ac73812b13ef114a4ae78e81b14a1ed38e2d8c146de877d7e5648a31b5d53874?s=96&d=mm&r=g\",\"caption\":\"SIPCA Difusi\u00f3n Francisco Bolea\"},\"url\":\"https:\/\/dara.aragon.es\/dara\/blog\/author\/difsipca\/\"}]}<\/script>\n<!-- \/ Yoast SEO plugin. -->","yoast_head_json":{"title":"MEMORIA Y PATRIMONIO DE LA NIEVE - DARA GENERAL","robots":{"index":"index","follow":"follow","max-snippet":"max-snippet:-1","max-image-preview":"max-image-preview:large","max-video-preview":"max-video-preview:-1"},"canonical":"https:\/\/dara.aragon.es\/dara\/blog\/memoria-y-patrimonio-de-la-nieve\/","og_locale":"es_ES","og_type":"article","og_title":"MEMORIA Y PATRIMONIO DE LA NIEVE - DARA GENERAL","og_description":"&nbsp; El pasado 25 de abril se emiti\u00f3 el \u00faltimo de los dos programas que Arag\u00f3n Radio ha dedicado a los pozos de nieve y hielo aragoneses, en el marco de la colaboraci\u00f3n semanal de SIPCA con el espacio cultural \u00abLa torre de Babel\u00bb. Siguiendo la t\u00f3nica habitual de esta colaboraci\u00f3n, los monumentales pozos de [&hellip;]","og_url":"https:\/\/dara.aragon.es\/dara\/blog\/memoria-y-patrimonio-de-la-nieve\/","og_site_name":"DARA GENERAL","article_published_time":"2017-05-10T08:38:00+00:00","article_modified_time":"2024-10-22T13:48:57+00:00","og_image":[{"url":"https:\/\/3.bp.blogspot.com\/-sZmX9xvzh5s\/WRLMcDJTdBI\/AAAAAAAAAAM\/R7n8fW_zxUkPNbXsi0B-xLSO_eJA0Y91wCLcB\/s640\/01.jpg","type":"","width":"","height":""}],"author":"SIPCA Difusi\u00f3n Francisco Bolea","twitter_card":"summary_large_image","twitter_misc":{"Escrito por":"SIPCA Difusi\u00f3n Francisco Bolea","Tiempo de lectura":"1 minuto"},"schema":{"@context":"https:\/\/schema.org","@graph":[{"@type":"WebPage","@id":"https:\/\/dara.aragon.es\/dara\/blog\/memoria-y-patrimonio-de-la-nieve\/","url":"https:\/\/dara.aragon.es\/dara\/blog\/memoria-y-patrimonio-de-la-nieve\/","name":"MEMORIA Y PATRIMONIO DE LA NIEVE - DARA GENERAL","isPartOf":{"@id":"https:\/\/dara.aragon.es\/dara\/#website"},"primaryImageOfPage":{"@id":"https:\/\/dara.aragon.es\/dara\/blog\/memoria-y-patrimonio-de-la-nieve\/#primaryimage"},"image":{"@id":"https:\/\/dara.aragon.es\/dara\/blog\/memoria-y-patrimonio-de-la-nieve\/#primaryimage"},"thumbnailUrl":"https:\/\/3.bp.blogspot.com\/-sZmX9xvzh5s\/WRLMcDJTdBI\/AAAAAAAAAAM\/R7n8fW_zxUkPNbXsi0B-xLSO_eJA0Y91wCLcB\/s640\/01.jpg","datePublished":"2017-05-10T08:38:00+00:00","dateModified":"2024-10-22T13:48:57+00:00","author":{"@id":"https:\/\/dara.aragon.es\/dara\/#\/schema\/person\/b960cc2d8cda4f26ed522948bccf102e"},"breadcrumb":{"@id":"https:\/\/dara.aragon.es\/dara\/blog\/memoria-y-patrimonio-de-la-nieve\/#breadcrumb"},"inLanguage":"es","potentialAction":[{"@type":"ReadAction","target":["https:\/\/dara.aragon.es\/dara\/blog\/memoria-y-patrimonio-de-la-nieve\/"]}]},{"@type":"ImageObject","inLanguage":"es","@id":"https:\/\/dara.aragon.es\/dara\/blog\/memoria-y-patrimonio-de-la-nieve\/#primaryimage","url":"https:\/\/3.bp.blogspot.com\/-sZmX9xvzh5s\/WRLMcDJTdBI\/AAAAAAAAAAM\/R7n8fW_zxUkPNbXsi0B-xLSO_eJA0Y91wCLcB\/s640\/01.jpg","contentUrl":"https:\/\/3.bp.blogspot.com\/-sZmX9xvzh5s\/WRLMcDJTdBI\/AAAAAAAAAAM\/R7n8fW_zxUkPNbXsi0B-xLSO_eJA0Y91wCLcB\/s640\/01.jpg"},{"@type":"BreadcrumbList","@id":"https:\/\/dara.aragon.es\/dara\/blog\/memoria-y-patrimonio-de-la-nieve\/#breadcrumb","itemListElement":[{"@type":"ListItem","position":1,"name":"Portada","item":"https:\/\/dara.aragon.es\/dara\/"},{"@type":"ListItem","position":2,"name":"MEMORIA Y PATRIMONIO DE LA NIEVE"}]},{"@type":"WebSite","@id":"https:\/\/dara.aragon.es\/dara\/#website","url":"https:\/\/dara.aragon.es\/dara\/","name":"DARA GENERAL","description":"Documentos y archivos de Arag\u00f3n","potentialAction":[{"@type":"SearchAction","target":{"@type":"EntryPoint","urlTemplate":"https:\/\/dara.aragon.es\/dara\/?s={search_term_string}"},"query-input":{"@type":"PropertyValueSpecification","valueRequired":true,"valueName":"search_term_string"}}],"inLanguage":"es"},{"@type":"Person","@id":"https:\/\/dara.aragon.es\/dara\/#\/schema\/person\/b960cc2d8cda4f26ed522948bccf102e","name":"SIPCA Difusi\u00f3n Francisco Bolea","image":{"@type":"ImageObject","inLanguage":"es","@id":"https:\/\/dara.aragon.es\/dara\/#\/schema\/person\/image\/","url":"https:\/\/secure.gravatar.com\/avatar\/ac73812b13ef114a4ae78e81b14a1ed38e2d8c146de877d7e5648a31b5d53874?s=96&d=mm&r=g","contentUrl":"https:\/\/secure.gravatar.com\/avatar\/ac73812b13ef114a4ae78e81b14a1ed38e2d8c146de877d7e5648a31b5d53874?s=96&d=mm&r=g","caption":"SIPCA Difusi\u00f3n Francisco Bolea"},"url":"https:\/\/dara.aragon.es\/dara\/blog\/author\/difsipca\/"}]}},"_links":{"self":[{"href":"https:\/\/dara.aragon.es\/dara\/wp-json\/wp\/v2\/posts\/362","targetHints":{"allow":["GET"]}}],"collection":[{"href":"https:\/\/dara.aragon.es\/dara\/wp-json\/wp\/v2\/posts"}],"about":[{"href":"https:\/\/dara.aragon.es\/dara\/wp-json\/wp\/v2\/types\/post"}],"author":[{"embeddable":true,"href":"https:\/\/dara.aragon.es\/dara\/wp-json\/wp\/v2\/users\/24"}],"replies":[{"embeddable":true,"href":"https:\/\/dara.aragon.es\/dara\/wp-json\/wp\/v2\/comments?post=362"}],"version-history":[{"count":0,"href":"https:\/\/dara.aragon.es\/dara\/wp-json\/wp\/v2\/posts\/362\/revisions"}],"wp:attachment":[{"href":"https:\/\/dara.aragon.es\/dara\/wp-json\/wp\/v2\/media?parent=362"}],"wp:term":[{"taxonomy":"category","embeddable":true,"href":"https:\/\/dara.aragon.es\/dara\/wp-json\/wp\/v2\/categories?post=362"},{"taxonomy":"post_tag","embeddable":true,"href":"https:\/\/dara.aragon.es\/dara\/wp-json\/wp\/v2\/tags?post=362"}],"curies":[{"name":"wp","href":"https:\/\/api.w.org\/{rel}","templated":true}]}}