{"id":366,"date":"2017-03-21T08:40:00","date_gmt":"2017-03-21T08:40:00","guid":{"rendered":"https:\/\/dara.aragon.es\/dara\/blog\/2017\/03\/21\/el-archivo-universitario-en-dara\/"},"modified":"2024-10-23T06:31:39","modified_gmt":"2024-10-23T06:31:39","slug":"el-archivo-universitario-en-dara","status":"publish","type":"post","link":"https:\/\/dara.aragon.es\/dara\/blog\/el-archivo-universitario-en-dara\/","title":{"rendered":"El Archivo Universitario en DARA"},"content":{"rendered":"<p><\/p>\n<div style=\"clear: both;text-align: center\"><a href=\"https:\/\/4.bp.blogspot.com\/-yNoB607psYg\/WND43KBK2MI\/AAAAAAAAAak\/Omt1hz7dFxw6xTS4H6GDtPOkzwwxXEPZgCLcB\/s1600\/Convenio%2BUNIZAR.JPG\" style=\"margin-left: 1em;margin-right: 1em\"><img loading=\"lazy\" decoding=\"async\" border=\"0\" height=\"360\" src=\"https:\/\/4.bp.blogspot.com\/-yNoB607psYg\/WND43KBK2MI\/AAAAAAAAAak\/Omt1hz7dFxw6xTS4H6GDtPOkzwwxXEPZgCLcB\/s640\/Convenio%2BUNIZAR.JPG\" width=\"640\" \/><\/a><\/div>\n<p>La consejera de Educaci\u00f3n, Cultura y Deporte del Gobierno de Arag\u00f3n, Mayte P\u00e9rez, y el rector de la Universidad de Zaragoza, Jos\u00e9 Antonio Mayoral, firmaron el d\u00eda 16 de marzo el convenio de colaboraci\u00f3n para la incorporaci\u00f3n del <a href=\"http:\/\/albarracin.unizar.es\/jopac\/controladorconopac?usr=null\">Archivo Universitario<\/a> al buscador DARA.<\/p>\n<div style=\"line-height: normal;margin-bottom: .0001pt;margin-bottom: 0cm;text-align: justify\"><span style=\"font-size: 12.0pt\">El fondo del Archivo Universitario,&nbsp; est\u00e1 integrado por la documentaci\u00f3n generada por la propia Universidad en el transcurso de su gesti\u00f3n, como instituci\u00f3n comprometida con la sociedad y cuya actividad esencial es la formaci\u00f3n superior y la investigaci\u00f3n.<\/span><\/div>\n<div style=\"line-height: normal;margin-bottom: .0001pt;margin-bottom: 0cm;text-align: justify\"><\/div>\n<div style=\"line-height: normal;margin-bottom: .0001pt;margin-bottom: 0cm;text-align: justify\"><span style=\"font-size: 12.0pt\">Se suma al fondo propiamente universitario, la documentaci\u00f3n generada por escuelas profesionales como la escuela de<span>&nbsp; <\/span>comercio, escuelas normales de maestros y maestras o la escuela de ingenieros, entre otros.<\/span><\/div>\n<div style=\"line-height: normal;margin-bottom: .0001pt;margin-bottom: 0cm;text-align: justify\"><\/div>\n<div style=\"line-height: normal;margin-bottom: .0001pt;margin-bottom: 0cm;text-align: justify\"><span style=\"font-size: 12.0pt\">A parte de documentaci\u00f3n textual, el archivo conserva una colecci\u00f3n de \u00e1lbumes fotogr\u00e1ficos relativos a actos protocolarios y una colecci\u00f3n de carteles.<\/span><\/div>\n<div style=\"line-height: normal;margin-bottom: .0001pt;margin-bottom: 0cm;text-align: justify\"><\/div>\n<div style=\"line-height: normal;margin-bottom: .0001pt;margin-bottom: 0cm;text-align: justify\"><span style=\"font-size: 12.0pt\">Adem\u00e1s del fondo de mayor antig\u00fcedad, est\u00e1n digitalizadas las Actas de Junta de Gobierno de la Universidad,<span>&nbsp; <\/span>las Actas del Claustro de las escuelas profesionales y parte del fondo fotogr\u00e1fico.<\/span><\/div>\n<div style=\"line-height: normal;margin-bottom: .0001pt;margin-bottom: 0cm;text-align: justify\"><\/div>\n<div style=\"line-height: normal;margin-bottom: .0001pt;margin-bottom: 0cm;text-align: justify\"><span style=\"font-size: 12.0pt\">Uno de los objetivos a corto plazo es la integraci\u00f3n del Archivo Hist\u00f3rico de la Universidad de Zaragoza al sistema archiv\u00edstico universitario. Se proceder\u00e1 a la descripci\u00f3n de su fondo en la herramienta de gesti\u00f3n del archivo (Odilo) con el fin de<span>&nbsp; <\/span>incorporar todos los documentos digitalizados a <span>&nbsp;<\/span>DARA.<\/span><\/div>\n<div style=\"line-height: normal;margin-bottom: .0001pt;margin-bottom: 0cm;text-align: justify\"><\/div>\n<div style=\"line-height: normal;margin-bottom: .0001pt;margin-bottom: 0cm;text-align: justify\"><span style=\"font-size: 12.0pt\">Era necesario que la Universidad de Zaragoza integrara<span>&nbsp; <\/span>su patrimonio documental en el Sistema de Informaci\u00f3n de Patrimonio Cultural Aragon\u00e9s.<\/span><\/div>\n","protected":false},"excerpt":{"rendered":"<p>La consejera de Educaci\u00f3n, Cultura y Deporte del Gobierno de Arag\u00f3n, Mayte P\u00e9rez, y el rector de la Universidad de Zaragoza, Jos\u00e9 Antonio Mayoral, firmaron el d\u00eda 16 de marzo el convenio de colaboraci\u00f3n para la incorporaci\u00f3n del Archivo Universitario al buscador DARA. El fondo del Archivo Universitario,&nbsp; est\u00e1 integrado por la documentaci\u00f3n generada por [&hellip;]<\/p>\n","protected":false},"author":15,"featured_media":6476,"comment_status":"open","ping_status":"closed","sticky":false,"template":"","format":"standard","meta":{"_et_pb_use_builder":"","_et_pb_old_content":"","_et_gb_content_width":"","om_disable_all_campaigns":false,"_monsterinsights_skip_tracking":false,"_monsterinsights_sitenote_active":false,"_monsterinsights_sitenote_note":"","_monsterinsights_sitenote_category":0,"_uf_show_specific_survey":0,"_uf_disable_surveys":false,"footnotes":""},"categories":[245,110,5],"tags":[411,579],"class_list":["post-366","post","type-post","status-publish","format-standard","has-post-thumbnail","hentry","category-archivo-de-la-universidad-de-zaragoza","category-faqarchivos","category-noticias","tag-archivos-universitarios","tag-universidad-de-zaragoza"],"yoast_head":"<!-- This site is optimized with the Yoast SEO plugin v26.2 - https:\/\/yoast.com\/wordpress\/plugins\/seo\/ -->\n<title>El Archivo Universitario en DARA - DARA GENERAL<\/title>\n<meta name=\"robots\" content=\"index, follow, max-snippet:-1, max-image-preview:large, max-video-preview:-1\" \/>\n<link rel=\"canonical\" href=\"https:\/\/dara.aragon.es\/dara\/blog\/el-archivo-universitario-en-dara\/\" \/>\n<meta property=\"og:locale\" content=\"es_ES\" \/>\n<meta property=\"og:type\" content=\"article\" \/>\n<meta property=\"og:title\" content=\"El Archivo Universitario en DARA - DARA GENERAL\" \/>\n<meta property=\"og:description\" content=\"La consejera de Educaci\u00f3n, Cultura y Deporte del Gobierno de Arag\u00f3n, Mayte P\u00e9rez, y el rector de la Universidad de Zaragoza, Jos\u00e9 Antonio Mayoral, firmaron el d\u00eda 16 de marzo el convenio de colaboraci\u00f3n para la incorporaci\u00f3n del Archivo Universitario al buscador DARA. El fondo del Archivo Universitario,&nbsp; est\u00e1 integrado por la documentaci\u00f3n generada por [&hellip;]\" \/>\n<meta property=\"og:url\" content=\"https:\/\/dara.aragon.es\/dara\/blog\/el-archivo-universitario-en-dara\/\" \/>\n<meta property=\"og:site_name\" content=\"DARA GENERAL\" \/>\n<meta property=\"article:published_time\" content=\"2017-03-21T08:40:00+00:00\" \/>\n<meta property=\"article:modified_time\" content=\"2024-10-23T06:31:39+00:00\" \/>\n<meta property=\"og:image\" content=\"https:\/\/dara.aragon.es\/dara\/wp-content\/uploads\/2017\/03\/Convenio-UNIZAR.jpg\" \/>\n\t<meta property=\"og:image:width\" content=\"640\" \/>\n\t<meta property=\"og:image:height\" content=\"360\" \/>\n\t<meta property=\"og:image:type\" content=\"image\/jpeg\" \/>\n<meta name=\"author\" content=\"Ana Gasc\u00f3n Archivo Universitario de Zaragoza\" \/>\n<meta name=\"twitter:card\" content=\"summary_large_image\" \/>\n<meta name=\"twitter:label1\" content=\"Escrito por\" \/>\n\t<meta name=\"twitter:data1\" content=\"Ana Gasc\u00f3n Archivo Universitario de Zaragoza\" \/>\n\t<meta name=\"twitter:label2\" content=\"Tiempo de lectura\" \/>\n\t<meta name=\"twitter:data2\" content=\"1 minuto\" \/>\n<script type=\"application\/ld+json\" class=\"yoast-schema-graph\">{\"@context\":\"https:\/\/schema.org\",\"@graph\":[{\"@type\":\"WebPage\",\"@id\":\"https:\/\/dara.aragon.es\/dara\/blog\/el-archivo-universitario-en-dara\/\",\"url\":\"https:\/\/dara.aragon.es\/dara\/blog\/el-archivo-universitario-en-dara\/\",\"name\":\"El Archivo Universitario en DARA - DARA GENERAL\",\"isPartOf\":{\"@id\":\"https:\/\/dara.aragon.es\/dara\/#website\"},\"primaryImageOfPage\":{\"@id\":\"https:\/\/dara.aragon.es\/dara\/blog\/el-archivo-universitario-en-dara\/#primaryimage\"},\"image\":{\"@id\":\"https:\/\/dara.aragon.es\/dara\/blog\/el-archivo-universitario-en-dara\/#primaryimage\"},\"thumbnailUrl\":\"https:\/\/dara.aragon.es\/dara\/wp-content\/uploads\/2017\/03\/Convenio-UNIZAR.jpg\",\"datePublished\":\"2017-03-21T08:40:00+00:00\",\"dateModified\":\"2024-10-23T06:31:39+00:00\",\"author\":{\"@id\":\"https:\/\/dara.aragon.es\/dara\/#\/schema\/person\/5c13ac9e501f688ac58353b83f266af8\"},\"breadcrumb\":{\"@id\":\"https:\/\/dara.aragon.es\/dara\/blog\/el-archivo-universitario-en-dara\/#breadcrumb\"},\"inLanguage\":\"es\",\"potentialAction\":[{\"@type\":\"ReadAction\",\"target\":[\"https:\/\/dara.aragon.es\/dara\/blog\/el-archivo-universitario-en-dara\/\"]}]},{\"@type\":\"ImageObject\",\"inLanguage\":\"es\",\"@id\":\"https:\/\/dara.aragon.es\/dara\/blog\/el-archivo-universitario-en-dara\/#primaryimage\",\"url\":\"https:\/\/dara.aragon.es\/dara\/wp-content\/uploads\/2017\/03\/Convenio-UNIZAR.jpg\",\"contentUrl\":\"https:\/\/dara.aragon.es\/dara\/wp-content\/uploads\/2017\/03\/Convenio-UNIZAR.jpg\",\"width\":640,\"height\":360},{\"@type\":\"BreadcrumbList\",\"@id\":\"https:\/\/dara.aragon.es\/dara\/blog\/el-archivo-universitario-en-dara\/#breadcrumb\",\"itemListElement\":[{\"@type\":\"ListItem\",\"position\":1,\"name\":\"Portada\",\"item\":\"https:\/\/dara.aragon.es\/dara\/\"},{\"@type\":\"ListItem\",\"position\":2,\"name\":\"El Archivo Universitario en DARA\"}]},{\"@type\":\"WebSite\",\"@id\":\"https:\/\/dara.aragon.es\/dara\/#website\",\"url\":\"https:\/\/dara.aragon.es\/dara\/\",\"name\":\"DARA GENERAL\",\"description\":\"Documentos y archivos de Arag\u00f3n\",\"potentialAction\":[{\"@type\":\"SearchAction\",\"target\":{\"@type\":\"EntryPoint\",\"urlTemplate\":\"https:\/\/dara.aragon.es\/dara\/?s={search_term_string}\"},\"query-input\":{\"@type\":\"PropertyValueSpecification\",\"valueRequired\":true,\"valueName\":\"search_term_string\"}}],\"inLanguage\":\"es\"},{\"@type\":\"Person\",\"@id\":\"https:\/\/dara.aragon.es\/dara\/#\/schema\/person\/5c13ac9e501f688ac58353b83f266af8\",\"name\":\"Ana Gasc\u00f3n Archivo Universitario de Zaragoza\",\"image\":{\"@type\":\"ImageObject\",\"inLanguage\":\"es\",\"@id\":\"https:\/\/dara.aragon.es\/dara\/#\/schema\/person\/image\/\",\"url\":\"https:\/\/secure.gravatar.com\/avatar\/2a4662ab94de8b089192080b850505283a537b0b3f58acda8e66552f5327c671?s=96&d=mm&r=g\",\"contentUrl\":\"https:\/\/secure.gravatar.com\/avatar\/2a4662ab94de8b089192080b850505283a537b0b3f58acda8e66552f5327c671?s=96&d=mm&r=g\",\"caption\":\"Ana Gasc\u00f3n Archivo Universitario de Zaragoza\"},\"url\":\"https:\/\/dara.aragon.es\/dara\/blog\/author\/archiunizar\/\"}]}<\/script>\n<!-- \/ Yoast SEO plugin. -->","yoast_head_json":{"title":"El Archivo Universitario en DARA - DARA GENERAL","robots":{"index":"index","follow":"follow","max-snippet":"max-snippet:-1","max-image-preview":"max-image-preview:large","max-video-preview":"max-video-preview:-1"},"canonical":"https:\/\/dara.aragon.es\/dara\/blog\/el-archivo-universitario-en-dara\/","og_locale":"es_ES","og_type":"article","og_title":"El Archivo Universitario en DARA - DARA GENERAL","og_description":"La consejera de Educaci\u00f3n, Cultura y Deporte del Gobierno de Arag\u00f3n, Mayte P\u00e9rez, y el rector de la Universidad de Zaragoza, Jos\u00e9 Antonio Mayoral, firmaron el d\u00eda 16 de marzo el convenio de colaboraci\u00f3n para la incorporaci\u00f3n del Archivo Universitario al buscador DARA. El fondo del Archivo Universitario,&nbsp; est\u00e1 integrado por la documentaci\u00f3n generada por [&hellip;]","og_url":"https:\/\/dara.aragon.es\/dara\/blog\/el-archivo-universitario-en-dara\/","og_site_name":"DARA GENERAL","article_published_time":"2017-03-21T08:40:00+00:00","article_modified_time":"2024-10-23T06:31:39+00:00","og_image":[{"width":640,"height":360,"url":"https:\/\/dara.aragon.es\/dara\/wp-content\/uploads\/2017\/03\/Convenio-UNIZAR.jpg","type":"image\/jpeg"}],"author":"Ana Gasc\u00f3n Archivo Universitario de Zaragoza","twitter_card":"summary_large_image","twitter_misc":{"Escrito por":"Ana Gasc\u00f3n Archivo Universitario de Zaragoza","Tiempo de lectura":"1 minuto"},"schema":{"@context":"https:\/\/schema.org","@graph":[{"@type":"WebPage","@id":"https:\/\/dara.aragon.es\/dara\/blog\/el-archivo-universitario-en-dara\/","url":"https:\/\/dara.aragon.es\/dara\/blog\/el-archivo-universitario-en-dara\/","name":"El Archivo Universitario en DARA - DARA GENERAL","isPartOf":{"@id":"https:\/\/dara.aragon.es\/dara\/#website"},"primaryImageOfPage":{"@id":"https:\/\/dara.aragon.es\/dara\/blog\/el-archivo-universitario-en-dara\/#primaryimage"},"image":{"@id":"https:\/\/dara.aragon.es\/dara\/blog\/el-archivo-universitario-en-dara\/#primaryimage"},"thumbnailUrl":"https:\/\/dara.aragon.es\/dara\/wp-content\/uploads\/2017\/03\/Convenio-UNIZAR.jpg","datePublished":"2017-03-21T08:40:00+00:00","dateModified":"2024-10-23T06:31:39+00:00","author":{"@id":"https:\/\/dara.aragon.es\/dara\/#\/schema\/person\/5c13ac9e501f688ac58353b83f266af8"},"breadcrumb":{"@id":"https:\/\/dara.aragon.es\/dara\/blog\/el-archivo-universitario-en-dara\/#breadcrumb"},"inLanguage":"es","potentialAction":[{"@type":"ReadAction","target":["https:\/\/dara.aragon.es\/dara\/blog\/el-archivo-universitario-en-dara\/"]}]},{"@type":"ImageObject","inLanguage":"es","@id":"https:\/\/dara.aragon.es\/dara\/blog\/el-archivo-universitario-en-dara\/#primaryimage","url":"https:\/\/dara.aragon.es\/dara\/wp-content\/uploads\/2017\/03\/Convenio-UNIZAR.jpg","contentUrl":"https:\/\/dara.aragon.es\/dara\/wp-content\/uploads\/2017\/03\/Convenio-UNIZAR.jpg","width":640,"height":360},{"@type":"BreadcrumbList","@id":"https:\/\/dara.aragon.es\/dara\/blog\/el-archivo-universitario-en-dara\/#breadcrumb","itemListElement":[{"@type":"ListItem","position":1,"name":"Portada","item":"https:\/\/dara.aragon.es\/dara\/"},{"@type":"ListItem","position":2,"name":"El Archivo Universitario en DARA"}]},{"@type":"WebSite","@id":"https:\/\/dara.aragon.es\/dara\/#website","url":"https:\/\/dara.aragon.es\/dara\/","name":"DARA GENERAL","description":"Documentos y archivos de Arag\u00f3n","potentialAction":[{"@type":"SearchAction","target":{"@type":"EntryPoint","urlTemplate":"https:\/\/dara.aragon.es\/dara\/?s={search_term_string}"},"query-input":{"@type":"PropertyValueSpecification","valueRequired":true,"valueName":"search_term_string"}}],"inLanguage":"es"},{"@type":"Person","@id":"https:\/\/dara.aragon.es\/dara\/#\/schema\/person\/5c13ac9e501f688ac58353b83f266af8","name":"Ana Gasc\u00f3n Archivo Universitario de Zaragoza","image":{"@type":"ImageObject","inLanguage":"es","@id":"https:\/\/dara.aragon.es\/dara\/#\/schema\/person\/image\/","url":"https:\/\/secure.gravatar.com\/avatar\/2a4662ab94de8b089192080b850505283a537b0b3f58acda8e66552f5327c671?s=96&d=mm&r=g","contentUrl":"https:\/\/secure.gravatar.com\/avatar\/2a4662ab94de8b089192080b850505283a537b0b3f58acda8e66552f5327c671?s=96&d=mm&r=g","caption":"Ana Gasc\u00f3n Archivo Universitario de Zaragoza"},"url":"https:\/\/dara.aragon.es\/dara\/blog\/author\/archiunizar\/"}]}},"_links":{"self":[{"href":"https:\/\/dara.aragon.es\/dara\/wp-json\/wp\/v2\/posts\/366","targetHints":{"allow":["GET"]}}],"collection":[{"href":"https:\/\/dara.aragon.es\/dara\/wp-json\/wp\/v2\/posts"}],"about":[{"href":"https:\/\/dara.aragon.es\/dara\/wp-json\/wp\/v2\/types\/post"}],"author":[{"embeddable":true,"href":"https:\/\/dara.aragon.es\/dara\/wp-json\/wp\/v2\/users\/15"}],"replies":[{"embeddable":true,"href":"https:\/\/dara.aragon.es\/dara\/wp-json\/wp\/v2\/comments?post=366"}],"version-history":[{"count":0,"href":"https:\/\/dara.aragon.es\/dara\/wp-json\/wp\/v2\/posts\/366\/revisions"}],"wp:featuredmedia":[{"embeddable":true,"href":"https:\/\/dara.aragon.es\/dara\/wp-json\/wp\/v2\/media\/6476"}],"wp:attachment":[{"href":"https:\/\/dara.aragon.es\/dara\/wp-json\/wp\/v2\/media?parent=366"}],"wp:term":[{"taxonomy":"category","embeddable":true,"href":"https:\/\/dara.aragon.es\/dara\/wp-json\/wp\/v2\/categories?post=366"},{"taxonomy":"post_tag","embeddable":true,"href":"https:\/\/dara.aragon.es\/dara\/wp-json\/wp\/v2\/tags?post=366"}],"curies":[{"name":"wp","href":"https:\/\/api.w.org\/{rel}","templated":true}]}}