{"id":3699,"date":"2024-05-30T10:44:17","date_gmt":"2024-05-30T10:44:17","guid":{"rendered":"https:\/\/dara.aragon.es\/dara\/?p=3699"},"modified":"2025-01-03T08:42:26","modified_gmt":"2025-01-03T08:42:26","slug":"semana-internacional-de-los-archivos","status":"publish","type":"post","link":"https:\/\/dara.aragon.es\/dara\/blog\/semana-internacional-de-los-archivos\/","title":{"rendered":"Semana Internacional de los Archivos en Arag\u00f3n"},"content":{"rendered":"<p>[et_pb_section fb_built=\u00bb1&#8243; _builder_version=\u00bb4.20.2&#8243; _module_preset=\u00bbdefault\u00bb global_colors_info=\u00bb{}\u00bb theme_builder_area=\u00bbpost_content\u00bb custom_padding=\u00bb|||0px||\u00bb][et_pb_row column_structure=\u00bb1_3,2_3&#8243; _builder_version=\u00bb4.20.2&#8243; _module_preset=\u00bbdefault\u00bb width=\u00bb90.6%\u00bb custom_padding=\u00bb0px||0px|0px|true|\u00bb hover_enabled=\u00bb0&#8243; global_colors_info=\u00bb{}\u00bb theme_builder_area=\u00bbpost_content\u00bb custom_margin=\u00bb49px|auto||auto||\u00bb sticky_enabled=\u00bb0&#8243;][et_pb_column type=\u00bb1_3&#8243; _builder_version=\u00bb4.20.2&#8243; _module_preset=\u00bbdefault\u00bb global_colors_info=\u00bb{}\u00bb theme_builder_area=\u00bbpost_content\u00bb][et_pb_image src=\u00bbhttps:\/\/dara.aragon.es\/dara\/wp-content\/uploads\/2024\/05\/SEMANA-ARCHIVOS_IAW2024_20240530-1.jpg\u00bb alt=\u00bbImagen #IAW2023_DEFINITIVO\u00bb title_text=\u00bbSEMANA ARCHIVOS_IAW2024_20240530-1&#8243; align=\u00bbcenter\u00bb _builder_version=\u00bb4.20.2&#8243; _module_preset=\u00bbdefault\u00bb width=\u00bb100%\u00bb max_width=\u00bb74%\u00bb module_alignment=\u00bbcenter\u00bb height=\u00bb370px\u00bb max_height=\u00bb393px\u00bb custom_margin=\u00bb0px|0px|-7px|0px|false|false\u00bb custom_padding=\u00bb0px|0px|0px|0px|false|false\u00bb hover_enabled=\u00bb0&#8243; border_style_all=\u00bbinset\u00bb global_colors_info=\u00bb{}\u00bb theme_builder_area=\u00bbpost_content\u00bb sticky_enabled=\u00bb0&#8243; url=\u00bbhttps:\/\/www.aragonhoy.es\/uploads\/files\/2024\/05\/30\/SEMANA%20ARCHIVOS%20-1-.pdf\u00bb][\/et_pb_image][et_pb_button button_text=\u00bbProgramaci\u00f3n\u00bb _builder_version=\u00bb4.20.2&#8243; _module_preset=\u00bbdefault\u00bb theme_builder_area=\u00bbpost_content\u00bb custom_margin=\u00bb34px|||20px|false|false\u00bb custom_padding=\u00bb7px|||20px|false|false\u00bb button_url=\u00bbhttps:\/\/www.aragonhoy.es\/uploads\/files\/2024\/05\/30\/SEMANA%20ARCHIVOS%20-1-.pdf\u00bb hover_enabled=\u00bb0&#8243; sticky_enabled=\u00bb0&#8243;][\/et_pb_button][\/et_pb_column][et_pb_column type=\u00bb2_3&#8243; _builder_version=\u00bb4.20.2&#8243; _module_preset=\u00bbdefault\u00bb global_colors_info=\u00bb{}\u00bb theme_builder_area=\u00bbpost_content\u00bb][et_pb_text _builder_version=\u00bb4.20.2&#8243; _module_preset=\u00bbdefault\u00bb hover_enabled=\u00bb0&#8243; global_colors_info=\u00bb{}\u00bb theme_builder_area=\u00bbpost_content\u00bb sticky_enabled=\u00bb0&#8243;]<\/p>\n<p style=\"text-align: justify;\"><strong>Con la vista puesta en los archivos dentro del entorno digital, Arag\u00f3n celebra la Semana Internacional de los Archivos <\/strong><\/p>\n<p style=\"text-align: justify;\"><em>El lema en la Comunidad Aut\u00f3noma es \u201cLos archivos, guardianes del patrimonio documental y agentes culturales\u201d<\/em><\/p>\n<p style=\"text-align: justify;\">Entre el 3 y el 9 de junio, la Direcci\u00f3n General de Cultura del Gobierno de Arag\u00f3n organiza una serie de actividades coincidiendo con la Semana Internacional de los Archivos, que impulsa el ICA (Consejo Internacional de Archivos). Este a\u00f1o para #IAW2024 presenta su lema #CiberArchivos. Con ello, se quiere profundizar en la presencia de los archivos en el mundo digital. Es, sin duda, una forma de facilitar el acceso de la ciudadan\u00eda a la informaci\u00f3n cultural y contribuir, a la vez, a la transparencia que las administraciones p\u00fablicas estamos obligadas a practicar.<\/p>\n<p style=\"text-align: justify;\">El Gobierno de Arag\u00f3n se ha sumado a la celebraci\u00f3n de esta semana internacional, #IAW2024, con un lema propio: \u201c<em>Los archivos, guardianes del patrimonio documental y agentes culturales\u201d<\/em>. Para ello, ha organizado una serie de actividades, apostando por nuevos formatos de divulgaci\u00f3n. El objetivo es contribuir en la difusi\u00f3n y el conocimiento de los archivos aragoneses y sus fondos documentales.<\/p>\n<p style=\"text-align: justify;\">En esta edici\u00f3n destaca entre las actividades programadas la jornada \u00abEl monasterio de Sigena en sus documentos\u00bb que se celebrar\u00e1 el 6 de junio a las 18.30 h. en el Archivo Hist\u00f3rico Provincial de Huesca con la presentaci\u00f3n del portal web Sigena-Virtual dentro de DARA y adem\u00e1s, de los talleres de escrituras antiguas en los Archivos Hist\u00f3ricos Provinciales.<\/p>\n<p>[\/et_pb_text][\/et_pb_column][\/et_pb_row][et_pb_row _builder_version=\u00bb4.20.2&#8243; _module_preset=\u00bbdefault\u00bb custom_margin=\u00bb-71px|auto||auto||\u00bb global_colors_info=\u00bb{}\u00bb theme_builder_area=\u00bbpost_content\u00bb][et_pb_column type=\u00bb4_4&#8243; _builder_version=\u00bb4.20.2&#8243; _module_preset=\u00bbdefault\u00bb global_colors_info=\u00bb{}\u00bb theme_builder_area=\u00bbpost_content\u00bb][et_pb_divider show_divider=\u00bboff\u00bb _builder_version=\u00bb4.20.2&#8243; _module_preset=\u00bbdefault\u00bb global_colors_info=\u00bb{}\u00bb theme_builder_area=\u00bbpost_content\u00bb][\/et_pb_divider][et_pb_text _builder_version=\u00bb4.20.2&#8243; _module_preset=\u00bbdefault\u00bb hover_enabled=\u00bb0&#8243; global_colors_info=\u00bb{}\u00bb theme_builder_area=\u00bbpost_content\u00bb sticky_enabled=\u00bb0&#8243;]<\/p>\n<p>A continuaci\u00f3n, puedes consultar la programaci\u00f3n por provincias:<\/p>\n<p>&nbsp;<\/p>\n<p>[\/et_pb_text][et_pb_text _builder_version=\u00bb4.20.2&#8243; _module_preset=\u00bbdefault\u00bb global_colors_info=\u00bb{}\u00bb theme_builder_area=\u00bbpost_content\u00bb]<\/p>\n<h3>CARTELER\u00cdA<\/h3>\n<p>[\/et_pb_text][\/et_pb_column][\/et_pb_row][et_pb_row _builder_version=\u00bb4.20.2&#8243; _module_preset=\u00bbdefault\u00bb custom_margin=\u00bb|auto|-54px|auto||\u00bb global_colors_info=\u00bb{}\u00bb theme_builder_area=\u00bbpost_content\u00bb][et_pb_column type=\u00bb4_4&#8243; _builder_version=\u00bb4.20.2&#8243; _module_preset=\u00bbdefault\u00bb global_colors_info=\u00bb{}\u00bb theme_builder_area=\u00bbpost_content\u00bb][et_pb_gallery gallery_ids=\u00bb3748,3747,3745&#8243; _builder_version=\u00bb4.20.2&#8243; _module_preset=\u00bbdefault\u00bb background_color=\u00bb#F2EEEB\u00bb hover_enabled=\u00bb0&#8243; global_colors_info=\u00bb{}\u00bb theme_builder_area=\u00bbpost_content\u00bb sticky_enabled=\u00bb0&#8243;][\/et_pb_gallery][\/et_pb_column][\/et_pb_row][et_pb_row _builder_version=\u00bb4.20.2&#8243; _module_preset=\u00bbdefault\u00bb global_colors_info=\u00bb{}\u00bb theme_builder_area=\u00bbpost_content\u00bb][et_pb_column type=\u00bb4_4&#8243; _builder_version=\u00bb4.20.2&#8243; _module_preset=\u00bbdefault\u00bb global_colors_info=\u00bb{}\u00bb theme_builder_area=\u00bbpost_content\u00bb][\/et_pb_column][\/et_pb_row][\/et_pb_section]<\/p>\n","protected":false},"excerpt":{"rendered":"<p>Con la vista puesta en los archivos dentro del entorno digital, Arag\u00f3n celebra la Semana Internacional de los Archivos El lema en la Comunidad Aut\u00f3noma es \u201cLos archivos, guardianes del patrimonio documental y agentes culturales\u201d Entre el 3 y el 9 de junio, la Direcci\u00f3n General de Cultura del Gobierno de Arag\u00f3n organiza una serie [&hellip;]<\/p>\n","protected":false},"author":8,"featured_media":3742,"comment_status":"open","ping_status":"closed","sticky":false,"template":"","format":"standard","meta":{"_et_pb_use_builder":"on","_et_pb_old_content":"","_et_gb_content_width":"","om_disable_all_campaigns":false,"_monsterinsights_skip_tracking":false,"_monsterinsights_sitenote_active":false,"_monsterinsights_sitenote_note":"","_monsterinsights_sitenote_category":0,"_uf_show_specific_survey":0,"_uf_disable_surveys":false,"footnotes":""},"categories":[47],"tags":[461],"class_list":["post-3699","post","type-post","status-publish","format-standard","has-post-thumbnail","hentry","category-archivos-aragoneses","tag-dia-internacional-de-los-archivos"],"yoast_head":"<!-- This site is optimized with the Yoast SEO plugin v26.2 - https:\/\/yoast.com\/wordpress\/plugins\/seo\/ -->\n<title>Semana Internacional de los Archivos en Arag\u00f3n - DARA GENERAL<\/title>\n<meta name=\"robots\" content=\"index, follow, max-snippet:-1, max-image-preview:large, max-video-preview:-1\" \/>\n<link rel=\"canonical\" href=\"https:\/\/dara.aragon.es\/dara\/blog\/semana-internacional-de-los-archivos\/\" \/>\n<meta property=\"og:locale\" content=\"es_ES\" \/>\n<meta property=\"og:type\" content=\"article\" \/>\n<meta property=\"og:title\" content=\"Semana Internacional de los Archivos en Arag\u00f3n - DARA GENERAL\" \/>\n<meta property=\"og:description\" content=\"Con la vista puesta en los archivos dentro del entorno digital, Arag\u00f3n celebra la Semana Internacional de los Archivos El lema en la Comunidad Aut\u00f3noma es \u201cLos archivos, guardianes del patrimonio documental y agentes culturales\u201d Entre el 3 y el 9 de junio, la Direcci\u00f3n General de Cultura del Gobierno de Arag\u00f3n organiza una serie [&hellip;]\" \/>\n<meta property=\"og:url\" content=\"https:\/\/dara.aragon.es\/dara\/blog\/semana-internacional-de-los-archivos\/\" \/>\n<meta property=\"og:site_name\" content=\"DARA GENERAL\" \/>\n<meta property=\"article:published_time\" content=\"2024-05-30T10:44:17+00:00\" \/>\n<meta property=\"article:modified_time\" content=\"2025-01-03T08:42:26+00:00\" \/>\n<meta property=\"og:image\" content=\"https:\/\/dara.aragon.es\/dara\/wp-content\/uploads\/2024\/05\/SEMANA-ARCHIVOS_IAW2024_20240530-1.jpg\" \/>\n\t<meta property=\"og:image:width\" content=\"595\" \/>\n\t<meta property=\"og:image:height\" content=\"737\" \/>\n\t<meta property=\"og:image:type\" content=\"image\/jpeg\" \/>\n<meta name=\"author\" content=\"Alexandra Maicas\" \/>\n<meta name=\"twitter:card\" content=\"summary_large_image\" \/>\n<meta name=\"twitter:label1\" content=\"Escrito por\" \/>\n\t<meta name=\"twitter:data1\" content=\"Alexandra Maicas\" \/>\n\t<meta name=\"twitter:label2\" content=\"Tiempo de lectura\" \/>\n\t<meta name=\"twitter:data2\" content=\"4 minutos\" \/>\n<script type=\"application\/ld+json\" class=\"yoast-schema-graph\">{\"@context\":\"https:\/\/schema.org\",\"@graph\":[{\"@type\":\"WebPage\",\"@id\":\"https:\/\/dara.aragon.es\/dara\/blog\/semana-internacional-de-los-archivos\/\",\"url\":\"https:\/\/dara.aragon.es\/dara\/blog\/semana-internacional-de-los-archivos\/\",\"name\":\"Semana Internacional de los Archivos en Arag\u00f3n - DARA GENERAL\",\"isPartOf\":{\"@id\":\"https:\/\/dara.aragon.es\/dara\/#website\"},\"primaryImageOfPage\":{\"@id\":\"https:\/\/dara.aragon.es\/dara\/blog\/semana-internacional-de-los-archivos\/#primaryimage\"},\"image\":{\"@id\":\"https:\/\/dara.aragon.es\/dara\/blog\/semana-internacional-de-los-archivos\/#primaryimage\"},\"thumbnailUrl\":\"https:\/\/dara.aragon.es\/dara\/wp-content\/uploads\/2024\/05\/SEMANA-ARCHIVOS_IAW2024_20240530-1.jpg\",\"datePublished\":\"2024-05-30T10:44:17+00:00\",\"dateModified\":\"2025-01-03T08:42:26+00:00\",\"author\":{\"@id\":\"https:\/\/dara.aragon.es\/dara\/#\/schema\/person\/7d51fc8cdffcad527e235bb51e558903\"},\"breadcrumb\":{\"@id\":\"https:\/\/dara.aragon.es\/dara\/blog\/semana-internacional-de-los-archivos\/#breadcrumb\"},\"inLanguage\":\"es\",\"potentialAction\":[{\"@type\":\"ReadAction\",\"target\":[\"https:\/\/dara.aragon.es\/dara\/blog\/semana-internacional-de-los-archivos\/\"]}]},{\"@type\":\"ImageObject\",\"inLanguage\":\"es\",\"@id\":\"https:\/\/dara.aragon.es\/dara\/blog\/semana-internacional-de-los-archivos\/#primaryimage\",\"url\":\"https:\/\/dara.aragon.es\/dara\/wp-content\/uploads\/2024\/05\/SEMANA-ARCHIVOS_IAW2024_20240530-1.jpg\",\"contentUrl\":\"https:\/\/dara.aragon.es\/dara\/wp-content\/uploads\/2024\/05\/SEMANA-ARCHIVOS_IAW2024_20240530-1.jpg\",\"width\":595,\"height\":737},{\"@type\":\"BreadcrumbList\",\"@id\":\"https:\/\/dara.aragon.es\/dara\/blog\/semana-internacional-de-los-archivos\/#breadcrumb\",\"itemListElement\":[{\"@type\":\"ListItem\",\"position\":1,\"name\":\"Portada\",\"item\":\"https:\/\/dara.aragon.es\/dara\/\"},{\"@type\":\"ListItem\",\"position\":2,\"name\":\"Semana Internacional de los Archivos en Arag\u00f3n\"}]},{\"@type\":\"WebSite\",\"@id\":\"https:\/\/dara.aragon.es\/dara\/#website\",\"url\":\"https:\/\/dara.aragon.es\/dara\/\",\"name\":\"DARA GENERAL\",\"description\":\"Documentos y archivos de Arag\u00f3n\",\"potentialAction\":[{\"@type\":\"SearchAction\",\"target\":{\"@type\":\"EntryPoint\",\"urlTemplate\":\"https:\/\/dara.aragon.es\/dara\/?s={search_term_string}\"},\"query-input\":{\"@type\":\"PropertyValueSpecification\",\"valueRequired\":true,\"valueName\":\"search_term_string\"}}],\"inLanguage\":\"es\"},{\"@type\":\"Person\",\"@id\":\"https:\/\/dara.aragon.es\/dara\/#\/schema\/person\/7d51fc8cdffcad527e235bb51e558903\",\"name\":\"Alexandra Maicas\",\"image\":{\"@type\":\"ImageObject\",\"inLanguage\":\"es\",\"@id\":\"https:\/\/dara.aragon.es\/dara\/#\/schema\/person\/image\/\",\"url\":\"https:\/\/secure.gravatar.com\/avatar\/d23fc422843cb0ba900abe110201a995d7697e0af7aa8a784bf26a70f488cca1?s=96&d=mm&r=g\",\"contentUrl\":\"https:\/\/secure.gravatar.com\/avatar\/d23fc422843cb0ba900abe110201a995d7697e0af7aa8a784bf26a70f488cca1?s=96&d=mm&r=g\",\"caption\":\"Alexandra Maicas\"},\"url\":\"https:\/\/dara.aragon.es\/dara\/blog\/author\/amaicas\/\"}]}<\/script>\n<!-- \/ Yoast SEO plugin. -->","yoast_head_json":{"title":"Semana Internacional de los Archivos en Arag\u00f3n - DARA GENERAL","robots":{"index":"index","follow":"follow","max-snippet":"max-snippet:-1","max-image-preview":"max-image-preview:large","max-video-preview":"max-video-preview:-1"},"canonical":"https:\/\/dara.aragon.es\/dara\/blog\/semana-internacional-de-los-archivos\/","og_locale":"es_ES","og_type":"article","og_title":"Semana Internacional de los Archivos en Arag\u00f3n - DARA GENERAL","og_description":"Con la vista puesta en los archivos dentro del entorno digital, Arag\u00f3n celebra la Semana Internacional de los Archivos El lema en la Comunidad Aut\u00f3noma es \u201cLos archivos, guardianes del patrimonio documental y agentes culturales\u201d Entre el 3 y el 9 de junio, la Direcci\u00f3n General de Cultura del Gobierno de Arag\u00f3n organiza una serie [&hellip;]","og_url":"https:\/\/dara.aragon.es\/dara\/blog\/semana-internacional-de-los-archivos\/","og_site_name":"DARA GENERAL","article_published_time":"2024-05-30T10:44:17+00:00","article_modified_time":"2025-01-03T08:42:26+00:00","og_image":[{"width":595,"height":737,"url":"https:\/\/dara.aragon.es\/dara\/wp-content\/uploads\/2024\/05\/SEMANA-ARCHIVOS_IAW2024_20240530-1.jpg","type":"image\/jpeg"}],"author":"Alexandra Maicas","twitter_card":"summary_large_image","twitter_misc":{"Escrito por":"Alexandra Maicas","Tiempo de lectura":"4 minutos"},"schema":{"@context":"https:\/\/schema.org","@graph":[{"@type":"WebPage","@id":"https:\/\/dara.aragon.es\/dara\/blog\/semana-internacional-de-los-archivos\/","url":"https:\/\/dara.aragon.es\/dara\/blog\/semana-internacional-de-los-archivos\/","name":"Semana Internacional de los Archivos en Arag\u00f3n - DARA GENERAL","isPartOf":{"@id":"https:\/\/dara.aragon.es\/dara\/#website"},"primaryImageOfPage":{"@id":"https:\/\/dara.aragon.es\/dara\/blog\/semana-internacional-de-los-archivos\/#primaryimage"},"image":{"@id":"https:\/\/dara.aragon.es\/dara\/blog\/semana-internacional-de-los-archivos\/#primaryimage"},"thumbnailUrl":"https:\/\/dara.aragon.es\/dara\/wp-content\/uploads\/2024\/05\/SEMANA-ARCHIVOS_IAW2024_20240530-1.jpg","datePublished":"2024-05-30T10:44:17+00:00","dateModified":"2025-01-03T08:42:26+00:00","author":{"@id":"https:\/\/dara.aragon.es\/dara\/#\/schema\/person\/7d51fc8cdffcad527e235bb51e558903"},"breadcrumb":{"@id":"https:\/\/dara.aragon.es\/dara\/blog\/semana-internacional-de-los-archivos\/#breadcrumb"},"inLanguage":"es","potentialAction":[{"@type":"ReadAction","target":["https:\/\/dara.aragon.es\/dara\/blog\/semana-internacional-de-los-archivos\/"]}]},{"@type":"ImageObject","inLanguage":"es","@id":"https:\/\/dara.aragon.es\/dara\/blog\/semana-internacional-de-los-archivos\/#primaryimage","url":"https:\/\/dara.aragon.es\/dara\/wp-content\/uploads\/2024\/05\/SEMANA-ARCHIVOS_IAW2024_20240530-1.jpg","contentUrl":"https:\/\/dara.aragon.es\/dara\/wp-content\/uploads\/2024\/05\/SEMANA-ARCHIVOS_IAW2024_20240530-1.jpg","width":595,"height":737},{"@type":"BreadcrumbList","@id":"https:\/\/dara.aragon.es\/dara\/blog\/semana-internacional-de-los-archivos\/#breadcrumb","itemListElement":[{"@type":"ListItem","position":1,"name":"Portada","item":"https:\/\/dara.aragon.es\/dara\/"},{"@type":"ListItem","position":2,"name":"Semana Internacional de los Archivos en Arag\u00f3n"}]},{"@type":"WebSite","@id":"https:\/\/dara.aragon.es\/dara\/#website","url":"https:\/\/dara.aragon.es\/dara\/","name":"DARA GENERAL","description":"Documentos y archivos de Arag\u00f3n","potentialAction":[{"@type":"SearchAction","target":{"@type":"EntryPoint","urlTemplate":"https:\/\/dara.aragon.es\/dara\/?s={search_term_string}"},"query-input":{"@type":"PropertyValueSpecification","valueRequired":true,"valueName":"search_term_string"}}],"inLanguage":"es"},{"@type":"Person","@id":"https:\/\/dara.aragon.es\/dara\/#\/schema\/person\/7d51fc8cdffcad527e235bb51e558903","name":"Alexandra Maicas","image":{"@type":"ImageObject","inLanguage":"es","@id":"https:\/\/dara.aragon.es\/dara\/#\/schema\/person\/image\/","url":"https:\/\/secure.gravatar.com\/avatar\/d23fc422843cb0ba900abe110201a995d7697e0af7aa8a784bf26a70f488cca1?s=96&d=mm&r=g","contentUrl":"https:\/\/secure.gravatar.com\/avatar\/d23fc422843cb0ba900abe110201a995d7697e0af7aa8a784bf26a70f488cca1?s=96&d=mm&r=g","caption":"Alexandra Maicas"},"url":"https:\/\/dara.aragon.es\/dara\/blog\/author\/amaicas\/"}]}},"_links":{"self":[{"href":"https:\/\/dara.aragon.es\/dara\/wp-json\/wp\/v2\/posts\/3699","targetHints":{"allow":["GET"]}}],"collection":[{"href":"https:\/\/dara.aragon.es\/dara\/wp-json\/wp\/v2\/posts"}],"about":[{"href":"https:\/\/dara.aragon.es\/dara\/wp-json\/wp\/v2\/types\/post"}],"author":[{"embeddable":true,"href":"https:\/\/dara.aragon.es\/dara\/wp-json\/wp\/v2\/users\/8"}],"replies":[{"embeddable":true,"href":"https:\/\/dara.aragon.es\/dara\/wp-json\/wp\/v2\/comments?post=3699"}],"version-history":[{"count":0,"href":"https:\/\/dara.aragon.es\/dara\/wp-json\/wp\/v2\/posts\/3699\/revisions"}],"wp:featuredmedia":[{"embeddable":true,"href":"https:\/\/dara.aragon.es\/dara\/wp-json\/wp\/v2\/media\/3742"}],"wp:attachment":[{"href":"https:\/\/dara.aragon.es\/dara\/wp-json\/wp\/v2\/media?parent=3699"}],"wp:term":[{"taxonomy":"category","embeddable":true,"href":"https:\/\/dara.aragon.es\/dara\/wp-json\/wp\/v2\/categories?post=3699"},{"taxonomy":"post_tag","embeddable":true,"href":"https:\/\/dara.aragon.es\/dara\/wp-json\/wp\/v2\/tags?post=3699"}],"curies":[{"name":"wp","href":"https:\/\/api.w.org\/{rel}","templated":true}]}}