{"id":385,"date":"2016-07-28T10:59:00","date_gmt":"2016-07-28T10:59:00","guid":{"rendered":"https:\/\/dara.aragon.es\/dara\/blog\/2016\/07\/28\/estatutos-criminales-de-adahuesca\/"},"modified":"2024-10-22T13:54:28","modified_gmt":"2024-10-22T13:54:28","slug":"estatutos-criminales-de-adahuesca","status":"publish","type":"post","link":"https:\/\/dara.aragon.es\/dara\/blog\/estatutos-criminales-de-adahuesca\/","title":{"rendered":"Estatutos criminales de Adahuesca"},"content":{"rendered":"<p>Cosidos a un documento procesal estaban los Estatutos o desafueros criminales del Concejo de Adahuesca y su pardina de Sevil.<\/p>\n<p>\u00abSimplificaci\u00f3n administrativa=Eficacia de los actos\u00bb.<\/p>\n<p>Aunque parezca un lema de nuestro tiempo y con otra finalidad, esto es lo que argumentaba el Concejo de Adahuesca para promulgar sus estatutos criminales en 1654. Estos estatutos aprobados por varios concejos aragoneses de se\u00f1or\u00edo real para luchar contra la feroz delincuencia que se cebaba en sus tierras, eco de la conflictividad social patente en los siglos XVI y XVII, supusieron la renuncia temporal a las garant\u00edas forales pertenecientes a la jurisdicci\u00f3n criminal y por tanto una simplificaci\u00f3n en el procedimiento tan abrupta que supon\u00eda casi la aplicaci\u00f3n de un estado de excepci\u00f3n temporal.<\/p>\n<p><a href=\"https:\/\/dara.aragon.es\/opac\/app\/item\/cosb?vm=nv&amp;ob=os:1&amp;q=estatutos+adahuesca&amp;p=0&amp;i=647188\" target=\"_blank\" rel=\"noopener\">Acceso al documento DARA<\/a><\/p>\n<p>Para ampliar la informaci\u00f3n sobre el origen de este tipo documental: Olivo Ferreiro, Jorge del (2009), \u201cLos estatutos criminales y desafueros en el Arag\u00f3n de los siglos XVI y XVII\u201d, en G. Col\u00e1s Latorre, <i>Estudios sobre el Arag\u00f3n foral<\/i>, Zaragoza, Mira, pp. 127-156. Disponible en:<a href=\"https:\/\/dara.aragon.es\/opac\/app\/item\/cosb?vm=nv&amp;ob=os:1&amp;q=estatutos+adahuesca&amp;p=0&amp;i=647188\" target=\"_blank\" rel=\"noopener\"> http:\/\/blancas.unizar.es\/wp-content\/uploads\/2010\/04\/Aragon_foral.pdf<\/a><\/p>\n<div style=\"clear: both;text-align: center\"><a href=\"https:\/\/3.bp.blogspot.com\/-JrmT623X-PI\/V5nkoG6uEFI\/AAAAAAAAABE\/ov1N11jZXPMwL0O43aP_clLKcB8sez6PACLcB\/s1600\/Adah%2B8-28-2.jpg\" style=\"margin-left: 1em;margin-right: 1em\"><img loading=\"lazy\" decoding=\"async\" border=\"0\" height=\"320\" src=\"https:\/\/3.bp.blogspot.com\/-JrmT623X-PI\/V5nkoG6uEFI\/AAAAAAAAABE\/ov1N11jZXPMwL0O43aP_clLKcB8sez6PACLcB\/s320\/Adah%2B8-28-2.jpg\" width=\"274\" \/><\/a><\/div>\n<div style=\"clear: both;text-align: center\"><a href=\"https:\/\/4.bp.blogspot.com\/-BVCd2WO8Gi0\/V5nkoMZpE4I\/AAAAAAAAAA8\/EynHarPJc9sTc6-EDaJQpu_fRoGFSD2MQCLcB\/s1600\/Adah%2B8-28-3.jpg\" style=\"margin-left: 1em;margin-right: 1em\"><img loading=\"lazy\" decoding=\"async\" border=\"0\" height=\"320\" src=\"https:\/\/4.bp.blogspot.com\/-BVCd2WO8Gi0\/V5nkoMZpE4I\/AAAAAAAAAA8\/EynHarPJc9sTc6-EDaJQpu_fRoGFSD2MQCLcB\/s320\/Adah%2B8-28-3.jpg\" width=\"256\" \/><\/a><\/div>\n<div style=\"clear: both;text-align: center\"><a href=\"https:\/\/2.bp.blogspot.com\/-QJCf83L5G-A\/V5nkoF6L_XI\/AAAAAAAAABA\/H4BcqJFjMfshTx1EXcnj0n3L44HURZyogCLcB\/s1600\/Adah%2B8-28-4.jpg\" style=\"margin-left: 1em;margin-right: 1em\"><img loading=\"lazy\" decoding=\"async\" border=\"0\" height=\"320\" src=\"https:\/\/2.bp.blogspot.com\/-QJCf83L5G-A\/V5nkoF6L_XI\/AAAAAAAAABA\/H4BcqJFjMfshTx1EXcnj0n3L44HURZyogCLcB\/s320\/Adah%2B8-28-4.jpg\" width=\"282\" \/><\/a><\/div>\n<div><\/div>\n","protected":false},"excerpt":{"rendered":"<p>Cosidos a un documento procesal estaban los Estatutos o desafueros criminales del Concejo de Adahuesca y su pardina de Sevil. \u00abSimplificaci\u00f3n administrativa=Eficacia de los actos\u00bb. Aunque parezca un lema de nuestro tiempo y con otra finalidad, esto es lo que argumentaba el Concejo de Adahuesca para promulgar sus estatutos criminales en 1654. Estos estatutos aprobados [&hellip;]<\/p>\n","protected":false},"author":16,"featured_media":0,"comment_status":"open","ping_status":"closed","sticky":false,"template":"","format":"standard","meta":{"_et_pb_use_builder":"","_et_pb_old_content":"","_et_gb_content_width":"","om_disable_all_campaigns":false,"_monsterinsights_skip_tracking":false,"_monsterinsights_sitenote_active":false,"_monsterinsights_sitenote_note":"","_monsterinsights_sitenote_category":0,"_uf_show_specific_survey":0,"_uf_disable_surveys":false,"footnotes":""},"categories":[28,25],"tags":[405,421,571],"class_list":["post-385","post","type-post","status-publish","format-standard","hentry","category-ac-somontano-de-barbastro","category-archivos-municipales","tag-archivos-judiciales","tag-ayuntamientos","tag-somontano-de-barbastro"],"yoast_head":"<!-- This site is optimized with the Yoast SEO plugin v26.2 - https:\/\/yoast.com\/wordpress\/plugins\/seo\/ -->\n<title>Estatutos criminales de Adahuesca - DARA GENERAL<\/title>\n<meta name=\"robots\" content=\"index, follow, max-snippet:-1, max-image-preview:large, max-video-preview:-1\" \/>\n<link rel=\"canonical\" href=\"https:\/\/dara.aragon.es\/dara\/blog\/estatutos-criminales-de-adahuesca\/\" \/>\n<meta property=\"og:locale\" content=\"es_ES\" \/>\n<meta property=\"og:type\" content=\"article\" \/>\n<meta property=\"og:title\" content=\"Estatutos criminales de Adahuesca - DARA GENERAL\" \/>\n<meta property=\"og:description\" content=\"Cosidos a un documento procesal estaban los Estatutos o desafueros criminales del Concejo de Adahuesca y su pardina de Sevil. \u00abSimplificaci\u00f3n administrativa=Eficacia de los actos\u00bb. Aunque parezca un lema de nuestro tiempo y con otra finalidad, esto es lo que argumentaba el Concejo de Adahuesca para promulgar sus estatutos criminales en 1654. Estos estatutos aprobados [&hellip;]\" \/>\n<meta property=\"og:url\" content=\"https:\/\/dara.aragon.es\/dara\/blog\/estatutos-criminales-de-adahuesca\/\" \/>\n<meta property=\"og:site_name\" content=\"DARA GENERAL\" \/>\n<meta property=\"article:published_time\" content=\"2016-07-28T10:59:00+00:00\" \/>\n<meta property=\"article:modified_time\" content=\"2024-10-22T13:54:28+00:00\" \/>\n<meta property=\"og:image\" content=\"https:\/\/3.bp.blogspot.com\/-JrmT623X-PI\/V5nkoG6uEFI\/AAAAAAAAABE\/ov1N11jZXPMwL0O43aP_clLKcB8sez6PACLcB\/s320\/Adah%2B8-28-2.jpg\" \/>\n<meta name=\"author\" content=\"Laura Fontova Archivo comarcal del Somontano de Barbastro\" \/>\n<meta name=\"twitter:card\" content=\"summary_large_image\" \/>\n<meta name=\"twitter:label1\" content=\"Escrito por\" \/>\n\t<meta name=\"twitter:data1\" content=\"Laura Fontova Archivo comarcal del Somontano de Barbastro\" \/>\n\t<meta name=\"twitter:label2\" content=\"Tiempo de lectura\" \/>\n\t<meta name=\"twitter:data2\" content=\"1 minuto\" \/>\n<script type=\"application\/ld+json\" class=\"yoast-schema-graph\">{\"@context\":\"https:\/\/schema.org\",\"@graph\":[{\"@type\":\"WebPage\",\"@id\":\"https:\/\/dara.aragon.es\/dara\/blog\/estatutos-criminales-de-adahuesca\/\",\"url\":\"https:\/\/dara.aragon.es\/dara\/blog\/estatutos-criminales-de-adahuesca\/\",\"name\":\"Estatutos criminales de Adahuesca - DARA GENERAL\",\"isPartOf\":{\"@id\":\"https:\/\/dara.aragon.es\/dara\/#website\"},\"primaryImageOfPage\":{\"@id\":\"https:\/\/dara.aragon.es\/dara\/blog\/estatutos-criminales-de-adahuesca\/#primaryimage\"},\"image\":{\"@id\":\"https:\/\/dara.aragon.es\/dara\/blog\/estatutos-criminales-de-adahuesca\/#primaryimage\"},\"thumbnailUrl\":\"https:\/\/3.bp.blogspot.com\/-JrmT623X-PI\/V5nkoG6uEFI\/AAAAAAAAABE\/ov1N11jZXPMwL0O43aP_clLKcB8sez6PACLcB\/s320\/Adah%2B8-28-2.jpg\",\"datePublished\":\"2016-07-28T10:59:00+00:00\",\"dateModified\":\"2024-10-22T13:54:28+00:00\",\"author\":{\"@id\":\"https:\/\/dara.aragon.es\/dara\/#\/schema\/person\/4b721b8fc3893704bce7030117a96975\"},\"breadcrumb\":{\"@id\":\"https:\/\/dara.aragon.es\/dara\/blog\/estatutos-criminales-de-adahuesca\/#breadcrumb\"},\"inLanguage\":\"es\",\"potentialAction\":[{\"@type\":\"ReadAction\",\"target\":[\"https:\/\/dara.aragon.es\/dara\/blog\/estatutos-criminales-de-adahuesca\/\"]}]},{\"@type\":\"ImageObject\",\"inLanguage\":\"es\",\"@id\":\"https:\/\/dara.aragon.es\/dara\/blog\/estatutos-criminales-de-adahuesca\/#primaryimage\",\"url\":\"https:\/\/3.bp.blogspot.com\/-JrmT623X-PI\/V5nkoG6uEFI\/AAAAAAAAABE\/ov1N11jZXPMwL0O43aP_clLKcB8sez6PACLcB\/s320\/Adah%2B8-28-2.jpg\",\"contentUrl\":\"https:\/\/3.bp.blogspot.com\/-JrmT623X-PI\/V5nkoG6uEFI\/AAAAAAAAABE\/ov1N11jZXPMwL0O43aP_clLKcB8sez6PACLcB\/s320\/Adah%2B8-28-2.jpg\"},{\"@type\":\"BreadcrumbList\",\"@id\":\"https:\/\/dara.aragon.es\/dara\/blog\/estatutos-criminales-de-adahuesca\/#breadcrumb\",\"itemListElement\":[{\"@type\":\"ListItem\",\"position\":1,\"name\":\"Portada\",\"item\":\"https:\/\/dara.aragon.es\/dara\/\"},{\"@type\":\"ListItem\",\"position\":2,\"name\":\"Estatutos criminales de Adahuesca\"}]},{\"@type\":\"WebSite\",\"@id\":\"https:\/\/dara.aragon.es\/dara\/#website\",\"url\":\"https:\/\/dara.aragon.es\/dara\/\",\"name\":\"DARA GENERAL\",\"description\":\"Documentos y archivos de Arag\u00f3n\",\"potentialAction\":[{\"@type\":\"SearchAction\",\"target\":{\"@type\":\"EntryPoint\",\"urlTemplate\":\"https:\/\/dara.aragon.es\/dara\/?s={search_term_string}\"},\"query-input\":{\"@type\":\"PropertyValueSpecification\",\"valueRequired\":true,\"valueName\":\"search_term_string\"}}],\"inLanguage\":\"es\"},{\"@type\":\"Person\",\"@id\":\"https:\/\/dara.aragon.es\/dara\/#\/schema\/person\/4b721b8fc3893704bce7030117a96975\",\"name\":\"Laura Fontova Archivo comarcal del Somontano de Barbastro\",\"image\":{\"@type\":\"ImageObject\",\"inLanguage\":\"es\",\"@id\":\"https:\/\/dara.aragon.es\/dara\/#\/schema\/person\/image\/\",\"url\":\"https:\/\/secure.gravatar.com\/avatar\/ce6d5e5ecda694bc18fa4815aa85351b7579ebbd021d67fcc47465ebc64bfe69?s=96&d=mm&r=g\",\"contentUrl\":\"https:\/\/secure.gravatar.com\/avatar\/ce6d5e5ecda694bc18fa4815aa85351b7579ebbd021d67fcc47465ebc64bfe69?s=96&d=mm&r=g\",\"caption\":\"Laura Fontova Archivo comarcal del Somontano de Barbastro\"},\"url\":\"https:\/\/dara.aragon.es\/dara\/blog\/author\/lfontova\/\"}]}<\/script>\n<!-- \/ Yoast SEO plugin. -->","yoast_head_json":{"title":"Estatutos criminales de Adahuesca - DARA GENERAL","robots":{"index":"index","follow":"follow","max-snippet":"max-snippet:-1","max-image-preview":"max-image-preview:large","max-video-preview":"max-video-preview:-1"},"canonical":"https:\/\/dara.aragon.es\/dara\/blog\/estatutos-criminales-de-adahuesca\/","og_locale":"es_ES","og_type":"article","og_title":"Estatutos criminales de Adahuesca - DARA GENERAL","og_description":"Cosidos a un documento procesal estaban los Estatutos o desafueros criminales del Concejo de Adahuesca y su pardina de Sevil. \u00abSimplificaci\u00f3n administrativa=Eficacia de los actos\u00bb. Aunque parezca un lema de nuestro tiempo y con otra finalidad, esto es lo que argumentaba el Concejo de Adahuesca para promulgar sus estatutos criminales en 1654. Estos estatutos aprobados [&hellip;]","og_url":"https:\/\/dara.aragon.es\/dara\/blog\/estatutos-criminales-de-adahuesca\/","og_site_name":"DARA GENERAL","article_published_time":"2016-07-28T10:59:00+00:00","article_modified_time":"2024-10-22T13:54:28+00:00","og_image":[{"url":"https:\/\/3.bp.blogspot.com\/-JrmT623X-PI\/V5nkoG6uEFI\/AAAAAAAAABE\/ov1N11jZXPMwL0O43aP_clLKcB8sez6PACLcB\/s320\/Adah%2B8-28-2.jpg","type":"","width":"","height":""}],"author":"Laura Fontova Archivo comarcal del Somontano de Barbastro","twitter_card":"summary_large_image","twitter_misc":{"Escrito por":"Laura Fontova Archivo comarcal del Somontano de Barbastro","Tiempo de lectura":"1 minuto"},"schema":{"@context":"https:\/\/schema.org","@graph":[{"@type":"WebPage","@id":"https:\/\/dara.aragon.es\/dara\/blog\/estatutos-criminales-de-adahuesca\/","url":"https:\/\/dara.aragon.es\/dara\/blog\/estatutos-criminales-de-adahuesca\/","name":"Estatutos criminales de Adahuesca - DARA GENERAL","isPartOf":{"@id":"https:\/\/dara.aragon.es\/dara\/#website"},"primaryImageOfPage":{"@id":"https:\/\/dara.aragon.es\/dara\/blog\/estatutos-criminales-de-adahuesca\/#primaryimage"},"image":{"@id":"https:\/\/dara.aragon.es\/dara\/blog\/estatutos-criminales-de-adahuesca\/#primaryimage"},"thumbnailUrl":"https:\/\/3.bp.blogspot.com\/-JrmT623X-PI\/V5nkoG6uEFI\/AAAAAAAAABE\/ov1N11jZXPMwL0O43aP_clLKcB8sez6PACLcB\/s320\/Adah%2B8-28-2.jpg","datePublished":"2016-07-28T10:59:00+00:00","dateModified":"2024-10-22T13:54:28+00:00","author":{"@id":"https:\/\/dara.aragon.es\/dara\/#\/schema\/person\/4b721b8fc3893704bce7030117a96975"},"breadcrumb":{"@id":"https:\/\/dara.aragon.es\/dara\/blog\/estatutos-criminales-de-adahuesca\/#breadcrumb"},"inLanguage":"es","potentialAction":[{"@type":"ReadAction","target":["https:\/\/dara.aragon.es\/dara\/blog\/estatutos-criminales-de-adahuesca\/"]}]},{"@type":"ImageObject","inLanguage":"es","@id":"https:\/\/dara.aragon.es\/dara\/blog\/estatutos-criminales-de-adahuesca\/#primaryimage","url":"https:\/\/3.bp.blogspot.com\/-JrmT623X-PI\/V5nkoG6uEFI\/AAAAAAAAABE\/ov1N11jZXPMwL0O43aP_clLKcB8sez6PACLcB\/s320\/Adah%2B8-28-2.jpg","contentUrl":"https:\/\/3.bp.blogspot.com\/-JrmT623X-PI\/V5nkoG6uEFI\/AAAAAAAAABE\/ov1N11jZXPMwL0O43aP_clLKcB8sez6PACLcB\/s320\/Adah%2B8-28-2.jpg"},{"@type":"BreadcrumbList","@id":"https:\/\/dara.aragon.es\/dara\/blog\/estatutos-criminales-de-adahuesca\/#breadcrumb","itemListElement":[{"@type":"ListItem","position":1,"name":"Portada","item":"https:\/\/dara.aragon.es\/dara\/"},{"@type":"ListItem","position":2,"name":"Estatutos criminales de Adahuesca"}]},{"@type":"WebSite","@id":"https:\/\/dara.aragon.es\/dara\/#website","url":"https:\/\/dara.aragon.es\/dara\/","name":"DARA GENERAL","description":"Documentos y archivos de Arag\u00f3n","potentialAction":[{"@type":"SearchAction","target":{"@type":"EntryPoint","urlTemplate":"https:\/\/dara.aragon.es\/dara\/?s={search_term_string}"},"query-input":{"@type":"PropertyValueSpecification","valueRequired":true,"valueName":"search_term_string"}}],"inLanguage":"es"},{"@type":"Person","@id":"https:\/\/dara.aragon.es\/dara\/#\/schema\/person\/4b721b8fc3893704bce7030117a96975","name":"Laura Fontova Archivo comarcal del Somontano de Barbastro","image":{"@type":"ImageObject","inLanguage":"es","@id":"https:\/\/dara.aragon.es\/dara\/#\/schema\/person\/image\/","url":"https:\/\/secure.gravatar.com\/avatar\/ce6d5e5ecda694bc18fa4815aa85351b7579ebbd021d67fcc47465ebc64bfe69?s=96&d=mm&r=g","contentUrl":"https:\/\/secure.gravatar.com\/avatar\/ce6d5e5ecda694bc18fa4815aa85351b7579ebbd021d67fcc47465ebc64bfe69?s=96&d=mm&r=g","caption":"Laura Fontova Archivo comarcal del Somontano de Barbastro"},"url":"https:\/\/dara.aragon.es\/dara\/blog\/author\/lfontova\/"}]}},"_links":{"self":[{"href":"https:\/\/dara.aragon.es\/dara\/wp-json\/wp\/v2\/posts\/385","targetHints":{"allow":["GET"]}}],"collection":[{"href":"https:\/\/dara.aragon.es\/dara\/wp-json\/wp\/v2\/posts"}],"about":[{"href":"https:\/\/dara.aragon.es\/dara\/wp-json\/wp\/v2\/types\/post"}],"author":[{"embeddable":true,"href":"https:\/\/dara.aragon.es\/dara\/wp-json\/wp\/v2\/users\/16"}],"replies":[{"embeddable":true,"href":"https:\/\/dara.aragon.es\/dara\/wp-json\/wp\/v2\/comments?post=385"}],"version-history":[{"count":0,"href":"https:\/\/dara.aragon.es\/dara\/wp-json\/wp\/v2\/posts\/385\/revisions"}],"wp:attachment":[{"href":"https:\/\/dara.aragon.es\/dara\/wp-json\/wp\/v2\/media?parent=385"}],"wp:term":[{"taxonomy":"category","embeddable":true,"href":"https:\/\/dara.aragon.es\/dara\/wp-json\/wp\/v2\/categories?post=385"},{"taxonomy":"post_tag","embeddable":true,"href":"https:\/\/dara.aragon.es\/dara\/wp-json\/wp\/v2\/tags?post=385"}],"curies":[{"name":"wp","href":"https:\/\/api.w.org\/{rel}","templated":true}]}}