{"id":394,"date":"2016-04-22T09:13:00","date_gmt":"2016-04-22T09:13:00","guid":{"rendered":"https:\/\/dara.aragon.es\/dara\/blog\/2016\/04\/22\/dia-de-aragon\/"},"modified":"2024-10-22T14:49:18","modified_gmt":"2024-10-22T14:49:18","slug":"dia-de-aragon","status":"publish","type":"post","link":"https:\/\/dara.aragon.es\/dara\/blog\/dia-de-aragon\/","title":{"rendered":"D\u00eda de Arag\u00f3n"},"content":{"rendered":"\n<p><\/p>\n\n\n\n<p>Con motivo del D\u00eda de Arag\u00f3n, el Archivo de la Administraci\u00f3n quiere difundir algunos de los fondos que conserva relativos a los or\u00edgenes de la Diputaci\u00f3n General de Arag\u00f3n, constituida el 9 de abril de 1978 en \u00a0la iglesia de San Pedro de los Francos de Calatayud.<\/p>\n\n\n\n<p>En el primer Consejo de Gobierno, el 10 de abril, se acuerda c\u00f3mo ser\u00e1n la bandera y escudo de Arag\u00f3n, se declara el 23 de abril -festividad de San Jorge- D\u00eda de Arag\u00f3n y se determina la catedral de Huesca como lugar de juramento de los cargos de la Diputaci\u00f3n General de Arag\u00f3n el d\u00eda 22 del mismo mes.<\/p>\n\n\n\n<p>La gran manifestaci\u00f3n que recorri\u00f3 las calles de Zaragoza el D\u00eda de Arag\u00f3n de 1978 fue una muestra del deseo de autonom\u00eda de todos los \u00e1mbitos sociales.<\/p>\n\n\n\n<p>El 24 de abril se formaliz\u00f3 la estructura del gobierno preauton\u00f3mico, de &nbsp;cuyos acuerdos es reflejo el Bolet\u00edn Oficial.<\/p>\n\n\n\n<p>M\u00e1s informaci\u00f3n en el siguiente enlace:<br><a href=\"https:\/\/www.aragon.es\/-\/aniversario\" target=\"_blank\" rel=\"noopener\">Portal 44 a\u00f1os del Gobierno de Arag\u00f3n en sus documentos<\/a><\/p>\n\n\n\n<p><\/p>\n\n\n\n<div style=\"text-align: center\">22 de abril de 1978. Salida de autoridades del Ayuntamiento de Huesca<\/div><p>\n\n\n\n<figure class=\"wp-block-image aligncenter size-full\"><img loading=\"lazy\" decoding=\"async\" width=\"400\" height=\"298\" src=\"https:\/\/dara.aragon.es\/dara\/wp-content\/uploads\/2024\/05\/foto3B.jpg\" alt=\"\" class=\"wp-image-3642\" \/><\/figure>\n\n\n\n<figure class=\"wp-block-image aligncenter size-full\"><img loading=\"lazy\" decoding=\"async\" width=\"400\" height=\"298\" src=\"https:\/\/dara.aragon.es\/dara\/wp-content\/uploads\/2016\/04\/foto4B.jpg\" alt=\"\" class=\"wp-image-3643\" \/><\/figure>\n\n\n\n<div style=\"clear: both;text-align: center\"><\/div><p>\n\n\n\n<div style=\"clear: both;text-align: center\">22 de abril de 1978. Jura de cargos en la Catedral de Huesca<\/div><p>\n\n\n\n<figure class=\"wp-block-table aligncenter is-style-stripes\"><table class=\"has-white-background-color has-background\"><tbody><tr><td><img loading=\"lazy\" decoding=\"async\" width=\"298\" height=\"400\" class=\"wp-image-3650\" style=\"width: 150px\" src=\"https:\/\/dara.aragon.es\/dara\/wp-content\/uploads\/2016\/04\/foto28.jpg\" alt=\"\"><\/td><td><img loading=\"lazy\" decoding=\"async\" width=\"298\" height=\"400\" class=\"wp-image-3648\" style=\"width: 150px\" src=\"https:\/\/dara.aragon.es\/dara\/wp-content\/uploads\/2016\/04\/foto19.jpg\" alt=\"\"><\/td><td><img loading=\"lazy\" decoding=\"async\" width=\"400\" height=\"298\" class=\"wp-image-3649\" style=\"width: 150px\" src=\"https:\/\/dara.aragon.es\/dara\/wp-content\/uploads\/2016\/04\/foto23.jpg\" alt=\"\"><\/td><\/tr><tr><td><img loading=\"lazy\" decoding=\"async\" width=\"298\" height=\"400\" class=\"wp-image-3652\" style=\"width: 150px\" src=\"https:\/\/dara.aragon.es\/dara\/wp-content\/uploads\/2016\/04\/foto39.jpg\" alt=\"\"><\/td><td><\/td><td><img loading=\"lazy\" decoding=\"async\" width=\"298\" height=\"400\" class=\"wp-image-3651\" style=\"width: 150px\" src=\"https:\/\/dara.aragon.es\/dara\/wp-content\/uploads\/2016\/04\/foto34.jpg\" alt=\"\"><\/td><\/tr><\/tbody><\/table><\/figure>\n\n\n\n<figure class=\"wp-block-image aligncenter\"><img decoding=\"async\" src=\"https:\/\/1.bp.blogspot.com\/-g-tfmXt2tzE\/VxnnKPryPDI\/AAAAAAAAACY\/MB2vwuwR2asm6HQyaj5QmXkHldoMq0CsgCKgB\/s320\/foto9.jpg\" alt=\"\" \/><\/figure>\n\n\n\n<div style=\"clear: both;text-align: center\"><\/div>\n\n\n\n<p><div style=\"text-align: center\">&nbsp;23 de abril de 1978. D\u00eda de Arag\u00f3n. Manifestaci\u00f3n por la autonom\u00eda en Zaragoza<\/div><p>\n\n\n\n<figure class=\"wp-block-image aligncenter\"><img decoding=\"async\" src=\"https:\/\/2.bp.blogspot.com\/-54L1dMjqyG0\/VxnnI6_Y-yI\/AAAAAAAAACI\/m2-2psOyytIWdFSPgoFgDIrdXhKx4pSMwCKgB\/s320\/foto55.jpg\" alt=\"\" \/><\/figure>\n\n\n\n<figure class=\"wp-block-image aligncenter\"><img decoding=\"async\" src=\"https:\/\/4.bp.blogspot.com\/-_aS8mfnHp44\/VxnnJGUNEWI\/AAAAAAAAACU\/bYCYw80Hj2I6yZ31gaIH1v335cc8n7AbQCKgB\/s320\/foto62.jpg\" alt=\"\" \/><\/figure>\n\n\n\n<figure class=\"wp-block-image aligncenter\"><img decoding=\"async\" src=\"https:\/\/1.bp.blogspot.com\/-nVdrQd8R4G4\/VxnnJVyTXiI\/AAAAAAAAACM\/mWuRW7reWZ4G-5P9_g5ehdfJGXnXNR6KACKgB\/s320\/foto63.jpg\" alt=\"\" \/><\/figure>\n\n\n\n<p><\/p>\n\n\n\n<p>Una selecci\u00f3n documentos:<br><br><strong><b>1 &#8212; 27 de marzo de 1978. Asamblea de Parlamentarios. Nota de prensa.<\/b><br><b>2 &#8212;<\/b>\u00a0<b>28 de marzo de 1978. Asamblea de Parlamentarios. Convocatoria reuni\u00f3n 9 de abril.\u00a0\u00a0\u00a0\u00a0<\/b><br><b>3 &#8212;<\/b>\u00a0<b>28 de marzo de 1978. Asamblea de Parlamentarios. Convocatoria reuni\u00f3n 9 de abril.<br>4 &#8212;<\/b>\u00a0<b>7 de abril de 1978. Asamblea de Parlamentarios. Invitaci\u00f3n a los medios comunicaci\u00f3n a la reuni\u00f3n del 9 de abril<\/b>.<br><b>5 &#8212;<\/b>\u00a0<b>9 de abril de 1978. Acta de la constituci\u00f3n de la Diputaci\u00f3n General de Arag\u00f3n.<\/b><br><b>6 &#8212; 9 de abril de 1978. Acuerdos de la Asamblea de Parlamentarios.<br><\/b>7 &#8212; 10 de abril de 1978. 1er Acta de Consejo de Gobierno de la Diputaci\u00f3n General de Arag\u00f3n.<br>8 &#8212; 19 de abril de 1978. Invitaci\u00f3n a participar en los actos del 23 de abril.<br>9 &#8212; 22 de abril de 1978. Jura de cargos de la Diputaci\u00f3n General de Arag\u00f3n.<br>10 &#8212; 11 de abril de 1978. Bolet\u00edn Oficial de la Diputaci\u00f3n General de Arag\u00f3n n\u00ba 1.<br>11 &#8212; 7 de junio de 1978. Bolet\u00edn Oficial de la Diputaci\u00f3n General de Arag\u00f3n n\u00ba 2.<br>12 &#8212; 15 de abril de 1978. Correspondencia.<br>13 &#8212; 19 de abril de 1978. Correspondencia.<br>14 &#8212; 22 de abril de 1978. Correspondencia.<br>15 &#8212; Abril de 1978. Correspondencia.<\/strong> \u00a0 \u00a0 \u00a0<\/p>\n\n\n\n<p><\/p>\n\n\n\n<p><\/p>\n\n\n\n<div>\n<p>\n<div>Estos documentos pueden consultarse directamente en el Portal del Gobierno de Arag\u00f3n pinchando&nbsp;<a href=\"https:\/\/www.aragon.es\/-\/fondos-digitalizados-documentos\" target=\"_blank\" rel=\"noopener\">aqu\u00ed<\/a>.<\/div>\n<\/div>\n","protected":false},"excerpt":{"rendered":"<p>Con motivo del D\u00eda de Arag\u00f3n, el Archivo de la Administraci\u00f3n quiere difundir algunos de los fondos que conserva relativos a los or\u00edgenes de la Diputaci\u00f3n General de Arag\u00f3n, constituida el 9 de abril de 1978 en \u00a0la iglesia de San Pedro de los Francos de Calatayud. En el primer Consejo de Gobierno, el 10 [&hellip;]<\/p>\n","protected":false},"author":23,"featured_media":3642,"comment_status":"open","ping_status":"closed","sticky":false,"template":"","format":"standard","meta":{"_et_pb_use_builder":"on","_et_pb_old_content":"<!-- wp:paragraph -->\n<p>Con motivo del D\u00eda de Arag\u00f3n, el Archivo de la Administraci\u00f3n quiere difundir algunos de los fondos que conserva relativos a los or\u00edgenes de la Diputaci\u00f3n General de Arag\u00f3n, constituida el 9 de abril de 1978 en &nbsp;la iglesia de San Pedro de los Francos de Calatayud.<\/p>\n<!-- \/wp:paragraph -->\n\n<!-- wp:paragraph -->\n<p>En el primer Consejo de Gobierno, el 10 de abril, se acuerda c\u00f3mo ser\u00e1n la bandera y escudo de Arag\u00f3n, se declara el 23 de abril -festividad de San Jorge- D\u00eda de Arag\u00f3n y se determina la catedral de Huesca como lugar de juramento de los cargos de la Diputaci\u00f3n General de Arag\u00f3n el d\u00eda 22 del mismo mes.<\/p>\n<!-- \/wp:paragraph -->\n\n<!-- wp:paragraph -->\n<p>La gran manifestaci\u00f3n que recorri\u00f3 las calles de Zaragoza el D\u00eda de Arag\u00f3n de 1978 fue una muestra del deseo de autonom\u00eda de todos los \u00e1mbitos sociales.<\/p>\n<!-- \/wp:paragraph -->\n\n<!-- wp:paragraph -->\n<p>El 24 de abril se formaliz\u00f3 la estructura del gobierno preauton\u00f3mico, de &nbsp;cuyos acuerdos es reflejo el Bolet\u00edn Oficial.<\/p>\n<!-- \/wp:paragraph -->\n\n<!-- wp:paragraph -->\n<p>M\u00e1s informaci\u00f3n en el siguiente enlace:<br><a href=\"https:\/\/www.aragon.es\/-\/aniversario\" target=\"_blank\" rel=\"noopener\">Portal 44 a\u00f1os del Gobierno de Arag\u00f3n en sus documentos<\/a><\/p>\n<!-- \/wp:paragraph -->\n\n<!-- wp:paragraph -->\n<p><\/p>\n<!-- \/wp:paragraph -->\n\n<!-- wp:html -->\n<div style=\"text-align: center\">22 de abril de 1978. Salida de autoridades del Ayuntamiento de Huesca<\/div><p>\n<!-- \/wp:html -->\n\n<!-- wp:image {\"id\":3642,\"sizeSlug\":\"full\",\"linkDestination\":\"none\",\"align\":\"center\"} -->\n<figure class=\"wp-block-image aligncenter size-full\"><img src=\"https:\/\/dara.aragon.es\/dara\/wp-content\/uploads\/2024\/05\/foto3B.jpg\" alt=\"\" class=\"wp-image-3642\" \/><\/figure>\n<!-- \/wp:image -->\n\n<!-- wp:image {\"id\":3643,\"sizeSlug\":\"full\",\"linkDestination\":\"none\",\"align\":\"center\"} -->\n<figure class=\"wp-block-image aligncenter size-full\"><img src=\"https:\/\/dara.aragon.es\/dara\/wp-content\/uploads\/2016\/04\/foto4B.jpg\" alt=\"\" class=\"wp-image-3643\" \/><\/figure>\n<!-- \/wp:image -->\n\n<!-- wp:html -->\n<div style=\"clear: both;text-align: center\"><\/div><p>\n<!-- \/wp:html -->\n\n<!-- wp:html -->\n<div style=\"clear: both;text-align: center\">22 de abril de 1978. Jura de cargos en la Catedral de Huesca<\/div><p>\n<!-- \/wp:html -->\n\n<!-- wp:table {\"align\":\"center\",\"backgroundColor\":\"white\",\"className\":\"is-style-stripes\"} -->\n<figure class=\"wp-block-table aligncenter is-style-stripes\"><table class=\"has-white-background-color has-background\"><tbody><tr><td><img class=\"wp-image-3650\" style=\"width: 150px\" src=\"https:\/\/dara.aragon.es\/dara\/wp-content\/uploads\/2016\/04\/foto28.jpg\" alt=\"\"><\/td><td><img class=\"wp-image-3648\" style=\"width: 150px\" src=\"https:\/\/dara.aragon.es\/dara\/wp-content\/uploads\/2016\/04\/foto19.jpg\" alt=\"\"><\/td><td><img class=\"wp-image-3649\" style=\"width: 150px\" src=\"https:\/\/dara.aragon.es\/dara\/wp-content\/uploads\/2016\/04\/foto23.jpg\" alt=\"\"><\/td><\/tr><tr><td><img class=\"wp-image-3652\" style=\"width: 150px\" src=\"https:\/\/dara.aragon.es\/dara\/wp-content\/uploads\/2016\/04\/foto39.jpg\" alt=\"\"><\/td><td><\/td><td><img class=\"wp-image-3651\" style=\"width: 150px\" src=\"https:\/\/dara.aragon.es\/dara\/wp-content\/uploads\/2016\/04\/foto34.jpg\" alt=\"\"><\/td><\/tr><\/tbody><\/table><\/figure>\n<!-- \/wp:table -->\n\n<!-- wp:image {\"linkDestination\":\"none\",\"align\":\"center\"} -->\n<figure class=\"wp-block-image aligncenter\"><img src=\"https:\/\/1.bp.blogspot.com\/-g-tfmXt2tzE\/VxnnKPryPDI\/AAAAAAAAACY\/MB2vwuwR2asm6HQyaj5QmXkHldoMq0CsgCKgB\/s320\/foto9.jpg\" alt=\"\" \/><\/figure>\n<!-- \/wp:image -->\n\n<!-- wp:html -->\n<div style=\"clear: both;text-align: center\"><\/div>\n<!-- \/wp:html -->\n\n<!-- wp:html -->\n<p><div style=\"text-align: center\">&nbsp;23 de abril de 1978. D\u00eda de Arag\u00f3n. Manifestaci\u00f3n por la autonom\u00eda en Zaragoza<\/div><p>\n<!-- \/wp:html -->\n\n<!-- wp:image {\"linkDestination\":\"none\",\"align\":\"center\"} -->\n<figure class=\"wp-block-image aligncenter\"><img src=\"https:\/\/2.bp.blogspot.com\/-54L1dMjqyG0\/VxnnI6_Y-yI\/AAAAAAAAACI\/m2-2psOyytIWdFSPgoFgDIrdXhKx4pSMwCKgB\/s320\/foto55.jpg\" alt=\"\" \/><\/figure>\n<!-- \/wp:image -->\n\n<!-- wp:image {\"linkDestination\":\"none\",\"align\":\"center\"} -->\n<figure class=\"wp-block-image aligncenter\"><img src=\"https:\/\/4.bp.blogspot.com\/-_aS8mfnHp44\/VxnnJGUNEWI\/AAAAAAAAACU\/bYCYw80Hj2I6yZ31gaIH1v335cc8n7AbQCKgB\/s320\/foto62.jpg\" alt=\"\" \/><\/figure>\n<!-- \/wp:image -->\n\n<!-- wp:image {\"linkDestination\":\"none\",\"align\":\"center\"} -->\n<figure class=\"wp-block-image aligncenter\"><img src=\"https:\/\/1.bp.blogspot.com\/-nVdrQd8R4G4\/VxnnJVyTXiI\/AAAAAAAAACM\/mWuRW7reWZ4G-5P9_g5ehdfJGXnXNR6KACKgB\/s320\/foto63.jpg\" alt=\"\" \/><\/figure>\n<!-- \/wp:image -->\n\n<!-- wp:paragraph -->\n<p><\/p>\n<!-- \/wp:paragraph -->\n\n<!-- wp:paragraph -->\n<p>Una selecci\u00f3n documentos:<br><br><strong><b>1 -- 27 de marzo de 1978. Asamblea de Parlamentarios. Nota de prensa.<\/b><br><b>2 --<\/b>\u00a0<b>28 de marzo de 1978. Asamblea de Parlamentarios. Convocatoria reuni\u00f3n 9 de abril.\u00a0\u00a0\u00a0\u00a0<\/b><br><b>3 --<\/b>\u00a0<b>28 de marzo de 1978. Asamblea de Parlamentarios. Convocatoria reuni\u00f3n 9 de abril.<br>4 --<\/b>\u00a0<b>7 de abril de 1978. Asamblea de Parlamentarios. Invitaci\u00f3n a los medios comunicaci\u00f3n a la reuni\u00f3n del 9 de abril<\/b>.<br><b>5 --<\/b>\u00a0<b>9 de abril de 1978. Acta de la constituci\u00f3n de la Diputaci\u00f3n General de Arag\u00f3n.<\/b><br><b>6 -- 9 de abril de 1978. Acuerdos de la Asamblea de Parlamentarios.<br><\/b>7 -- 10 de abril de 1978. 1er Acta de Consejo de Gobierno de la Diputaci\u00f3n General de Arag\u00f3n.<br>8 -- 19 de abril de 1978. Invitaci\u00f3n a participar en los actos del 23 de abril.<br>9 -- 22 de abril de 1978. Jura de cargos de la Diputaci\u00f3n General de Arag\u00f3n.<br>10 -- 11 de abril de 1978. Bolet\u00edn Oficial de la Diputaci\u00f3n General de Arag\u00f3n n\u00ba 1.<br>11 -- 7 de junio de 1978. Bolet\u00edn Oficial de la Diputaci\u00f3n General de Arag\u00f3n n\u00ba 2.<br>12 -- 15 de abril de 1978. Correspondencia.<br>13 -- 19 de abril de 1978. Correspondencia.<br>14 -- 22 de abril de 1978. Correspondencia.<br>15 -- Abril de 1978. Correspondencia.<\/strong> \u00a0 \u00a0 \u00a0<\/p>\n<!-- \/wp:paragraph -->\n\n<!-- wp:paragraph -->\n<p><\/p>\n<!-- \/wp:paragraph -->\n\n<!-- wp:paragraph -->\n<p><\/p>\n<!-- \/wp:paragraph -->\n\n<!-- wp:html -->\n<div>\n<p>\n<div>Estos documentos pueden consultarse directamente en el Portal del Gobierno de Arag\u00f3n pinchando&nbsp;<a href=\"https:\/\/www.aragon.es\/-\/fondos-digitalizados-documentos\" target=\"_blank\" rel=\"noopener\">aqu\u00ed<\/a>.<\/div>\n<\/div>\n<!-- \/wp:html -->","_et_gb_content_width":"","om_disable_all_campaigns":false,"_monsterinsights_skip_tracking":false,"_monsterinsights_sitenote_active":false,"_monsterinsights_sitenote_note":"","_monsterinsights_sitenote_category":0,"_uf_show_specific_survey":0,"_uf_disable_surveys":false,"footnotes":""},"categories":[108,169,110],"tags":[344,491],"class_list":["post-394","post","type-post","status-publish","format-standard","has-post-thumbnail","hentry","category-archivo-de-la-administracion-de-la-comunidad-autonoma-de-aragon","category-consultasfrecuentes","category-faqarchivos","tag-dia-de-aragon","tag-gobierno-de-aragon"],"yoast_head":"<!-- This site is optimized with the Yoast SEO plugin v26.2 - https:\/\/yoast.com\/wordpress\/plugins\/seo\/ -->\n<title>D\u00eda de Arag\u00f3n - DARA GENERAL<\/title>\n<meta name=\"robots\" content=\"index, follow, max-snippet:-1, max-image-preview:large, max-video-preview:-1\" \/>\n<link rel=\"canonical\" href=\"https:\/\/dara.aragon.es\/dara\/blog\/dia-de-aragon\/\" \/>\n<meta property=\"og:locale\" content=\"es_ES\" \/>\n<meta property=\"og:type\" content=\"article\" \/>\n<meta property=\"og:title\" content=\"D\u00eda de Arag\u00f3n - DARA GENERAL\" \/>\n<meta property=\"og:description\" content=\"Con motivo del D\u00eda de Arag\u00f3n, el Archivo de la Administraci\u00f3n quiere difundir algunos de los fondos que conserva relativos a los or\u00edgenes de la Diputaci\u00f3n General de Arag\u00f3n, constituida el 9 de abril de 1978 en \u00a0la iglesia de San Pedro de los Francos de Calatayud. En el primer Consejo de Gobierno, el 10 [&hellip;]\" \/>\n<meta property=\"og:url\" content=\"https:\/\/dara.aragon.es\/dara\/blog\/dia-de-aragon\/\" \/>\n<meta property=\"og:site_name\" content=\"DARA GENERAL\" \/>\n<meta property=\"article:published_time\" content=\"2016-04-22T09:13:00+00:00\" \/>\n<meta property=\"article:modified_time\" content=\"2024-10-22T14:49:18+00:00\" \/>\n<meta property=\"og:image\" content=\"https:\/\/dara.aragon.es\/dara\/wp-content\/uploads\/2024\/05\/foto3B.jpg\" \/>\n\t<meta property=\"og:image:width\" content=\"400\" \/>\n\t<meta property=\"og:image:height\" content=\"298\" \/>\n\t<meta property=\"og:image:type\" content=\"image\/jpeg\" \/>\n<meta name=\"author\" content=\"Archivo de la Administraci\u00f3n CA Arag\u00f3n\" \/>\n<meta name=\"twitter:card\" content=\"summary_large_image\" \/>\n<meta name=\"twitter:label1\" content=\"Escrito por\" \/>\n\t<meta name=\"twitter:data1\" content=\"Archivo de la Administraci\u00f3n CA Arag\u00f3n\" \/>\n\t<meta name=\"twitter:label2\" content=\"Tiempo de lectura\" \/>\n\t<meta name=\"twitter:data2\" content=\"2 minutos\" \/>\n<script type=\"application\/ld+json\" class=\"yoast-schema-graph\">{\"@context\":\"https:\/\/schema.org\",\"@graph\":[{\"@type\":\"WebPage\",\"@id\":\"https:\/\/dara.aragon.es\/dara\/blog\/dia-de-aragon\/\",\"url\":\"https:\/\/dara.aragon.es\/dara\/blog\/dia-de-aragon\/\",\"name\":\"D\u00eda de Arag\u00f3n - DARA GENERAL\",\"isPartOf\":{\"@id\":\"https:\/\/dara.aragon.es\/dara\/#website\"},\"primaryImageOfPage\":{\"@id\":\"https:\/\/dara.aragon.es\/dara\/blog\/dia-de-aragon\/#primaryimage\"},\"image\":{\"@id\":\"https:\/\/dara.aragon.es\/dara\/blog\/dia-de-aragon\/#primaryimage\"},\"thumbnailUrl\":\"https:\/\/dara.aragon.es\/dara\/wp-content\/uploads\/2024\/05\/foto3B.jpg\",\"datePublished\":\"2016-04-22T09:13:00+00:00\",\"dateModified\":\"2024-10-22T14:49:18+00:00\",\"author\":{\"@id\":\"https:\/\/dara.aragon.es\/dara\/#\/schema\/person\/60061ec59f2adff2c20feebed9a36d74\"},\"breadcrumb\":{\"@id\":\"https:\/\/dara.aragon.es\/dara\/blog\/dia-de-aragon\/#breadcrumb\"},\"inLanguage\":\"es\",\"potentialAction\":[{\"@type\":\"ReadAction\",\"target\":[\"https:\/\/dara.aragon.es\/dara\/blog\/dia-de-aragon\/\"]}]},{\"@type\":\"ImageObject\",\"inLanguage\":\"es\",\"@id\":\"https:\/\/dara.aragon.es\/dara\/blog\/dia-de-aragon\/#primaryimage\",\"url\":\"https:\/\/dara.aragon.es\/dara\/wp-content\/uploads\/2024\/05\/foto3B.jpg\",\"contentUrl\":\"https:\/\/dara.aragon.es\/dara\/wp-content\/uploads\/2024\/05\/foto3B.jpg\",\"width\":400,\"height\":298},{\"@type\":\"BreadcrumbList\",\"@id\":\"https:\/\/dara.aragon.es\/dara\/blog\/dia-de-aragon\/#breadcrumb\",\"itemListElement\":[{\"@type\":\"ListItem\",\"position\":1,\"name\":\"Portada\",\"item\":\"https:\/\/dara.aragon.es\/dara\/\"},{\"@type\":\"ListItem\",\"position\":2,\"name\":\"D\u00eda de Arag\u00f3n\"}]},{\"@type\":\"WebSite\",\"@id\":\"https:\/\/dara.aragon.es\/dara\/#website\",\"url\":\"https:\/\/dara.aragon.es\/dara\/\",\"name\":\"DARA GENERAL\",\"description\":\"Documentos y archivos de Arag\u00f3n\",\"potentialAction\":[{\"@type\":\"SearchAction\",\"target\":{\"@type\":\"EntryPoint\",\"urlTemplate\":\"https:\/\/dara.aragon.es\/dara\/?s={search_term_string}\"},\"query-input\":{\"@type\":\"PropertyValueSpecification\",\"valueRequired\":true,\"valueName\":\"search_term_string\"}}],\"inLanguage\":\"es\"},{\"@type\":\"Person\",\"@id\":\"https:\/\/dara.aragon.es\/dara\/#\/schema\/person\/60061ec59f2adff2c20feebed9a36d74\",\"name\":\"Archivo de la Administraci\u00f3n CA Arag\u00f3n\",\"image\":{\"@type\":\"ImageObject\",\"inLanguage\":\"es\",\"@id\":\"https:\/\/dara.aragon.es\/dara\/#\/schema\/person\/image\/\",\"url\":\"https:\/\/secure.gravatar.com\/avatar\/29735c3a1c5c2758050cbd8772efe8f5e7bf8dda672f1c3f79dbc426e9ea2de4?s=96&d=mm&r=g\",\"contentUrl\":\"https:\/\/secure.gravatar.com\/avatar\/29735c3a1c5c2758050cbd8772efe8f5e7bf8dda672f1c3f79dbc426e9ea2de4?s=96&d=mm&r=g\",\"caption\":\"Archivo de la Administraci\u00f3n CA Arag\u00f3n\"},\"url\":\"https:\/\/dara.aragon.es\/dara\/blog\/author\/aacaa\/\"}]}<\/script>\n<!-- \/ Yoast SEO plugin. -->","yoast_head_json":{"title":"D\u00eda de Arag\u00f3n - DARA GENERAL","robots":{"index":"index","follow":"follow","max-snippet":"max-snippet:-1","max-image-preview":"max-image-preview:large","max-video-preview":"max-video-preview:-1"},"canonical":"https:\/\/dara.aragon.es\/dara\/blog\/dia-de-aragon\/","og_locale":"es_ES","og_type":"article","og_title":"D\u00eda de Arag\u00f3n - DARA GENERAL","og_description":"Con motivo del D\u00eda de Arag\u00f3n, el Archivo de la Administraci\u00f3n quiere difundir algunos de los fondos que conserva relativos a los or\u00edgenes de la Diputaci\u00f3n General de Arag\u00f3n, constituida el 9 de abril de 1978 en \u00a0la iglesia de San Pedro de los Francos de Calatayud. En el primer Consejo de Gobierno, el 10 [&hellip;]","og_url":"https:\/\/dara.aragon.es\/dara\/blog\/dia-de-aragon\/","og_site_name":"DARA GENERAL","article_published_time":"2016-04-22T09:13:00+00:00","article_modified_time":"2024-10-22T14:49:18+00:00","og_image":[{"width":400,"height":298,"url":"https:\/\/dara.aragon.es\/dara\/wp-content\/uploads\/2024\/05\/foto3B.jpg","type":"image\/jpeg"}],"author":"Archivo de la Administraci\u00f3n CA Arag\u00f3n","twitter_card":"summary_large_image","twitter_misc":{"Escrito por":"Archivo de la Administraci\u00f3n CA Arag\u00f3n","Tiempo de lectura":"2 minutos"},"schema":{"@context":"https:\/\/schema.org","@graph":[{"@type":"WebPage","@id":"https:\/\/dara.aragon.es\/dara\/blog\/dia-de-aragon\/","url":"https:\/\/dara.aragon.es\/dara\/blog\/dia-de-aragon\/","name":"D\u00eda de Arag\u00f3n - DARA GENERAL","isPartOf":{"@id":"https:\/\/dara.aragon.es\/dara\/#website"},"primaryImageOfPage":{"@id":"https:\/\/dara.aragon.es\/dara\/blog\/dia-de-aragon\/#primaryimage"},"image":{"@id":"https:\/\/dara.aragon.es\/dara\/blog\/dia-de-aragon\/#primaryimage"},"thumbnailUrl":"https:\/\/dara.aragon.es\/dara\/wp-content\/uploads\/2024\/05\/foto3B.jpg","datePublished":"2016-04-22T09:13:00+00:00","dateModified":"2024-10-22T14:49:18+00:00","author":{"@id":"https:\/\/dara.aragon.es\/dara\/#\/schema\/person\/60061ec59f2adff2c20feebed9a36d74"},"breadcrumb":{"@id":"https:\/\/dara.aragon.es\/dara\/blog\/dia-de-aragon\/#breadcrumb"},"inLanguage":"es","potentialAction":[{"@type":"ReadAction","target":["https:\/\/dara.aragon.es\/dara\/blog\/dia-de-aragon\/"]}]},{"@type":"ImageObject","inLanguage":"es","@id":"https:\/\/dara.aragon.es\/dara\/blog\/dia-de-aragon\/#primaryimage","url":"https:\/\/dara.aragon.es\/dara\/wp-content\/uploads\/2024\/05\/foto3B.jpg","contentUrl":"https:\/\/dara.aragon.es\/dara\/wp-content\/uploads\/2024\/05\/foto3B.jpg","width":400,"height":298},{"@type":"BreadcrumbList","@id":"https:\/\/dara.aragon.es\/dara\/blog\/dia-de-aragon\/#breadcrumb","itemListElement":[{"@type":"ListItem","position":1,"name":"Portada","item":"https:\/\/dara.aragon.es\/dara\/"},{"@type":"ListItem","position":2,"name":"D\u00eda de Arag\u00f3n"}]},{"@type":"WebSite","@id":"https:\/\/dara.aragon.es\/dara\/#website","url":"https:\/\/dara.aragon.es\/dara\/","name":"DARA GENERAL","description":"Documentos y archivos de Arag\u00f3n","potentialAction":[{"@type":"SearchAction","target":{"@type":"EntryPoint","urlTemplate":"https:\/\/dara.aragon.es\/dara\/?s={search_term_string}"},"query-input":{"@type":"PropertyValueSpecification","valueRequired":true,"valueName":"search_term_string"}}],"inLanguage":"es"},{"@type":"Person","@id":"https:\/\/dara.aragon.es\/dara\/#\/schema\/person\/60061ec59f2adff2c20feebed9a36d74","name":"Archivo de la Administraci\u00f3n CA Arag\u00f3n","image":{"@type":"ImageObject","inLanguage":"es","@id":"https:\/\/dara.aragon.es\/dara\/#\/schema\/person\/image\/","url":"https:\/\/secure.gravatar.com\/avatar\/29735c3a1c5c2758050cbd8772efe8f5e7bf8dda672f1c3f79dbc426e9ea2de4?s=96&d=mm&r=g","contentUrl":"https:\/\/secure.gravatar.com\/avatar\/29735c3a1c5c2758050cbd8772efe8f5e7bf8dda672f1c3f79dbc426e9ea2de4?s=96&d=mm&r=g","caption":"Archivo de la Administraci\u00f3n CA Arag\u00f3n"},"url":"https:\/\/dara.aragon.es\/dara\/blog\/author\/aacaa\/"}]}},"_links":{"self":[{"href":"https:\/\/dara.aragon.es\/dara\/wp-json\/wp\/v2\/posts\/394","targetHints":{"allow":["GET"]}}],"collection":[{"href":"https:\/\/dara.aragon.es\/dara\/wp-json\/wp\/v2\/posts"}],"about":[{"href":"https:\/\/dara.aragon.es\/dara\/wp-json\/wp\/v2\/types\/post"}],"author":[{"embeddable":true,"href":"https:\/\/dara.aragon.es\/dara\/wp-json\/wp\/v2\/users\/23"}],"replies":[{"embeddable":true,"href":"https:\/\/dara.aragon.es\/dara\/wp-json\/wp\/v2\/comments?post=394"}],"version-history":[{"count":0,"href":"https:\/\/dara.aragon.es\/dara\/wp-json\/wp\/v2\/posts\/394\/revisions"}],"wp:featuredmedia":[{"embeddable":true,"href":"https:\/\/dara.aragon.es\/dara\/wp-json\/wp\/v2\/media\/3642"}],"wp:attachment":[{"href":"https:\/\/dara.aragon.es\/dara\/wp-json\/wp\/v2\/media?parent=394"}],"wp:term":[{"taxonomy":"category","embeddable":true,"href":"https:\/\/dara.aragon.es\/dara\/wp-json\/wp\/v2\/categories?post=394"},{"taxonomy":"post_tag","embeddable":true,"href":"https:\/\/dara.aragon.es\/dara\/wp-json\/wp\/v2\/tags?post=394"}],"curies":[{"name":"wp","href":"https:\/\/api.w.org\/{rel}","templated":true}]}}