{"id":395,"date":"2016-04-19T07:57:00","date_gmt":"2016-04-19T07:57:00","guid":{"rendered":"https:\/\/dara.aragon.es\/dara\/blog\/2016\/04\/19\/gobernadores-civiles-de-la-provincia-de-huesca\/"},"modified":"2024-10-23T06:39:28","modified_gmt":"2024-10-23T06:39:28","slug":"gobernadores-civiles-de-la-provincia-de-huesca","status":"publish","type":"post","link":"https:\/\/dara.aragon.es\/dara\/blog\/gobernadores-civiles-de-la-provincia-de-huesca\/","title":{"rendered":"Gobernadores Civiles de la provincia de Huesca"},"content":{"rendered":"<div style=\"clear: both;text-align: center\"><a href=\"https:\/\/1.bp.blogspot.com\/-N4wQfCzO5bA\/VxXn7s1BarI\/AAAAAAAAATo\/eWPKOGC1WfYTuU72HInhoCQPsrOq5jsYACLcB\/s1600\/AHPHU_C_00145_0005_0004.jpg\" style=\"margin-left: 1em;margin-right: 1em\"><img loading=\"lazy\" decoding=\"async\" border=\"0\" height=\"440\" src=\"https:\/\/1.bp.blogspot.com\/-N4wQfCzO5bA\/VxXn7s1BarI\/AAAAAAAAATo\/eWPKOGC1WfYTuU72HInhoCQPsrOq5jsYACLcB\/s640\/AHPHU_C_00145_0005_0004.jpg\" width=\"640\" \/><\/a><\/div>\n<h4><\/h4>\n<h4><\/h4>\n<h4>Los Gobiernos Civiles&nbsp;<\/h4>\n<p>Con precedente en los Jefes Superiores establecidos por la Constituci\u00f3n de C\u00e1diz, llamados despu\u00e9s Jefes Pol\u00edticos, la figura del Gobernador Civil comenz\u00f3 a perfilarse con la divisi\u00f3n provincial de Javier de Burgos de 1832 y la creaci\u00f3n el a\u00f1o siguiente de los Subdelegados de Fomento como autoridad superior administrativa en las provincias. Sus atribuciones, fijadas en una Instrucci\u00f3n para su gobierno, fueron muy amplias: agricultura, industria, comercio, minas, ayuntamientos, polic\u00eda, instrucci\u00f3n p\u00fablica, beneficencia, obras p\u00fablicas, espect\u00e1culos, caza y pesca, etc.. Bajo denominaciones diversas (Gobernador Civil en 1834, nuevamente Jefe Pol\u00edtico en 1836, Gobernador de Provincia en 1849), la instituci\u00f3n del Gobernador Civil tuvo desde entonces una larga vida.<\/p>\n<p>Durante la \u00e9poca franquista se acent\u00faa si cabe el car\u00e1cter pol\u00edtico de la instituci\u00f3n. Las funciones del Gobernador Civil, apuntadas en la Ley de Bases de R\u00e9gimen Local de 17 de julio de 1945, se fijan con detenimiento en el Decreto de 10 de octubre de 1958 por el que se regulan sus atribuciones y deberes.<\/p>\n<p>La promulgaci\u00f3n de la Constituci\u00f3n espa\u00f1ola y la configuraci\u00f3n del Estado de las Autonom\u00edas dieron lugar a sucesivas reformas de la instituci\u00f3n  El Real Decreto 3117\/1980, de 22 de diciembre, de Estatuto de los Gobernadores Civiles, precisa sus competencias. La progresiva asunci\u00f3n de competencias por las Comunidades Aut\u00f3nomas redujo paulatinamente las funciones de los Gobiernos Civiles hasta su supresi\u00f3n por la Ley 6\/1997, de 14 de abril, que sustituy\u00f3 los Gobiernos civiles por  Delegaciones del Gobierno en las Comunidades Aut\u00f3nomas y Subdelegaciones del Gobierno.<\/p>\n<h4>Gobernadores civiles de la provincia de Huesca&nbsp;<\/h4>\n<p>&nbsp;A lo largo de los ss. XIX y XX ha habido 178 titulares del Gobierno Civil. Se puede acceder a la lista de todos ellos con sus per\u00edodos de mandato en los siguientes enlaces:<\/p>\n<p>&nbsp;<a href=\"http:\/\/store.diariodelaltoaragon.es\/cgi-bin\/Pandora?xslt=ejemplar;filename=DA19970506;place=none;publication=Diario%20del%20AltoArag%C3%B3n;day=06;month=05;year=1997;page=0004;id=0000142379;collection=prensa;url_high=http:\/\/store.diariodelaltoaragon.es\/prensa\/Diario%20del%20AltoArag%C3%B3n\/1997\/199705\/19970506\/DA19970506-0004.pdf;lang=es;archivo=;encoding=utf-8\" target=\"_blank\" rel=\"noopener\">Lista de los Gobernadores Militares y Pol\u00edticos (1800-1831) y Jefes Pol\u00edticos (1931-1949)&nbsp;<\/a><br \/><a href=\"http:\/\/store.diariodelaltoaragon.es\/cgi-bin\/Pandora?xslt=ejemplar;filename=DA19970506;place=none;publication=Diario%20del%20AltoArag%C3%B3n;day=06;month=05;year=1997;page=0004;id=0000142379;collection=prensa;url_high=http:\/\/store.diariodelaltoaragon.es\/prensa\/Diario%20del%20AltoArag%C3%B3n\/1997\/199705\/19970506\/DA19970506-0004.pdf;lang=es;archivo=;encoding=utf-8\" target=\"_blank\" rel=\"noopener\"><br \/><\/a><a href=\"http:\/\/store.diariodelaltoaragon.es\/cgi-bin\/Pandora?xslt=ejemplar;filename=DA19970506;place=none;publication=Diario%20del%20AltoArag%C3%B3n;day=06;month=05;year=1997;page=0004;id=0000142379;collection=prensa;url_high=http:\/\/store.diariodelaltoaragon.es\/prensa\/Diario%20del%20AltoArag%C3%B3n\/1997\/199705\/19970506\/DA19970506-0004.pdf;lang=es;archivo=;encoding=utf-8\" target=\"_blank\" rel=\"noopener\">&nbsp;Lista de los Gobernadores Civiles de la Provincia de Huesca (1850-1997)&nbsp;<\/a><\/p>\n<p>&nbsp;(Fuente: Santiago BROTO APARICIO, \u201cLos Gobernadores Civiles\u201d, Diario del Altoarag\u00f3n, 5 de mayo de 1997, pp. 4-5)<\/p>\n<h4>&nbsp;El fondo del Gobierno Civil del Archivo Hist\u00f3rico Provincial de Huesca&nbsp;<\/h4>\n<p>&nbsp;Transferido desde el mismo Gobierno Civil, ha tenido p\u00e9rdidas importantes, especialmente en la documentaci\u00f3n anterior a la guerra civil. Los documentos disponibles en DARA pueden verse <a href=\"https:\/\/dara.aragon.es\/opac\/app\/item\/ahph?vm=nv&amp;al=2&amp;tc=Gobierno+Civil&amp;p=0&amp;i=196\" target=\"_blank\" rel=\"noopener\">aqu\u00ed<\/a>.<\/p>\n<h4>&nbsp;Para saber m\u00e1s<\/h4>\n<p>&nbsp;&#8211; Por su propia naturaleza, los gobiernos civiles mantuvieron una relaci\u00f3n muy estrecha siempre con el Gobierno Central, del que depend\u00edan directamente, bien a trav\u00e9s del Ministerio de la Gobernaci\u00f3n o del de Interior. Los fondos de esos Ministerios y del resto de \u00f3rganos de la Administraci\u00f3n General se encuentran en el <a href=\"http:\/\/www.mecd.gob.es\/cultura-mecd\/areas-cultura\/archivos\/mc\/archivos\/aga\/portada.html;jsessionid=33291871C56A69FBE0EE6CB323937FEE\" target=\"_blank\" rel=\"noopener\">Archivo General de la Administraci\u00f3n de Alcal\u00e1 de Henares<\/a>. Por tanto, la informaci\u00f3n de esos fondos puede completar mucho lo conservado en el Archivo Hist\u00f3rico Provincial.<\/p>\n<p>&nbsp;&#8211; A partir de 1997, el Gobierno Civil es sustituido por la Subdelegaci\u00f3n del Gobierno de Huesca y por la Delegaci\u00f3n del Gobierno en Arag\u00f3n. Ambos fondos se transfieren peri\u00f3dicamente a los archivos hist\u00f3ricos provinciales de Huesca y Zaragoza respectivamente.<\/p>\n<p>&nbsp;&#8211; Entre 1945 y 1982, las funciones de control de las corporaciones locales (ayuntamientos y Diputaci\u00f3n Provincial) fue desempe\u00f1ada por un organismo diferente, aunque muy vinculado al Gobierno Civil. Se trata del <a href=\"https:\/\/dara.aragon.es\/opac\/app\/item\/ahph?vm=nv&amp;al=2&amp;tc=inspecci%C3%B3n+y+asesoramiento+de+corporaciones&amp;p=0&amp;i=198\" target=\"_blank\" rel=\"noopener\">Servicio Provincial de Inspecci\u00f3n y Asesoramiento de las Corporaciones Locales<\/a>.  Las series m\u00e1s importantes que conservan son las de los presupuestos y copias de los acuerdos de las entidades locales que deb\u00edan enviarse anualmente para su supervisi\u00f3n.<\/p>\n","protected":false},"excerpt":{"rendered":"<p>Los Gobiernos Civiles&nbsp; Con precedente en los Jefes Superiores establecidos por la Constituci\u00f3n de C\u00e1diz, llamados despu\u00e9s Jefes Pol\u00edticos, la figura del Gobernador Civil comenz\u00f3 a perfilarse con la divisi\u00f3n provincial de Javier de Burgos de 1832 y la creaci\u00f3n el a\u00f1o siguiente de los Subdelegados de Fomento como autoridad superior administrativa en las provincias. [&hellip;]<\/p>\n","protected":false},"author":2,"featured_media":6491,"comment_status":"open","ping_status":"closed","sticky":false,"template":"","format":"standard","meta":{"_et_pb_use_builder":"","_et_pb_old_content":"","_et_gb_content_width":"","om_disable_all_campaigns":false,"_monsterinsights_skip_tracking":false,"_monsterinsights_sitenote_active":false,"_monsterinsights_sitenote_note":"","_monsterinsights_sitenote_category":0,"_uf_show_specific_survey":0,"_uf_disable_surveys":false,"footnotes":""},"categories":[6,169,110,212,211],"tags":[426],"class_list":["post-395","post","type-post","status-publish","format-standard","has-post-thumbnail","hentry","category-ahp-huesca","category-consultasfrecuentes","category-faqarchivos","category-faqbiografias","category-faqlocalidadesyterritorio","tag-biografias"],"yoast_head":"<!-- This site is optimized with the Yoast SEO plugin v26.2 - https:\/\/yoast.com\/wordpress\/plugins\/seo\/ -->\n<title>Gobernadores Civiles de la provincia de Huesca - DARA GENERAL<\/title>\n<meta name=\"robots\" content=\"index, follow, max-snippet:-1, max-image-preview:large, max-video-preview:-1\" \/>\n<link rel=\"canonical\" href=\"https:\/\/dara.aragon.es\/dara\/blog\/gobernadores-civiles-de-la-provincia-de-huesca\/\" \/>\n<meta property=\"og:locale\" content=\"es_ES\" \/>\n<meta property=\"og:type\" content=\"article\" \/>\n<meta property=\"og:title\" content=\"Gobernadores Civiles de la provincia de Huesca - DARA GENERAL\" \/>\n<meta property=\"og:description\" content=\"Los Gobiernos Civiles&nbsp; Con precedente en los Jefes Superiores establecidos por la Constituci\u00f3n de C\u00e1diz, llamados despu\u00e9s Jefes Pol\u00edticos, la figura del Gobernador Civil comenz\u00f3 a perfilarse con la divisi\u00f3n provincial de Javier de Burgos de 1832 y la creaci\u00f3n el a\u00f1o siguiente de los Subdelegados de Fomento como autoridad superior administrativa en las provincias. [&hellip;]\" \/>\n<meta property=\"og:url\" content=\"https:\/\/dara.aragon.es\/dara\/blog\/gobernadores-civiles-de-la-provincia-de-huesca\/\" \/>\n<meta property=\"og:site_name\" content=\"DARA GENERAL\" \/>\n<meta property=\"article:published_time\" content=\"2016-04-19T07:57:00+00:00\" \/>\n<meta property=\"article:modified_time\" content=\"2024-10-23T06:39:28+00:00\" \/>\n<meta property=\"og:image\" content=\"https:\/\/dara.aragon.es\/dara\/wp-content\/uploads\/2016\/04\/AHPHU_C_00145_0005_0004.jpg\" \/>\n\t<meta property=\"og:image:width\" content=\"800\" \/>\n\t<meta property=\"og:image:height\" content=\"550\" \/>\n\t<meta property=\"og:image:type\" content=\"image\/jpeg\" \/>\n<meta name=\"author\" content=\"Archivo Hist\u00f3rico Provincial de Huesca Juanjo Generelo\" \/>\n<meta name=\"twitter:card\" content=\"summary_large_image\" \/>\n<meta name=\"twitter:label1\" content=\"Escrito por\" \/>\n\t<meta name=\"twitter:data1\" content=\"Archivo Hist\u00f3rico Provincial de Huesca Juanjo Generelo\" \/>\n\t<meta name=\"twitter:label2\" content=\"Tiempo de lectura\" \/>\n\t<meta name=\"twitter:data2\" content=\"3 minutos\" \/>\n<script type=\"application\/ld+json\" class=\"yoast-schema-graph\">{\"@context\":\"https:\/\/schema.org\",\"@graph\":[{\"@type\":\"WebPage\",\"@id\":\"https:\/\/dara.aragon.es\/dara\/blog\/gobernadores-civiles-de-la-provincia-de-huesca\/\",\"url\":\"https:\/\/dara.aragon.es\/dara\/blog\/gobernadores-civiles-de-la-provincia-de-huesca\/\",\"name\":\"Gobernadores Civiles de la provincia de Huesca - DARA GENERAL\",\"isPartOf\":{\"@id\":\"https:\/\/dara.aragon.es\/dara\/#website\"},\"primaryImageOfPage\":{\"@id\":\"https:\/\/dara.aragon.es\/dara\/blog\/gobernadores-civiles-de-la-provincia-de-huesca\/#primaryimage\"},\"image\":{\"@id\":\"https:\/\/dara.aragon.es\/dara\/blog\/gobernadores-civiles-de-la-provincia-de-huesca\/#primaryimage\"},\"thumbnailUrl\":\"https:\/\/dara.aragon.es\/dara\/wp-content\/uploads\/2016\/04\/AHPHU_C_00145_0005_0004.jpg\",\"datePublished\":\"2016-04-19T07:57:00+00:00\",\"dateModified\":\"2024-10-23T06:39:28+00:00\",\"author\":{\"@id\":\"https:\/\/dara.aragon.es\/dara\/#\/schema\/person\/c92a91d58960d5273d13b621efa16e1c\"},\"breadcrumb\":{\"@id\":\"https:\/\/dara.aragon.es\/dara\/blog\/gobernadores-civiles-de-la-provincia-de-huesca\/#breadcrumb\"},\"inLanguage\":\"es\",\"potentialAction\":[{\"@type\":\"ReadAction\",\"target\":[\"https:\/\/dara.aragon.es\/dara\/blog\/gobernadores-civiles-de-la-provincia-de-huesca\/\"]}]},{\"@type\":\"ImageObject\",\"inLanguage\":\"es\",\"@id\":\"https:\/\/dara.aragon.es\/dara\/blog\/gobernadores-civiles-de-la-provincia-de-huesca\/#primaryimage\",\"url\":\"https:\/\/dara.aragon.es\/dara\/wp-content\/uploads\/2016\/04\/AHPHU_C_00145_0005_0004.jpg\",\"contentUrl\":\"https:\/\/dara.aragon.es\/dara\/wp-content\/uploads\/2016\/04\/AHPHU_C_00145_0005_0004.jpg\",\"width\":800,\"height\":550},{\"@type\":\"BreadcrumbList\",\"@id\":\"https:\/\/dara.aragon.es\/dara\/blog\/gobernadores-civiles-de-la-provincia-de-huesca\/#breadcrumb\",\"itemListElement\":[{\"@type\":\"ListItem\",\"position\":1,\"name\":\"Portada\",\"item\":\"https:\/\/dara.aragon.es\/dara\/\"},{\"@type\":\"ListItem\",\"position\":2,\"name\":\"Gobernadores Civiles de la provincia de Huesca\"}]},{\"@type\":\"WebSite\",\"@id\":\"https:\/\/dara.aragon.es\/dara\/#website\",\"url\":\"https:\/\/dara.aragon.es\/dara\/\",\"name\":\"DARA GENERAL\",\"description\":\"Documentos y archivos de Arag\u00f3n\",\"potentialAction\":[{\"@type\":\"SearchAction\",\"target\":{\"@type\":\"EntryPoint\",\"urlTemplate\":\"https:\/\/dara.aragon.es\/dara\/?s={search_term_string}\"},\"query-input\":{\"@type\":\"PropertyValueSpecification\",\"valueRequired\":true,\"valueName\":\"search_term_string\"}}],\"inLanguage\":\"es\"},{\"@type\":\"Person\",\"@id\":\"https:\/\/dara.aragon.es\/dara\/#\/schema\/person\/c92a91d58960d5273d13b621efa16e1c\",\"name\":\"Archivo Hist\u00f3rico Provincial de Huesca Juanjo Generelo\",\"image\":{\"@type\":\"ImageObject\",\"inLanguage\":\"es\",\"@id\":\"https:\/\/dara.aragon.es\/dara\/#\/schema\/person\/image\/\",\"url\":\"https:\/\/secure.gravatar.com\/avatar\/fa75e3fa3d7c0fae31f3a68e8792dda4a61d177f3ad3cf4464163ec40829ee75?s=96&d=mm&r=g\",\"contentUrl\":\"https:\/\/secure.gravatar.com\/avatar\/fa75e3fa3d7c0fae31f3a68e8792dda4a61d177f3ad3cf4464163ec40829ee75?s=96&d=mm&r=g\",\"caption\":\"Archivo Hist\u00f3rico Provincial de Huesca Juanjo Generelo\"},\"url\":\"https:\/\/dara.aragon.es\/dara\/blog\/author\/archivohu\/\"}]}<\/script>\n<!-- \/ Yoast SEO plugin. -->","yoast_head_json":{"title":"Gobernadores Civiles de la provincia de Huesca - DARA GENERAL","robots":{"index":"index","follow":"follow","max-snippet":"max-snippet:-1","max-image-preview":"max-image-preview:large","max-video-preview":"max-video-preview:-1"},"canonical":"https:\/\/dara.aragon.es\/dara\/blog\/gobernadores-civiles-de-la-provincia-de-huesca\/","og_locale":"es_ES","og_type":"article","og_title":"Gobernadores Civiles de la provincia de Huesca - DARA GENERAL","og_description":"Los Gobiernos Civiles&nbsp; Con precedente en los Jefes Superiores establecidos por la Constituci\u00f3n de C\u00e1diz, llamados despu\u00e9s Jefes Pol\u00edticos, la figura del Gobernador Civil comenz\u00f3 a perfilarse con la divisi\u00f3n provincial de Javier de Burgos de 1832 y la creaci\u00f3n el a\u00f1o siguiente de los Subdelegados de Fomento como autoridad superior administrativa en las provincias. [&hellip;]","og_url":"https:\/\/dara.aragon.es\/dara\/blog\/gobernadores-civiles-de-la-provincia-de-huesca\/","og_site_name":"DARA GENERAL","article_published_time":"2016-04-19T07:57:00+00:00","article_modified_time":"2024-10-23T06:39:28+00:00","og_image":[{"width":800,"height":550,"url":"https:\/\/dara.aragon.es\/dara\/wp-content\/uploads\/2016\/04\/AHPHU_C_00145_0005_0004.jpg","type":"image\/jpeg"}],"author":"Archivo Hist\u00f3rico Provincial de Huesca Juanjo Generelo","twitter_card":"summary_large_image","twitter_misc":{"Escrito por":"Archivo Hist\u00f3rico Provincial de Huesca Juanjo Generelo","Tiempo de lectura":"3 minutos"},"schema":{"@context":"https:\/\/schema.org","@graph":[{"@type":"WebPage","@id":"https:\/\/dara.aragon.es\/dara\/blog\/gobernadores-civiles-de-la-provincia-de-huesca\/","url":"https:\/\/dara.aragon.es\/dara\/blog\/gobernadores-civiles-de-la-provincia-de-huesca\/","name":"Gobernadores Civiles de la provincia de Huesca - DARA GENERAL","isPartOf":{"@id":"https:\/\/dara.aragon.es\/dara\/#website"},"primaryImageOfPage":{"@id":"https:\/\/dara.aragon.es\/dara\/blog\/gobernadores-civiles-de-la-provincia-de-huesca\/#primaryimage"},"image":{"@id":"https:\/\/dara.aragon.es\/dara\/blog\/gobernadores-civiles-de-la-provincia-de-huesca\/#primaryimage"},"thumbnailUrl":"https:\/\/dara.aragon.es\/dara\/wp-content\/uploads\/2016\/04\/AHPHU_C_00145_0005_0004.jpg","datePublished":"2016-04-19T07:57:00+00:00","dateModified":"2024-10-23T06:39:28+00:00","author":{"@id":"https:\/\/dara.aragon.es\/dara\/#\/schema\/person\/c92a91d58960d5273d13b621efa16e1c"},"breadcrumb":{"@id":"https:\/\/dara.aragon.es\/dara\/blog\/gobernadores-civiles-de-la-provincia-de-huesca\/#breadcrumb"},"inLanguage":"es","potentialAction":[{"@type":"ReadAction","target":["https:\/\/dara.aragon.es\/dara\/blog\/gobernadores-civiles-de-la-provincia-de-huesca\/"]}]},{"@type":"ImageObject","inLanguage":"es","@id":"https:\/\/dara.aragon.es\/dara\/blog\/gobernadores-civiles-de-la-provincia-de-huesca\/#primaryimage","url":"https:\/\/dara.aragon.es\/dara\/wp-content\/uploads\/2016\/04\/AHPHU_C_00145_0005_0004.jpg","contentUrl":"https:\/\/dara.aragon.es\/dara\/wp-content\/uploads\/2016\/04\/AHPHU_C_00145_0005_0004.jpg","width":800,"height":550},{"@type":"BreadcrumbList","@id":"https:\/\/dara.aragon.es\/dara\/blog\/gobernadores-civiles-de-la-provincia-de-huesca\/#breadcrumb","itemListElement":[{"@type":"ListItem","position":1,"name":"Portada","item":"https:\/\/dara.aragon.es\/dara\/"},{"@type":"ListItem","position":2,"name":"Gobernadores Civiles de la provincia de Huesca"}]},{"@type":"WebSite","@id":"https:\/\/dara.aragon.es\/dara\/#website","url":"https:\/\/dara.aragon.es\/dara\/","name":"DARA GENERAL","description":"Documentos y archivos de Arag\u00f3n","potentialAction":[{"@type":"SearchAction","target":{"@type":"EntryPoint","urlTemplate":"https:\/\/dara.aragon.es\/dara\/?s={search_term_string}"},"query-input":{"@type":"PropertyValueSpecification","valueRequired":true,"valueName":"search_term_string"}}],"inLanguage":"es"},{"@type":"Person","@id":"https:\/\/dara.aragon.es\/dara\/#\/schema\/person\/c92a91d58960d5273d13b621efa16e1c","name":"Archivo Hist\u00f3rico Provincial de Huesca Juanjo Generelo","image":{"@type":"ImageObject","inLanguage":"es","@id":"https:\/\/dara.aragon.es\/dara\/#\/schema\/person\/image\/","url":"https:\/\/secure.gravatar.com\/avatar\/fa75e3fa3d7c0fae31f3a68e8792dda4a61d177f3ad3cf4464163ec40829ee75?s=96&d=mm&r=g","contentUrl":"https:\/\/secure.gravatar.com\/avatar\/fa75e3fa3d7c0fae31f3a68e8792dda4a61d177f3ad3cf4464163ec40829ee75?s=96&d=mm&r=g","caption":"Archivo Hist\u00f3rico Provincial de Huesca Juanjo Generelo"},"url":"https:\/\/dara.aragon.es\/dara\/blog\/author\/archivohu\/"}]}},"_links":{"self":[{"href":"https:\/\/dara.aragon.es\/dara\/wp-json\/wp\/v2\/posts\/395","targetHints":{"allow":["GET"]}}],"collection":[{"href":"https:\/\/dara.aragon.es\/dara\/wp-json\/wp\/v2\/posts"}],"about":[{"href":"https:\/\/dara.aragon.es\/dara\/wp-json\/wp\/v2\/types\/post"}],"author":[{"embeddable":true,"href":"https:\/\/dara.aragon.es\/dara\/wp-json\/wp\/v2\/users\/2"}],"replies":[{"embeddable":true,"href":"https:\/\/dara.aragon.es\/dara\/wp-json\/wp\/v2\/comments?post=395"}],"version-history":[{"count":0,"href":"https:\/\/dara.aragon.es\/dara\/wp-json\/wp\/v2\/posts\/395\/revisions"}],"wp:featuredmedia":[{"embeddable":true,"href":"https:\/\/dara.aragon.es\/dara\/wp-json\/wp\/v2\/media\/6491"}],"wp:attachment":[{"href":"https:\/\/dara.aragon.es\/dara\/wp-json\/wp\/v2\/media?parent=395"}],"wp:term":[{"taxonomy":"category","embeddable":true,"href":"https:\/\/dara.aragon.es\/dara\/wp-json\/wp\/v2\/categories?post=395"},{"taxonomy":"post_tag","embeddable":true,"href":"https:\/\/dara.aragon.es\/dara\/wp-json\/wp\/v2\/tags?post=395"}],"curies":[{"name":"wp","href":"https:\/\/api.w.org\/{rel}","templated":true}]}}