{"id":409,"date":"2015-12-28T18:03:00","date_gmt":"2015-12-28T18:03:00","guid":{"rendered":"https:\/\/dara.aragon.es\/dara\/blog\/2015\/12\/28\/el-archivo-fotografico-historico-del-sipa\/"},"modified":"2024-10-23T06:46:22","modified_gmt":"2024-10-23T06:46:22","slug":"el-archivo-fotografico-historico-del-sipa","status":"publish","type":"post","link":"https:\/\/dara.aragon.es\/dara\/blog\/el-archivo-fotografico-historico-del-sipa\/","title":{"rendered":"El Archivo Fotogr\u00e1fico Hist\u00f3rico del SIPA"},"content":{"rendered":"<p>Ya son accesibles en DARA casi 900 im\u00e1genes del archivo fotogr\u00e1fico hist\u00f3rico del SIPA, muy destacado por su tem\u00e1tica, que lleg\u00f3 a tener m\u00e1s de 2000 fotograf\u00edas con las aportaciones de sus socios, y que actualmente se encuentra en dep\u00f3sito en el Archivo Hist\u00f3rico Provincial de Zaragoza.<\/p>\n<div style=\"clear: both;text-align: center\"><\/div>\n<p><\/p>\n<div style=\"text-align: center\"><\/div>\n<h4>Turismo y regionalismo aragon\u00e9s<\/h4>\n<p>El <a href=\"http:\/\/www.siparagon.es\/\" target=\"_blank\" rel=\"noopener\"><b>Sindicato de Iniciativa y Propaganda de Arag\u00f3n<\/b><\/a> (m\u00e1s conocido como SIPA) naci\u00f3 en 1908, al calor de la Exposici\u00f3n Hispano-Francesa. En 1925 se constituy\u00f3 como asociaci\u00f3n para la promoci\u00f3n tur\u00edstica regional. Pronto atrajo el inter\u00e9s de personalidades relevantes a nivel regional y se impregn\u00f3 del movimiento regeneracionista aragon\u00e9s, lo que llev\u00f3 a sus socios a reivindicar la riqueza monumental, las costumbres y la cultura aragonesas, pero siempre mirando hacia la promoci\u00f3n exterior, junto a la necesidad de dotar al pa\u00eds de infraestructuras como el ferrocarril de Canfranc o el plan de regad\u00edos del Alto Arag\u00f3n. La Guerra Civil (1936-1939) marc\u00f3 el final de esta primera etapa, pero no acab\u00f3 con el Sindicato, que recobr\u00f3 empuje en los a\u00f1os 70.<\/p>\n<h4>La fotograf\u00eda del SIPA<\/h4>\n<p>Desde sus inicios, la asociaci\u00f3n identific\u00f3 la fotograf\u00eda como un elemento fundamental de propaganda tur\u00edstica y acogi\u00f3 entre sus socios a extraordinarios fot\u00f3grafos aragoneses (como Juan Mora Insa o Julio Requejo, parte de cuya obra se custodia en el AHPZ), la mayor\u00eda vinculados a la Sociedad Fotogr\u00e1fica de Zaragoza (SFZ). A la par que realizaba actividades e iniciativas de promoci\u00f3n de todo tipo, el Sindicato se ocup\u00f3 de fomentar la utilizaci\u00f3n de la t\u00e9cnica fotogr\u00e1fica.<br \/>El inter\u00e9s por captar la esencia de las gentes de la regi\u00f3n nos regala estampas de la vida cotidiana que rebosan naturalidad frente a los r\u00edgidos retratos a los que estamos acostumbrados en el primer tercio del siglo XX. Buena parte de la geograf\u00eda aragonesa est\u00e1 representada entre el casi millar de im\u00e1genes, que difunden una nueva sensibilidad hacia los paisajes, sin olvidar el atractivo de las grandes ciudades y los monumentos, adem\u00e1s de la fiesta de los toros. La curiosidad viajera de los socios del Sindicato ampli\u00f3 la colecci\u00f3n fotogr\u00e1fica con tomas de Jerez, Barcelona o Biarritz.<\/p>\n<div style=\"text-align: center\">\n<div style=\"clear: both;text-align: center\"><a href=\"https:\/\/3.bp.blogspot.com\/-_K-h5c-MTk0\/V7V-Kdnx5AI\/AAAAAAAAAVk\/tjB7bSI0MrAh3Ia-O4m7qu5zYZ3NOU7GgCLcB\/s1600\/AHPZ_MF_SIPA_0459_001.jpg\" style=\"margin-left: 1em;margin-right: 1em\"><img loading=\"lazy\" decoding=\"async\" border=\"0\" height=\"268\" src=\"https:\/\/3.bp.blogspot.com\/-_K-h5c-MTk0\/V7V-Kdnx5AI\/AAAAAAAAAVk\/tjB7bSI0MrAh3Ia-O4m7qu5zYZ3NOU7GgCLcB\/s640\/AHPZ_MF_SIPA_0459_001.jpg\" width=\"640\" \/><\/a><\/div>\n<p>\u00ab<a href=\"https:\/\/dara.aragon.es\/opac\/app\/item\/?vm=nv&amp;q=sindicato+iniciativa&amp;p=0&amp;ft=institution:Sindicato+de+Iniciativa+y+Propaganda+de+Arag%C3%B3n&amp;i=714630\" target=\"_blank\" rel=\"noopener\"><i>Fuendetodos. Un alto para almorzar en la carretera\u00bb<\/i>. 1928. 6x13cm<\/a><\/div>\n<h4>El SIPA en el Archivo Hist\u00f3rico Provincial de Zaragoza<\/h4>\n<div><a href=\"http:\/\/www.dara-aragon.es\/dara\/archivos\/archivo.jsp?id_archivo=698148\">El <b>fondo Archivo Fotogr\u00e1fico Hist\u00f3rico del SIPA<\/b><\/a> del Archivo Hist\u00f3rico Provincial de Zaragoza contiene 868 entradas que se corresponden con placas estereosc\u00f3picas, negativos, positivos y autocromos realizados entre 1905 y 1930. Algunos de los fot\u00f3grafos que podemos identificar son Vi\u00f1uales, Grasa, o los ya citados Rquejo y Mora. Estaba organizado por poblaciones y eventos.<\/div>\n<p>Para saber m\u00e1s:<\/p>\n<ul>\n<li>PARRA DE M\u00c1S, Santiago. <i>SIPA, Sindicato de Iniciativa y propaganda de Arag\u00f3n<\/i>. Zaragoza: Ibercaja, 2004.<\/li>\n<li>ESP\u00c1 LASAOSA, Virginia. <i>Juan Mora Insa (1880-1954): afici\u00f3n, profesi\u00f3n y encargo en la fotograf\u00eda aragonesa<\/i>. [Tesis doctoral in\u00e9dita] Universidad de Zaragoza, 2000<\/li>\n<\/ul>\n<p><b><a href=\"http:\/\/www.dara-aragon.es\/dara\/archivos\/archivo.jsp?id_archivo=698148\" rel=\"nofollow noopener\" target=\"_blank\">Acceso al fondo del SIPA en DARA<\/a><\/b><\/p>\n","protected":false},"excerpt":{"rendered":"<p>Ya son accesibles en DARA casi 900 im\u00e1genes del archivo fotogr\u00e1fico hist\u00f3rico del SIPA, muy destacado por su tem\u00e1tica, que lleg\u00f3 a tener m\u00e1s de 2000 fotograf\u00edas con las aportaciones de sus socios, y que actualmente se encuentra en dep\u00f3sito en el Archivo Hist\u00f3rico Provincial de Zaragoza. Turismo y regionalismo aragon\u00e9s El Sindicato de Iniciativa [&hellip;]<\/p>\n","protected":false},"author":3,"featured_media":6501,"comment_status":"open","ping_status":"closed","sticky":false,"template":"","format":"standard","meta":{"_et_pb_use_builder":"","_et_pb_old_content":"","_et_gb_content_width":"","om_disable_all_campaigns":false,"_monsterinsights_skip_tracking":false,"_monsterinsights_sitenote_active":false,"_monsterinsights_sitenote_note":"","_monsterinsights_sitenote_category":0,"_uf_show_specific_survey":0,"_uf_disable_surveys":false,"footnotes":""},"categories":[15,169,110,177],"tags":[484,566],"class_list":["post-409","post","type-post","status-publish","format-standard","has-post-thumbnail","hentry","category-ahp-zaragoza","category-consultasfrecuentes","category-faqarchivos","category-faqfotografia","tag-fotografia","tag-sipa"],"yoast_head":"<!-- This site is optimized with the Yoast SEO plugin v26.2 - https:\/\/yoast.com\/wordpress\/plugins\/seo\/ -->\n<title>El Archivo Fotogr\u00e1fico Hist\u00f3rico del SIPA - DARA GENERAL<\/title>\n<meta name=\"robots\" content=\"index, follow, max-snippet:-1, max-image-preview:large, max-video-preview:-1\" \/>\n<link rel=\"canonical\" href=\"https:\/\/dara.aragon.es\/dara\/blog\/el-archivo-fotografico-historico-del-sipa\/\" \/>\n<meta property=\"og:locale\" content=\"es_ES\" \/>\n<meta property=\"og:type\" content=\"article\" \/>\n<meta property=\"og:title\" content=\"El Archivo Fotogr\u00e1fico Hist\u00f3rico del SIPA - DARA GENERAL\" \/>\n<meta property=\"og:description\" content=\"Ya son accesibles en DARA casi 900 im\u00e1genes del archivo fotogr\u00e1fico hist\u00f3rico del SIPA, muy destacado por su tem\u00e1tica, que lleg\u00f3 a tener m\u00e1s de 2000 fotograf\u00edas con las aportaciones de sus socios, y que actualmente se encuentra en dep\u00f3sito en el Archivo Hist\u00f3rico Provincial de Zaragoza. Turismo y regionalismo aragon\u00e9s El Sindicato de Iniciativa [&hellip;]\" \/>\n<meta property=\"og:url\" content=\"https:\/\/dara.aragon.es\/dara\/blog\/el-archivo-fotografico-historico-del-sipa\/\" \/>\n<meta property=\"og:site_name\" content=\"DARA GENERAL\" \/>\n<meta property=\"article:published_time\" content=\"2015-12-28T18:03:00+00:00\" \/>\n<meta property=\"article:modified_time\" content=\"2024-10-23T06:46:22+00:00\" \/>\n<meta property=\"og:image\" content=\"https:\/\/dara.aragon.es\/dara\/wp-content\/uploads\/2015\/12\/AHPZ_MF_SIPA_0459_001.jpg\" \/>\n\t<meta property=\"og:image:width\" content=\"640\" \/>\n\t<meta property=\"og:image:height\" content=\"268\" \/>\n\t<meta property=\"og:image:type\" content=\"image\/jpeg\" \/>\n<meta name=\"author\" content=\"Administrador DARA\" \/>\n<meta name=\"twitter:card\" content=\"summary_large_image\" \/>\n<meta name=\"twitter:label1\" content=\"Escrito por\" \/>\n\t<meta name=\"twitter:data1\" content=\"Administrador DARA\" \/>\n\t<meta name=\"twitter:label2\" content=\"Tiempo de lectura\" \/>\n\t<meta name=\"twitter:data2\" content=\"3 minutos\" \/>\n<script type=\"application\/ld+json\" class=\"yoast-schema-graph\">{\"@context\":\"https:\/\/schema.org\",\"@graph\":[{\"@type\":\"WebPage\",\"@id\":\"https:\/\/dara.aragon.es\/dara\/blog\/el-archivo-fotografico-historico-del-sipa\/\",\"url\":\"https:\/\/dara.aragon.es\/dara\/blog\/el-archivo-fotografico-historico-del-sipa\/\",\"name\":\"El Archivo Fotogr\u00e1fico Hist\u00f3rico del SIPA - DARA GENERAL\",\"isPartOf\":{\"@id\":\"https:\/\/dara.aragon.es\/dara\/#website\"},\"primaryImageOfPage\":{\"@id\":\"https:\/\/dara.aragon.es\/dara\/blog\/el-archivo-fotografico-historico-del-sipa\/#primaryimage\"},\"image\":{\"@id\":\"https:\/\/dara.aragon.es\/dara\/blog\/el-archivo-fotografico-historico-del-sipa\/#primaryimage\"},\"thumbnailUrl\":\"https:\/\/dara.aragon.es\/dara\/wp-content\/uploads\/2015\/12\/AHPZ_MF_SIPA_0459_001.jpg\",\"datePublished\":\"2015-12-28T18:03:00+00:00\",\"dateModified\":\"2024-10-23T06:46:22+00:00\",\"author\":{\"@id\":\"https:\/\/dara.aragon.es\/dara\/#\/schema\/person\/42ee60d9eb45f8689b62d2b57c40aeec\"},\"breadcrumb\":{\"@id\":\"https:\/\/dara.aragon.es\/dara\/blog\/el-archivo-fotografico-historico-del-sipa\/#breadcrumb\"},\"inLanguage\":\"es\",\"potentialAction\":[{\"@type\":\"ReadAction\",\"target\":[\"https:\/\/dara.aragon.es\/dara\/blog\/el-archivo-fotografico-historico-del-sipa\/\"]}]},{\"@type\":\"ImageObject\",\"inLanguage\":\"es\",\"@id\":\"https:\/\/dara.aragon.es\/dara\/blog\/el-archivo-fotografico-historico-del-sipa\/#primaryimage\",\"url\":\"https:\/\/dara.aragon.es\/dara\/wp-content\/uploads\/2015\/12\/AHPZ_MF_SIPA_0459_001.jpg\",\"contentUrl\":\"https:\/\/dara.aragon.es\/dara\/wp-content\/uploads\/2015\/12\/AHPZ_MF_SIPA_0459_001.jpg\",\"width\":640,\"height\":268},{\"@type\":\"BreadcrumbList\",\"@id\":\"https:\/\/dara.aragon.es\/dara\/blog\/el-archivo-fotografico-historico-del-sipa\/#breadcrumb\",\"itemListElement\":[{\"@type\":\"ListItem\",\"position\":1,\"name\":\"Portada\",\"item\":\"https:\/\/dara.aragon.es\/dara\/\"},{\"@type\":\"ListItem\",\"position\":2,\"name\":\"El Archivo Fotogr\u00e1fico Hist\u00f3rico del SIPA\"}]},{\"@type\":\"WebSite\",\"@id\":\"https:\/\/dara.aragon.es\/dara\/#website\",\"url\":\"https:\/\/dara.aragon.es\/dara\/\",\"name\":\"DARA GENERAL\",\"description\":\"Documentos y archivos de Arag\u00f3n\",\"potentialAction\":[{\"@type\":\"SearchAction\",\"target\":{\"@type\":\"EntryPoint\",\"urlTemplate\":\"https:\/\/dara.aragon.es\/dara\/?s={search_term_string}\"},\"query-input\":{\"@type\":\"PropertyValueSpecification\",\"valueRequired\":true,\"valueName\":\"search_term_string\"}}],\"inLanguage\":\"es\"},{\"@type\":\"Person\",\"@id\":\"https:\/\/dara.aragon.es\/dara\/#\/schema\/person\/42ee60d9eb45f8689b62d2b57c40aeec\",\"name\":\"Administrador DARA\",\"image\":{\"@type\":\"ImageObject\",\"inLanguage\":\"es\",\"@id\":\"https:\/\/dara.aragon.es\/dara\/#\/schema\/person\/image\/\",\"url\":\"https:\/\/secure.gravatar.com\/avatar\/8fc1a4250e60d75d1b41fafee86f7181217b3ec161666d4118ba57f78c0a1104?s=96&d=mm&r=g\",\"contentUrl\":\"https:\/\/secure.gravatar.com\/avatar\/8fc1a4250e60d75d1b41fafee86f7181217b3ec161666d4118ba57f78c0a1104?s=96&d=mm&r=g\",\"caption\":\"Administrador DARA\"},\"url\":\"https:\/\/dara.aragon.es\/dara\/blog\/author\/dara-gestion-de-contenidos\/\"}]}<\/script>\n<!-- \/ Yoast SEO plugin. -->","yoast_head_json":{"title":"El Archivo Fotogr\u00e1fico Hist\u00f3rico del SIPA - DARA GENERAL","robots":{"index":"index","follow":"follow","max-snippet":"max-snippet:-1","max-image-preview":"max-image-preview:large","max-video-preview":"max-video-preview:-1"},"canonical":"https:\/\/dara.aragon.es\/dara\/blog\/el-archivo-fotografico-historico-del-sipa\/","og_locale":"es_ES","og_type":"article","og_title":"El Archivo Fotogr\u00e1fico Hist\u00f3rico del SIPA - DARA GENERAL","og_description":"Ya son accesibles en DARA casi 900 im\u00e1genes del archivo fotogr\u00e1fico hist\u00f3rico del SIPA, muy destacado por su tem\u00e1tica, que lleg\u00f3 a tener m\u00e1s de 2000 fotograf\u00edas con las aportaciones de sus socios, y que actualmente se encuentra en dep\u00f3sito en el Archivo Hist\u00f3rico Provincial de Zaragoza. Turismo y regionalismo aragon\u00e9s El Sindicato de Iniciativa [&hellip;]","og_url":"https:\/\/dara.aragon.es\/dara\/blog\/el-archivo-fotografico-historico-del-sipa\/","og_site_name":"DARA GENERAL","article_published_time":"2015-12-28T18:03:00+00:00","article_modified_time":"2024-10-23T06:46:22+00:00","og_image":[{"width":640,"height":268,"url":"https:\/\/dara.aragon.es\/dara\/wp-content\/uploads\/2015\/12\/AHPZ_MF_SIPA_0459_001.jpg","type":"image\/jpeg"}],"author":"Administrador DARA","twitter_card":"summary_large_image","twitter_misc":{"Escrito por":"Administrador DARA","Tiempo de lectura":"3 minutos"},"schema":{"@context":"https:\/\/schema.org","@graph":[{"@type":"WebPage","@id":"https:\/\/dara.aragon.es\/dara\/blog\/el-archivo-fotografico-historico-del-sipa\/","url":"https:\/\/dara.aragon.es\/dara\/blog\/el-archivo-fotografico-historico-del-sipa\/","name":"El Archivo Fotogr\u00e1fico Hist\u00f3rico del SIPA - DARA GENERAL","isPartOf":{"@id":"https:\/\/dara.aragon.es\/dara\/#website"},"primaryImageOfPage":{"@id":"https:\/\/dara.aragon.es\/dara\/blog\/el-archivo-fotografico-historico-del-sipa\/#primaryimage"},"image":{"@id":"https:\/\/dara.aragon.es\/dara\/blog\/el-archivo-fotografico-historico-del-sipa\/#primaryimage"},"thumbnailUrl":"https:\/\/dara.aragon.es\/dara\/wp-content\/uploads\/2015\/12\/AHPZ_MF_SIPA_0459_001.jpg","datePublished":"2015-12-28T18:03:00+00:00","dateModified":"2024-10-23T06:46:22+00:00","author":{"@id":"https:\/\/dara.aragon.es\/dara\/#\/schema\/person\/42ee60d9eb45f8689b62d2b57c40aeec"},"breadcrumb":{"@id":"https:\/\/dara.aragon.es\/dara\/blog\/el-archivo-fotografico-historico-del-sipa\/#breadcrumb"},"inLanguage":"es","potentialAction":[{"@type":"ReadAction","target":["https:\/\/dara.aragon.es\/dara\/blog\/el-archivo-fotografico-historico-del-sipa\/"]}]},{"@type":"ImageObject","inLanguage":"es","@id":"https:\/\/dara.aragon.es\/dara\/blog\/el-archivo-fotografico-historico-del-sipa\/#primaryimage","url":"https:\/\/dara.aragon.es\/dara\/wp-content\/uploads\/2015\/12\/AHPZ_MF_SIPA_0459_001.jpg","contentUrl":"https:\/\/dara.aragon.es\/dara\/wp-content\/uploads\/2015\/12\/AHPZ_MF_SIPA_0459_001.jpg","width":640,"height":268},{"@type":"BreadcrumbList","@id":"https:\/\/dara.aragon.es\/dara\/blog\/el-archivo-fotografico-historico-del-sipa\/#breadcrumb","itemListElement":[{"@type":"ListItem","position":1,"name":"Portada","item":"https:\/\/dara.aragon.es\/dara\/"},{"@type":"ListItem","position":2,"name":"El Archivo Fotogr\u00e1fico Hist\u00f3rico del SIPA"}]},{"@type":"WebSite","@id":"https:\/\/dara.aragon.es\/dara\/#website","url":"https:\/\/dara.aragon.es\/dara\/","name":"DARA GENERAL","description":"Documentos y archivos de Arag\u00f3n","potentialAction":[{"@type":"SearchAction","target":{"@type":"EntryPoint","urlTemplate":"https:\/\/dara.aragon.es\/dara\/?s={search_term_string}"},"query-input":{"@type":"PropertyValueSpecification","valueRequired":true,"valueName":"search_term_string"}}],"inLanguage":"es"},{"@type":"Person","@id":"https:\/\/dara.aragon.es\/dara\/#\/schema\/person\/42ee60d9eb45f8689b62d2b57c40aeec","name":"Administrador DARA","image":{"@type":"ImageObject","inLanguage":"es","@id":"https:\/\/dara.aragon.es\/dara\/#\/schema\/person\/image\/","url":"https:\/\/secure.gravatar.com\/avatar\/8fc1a4250e60d75d1b41fafee86f7181217b3ec161666d4118ba57f78c0a1104?s=96&d=mm&r=g","contentUrl":"https:\/\/secure.gravatar.com\/avatar\/8fc1a4250e60d75d1b41fafee86f7181217b3ec161666d4118ba57f78c0a1104?s=96&d=mm&r=g","caption":"Administrador DARA"},"url":"https:\/\/dara.aragon.es\/dara\/blog\/author\/dara-gestion-de-contenidos\/"}]}},"_links":{"self":[{"href":"https:\/\/dara.aragon.es\/dara\/wp-json\/wp\/v2\/posts\/409","targetHints":{"allow":["GET"]}}],"collection":[{"href":"https:\/\/dara.aragon.es\/dara\/wp-json\/wp\/v2\/posts"}],"about":[{"href":"https:\/\/dara.aragon.es\/dara\/wp-json\/wp\/v2\/types\/post"}],"author":[{"embeddable":true,"href":"https:\/\/dara.aragon.es\/dara\/wp-json\/wp\/v2\/users\/3"}],"replies":[{"embeddable":true,"href":"https:\/\/dara.aragon.es\/dara\/wp-json\/wp\/v2\/comments?post=409"}],"version-history":[{"count":0,"href":"https:\/\/dara.aragon.es\/dara\/wp-json\/wp\/v2\/posts\/409\/revisions"}],"wp:featuredmedia":[{"embeddable":true,"href":"https:\/\/dara.aragon.es\/dara\/wp-json\/wp\/v2\/media\/6501"}],"wp:attachment":[{"href":"https:\/\/dara.aragon.es\/dara\/wp-json\/wp\/v2\/media?parent=409"}],"wp:term":[{"taxonomy":"category","embeddable":true,"href":"https:\/\/dara.aragon.es\/dara\/wp-json\/wp\/v2\/categories?post=409"},{"taxonomy":"post_tag","embeddable":true,"href":"https:\/\/dara.aragon.es\/dara\/wp-json\/wp\/v2\/tags?post=409"}],"curies":[{"name":"wp","href":"https:\/\/api.w.org\/{rel}","templated":true}]}}