{"id":425,"date":"2015-08-21T19:37:00","date_gmt":"2015-08-21T19:37:00","guid":{"rendered":"https:\/\/dara.aragon.es\/dara\/blog\/2015\/08\/21\/como-encontrar-documentos-del-gobierno-de-aragon\/"},"modified":"2024-10-23T06:48:50","modified_gmt":"2024-10-23T06:48:50","slug":"como-encontrar-documentos-del-gobierno-de-aragon","status":"publish","type":"post","link":"https:\/\/dara.aragon.es\/dara\/blog\/como-encontrar-documentos-del-gobierno-de-aragon\/","title":{"rendered":"C\u00f3mo encontrar documentos  del Gobierno de Arag\u00f3n"},"content":{"rendered":"<div style=\"clear: both;text-align: center\"><a href=\"http:\/\/2.bp.blogspot.com\/-K0QcRt0P8QE\/Vdd9sWfO3hI\/AAAAAAAAAFc\/QgL6FyXrFzw\/s1600\/cabecera_aacaa_small.jpg\" style=\"margin-left: 1em;margin-right: 1em\"><img decoding=\"async\" border=\"0\" src=\"https:\/\/2.bp.blogspot.com\/-K0QcRt0P8QE\/Vdd9sWfO3hI\/AAAAAAAAAFc\/QgL6FyXrFzw\/s1600\/cabecera_aacaa_small.jpg\" \/><\/a><\/div>\n<p>El organismo encargado de la conservaci\u00f3n, organizaci\u00f3n y difusi\u00f3n de  los documentos producidos por la administraci\u00f3n auton\u00f3mica es el Archivo  de la Administraci\u00f3n del Gobierno de Arag\u00f3n. Tiene una sede central en  el edificio Pignatelli (P\u00ba Mar\u00eda Agust\u00edn, 36, Zaragoza) y otras tres en  cada una de las delegaciones territoriales. La b\u00fasqueda de documentaci\u00f3n  se puede hacer desde el mismo portal web del Gobierno de Arag\u00f3n. Salvo  en el caso de Zaragoza, la documentaci\u00f3n m\u00e1s antigua de la DGA que ya ha  perdido uso administrativo se debe transferir a los respectivos  archivos hist\u00f3ricos provinciales, esto es, los de Huesca y Teruel. Para  saber si la documentaci\u00f3n que buscamos est\u00e1 en este grupo es aconsejable  dirigirse al mismo Archivo de la Administraci\u00f3n.<\/p>\n","protected":false},"excerpt":{"rendered":"<p>El organismo encargado de la conservaci\u00f3n, organizaci\u00f3n y difusi\u00f3n de los documentos producidos por la administraci\u00f3n auton\u00f3mica es el Archivo de la Administraci\u00f3n del Gobierno de Arag\u00f3n. Tiene una sede central en el edificio Pignatelli (P\u00ba Mar\u00eda Agust\u00edn, 36, Zaragoza) y otras tres en cada una de las delegaciones territoriales. La b\u00fasqueda de documentaci\u00f3n se [&hellip;]<\/p>\n","protected":false},"author":3,"featured_media":6507,"comment_status":"open","ping_status":"closed","sticky":false,"template":"","format":"standard","meta":{"_et_pb_use_builder":"","_et_pb_old_content":"","_et_gb_content_width":"","om_disable_all_campaigns":false,"_monsterinsights_skip_tracking":false,"_monsterinsights_sitenote_active":false,"_monsterinsights_sitenote_note":"","_monsterinsights_sitenote_category":0,"_uf_show_specific_survey":0,"_uf_disable_surveys":false,"footnotes":""},"categories":[108,169,110,249],"tags":[],"class_list":["post-425","post","type-post","status-publish","format-standard","has-post-thumbnail","hentry","category-archivo-de-la-administracion-de-la-comunidad-autonoma-de-aragon","category-consultasfrecuentes","category-faqarchivos","category-faqciudadanos"],"yoast_head":"<!-- This site is optimized with the Yoast SEO plugin v26.2 - https:\/\/yoast.com\/wordpress\/plugins\/seo\/ -->\n<title>C\u00f3mo encontrar documentos del Gobierno de Arag\u00f3n - DARA GENERAL<\/title>\n<meta name=\"robots\" content=\"index, follow, max-snippet:-1, max-image-preview:large, max-video-preview:-1\" \/>\n<link rel=\"canonical\" href=\"https:\/\/dara.aragon.es\/dara\/blog\/como-encontrar-documentos-del-gobierno-de-aragon\/\" \/>\n<meta property=\"og:locale\" content=\"es_ES\" \/>\n<meta property=\"og:type\" content=\"article\" \/>\n<meta property=\"og:title\" content=\"C\u00f3mo encontrar documentos del Gobierno de Arag\u00f3n - DARA GENERAL\" \/>\n<meta property=\"og:description\" content=\"El organismo encargado de la conservaci\u00f3n, organizaci\u00f3n y difusi\u00f3n de los documentos producidos por la administraci\u00f3n auton\u00f3mica es el Archivo de la Administraci\u00f3n del Gobierno de Arag\u00f3n. Tiene una sede central en el edificio Pignatelli (P\u00ba Mar\u00eda Agust\u00edn, 36, Zaragoza) y otras tres en cada una de las delegaciones territoriales. La b\u00fasqueda de documentaci\u00f3n se [&hellip;]\" \/>\n<meta property=\"og:url\" content=\"https:\/\/dara.aragon.es\/dara\/blog\/como-encontrar-documentos-del-gobierno-de-aragon\/\" \/>\n<meta property=\"og:site_name\" content=\"DARA GENERAL\" \/>\n<meta property=\"article:published_time\" content=\"2015-08-21T19:37:00+00:00\" \/>\n<meta property=\"article:modified_time\" content=\"2024-10-23T06:48:50+00:00\" \/>\n<meta property=\"og:image\" content=\"https:\/\/dara.aragon.es\/dara\/wp-content\/uploads\/2015\/08\/cabecera_aacaa_small.jpg\" \/>\n\t<meta property=\"og:image:width\" content=\"705\" \/>\n\t<meta property=\"og:image:height\" content=\"169\" \/>\n\t<meta property=\"og:image:type\" content=\"image\/jpeg\" \/>\n<meta name=\"author\" content=\"Administrador DARA\" \/>\n<meta name=\"twitter:card\" content=\"summary_large_image\" \/>\n<meta name=\"twitter:label1\" content=\"Escrito por\" \/>\n\t<meta name=\"twitter:data1\" content=\"Administrador DARA\" \/>\n\t<meta name=\"twitter:label2\" content=\"Tiempo de lectura\" \/>\n\t<meta name=\"twitter:data2\" content=\"1 minuto\" \/>\n<script type=\"application\/ld+json\" class=\"yoast-schema-graph\">{\"@context\":\"https:\/\/schema.org\",\"@graph\":[{\"@type\":\"WebPage\",\"@id\":\"https:\/\/dara.aragon.es\/dara\/blog\/como-encontrar-documentos-del-gobierno-de-aragon\/\",\"url\":\"https:\/\/dara.aragon.es\/dara\/blog\/como-encontrar-documentos-del-gobierno-de-aragon\/\",\"name\":\"C\u00f3mo encontrar documentos del Gobierno de Arag\u00f3n - DARA GENERAL\",\"isPartOf\":{\"@id\":\"https:\/\/dara.aragon.es\/dara\/#website\"},\"primaryImageOfPage\":{\"@id\":\"https:\/\/dara.aragon.es\/dara\/blog\/como-encontrar-documentos-del-gobierno-de-aragon\/#primaryimage\"},\"image\":{\"@id\":\"https:\/\/dara.aragon.es\/dara\/blog\/como-encontrar-documentos-del-gobierno-de-aragon\/#primaryimage\"},\"thumbnailUrl\":\"https:\/\/dara.aragon.es\/dara\/wp-content\/uploads\/2015\/08\/cabecera_aacaa_small.jpg\",\"datePublished\":\"2015-08-21T19:37:00+00:00\",\"dateModified\":\"2024-10-23T06:48:50+00:00\",\"author\":{\"@id\":\"https:\/\/dara.aragon.es\/dara\/#\/schema\/person\/42ee60d9eb45f8689b62d2b57c40aeec\"},\"breadcrumb\":{\"@id\":\"https:\/\/dara.aragon.es\/dara\/blog\/como-encontrar-documentos-del-gobierno-de-aragon\/#breadcrumb\"},\"inLanguage\":\"es\",\"potentialAction\":[{\"@type\":\"ReadAction\",\"target\":[\"https:\/\/dara.aragon.es\/dara\/blog\/como-encontrar-documentos-del-gobierno-de-aragon\/\"]}]},{\"@type\":\"ImageObject\",\"inLanguage\":\"es\",\"@id\":\"https:\/\/dara.aragon.es\/dara\/blog\/como-encontrar-documentos-del-gobierno-de-aragon\/#primaryimage\",\"url\":\"https:\/\/dara.aragon.es\/dara\/wp-content\/uploads\/2015\/08\/cabecera_aacaa_small.jpg\",\"contentUrl\":\"https:\/\/dara.aragon.es\/dara\/wp-content\/uploads\/2015\/08\/cabecera_aacaa_small.jpg\",\"width\":705,\"height\":169},{\"@type\":\"BreadcrumbList\",\"@id\":\"https:\/\/dara.aragon.es\/dara\/blog\/como-encontrar-documentos-del-gobierno-de-aragon\/#breadcrumb\",\"itemListElement\":[{\"@type\":\"ListItem\",\"position\":1,\"name\":\"Portada\",\"item\":\"https:\/\/dara.aragon.es\/dara\/\"},{\"@type\":\"ListItem\",\"position\":2,\"name\":\"C\u00f3mo encontrar documentos del Gobierno de Arag\u00f3n\"}]},{\"@type\":\"WebSite\",\"@id\":\"https:\/\/dara.aragon.es\/dara\/#website\",\"url\":\"https:\/\/dara.aragon.es\/dara\/\",\"name\":\"DARA GENERAL\",\"description\":\"Documentos y archivos de Arag\u00f3n\",\"potentialAction\":[{\"@type\":\"SearchAction\",\"target\":{\"@type\":\"EntryPoint\",\"urlTemplate\":\"https:\/\/dara.aragon.es\/dara\/?s={search_term_string}\"},\"query-input\":{\"@type\":\"PropertyValueSpecification\",\"valueRequired\":true,\"valueName\":\"search_term_string\"}}],\"inLanguage\":\"es\"},{\"@type\":\"Person\",\"@id\":\"https:\/\/dara.aragon.es\/dara\/#\/schema\/person\/42ee60d9eb45f8689b62d2b57c40aeec\",\"name\":\"Administrador DARA\",\"image\":{\"@type\":\"ImageObject\",\"inLanguage\":\"es\",\"@id\":\"https:\/\/dara.aragon.es\/dara\/#\/schema\/person\/image\/\",\"url\":\"https:\/\/secure.gravatar.com\/avatar\/8fc1a4250e60d75d1b41fafee86f7181217b3ec161666d4118ba57f78c0a1104?s=96&d=mm&r=g\",\"contentUrl\":\"https:\/\/secure.gravatar.com\/avatar\/8fc1a4250e60d75d1b41fafee86f7181217b3ec161666d4118ba57f78c0a1104?s=96&d=mm&r=g\",\"caption\":\"Administrador DARA\"},\"url\":\"https:\/\/dara.aragon.es\/dara\/blog\/author\/dara-gestion-de-contenidos\/\"}]}<\/script>\n<!-- \/ Yoast SEO plugin. -->","yoast_head_json":{"title":"C\u00f3mo encontrar documentos del Gobierno de Arag\u00f3n - DARA GENERAL","robots":{"index":"index","follow":"follow","max-snippet":"max-snippet:-1","max-image-preview":"max-image-preview:large","max-video-preview":"max-video-preview:-1"},"canonical":"https:\/\/dara.aragon.es\/dara\/blog\/como-encontrar-documentos-del-gobierno-de-aragon\/","og_locale":"es_ES","og_type":"article","og_title":"C\u00f3mo encontrar documentos del Gobierno de Arag\u00f3n - DARA GENERAL","og_description":"El organismo encargado de la conservaci\u00f3n, organizaci\u00f3n y difusi\u00f3n de los documentos producidos por la administraci\u00f3n auton\u00f3mica es el Archivo de la Administraci\u00f3n del Gobierno de Arag\u00f3n. Tiene una sede central en el edificio Pignatelli (P\u00ba Mar\u00eda Agust\u00edn, 36, Zaragoza) y otras tres en cada una de las delegaciones territoriales. La b\u00fasqueda de documentaci\u00f3n se [&hellip;]","og_url":"https:\/\/dara.aragon.es\/dara\/blog\/como-encontrar-documentos-del-gobierno-de-aragon\/","og_site_name":"DARA GENERAL","article_published_time":"2015-08-21T19:37:00+00:00","article_modified_time":"2024-10-23T06:48:50+00:00","og_image":[{"width":705,"height":169,"url":"https:\/\/dara.aragon.es\/dara\/wp-content\/uploads\/2015\/08\/cabecera_aacaa_small.jpg","type":"image\/jpeg"}],"author":"Administrador DARA","twitter_card":"summary_large_image","twitter_misc":{"Escrito por":"Administrador DARA","Tiempo de lectura":"1 minuto"},"schema":{"@context":"https:\/\/schema.org","@graph":[{"@type":"WebPage","@id":"https:\/\/dara.aragon.es\/dara\/blog\/como-encontrar-documentos-del-gobierno-de-aragon\/","url":"https:\/\/dara.aragon.es\/dara\/blog\/como-encontrar-documentos-del-gobierno-de-aragon\/","name":"C\u00f3mo encontrar documentos del Gobierno de Arag\u00f3n - DARA GENERAL","isPartOf":{"@id":"https:\/\/dara.aragon.es\/dara\/#website"},"primaryImageOfPage":{"@id":"https:\/\/dara.aragon.es\/dara\/blog\/como-encontrar-documentos-del-gobierno-de-aragon\/#primaryimage"},"image":{"@id":"https:\/\/dara.aragon.es\/dara\/blog\/como-encontrar-documentos-del-gobierno-de-aragon\/#primaryimage"},"thumbnailUrl":"https:\/\/dara.aragon.es\/dara\/wp-content\/uploads\/2015\/08\/cabecera_aacaa_small.jpg","datePublished":"2015-08-21T19:37:00+00:00","dateModified":"2024-10-23T06:48:50+00:00","author":{"@id":"https:\/\/dara.aragon.es\/dara\/#\/schema\/person\/42ee60d9eb45f8689b62d2b57c40aeec"},"breadcrumb":{"@id":"https:\/\/dara.aragon.es\/dara\/blog\/como-encontrar-documentos-del-gobierno-de-aragon\/#breadcrumb"},"inLanguage":"es","potentialAction":[{"@type":"ReadAction","target":["https:\/\/dara.aragon.es\/dara\/blog\/como-encontrar-documentos-del-gobierno-de-aragon\/"]}]},{"@type":"ImageObject","inLanguage":"es","@id":"https:\/\/dara.aragon.es\/dara\/blog\/como-encontrar-documentos-del-gobierno-de-aragon\/#primaryimage","url":"https:\/\/dara.aragon.es\/dara\/wp-content\/uploads\/2015\/08\/cabecera_aacaa_small.jpg","contentUrl":"https:\/\/dara.aragon.es\/dara\/wp-content\/uploads\/2015\/08\/cabecera_aacaa_small.jpg","width":705,"height":169},{"@type":"BreadcrumbList","@id":"https:\/\/dara.aragon.es\/dara\/blog\/como-encontrar-documentos-del-gobierno-de-aragon\/#breadcrumb","itemListElement":[{"@type":"ListItem","position":1,"name":"Portada","item":"https:\/\/dara.aragon.es\/dara\/"},{"@type":"ListItem","position":2,"name":"C\u00f3mo encontrar documentos del Gobierno de Arag\u00f3n"}]},{"@type":"WebSite","@id":"https:\/\/dara.aragon.es\/dara\/#website","url":"https:\/\/dara.aragon.es\/dara\/","name":"DARA GENERAL","description":"Documentos y archivos de Arag\u00f3n","potentialAction":[{"@type":"SearchAction","target":{"@type":"EntryPoint","urlTemplate":"https:\/\/dara.aragon.es\/dara\/?s={search_term_string}"},"query-input":{"@type":"PropertyValueSpecification","valueRequired":true,"valueName":"search_term_string"}}],"inLanguage":"es"},{"@type":"Person","@id":"https:\/\/dara.aragon.es\/dara\/#\/schema\/person\/42ee60d9eb45f8689b62d2b57c40aeec","name":"Administrador DARA","image":{"@type":"ImageObject","inLanguage":"es","@id":"https:\/\/dara.aragon.es\/dara\/#\/schema\/person\/image\/","url":"https:\/\/secure.gravatar.com\/avatar\/8fc1a4250e60d75d1b41fafee86f7181217b3ec161666d4118ba57f78c0a1104?s=96&d=mm&r=g","contentUrl":"https:\/\/secure.gravatar.com\/avatar\/8fc1a4250e60d75d1b41fafee86f7181217b3ec161666d4118ba57f78c0a1104?s=96&d=mm&r=g","caption":"Administrador DARA"},"url":"https:\/\/dara.aragon.es\/dara\/blog\/author\/dara-gestion-de-contenidos\/"}]}},"_links":{"self":[{"href":"https:\/\/dara.aragon.es\/dara\/wp-json\/wp\/v2\/posts\/425","targetHints":{"allow":["GET"]}}],"collection":[{"href":"https:\/\/dara.aragon.es\/dara\/wp-json\/wp\/v2\/posts"}],"about":[{"href":"https:\/\/dara.aragon.es\/dara\/wp-json\/wp\/v2\/types\/post"}],"author":[{"embeddable":true,"href":"https:\/\/dara.aragon.es\/dara\/wp-json\/wp\/v2\/users\/3"}],"replies":[{"embeddable":true,"href":"https:\/\/dara.aragon.es\/dara\/wp-json\/wp\/v2\/comments?post=425"}],"version-history":[{"count":0,"href":"https:\/\/dara.aragon.es\/dara\/wp-json\/wp\/v2\/posts\/425\/revisions"}],"wp:featuredmedia":[{"embeddable":true,"href":"https:\/\/dara.aragon.es\/dara\/wp-json\/wp\/v2\/media\/6507"}],"wp:attachment":[{"href":"https:\/\/dara.aragon.es\/dara\/wp-json\/wp\/v2\/media?parent=425"}],"wp:term":[{"taxonomy":"category","embeddable":true,"href":"https:\/\/dara.aragon.es\/dara\/wp-json\/wp\/v2\/categories?post=425"},{"taxonomy":"post_tag","embeddable":true,"href":"https:\/\/dara.aragon.es\/dara\/wp-json\/wp\/v2\/tags?post=425"}],"curies":[{"name":"wp","href":"https:\/\/api.w.org\/{rel}","templated":true}]}}