{"id":428,"date":"2015-08-21T15:37:00","date_gmt":"2015-08-21T15:37:00","guid":{"rendered":"https:\/\/dara.aragon.es\/dara\/blog\/2015\/08\/21\/la-historia-de-nuestros-pueblos\/"},"modified":"2024-10-23T06:44:36","modified_gmt":"2024-10-23T06:44:36","slug":"la-historia-de-nuestros-pueblos","status":"publish","type":"post","link":"https:\/\/dara.aragon.es\/dara\/blog\/la-historia-de-nuestros-pueblos\/","title":{"rendered":"La historia de nuestros pueblos"},"content":{"rendered":"<div style=\"text-align: justify\">\n<h3>Fuentes generales<\/h3>\n<p>Para obtener una primera informaci\u00f3n puede consultar la siguiente bibliograf\u00eda b\u00e1sica:<\/div>\n<ul>\n<li style=\"text-align: justify\"> MADOZ, PASCUAL,<i> Diccionario geogr\u00e1fico-estad\u00edstico-hist\u00f3rico de Espa\u00f1a y sus posesiones de Ultramar.<\/i>..  Madrid : [s.n.], 1845-1850. Existen varias reproducciones parciales de  esta edici\u00f3n, por ejemplo la que indicada en la referencia siguiente  MADOZ, PASCUAL. <i>Diccionario geogr\u00e1fico-estad\u00edstico-hist\u00f3rico de Arag\u00f3n.Zaragoza. Huesca . Teruel.<\/i> :Valladolid : \u00c1mbito ; Zaragoza : Diputaci\u00f3n General de Arag\u00f3n , 1985. 3 vol\u00famenes.<\/li>\n<li style=\"text-align: justify\"> UBIETO ARTETA, Antonio. <i>Historia de Arag\u00f3n<\/i>. Zaragoza: Anubar, 1981-1989. (Interesan los vol\u00famenes titulados <i>Los pueblos despoblados I, II, III <\/i>)<\/li>\n<li style=\"text-align: justify\"> ZAPATER, ALFONSO. <i>Arag\u00f3n pueblo a pueblo<\/i>. Zaragoza : Aguaviva, 1986. 10 vol\u00famenes<\/li>\n<\/ul>\n<div style=\"text-align: justify\">Si desea ampliar informaci\u00f3n bibliogr\u00e1fica, puede consultar la base de  datos Fichero Bibliogr\u00e1fico Aragon\u00e9s que re\u00fane referencias de  publicaciones sobre Arag\u00f3n. Esta base de datos se puede consultar en  internet: <a href=\"http:\/\/plan.aragob.es\/FBA.nsf\" target=\"_blank\" rel=\"noopener\">http:\/\/plan.aragob.es\/FBA.nsf<\/a><\/div>\n<div style=\"text-align: justify\">Si la informaci\u00f3n recogida en trabajos ya publicados no le resulta  suficiente y desea conocer qu\u00e9 fuentes documentales relacionadas con la  materia se pueden consultar en los archivos hist\u00f3ricos provinciales de  Huesca, Teruel y Zaragoza.<\/p>\n<h3>Los pueblos de la provincia de Huesca<\/h3>\n<\/div>\n<div style=\"text-align: justify\"><!--[if gte mso 9]&gt;    &lt;![endif]--><\/div>\n<div style=\"text-align: justify\"><!--[if gte mso 9]&gt;   Normal  0      21      false  false  false    ES  X-NONE  X-NONE                                                                    &lt;![endif]--><!--[if gte mso 9]&gt;                                                                                                                                                                                                                                                                                                                                                                                                                                                                                                                                                                                                                                                                                                                                                                        &lt;![endif]--><!--[if gte mso 10]&gt;&lt;![endif]--> <\/div>\n<div>En el Archivo Hist\u00f3rico Provincial de Huesca, se puede encontrar informaci\u00f3n general sobre los pueblos de la provincia, entre otros, en los siguientes fondos documentales:<\/p>\n<\/div>\n<ul style=\"margin-top: 0cm\" type=\"disc\">\n<li>Comisar\u00eda      de Abastecimientos y Transportes. Mapa de abastecimientos (1944-1960) <\/li>\n<\/ul>\n<ul style=\"margin-top: 0cm\" type=\"disc\">\n<li>Delegaci\u00f3n      de Hacienda: Amillaramientos y Registros Fiscales (1862- 1945) <\/li>\n<\/ul>\n<ul style=\"margin-top: 0cm\" type=\"disc\">\n<li>Delegaci\u00f3n      de Hacienda: Matr\u00edculas del Impuesto Industrial (1900- 1959)<\/li>\n<\/ul>\n<ul style=\"margin-top: 0cm\" type=\"disc\">\n<li>Gobierno      Civil: Expedientes de fusi\u00f3n e incorporaci\u00f3n de municipios, de      constituci\u00f3n o disoluci\u00f3n de entidades locales menores, de segregaci\u00f3n      parcial y agregaci\u00f3n de t\u00e9rminos municipales (1947-1973) <\/li>\n<\/ul>\n<ul style=\"margin-top: 0cm\" type=\"disc\">\n<li>Gobierno      Civil: Fichas composici\u00f3n de ayuntamientos (1961-1983)&nbsp; <\/li>\n<\/ul>\n<ul style=\"margin-top: 0cm\" type=\"disc\">\n<li>Gobierno      Civil: Expedientes de asociaciones (1941-1989) <\/li>\n<\/ul>\n<ul style=\"margin-top: 0cm\" type=\"disc\">\n<li>Servicio      Provincial de Inspecci\u00f3n y Asesoramiento de las Corporaciones Locales:      Presupuestos (1936-1980)<\/li>\n<li>Servicio      Provincial de Inspecci\u00f3n y Asesoramiento de las Corporaciones Locales:      Ordenanzas fiscales (1925-1981)\n<div style=\"clear: both;text-align: center\"><a href=\"http:\/\/3.bp.blogspot.com\/-l4-p8UmqpzU\/VddFsA9IlOI\/AAAAAAAAAEY\/TDytkyH3hvY\/s1600\/AHPT_CGA_10_0001.png\" style=\"margin-left: 1em;margin-right: 1em\"><img decoding=\"async\" border=\"0\" src=\"https:\/\/3.bp.blogspot.com\/-l4-p8UmqpzU\/VddFsA9IlOI\/AAAAAAAAAEY\/TDytkyH3hvY\/s1600\/AHPT_CGA_10_0001.png\" \/><\/a><\/div>\n<\/li>\n<\/ul>\n<p><\/p>\n<div style=\"text-align: justify\"><\/div>\n","protected":false},"excerpt":{"rendered":"<p>Fuentes generales Para obtener una primera informaci\u00f3n puede consultar la siguiente bibliograf\u00eda b\u00e1sica: MADOZ, PASCUAL, Diccionario geogr\u00e1fico-estad\u00edstico-hist\u00f3rico de Espa\u00f1a y sus posesiones de Ultramar&#8230; Madrid : [s.n.], 1845-1850. Existen varias reproducciones parciales de esta edici\u00f3n, por ejemplo la que indicada en la referencia siguiente MADOZ, PASCUAL. Diccionario geogr\u00e1fico-estad\u00edstico-hist\u00f3rico de Arag\u00f3n.Zaragoza. Huesca . Teruel. :Valladolid : [&hellip;]<\/p>\n","protected":false},"author":3,"featured_media":6499,"comment_status":"open","ping_status":"closed","sticky":false,"template":"","format":"standard","meta":{"_et_pb_use_builder":"","_et_pb_old_content":"","_et_gb_content_width":"","om_disable_all_campaigns":false,"_monsterinsights_skip_tracking":false,"_monsterinsights_sitenote_active":false,"_monsterinsights_sitenote_note":"","_monsterinsights_sitenote_category":0,"_uf_show_specific_survey":0,"_uf_disable_surveys":false,"footnotes":""},"categories":[6,169,110,249,211],"tags":[],"class_list":["post-428","post","type-post","status-publish","format-standard","has-post-thumbnail","hentry","category-ahp-huesca","category-consultasfrecuentes","category-faqarchivos","category-faqciudadanos","category-faqlocalidadesyterritorio"],"yoast_head":"<!-- This site is optimized with the Yoast SEO plugin v26.2 - https:\/\/yoast.com\/wordpress\/plugins\/seo\/ -->\n<title>La historia de nuestros pueblos - DARA GENERAL<\/title>\n<meta name=\"robots\" content=\"index, follow, max-snippet:-1, max-image-preview:large, max-video-preview:-1\" \/>\n<link rel=\"canonical\" href=\"https:\/\/dara.aragon.es\/dara\/blog\/la-historia-de-nuestros-pueblos\/\" \/>\n<meta property=\"og:locale\" content=\"es_ES\" \/>\n<meta property=\"og:type\" content=\"article\" \/>\n<meta property=\"og:title\" content=\"La historia de nuestros pueblos - DARA GENERAL\" \/>\n<meta property=\"og:description\" content=\"Fuentes generales Para obtener una primera informaci\u00f3n puede consultar la siguiente bibliograf\u00eda b\u00e1sica: MADOZ, PASCUAL, Diccionario geogr\u00e1fico-estad\u00edstico-hist\u00f3rico de Espa\u00f1a y sus posesiones de Ultramar... Madrid : [s.n.], 1845-1850. Existen varias reproducciones parciales de esta edici\u00f3n, por ejemplo la que indicada en la referencia siguiente MADOZ, PASCUAL. Diccionario geogr\u00e1fico-estad\u00edstico-hist\u00f3rico de Arag\u00f3n.Zaragoza. Huesca . Teruel. :Valladolid : [&hellip;]\" \/>\n<meta property=\"og:url\" content=\"https:\/\/dara.aragon.es\/dara\/blog\/la-historia-de-nuestros-pueblos\/\" \/>\n<meta property=\"og:site_name\" content=\"DARA GENERAL\" \/>\n<meta property=\"article:published_time\" content=\"2015-08-21T15:37:00+00:00\" \/>\n<meta property=\"article:modified_time\" content=\"2024-10-23T06:44:36+00:00\" \/>\n<meta property=\"og:image\" content=\"https:\/\/dara.aragon.es\/dara\/wp-content\/uploads\/2015\/08\/AHPT_CGA_10_0001.png\" \/>\n\t<meta property=\"og:image:width\" content=\"1000\" \/>\n\t<meta property=\"og:image:height\" content=\"748\" \/>\n\t<meta property=\"og:image:type\" content=\"image\/png\" \/>\n<meta name=\"author\" content=\"Administrador DARA\" \/>\n<meta name=\"twitter:card\" content=\"summary_large_image\" \/>\n<meta name=\"twitter:label1\" content=\"Escrito por\" \/>\n\t<meta name=\"twitter:data1\" content=\"Administrador DARA\" \/>\n\t<meta name=\"twitter:label2\" content=\"Tiempo de lectura\" \/>\n\t<meta name=\"twitter:data2\" content=\"2 minutos\" \/>\n<script type=\"application\/ld+json\" class=\"yoast-schema-graph\">{\"@context\":\"https:\/\/schema.org\",\"@graph\":[{\"@type\":\"WebPage\",\"@id\":\"https:\/\/dara.aragon.es\/dara\/blog\/la-historia-de-nuestros-pueblos\/\",\"url\":\"https:\/\/dara.aragon.es\/dara\/blog\/la-historia-de-nuestros-pueblos\/\",\"name\":\"La historia de nuestros pueblos - DARA GENERAL\",\"isPartOf\":{\"@id\":\"https:\/\/dara.aragon.es\/dara\/#website\"},\"primaryImageOfPage\":{\"@id\":\"https:\/\/dara.aragon.es\/dara\/blog\/la-historia-de-nuestros-pueblos\/#primaryimage\"},\"image\":{\"@id\":\"https:\/\/dara.aragon.es\/dara\/blog\/la-historia-de-nuestros-pueblos\/#primaryimage\"},\"thumbnailUrl\":\"https:\/\/dara.aragon.es\/dara\/wp-content\/uploads\/2015\/08\/AHPT_CGA_10_0001.png\",\"datePublished\":\"2015-08-21T15:37:00+00:00\",\"dateModified\":\"2024-10-23T06:44:36+00:00\",\"author\":{\"@id\":\"https:\/\/dara.aragon.es\/dara\/#\/schema\/person\/42ee60d9eb45f8689b62d2b57c40aeec\"},\"breadcrumb\":{\"@id\":\"https:\/\/dara.aragon.es\/dara\/blog\/la-historia-de-nuestros-pueblos\/#breadcrumb\"},\"inLanguage\":\"es\",\"potentialAction\":[{\"@type\":\"ReadAction\",\"target\":[\"https:\/\/dara.aragon.es\/dara\/blog\/la-historia-de-nuestros-pueblos\/\"]}]},{\"@type\":\"ImageObject\",\"inLanguage\":\"es\",\"@id\":\"https:\/\/dara.aragon.es\/dara\/blog\/la-historia-de-nuestros-pueblos\/#primaryimage\",\"url\":\"https:\/\/dara.aragon.es\/dara\/wp-content\/uploads\/2015\/08\/AHPT_CGA_10_0001.png\",\"contentUrl\":\"https:\/\/dara.aragon.es\/dara\/wp-content\/uploads\/2015\/08\/AHPT_CGA_10_0001.png\",\"width\":1000,\"height\":748},{\"@type\":\"BreadcrumbList\",\"@id\":\"https:\/\/dara.aragon.es\/dara\/blog\/la-historia-de-nuestros-pueblos\/#breadcrumb\",\"itemListElement\":[{\"@type\":\"ListItem\",\"position\":1,\"name\":\"Portada\",\"item\":\"https:\/\/dara.aragon.es\/dara\/\"},{\"@type\":\"ListItem\",\"position\":2,\"name\":\"La historia de nuestros pueblos\"}]},{\"@type\":\"WebSite\",\"@id\":\"https:\/\/dara.aragon.es\/dara\/#website\",\"url\":\"https:\/\/dara.aragon.es\/dara\/\",\"name\":\"DARA GENERAL\",\"description\":\"Documentos y archivos de Arag\u00f3n\",\"potentialAction\":[{\"@type\":\"SearchAction\",\"target\":{\"@type\":\"EntryPoint\",\"urlTemplate\":\"https:\/\/dara.aragon.es\/dara\/?s={search_term_string}\"},\"query-input\":{\"@type\":\"PropertyValueSpecification\",\"valueRequired\":true,\"valueName\":\"search_term_string\"}}],\"inLanguage\":\"es\"},{\"@type\":\"Person\",\"@id\":\"https:\/\/dara.aragon.es\/dara\/#\/schema\/person\/42ee60d9eb45f8689b62d2b57c40aeec\",\"name\":\"Administrador DARA\",\"image\":{\"@type\":\"ImageObject\",\"inLanguage\":\"es\",\"@id\":\"https:\/\/dara.aragon.es\/dara\/#\/schema\/person\/image\/\",\"url\":\"https:\/\/secure.gravatar.com\/avatar\/8fc1a4250e60d75d1b41fafee86f7181217b3ec161666d4118ba57f78c0a1104?s=96&d=mm&r=g\",\"contentUrl\":\"https:\/\/secure.gravatar.com\/avatar\/8fc1a4250e60d75d1b41fafee86f7181217b3ec161666d4118ba57f78c0a1104?s=96&d=mm&r=g\",\"caption\":\"Administrador DARA\"},\"url\":\"https:\/\/dara.aragon.es\/dara\/blog\/author\/dara-gestion-de-contenidos\/\"}]}<\/script>\n<!-- \/ Yoast SEO plugin. -->","yoast_head_json":{"title":"La historia de nuestros pueblos - DARA GENERAL","robots":{"index":"index","follow":"follow","max-snippet":"max-snippet:-1","max-image-preview":"max-image-preview:large","max-video-preview":"max-video-preview:-1"},"canonical":"https:\/\/dara.aragon.es\/dara\/blog\/la-historia-de-nuestros-pueblos\/","og_locale":"es_ES","og_type":"article","og_title":"La historia de nuestros pueblos - DARA GENERAL","og_description":"Fuentes generales Para obtener una primera informaci\u00f3n puede consultar la siguiente bibliograf\u00eda b\u00e1sica: MADOZ, PASCUAL, Diccionario geogr\u00e1fico-estad\u00edstico-hist\u00f3rico de Espa\u00f1a y sus posesiones de Ultramar... Madrid : [s.n.], 1845-1850. Existen varias reproducciones parciales de esta edici\u00f3n, por ejemplo la que indicada en la referencia siguiente MADOZ, PASCUAL. Diccionario geogr\u00e1fico-estad\u00edstico-hist\u00f3rico de Arag\u00f3n.Zaragoza. Huesca . Teruel. :Valladolid : [&hellip;]","og_url":"https:\/\/dara.aragon.es\/dara\/blog\/la-historia-de-nuestros-pueblos\/","og_site_name":"DARA GENERAL","article_published_time":"2015-08-21T15:37:00+00:00","article_modified_time":"2024-10-23T06:44:36+00:00","og_image":[{"width":1000,"height":748,"url":"https:\/\/dara.aragon.es\/dara\/wp-content\/uploads\/2015\/08\/AHPT_CGA_10_0001.png","type":"image\/png"}],"author":"Administrador DARA","twitter_card":"summary_large_image","twitter_misc":{"Escrito por":"Administrador DARA","Tiempo de lectura":"2 minutos"},"schema":{"@context":"https:\/\/schema.org","@graph":[{"@type":"WebPage","@id":"https:\/\/dara.aragon.es\/dara\/blog\/la-historia-de-nuestros-pueblos\/","url":"https:\/\/dara.aragon.es\/dara\/blog\/la-historia-de-nuestros-pueblos\/","name":"La historia de nuestros pueblos - DARA GENERAL","isPartOf":{"@id":"https:\/\/dara.aragon.es\/dara\/#website"},"primaryImageOfPage":{"@id":"https:\/\/dara.aragon.es\/dara\/blog\/la-historia-de-nuestros-pueblos\/#primaryimage"},"image":{"@id":"https:\/\/dara.aragon.es\/dara\/blog\/la-historia-de-nuestros-pueblos\/#primaryimage"},"thumbnailUrl":"https:\/\/dara.aragon.es\/dara\/wp-content\/uploads\/2015\/08\/AHPT_CGA_10_0001.png","datePublished":"2015-08-21T15:37:00+00:00","dateModified":"2024-10-23T06:44:36+00:00","author":{"@id":"https:\/\/dara.aragon.es\/dara\/#\/schema\/person\/42ee60d9eb45f8689b62d2b57c40aeec"},"breadcrumb":{"@id":"https:\/\/dara.aragon.es\/dara\/blog\/la-historia-de-nuestros-pueblos\/#breadcrumb"},"inLanguage":"es","potentialAction":[{"@type":"ReadAction","target":["https:\/\/dara.aragon.es\/dara\/blog\/la-historia-de-nuestros-pueblos\/"]}]},{"@type":"ImageObject","inLanguage":"es","@id":"https:\/\/dara.aragon.es\/dara\/blog\/la-historia-de-nuestros-pueblos\/#primaryimage","url":"https:\/\/dara.aragon.es\/dara\/wp-content\/uploads\/2015\/08\/AHPT_CGA_10_0001.png","contentUrl":"https:\/\/dara.aragon.es\/dara\/wp-content\/uploads\/2015\/08\/AHPT_CGA_10_0001.png","width":1000,"height":748},{"@type":"BreadcrumbList","@id":"https:\/\/dara.aragon.es\/dara\/blog\/la-historia-de-nuestros-pueblos\/#breadcrumb","itemListElement":[{"@type":"ListItem","position":1,"name":"Portada","item":"https:\/\/dara.aragon.es\/dara\/"},{"@type":"ListItem","position":2,"name":"La historia de nuestros pueblos"}]},{"@type":"WebSite","@id":"https:\/\/dara.aragon.es\/dara\/#website","url":"https:\/\/dara.aragon.es\/dara\/","name":"DARA GENERAL","description":"Documentos y archivos de Arag\u00f3n","potentialAction":[{"@type":"SearchAction","target":{"@type":"EntryPoint","urlTemplate":"https:\/\/dara.aragon.es\/dara\/?s={search_term_string}"},"query-input":{"@type":"PropertyValueSpecification","valueRequired":true,"valueName":"search_term_string"}}],"inLanguage":"es"},{"@type":"Person","@id":"https:\/\/dara.aragon.es\/dara\/#\/schema\/person\/42ee60d9eb45f8689b62d2b57c40aeec","name":"Administrador DARA","image":{"@type":"ImageObject","inLanguage":"es","@id":"https:\/\/dara.aragon.es\/dara\/#\/schema\/person\/image\/","url":"https:\/\/secure.gravatar.com\/avatar\/8fc1a4250e60d75d1b41fafee86f7181217b3ec161666d4118ba57f78c0a1104?s=96&d=mm&r=g","contentUrl":"https:\/\/secure.gravatar.com\/avatar\/8fc1a4250e60d75d1b41fafee86f7181217b3ec161666d4118ba57f78c0a1104?s=96&d=mm&r=g","caption":"Administrador DARA"},"url":"https:\/\/dara.aragon.es\/dara\/blog\/author\/dara-gestion-de-contenidos\/"}]}},"_links":{"self":[{"href":"https:\/\/dara.aragon.es\/dara\/wp-json\/wp\/v2\/posts\/428","targetHints":{"allow":["GET"]}}],"collection":[{"href":"https:\/\/dara.aragon.es\/dara\/wp-json\/wp\/v2\/posts"}],"about":[{"href":"https:\/\/dara.aragon.es\/dara\/wp-json\/wp\/v2\/types\/post"}],"author":[{"embeddable":true,"href":"https:\/\/dara.aragon.es\/dara\/wp-json\/wp\/v2\/users\/3"}],"replies":[{"embeddable":true,"href":"https:\/\/dara.aragon.es\/dara\/wp-json\/wp\/v2\/comments?post=428"}],"version-history":[{"count":0,"href":"https:\/\/dara.aragon.es\/dara\/wp-json\/wp\/v2\/posts\/428\/revisions"}],"wp:featuredmedia":[{"embeddable":true,"href":"https:\/\/dara.aragon.es\/dara\/wp-json\/wp\/v2\/media\/6499"}],"wp:attachment":[{"href":"https:\/\/dara.aragon.es\/dara\/wp-json\/wp\/v2\/media?parent=428"}],"wp:term":[{"taxonomy":"category","embeddable":true,"href":"https:\/\/dara.aragon.es\/dara\/wp-json\/wp\/v2\/categories?post=428"},{"taxonomy":"post_tag","embeddable":true,"href":"https:\/\/dara.aragon.es\/dara\/wp-json\/wp\/v2\/tags?post=428"}],"curies":[{"name":"wp","href":"https:\/\/api.w.org\/{rel}","templated":true}]}}