{"id":431,"date":"2015-08-21T14:18:00","date_gmt":"2015-08-21T14:18:00","guid":{"rendered":"https:\/\/dara.aragon.es\/dara\/blog\/2015\/08\/21\/apellidos-aragoneses\/"},"modified":"2024-10-23T06:50:29","modified_gmt":"2024-10-23T06:50:29","slug":"apellidos-aragoneses","status":"publish","type":"post","link":"https:\/\/dara.aragon.es\/dara\/blog\/apellidos-aragoneses\/","title":{"rendered":"Apellidos aragoneses"},"content":{"rendered":"<div style=\"text-align: justify\">\n<div style=\"clear: both;text-align: center\"><a href=\"http:\/\/3.bp.blogspot.com\/-zcsledWEO34\/VdcygXyuUoI\/AAAAAAAAADk\/a-bvokHXm1g\/s1600\/FDPH_COMPAIRE_3104.jpg\" style=\"clear: left;float: left;margin-bottom: 1em;margin-right: 1em\"><img loading=\"lazy\" decoding=\"async\" border=\"0\" height=\"640\" src=\"https:\/\/3.bp.blogspot.com\/-zcsledWEO34\/VdcygXyuUoI\/AAAAAAAAADk\/a-bvokHXm1g\/s640\/FDPH_COMPAIRE_3104.jpg\" width=\"451\" \/><\/a><\/div>\n<h3><span style=\", serif;font-size: 12pt\"><span style=\", serif\">Obras generales<\/span> <\/span><\/h3>\n<p><span style=\", serif;font-size: 12pt\">Para obtener una primera informaci\u00f3n sobre el origen de sus apellidos puede consultar la siguiente publicaci\u00f3n: Diccionario her\u00e1ldico y geneal\u00f3gico de apellidos espa\u00f1oles y americanos \/ por Alberto y Arturo Garc\u00eda Carraffa. Madrid, 1952-1968.<\/span><\/div>\n<div style=\"text-align: justify\"><span style=\", serif;font-size: 12pt\">Si desea m\u00e1s informaci\u00f3n bibliogr\u00e1fica puede consultar la base de datos Fichero Bibliogr\u00e1fico Aragon\u00e9s que re\u00fane referencias de publicaciones sobre Arag\u00f3n. Esta base de datos se puede consultar:<\/span><\/div>\n<ul type=\"disc\">\n<li style=\"text-align: justify\"><span style=\", serif;font-size: 12pt\">En internet: <a href=\"http:\/\/plan.aragob.es\/FBA.nsf\" target=\"_blank\" rel=\"noopener\"><span style=\"color: blue\">http:\/\/plan.aragob.es\/FBA.nsf<\/span><\/a><\/span><\/li>\n<li style=\"text-align: justify\"><span style=\", serif;font-size: 12pt\">Escribiendo a la direcci\u00f3n      postal: Instituto de Estudios Altoaragoneses. Calle del Parque, 10.      22071Huesca.<\/span><\/li>\n<li style=\"text-align: justify\"><span style=\", serif;font-size: 12pt\">Escribiendo a la direcci\u00f3n de      correo electr\u00f3nico: <a href=\"mailto:biblioteca@iea.es\"><span style=\"color: blue\">biblioteca@iea.es<\/span><\/a><\/span><\/li>\n<\/ul>\n<div style=\"text-align: justify\">\n<h3><span style=\", serif;font-size: 12pt\"><span style=\", serif\">Documentos de archivo<\/span> <\/span><\/h3>\n<p><span style=\", serif;font-size: 12pt\">Si se propone realizar un trabajo de investigaci\u00f3n sobre sus ascendientes y consultar documentos originales, ha de saber que requiere tiempo y esfuerzo y, a menudo, cierta experiencia en la lectura de letras antiguas (conocimientos de paleograf\u00eda). Para este tipo de trabajos puede dirigirse a los archivos hist\u00f3ricos provinciales de Huesca, Teruel y Zaragoza.<\/span><\/div>\n<div>\n<h3>Limpieza de sangre en el Archivo Hist\u00f3rico Provincial de Huesca <\/h3>\n<div><\/div>\n<p>En algunos fondos se conservan expedientes de limpieza de sangre para ingresar en determinadas instituciones. En el Archivo Hist\u00f3rico Provincial de Huesca son los siguientes: <\/p><\/div>\n<p><\/p>\n<ul>\n<li><span><span><span>&nbsp; <\/span><\/span><\/span>Monasterio de Sigena: expedientes de limpieza de sangre de religiosas (1612-1826). Se encuentran digitalizados y disponibles en DARA <b><a href=\"https:\/\/dara.aragon.es\/opac\/app\/results\/sixev?ob=df:1&amp;q=limpieza+de+sangre\" target=\"_blank\" rel=\"noopener\">en este enlace<\/a><\/b>. La mayor parte se conservan en el Archivo Hist\u00f3rico Provincial de Huesca pero tambi\u00e9n aparecieron expedientes y fragmentos en los documentos devueltos por el MNAC al Monasterio de Sigena.<\/li>\n<li><\/li>\n<li>&nbsp;Universidad Sertoriana: expedientes de opositores a becas y familiaturas de los Colegios Mayores de Santiago y San Vicente (1601-1833). El cat\u00e1logo de todos los expedientes est\u00e1 publicado&nbsp; por Jos\u00e9 Antonio Mart\u00ednez Bara en <i>Archivo Hist\u00f3rico Provincial de Huesca: cat\u00e1logo de fondos geneal\u00f3gicos, (<\/i>Madrid, 1952). La descripci\u00f3n de estos expedientes incluye los apellidos de los titulares ordenados alfab\u00e9ticamente y tambi\u00e9n los de sus ascendientes. Est\u00e1 disponible en internet en <a href=\"http:\/\/www.patrimonioculturaldearagon.es\/documents\/10157\/0068b129-799f-4973-bf56-1913a0460420\" target=\"_blank\" rel=\"noopener\"><b>este enlace<\/b><\/a>.<\/li>\n<li><\/li>\n<li><span><span><span style=\"font-size: 7pt;line-height: normal\">&nbsp;<\/span><\/span><\/span>Delegaci\u00f3n de Hacienda, Documentos procedentes de las instituciones desamortizadas, San Juan de la Pe\u00f1a: Pruebas de limpieza de sangre de monjes (1640-1830). Se conservan un total de 23 expedientes. La relaci\u00f3n puede verla en <a href=\"https:\/\/dara.aragon.es\/opac\/app\/results\/ahph?ob=re:1&amp;q=Pruebas+de+limpieza+de+sangre+de+monjes\"><b>este enlace<\/b><\/a>.<\/li>\n<\/ul>\n<div>\n<h2>Otras entradas relacionadas<\/h2>\n<p><a href=\"http:\/\/dara-documentos-y-archivos-de-aragon.blogspot.com.es\/2015\/08\/la-consulta-de-censos-electorales.html\" target=\"_blank\" rel=\"noopener\">&nbsp;Censos electorales<\/a> <\/div>\n<div style=\"clear: both;text-align: justify\"><a href=\"http:\/\/3.bp.blogspot.com\/-zcsledWEO34\/VdcygXyuUoI\/AAAAAAAAADg\/rkb9wdBS6JA\/s1600\/FDPH_COMPAIRE_3104.jpg\" style=\"margin-left: 1em;margin-right: 1em\"><\/a><\/div>\n<p><!--[if gte mso 9]&gt;   Normal  0      21      false  false  false    ES  X-NONE  X-NONE                                                                         &lt;![endif]--><\/p>\n","protected":false},"excerpt":{"rendered":"<p>Obras generales Para obtener una primera informaci\u00f3n sobre el origen de sus apellidos puede consultar la siguiente publicaci\u00f3n: Diccionario her\u00e1ldico y geneal\u00f3gico de apellidos espa\u00f1oles y americanos \/ por Alberto y Arturo Garc\u00eda Carraffa. Madrid, 1952-1968. Si desea m\u00e1s informaci\u00f3n bibliogr\u00e1fica puede consultar la base de datos Fichero Bibliogr\u00e1fico Aragon\u00e9s que re\u00fane referencias de publicaciones [&hellip;]<\/p>\n","protected":false},"author":3,"featured_media":6512,"comment_status":"open","ping_status":"closed","sticky":false,"template":"","format":"standard","meta":{"_et_pb_use_builder":"","_et_pb_old_content":"","_et_gb_content_width":"","om_disable_all_campaigns":false,"_monsterinsights_skip_tracking":false,"_monsterinsights_sitenote_active":false,"_monsterinsights_sitenote_note":"","_monsterinsights_sitenote_category":0,"_uf_show_specific_survey":0,"_uf_disable_surveys":false,"footnotes":""},"categories":[6,169,110,249,195,148],"tags":[443,518,522,557,580],"class_list":["post-431","post","type-post","status-publish","format-standard","has-post-thumbnail","hentry","category-ahp-huesca","category-consultasfrecuentes","category-faqarchivos","category-faqciudadanos","category-faqgenealogia","category-genealogia","tag-colegios-mayores","tag-limpieza-de-sangre","tag-monasterio-de-santa-maria-de-sigena","tag-san-juan-de-la-pena","tag-universidad-sertoriana"],"yoast_head":"<!-- This site is optimized with the Yoast SEO plugin v26.2 - https:\/\/yoast.com\/wordpress\/plugins\/seo\/ -->\n<title>Apellidos aragoneses - DARA GENERAL<\/title>\n<meta name=\"robots\" content=\"index, follow, max-snippet:-1, max-image-preview:large, max-video-preview:-1\" \/>\n<link rel=\"canonical\" href=\"https:\/\/dara.aragon.es\/dara\/blog\/apellidos-aragoneses\/\" \/>\n<meta property=\"og:locale\" content=\"es_ES\" \/>\n<meta property=\"og:type\" content=\"article\" \/>\n<meta property=\"og:title\" content=\"Apellidos aragoneses - DARA GENERAL\" \/>\n<meta property=\"og:description\" content=\"Obras generales Para obtener una primera informaci\u00f3n sobre el origen de sus apellidos puede consultar la siguiente publicaci\u00f3n: Diccionario her\u00e1ldico y geneal\u00f3gico de apellidos espa\u00f1oles y americanos \/ por Alberto y Arturo Garc\u00eda Carraffa. Madrid, 1952-1968. Si desea m\u00e1s informaci\u00f3n bibliogr\u00e1fica puede consultar la base de datos Fichero Bibliogr\u00e1fico Aragon\u00e9s que re\u00fane referencias de publicaciones [&hellip;]\" \/>\n<meta property=\"og:url\" content=\"https:\/\/dara.aragon.es\/dara\/blog\/apellidos-aragoneses\/\" \/>\n<meta property=\"og:site_name\" content=\"DARA GENERAL\" \/>\n<meta property=\"article:published_time\" content=\"2015-08-21T14:18:00+00:00\" \/>\n<meta property=\"article:modified_time\" content=\"2024-10-23T06:50:29+00:00\" \/>\n<meta property=\"og:image\" content=\"https:\/\/dara.aragon.es\/dara\/wp-content\/uploads\/2015\/08\/FDPH_COMPAIRE_3104.jpg\" \/>\n\t<meta property=\"og:image:width\" content=\"452\" \/>\n\t<meta property=\"og:image:height\" content=\"640\" \/>\n\t<meta property=\"og:image:type\" content=\"image\/jpeg\" \/>\n<meta name=\"author\" content=\"Administrador DARA\" \/>\n<meta name=\"twitter:card\" content=\"summary_large_image\" \/>\n<meta name=\"twitter:label1\" content=\"Escrito por\" \/>\n\t<meta name=\"twitter:data1\" content=\"Administrador DARA\" \/>\n\t<meta name=\"twitter:label2\" content=\"Tiempo de lectura\" \/>\n\t<meta name=\"twitter:data2\" content=\"2 minutos\" \/>\n<script type=\"application\/ld+json\" class=\"yoast-schema-graph\">{\"@context\":\"https:\/\/schema.org\",\"@graph\":[{\"@type\":\"WebPage\",\"@id\":\"https:\/\/dara.aragon.es\/dara\/blog\/apellidos-aragoneses\/\",\"url\":\"https:\/\/dara.aragon.es\/dara\/blog\/apellidos-aragoneses\/\",\"name\":\"Apellidos aragoneses - DARA GENERAL\",\"isPartOf\":{\"@id\":\"https:\/\/dara.aragon.es\/dara\/#website\"},\"primaryImageOfPage\":{\"@id\":\"https:\/\/dara.aragon.es\/dara\/blog\/apellidos-aragoneses\/#primaryimage\"},\"image\":{\"@id\":\"https:\/\/dara.aragon.es\/dara\/blog\/apellidos-aragoneses\/#primaryimage\"},\"thumbnailUrl\":\"https:\/\/dara.aragon.es\/dara\/wp-content\/uploads\/2015\/08\/FDPH_COMPAIRE_3104.jpg\",\"datePublished\":\"2015-08-21T14:18:00+00:00\",\"dateModified\":\"2024-10-23T06:50:29+00:00\",\"author\":{\"@id\":\"https:\/\/dara.aragon.es\/dara\/#\/schema\/person\/42ee60d9eb45f8689b62d2b57c40aeec\"},\"breadcrumb\":{\"@id\":\"https:\/\/dara.aragon.es\/dara\/blog\/apellidos-aragoneses\/#breadcrumb\"},\"inLanguage\":\"es\",\"potentialAction\":[{\"@type\":\"ReadAction\",\"target\":[\"https:\/\/dara.aragon.es\/dara\/blog\/apellidos-aragoneses\/\"]}]},{\"@type\":\"ImageObject\",\"inLanguage\":\"es\",\"@id\":\"https:\/\/dara.aragon.es\/dara\/blog\/apellidos-aragoneses\/#primaryimage\",\"url\":\"https:\/\/dara.aragon.es\/dara\/wp-content\/uploads\/2015\/08\/FDPH_COMPAIRE_3104.jpg\",\"contentUrl\":\"https:\/\/dara.aragon.es\/dara\/wp-content\/uploads\/2015\/08\/FDPH_COMPAIRE_3104.jpg\",\"width\":452,\"height\":640},{\"@type\":\"BreadcrumbList\",\"@id\":\"https:\/\/dara.aragon.es\/dara\/blog\/apellidos-aragoneses\/#breadcrumb\",\"itemListElement\":[{\"@type\":\"ListItem\",\"position\":1,\"name\":\"Portada\",\"item\":\"https:\/\/dara.aragon.es\/dara\/\"},{\"@type\":\"ListItem\",\"position\":2,\"name\":\"Apellidos aragoneses\"}]},{\"@type\":\"WebSite\",\"@id\":\"https:\/\/dara.aragon.es\/dara\/#website\",\"url\":\"https:\/\/dara.aragon.es\/dara\/\",\"name\":\"DARA GENERAL\",\"description\":\"Documentos y archivos de Arag\u00f3n\",\"potentialAction\":[{\"@type\":\"SearchAction\",\"target\":{\"@type\":\"EntryPoint\",\"urlTemplate\":\"https:\/\/dara.aragon.es\/dara\/?s={search_term_string}\"},\"query-input\":{\"@type\":\"PropertyValueSpecification\",\"valueRequired\":true,\"valueName\":\"search_term_string\"}}],\"inLanguage\":\"es\"},{\"@type\":\"Person\",\"@id\":\"https:\/\/dara.aragon.es\/dara\/#\/schema\/person\/42ee60d9eb45f8689b62d2b57c40aeec\",\"name\":\"Administrador DARA\",\"image\":{\"@type\":\"ImageObject\",\"inLanguage\":\"es\",\"@id\":\"https:\/\/dara.aragon.es\/dara\/#\/schema\/person\/image\/\",\"url\":\"https:\/\/secure.gravatar.com\/avatar\/8fc1a4250e60d75d1b41fafee86f7181217b3ec161666d4118ba57f78c0a1104?s=96&d=mm&r=g\",\"contentUrl\":\"https:\/\/secure.gravatar.com\/avatar\/8fc1a4250e60d75d1b41fafee86f7181217b3ec161666d4118ba57f78c0a1104?s=96&d=mm&r=g\",\"caption\":\"Administrador DARA\"},\"url\":\"https:\/\/dara.aragon.es\/dara\/blog\/author\/dara-gestion-de-contenidos\/\"}]}<\/script>\n<!-- \/ Yoast SEO plugin. -->","yoast_head_json":{"title":"Apellidos aragoneses - DARA GENERAL","robots":{"index":"index","follow":"follow","max-snippet":"max-snippet:-1","max-image-preview":"max-image-preview:large","max-video-preview":"max-video-preview:-1"},"canonical":"https:\/\/dara.aragon.es\/dara\/blog\/apellidos-aragoneses\/","og_locale":"es_ES","og_type":"article","og_title":"Apellidos aragoneses - DARA GENERAL","og_description":"Obras generales Para obtener una primera informaci\u00f3n sobre el origen de sus apellidos puede consultar la siguiente publicaci\u00f3n: Diccionario her\u00e1ldico y geneal\u00f3gico de apellidos espa\u00f1oles y americanos \/ por Alberto y Arturo Garc\u00eda Carraffa. Madrid, 1952-1968. Si desea m\u00e1s informaci\u00f3n bibliogr\u00e1fica puede consultar la base de datos Fichero Bibliogr\u00e1fico Aragon\u00e9s que re\u00fane referencias de publicaciones [&hellip;]","og_url":"https:\/\/dara.aragon.es\/dara\/blog\/apellidos-aragoneses\/","og_site_name":"DARA GENERAL","article_published_time":"2015-08-21T14:18:00+00:00","article_modified_time":"2024-10-23T06:50:29+00:00","og_image":[{"width":452,"height":640,"url":"https:\/\/dara.aragon.es\/dara\/wp-content\/uploads\/2015\/08\/FDPH_COMPAIRE_3104.jpg","type":"image\/jpeg"}],"author":"Administrador DARA","twitter_card":"summary_large_image","twitter_misc":{"Escrito por":"Administrador DARA","Tiempo de lectura":"2 minutos"},"schema":{"@context":"https:\/\/schema.org","@graph":[{"@type":"WebPage","@id":"https:\/\/dara.aragon.es\/dara\/blog\/apellidos-aragoneses\/","url":"https:\/\/dara.aragon.es\/dara\/blog\/apellidos-aragoneses\/","name":"Apellidos aragoneses - DARA GENERAL","isPartOf":{"@id":"https:\/\/dara.aragon.es\/dara\/#website"},"primaryImageOfPage":{"@id":"https:\/\/dara.aragon.es\/dara\/blog\/apellidos-aragoneses\/#primaryimage"},"image":{"@id":"https:\/\/dara.aragon.es\/dara\/blog\/apellidos-aragoneses\/#primaryimage"},"thumbnailUrl":"https:\/\/dara.aragon.es\/dara\/wp-content\/uploads\/2015\/08\/FDPH_COMPAIRE_3104.jpg","datePublished":"2015-08-21T14:18:00+00:00","dateModified":"2024-10-23T06:50:29+00:00","author":{"@id":"https:\/\/dara.aragon.es\/dara\/#\/schema\/person\/42ee60d9eb45f8689b62d2b57c40aeec"},"breadcrumb":{"@id":"https:\/\/dara.aragon.es\/dara\/blog\/apellidos-aragoneses\/#breadcrumb"},"inLanguage":"es","potentialAction":[{"@type":"ReadAction","target":["https:\/\/dara.aragon.es\/dara\/blog\/apellidos-aragoneses\/"]}]},{"@type":"ImageObject","inLanguage":"es","@id":"https:\/\/dara.aragon.es\/dara\/blog\/apellidos-aragoneses\/#primaryimage","url":"https:\/\/dara.aragon.es\/dara\/wp-content\/uploads\/2015\/08\/FDPH_COMPAIRE_3104.jpg","contentUrl":"https:\/\/dara.aragon.es\/dara\/wp-content\/uploads\/2015\/08\/FDPH_COMPAIRE_3104.jpg","width":452,"height":640},{"@type":"BreadcrumbList","@id":"https:\/\/dara.aragon.es\/dara\/blog\/apellidos-aragoneses\/#breadcrumb","itemListElement":[{"@type":"ListItem","position":1,"name":"Portada","item":"https:\/\/dara.aragon.es\/dara\/"},{"@type":"ListItem","position":2,"name":"Apellidos aragoneses"}]},{"@type":"WebSite","@id":"https:\/\/dara.aragon.es\/dara\/#website","url":"https:\/\/dara.aragon.es\/dara\/","name":"DARA GENERAL","description":"Documentos y archivos de Arag\u00f3n","potentialAction":[{"@type":"SearchAction","target":{"@type":"EntryPoint","urlTemplate":"https:\/\/dara.aragon.es\/dara\/?s={search_term_string}"},"query-input":{"@type":"PropertyValueSpecification","valueRequired":true,"valueName":"search_term_string"}}],"inLanguage":"es"},{"@type":"Person","@id":"https:\/\/dara.aragon.es\/dara\/#\/schema\/person\/42ee60d9eb45f8689b62d2b57c40aeec","name":"Administrador DARA","image":{"@type":"ImageObject","inLanguage":"es","@id":"https:\/\/dara.aragon.es\/dara\/#\/schema\/person\/image\/","url":"https:\/\/secure.gravatar.com\/avatar\/8fc1a4250e60d75d1b41fafee86f7181217b3ec161666d4118ba57f78c0a1104?s=96&d=mm&r=g","contentUrl":"https:\/\/secure.gravatar.com\/avatar\/8fc1a4250e60d75d1b41fafee86f7181217b3ec161666d4118ba57f78c0a1104?s=96&d=mm&r=g","caption":"Administrador DARA"},"url":"https:\/\/dara.aragon.es\/dara\/blog\/author\/dara-gestion-de-contenidos\/"}]}},"_links":{"self":[{"href":"https:\/\/dara.aragon.es\/dara\/wp-json\/wp\/v2\/posts\/431","targetHints":{"allow":["GET"]}}],"collection":[{"href":"https:\/\/dara.aragon.es\/dara\/wp-json\/wp\/v2\/posts"}],"about":[{"href":"https:\/\/dara.aragon.es\/dara\/wp-json\/wp\/v2\/types\/post"}],"author":[{"embeddable":true,"href":"https:\/\/dara.aragon.es\/dara\/wp-json\/wp\/v2\/users\/3"}],"replies":[{"embeddable":true,"href":"https:\/\/dara.aragon.es\/dara\/wp-json\/wp\/v2\/comments?post=431"}],"version-history":[{"count":0,"href":"https:\/\/dara.aragon.es\/dara\/wp-json\/wp\/v2\/posts\/431\/revisions"}],"wp:featuredmedia":[{"embeddable":true,"href":"https:\/\/dara.aragon.es\/dara\/wp-json\/wp\/v2\/media\/6512"}],"wp:attachment":[{"href":"https:\/\/dara.aragon.es\/dara\/wp-json\/wp\/v2\/media?parent=431"}],"wp:term":[{"taxonomy":"category","embeddable":true,"href":"https:\/\/dara.aragon.es\/dara\/wp-json\/wp\/v2\/categories?post=431"},{"taxonomy":"post_tag","embeddable":true,"href":"https:\/\/dara.aragon.es\/dara\/wp-json\/wp\/v2\/tags?post=431"}],"curies":[{"name":"wp","href":"https:\/\/api.w.org\/{rel}","templated":true}]}}