{"id":434,"date":"2015-07-30T15:25:00","date_gmt":"2015-07-30T15:25:00","guid":{"rendered":"https:\/\/dara.aragon.es\/dara\/blog\/2015\/07\/30\/el-blog-de-dara-es-la-nueva-herramienta-de-difusion-de-actualizaciones\/"},"modified":"2015-07-30T15:25:00","modified_gmt":"2015-07-30T15:25:00","slug":"el-blog-de-dara-es-la-nueva-herramienta-de-difusion-de-actualizaciones","status":"publish","type":"post","link":"https:\/\/dara.aragon.es\/dara\/blog\/el-blog-de-dara-es-la-nueva-herramienta-de-difusion-de-actualizaciones\/","title":{"rendered":"El blog de DARA es la nueva herramienta de difusi\u00f3n de actualizaciones"},"content":{"rendered":"<div style=\"clear: both;text-align: center\"><a href=\"http:\/\/3.bp.blogspot.com\/-ebbGbaVXGtg\/VbpC-2Tl70I\/AAAAAAAAACs\/jzVwwxrbS9s\/s1600\/Actualizacion%2BDARA%2Bjulio%2B2015.png\" style=\"margin-left: 1em;margin-right: 1em\"><img loading=\"lazy\" decoding=\"async\" border=\"0\" height=\"187\" src=\"https:\/\/3.bp.blogspot.com\/-ebbGbaVXGtg\/VbpC-2Tl70I\/AAAAAAAAACs\/jzVwwxrbS9s\/s320\/Actualizacion%2BDARA%2Bjulio%2B2015.png\" width=\"320\" \/><\/a><\/div>\n<p>Este blog va a ser la nueva herramienta para difundir los resultados de las actualizaciones peri\u00f3dicas de DARA. Aqu\u00ed se podr\u00e1n encontrar los informes con cifras globales por participante, distribuci\u00f3n de digitalizaciones, fotograf\u00edas, mapas, planos y dibujos, y actualizaciones de registros seg\u00fan tipolog\u00eda.<\/p>\n<p>Aprovechamos para presentar los datos de <a href=\"https:\/\/magic.piktochart.com\/output\/7154814-actualizacion-dara-julio-2015\" target=\"_blank\" rel=\"noopener\">julio de 2015<\/a>, que tambi\u00e9n pueden <a href=\"https:\/\/drive.google.com\/file\/d\/0B4NmE9bAwl_UZUlJcFdrRXMtVkE\/view?usp=sharing\" target=\"_blank\" rel=\"noopener\">descargarse aqu\u00ed<\/a>.<br \/>Nota: Col\u00f3cate sobre los gr\u00e1ficos de la infograf\u00eda para obtener m\u00e1s detalles.<\/p>\n<div>\n<div>\n<div><\/div>\n<\/div>\n<\/div>\n","protected":false},"excerpt":{"rendered":"<p>Este blog va a ser la nueva herramienta para difundir los resultados de las actualizaciones peri\u00f3dicas de DARA. Aqu\u00ed se podr\u00e1n encontrar los informes con cifras globales por participante, distribuci\u00f3n de digitalizaciones, fotograf\u00edas, mapas, planos y dibujos, y actualizaciones de registros seg\u00fan tipolog\u00eda. Aprovechamos para presentar los datos de julio de 2015, que tambi\u00e9n pueden [&hellip;]<\/p>\n","protected":false},"author":3,"featured_media":0,"comment_status":"open","ping_status":"closed","sticky":false,"template":"","format":"standard","meta":{"_et_pb_use_builder":"","_et_pb_old_content":"","_et_gb_content_width":"","om_disable_all_campaigns":false,"_monsterinsights_skip_tracking":false,"_monsterinsights_sitenote_active":false,"_monsterinsights_sitenote_note":"","_monsterinsights_sitenote_category":0,"_uf_show_specific_survey":0,"_uf_disable_surveys":false,"footnotes":""},"categories":[1],"tags":[],"class_list":["post-434","post","type-post","status-publish","format-standard","hentry","category-uncategorized"],"yoast_head":"<!-- This site is optimized with the Yoast SEO plugin v26.2 - https:\/\/yoast.com\/wordpress\/plugins\/seo\/ -->\n<title>El blog de DARA es la nueva herramienta de difusi\u00f3n de actualizaciones - DARA GENERAL<\/title>\n<meta name=\"robots\" content=\"index, follow, max-snippet:-1, max-image-preview:large, max-video-preview:-1\" \/>\n<link rel=\"canonical\" href=\"https:\/\/dara.aragon.es\/dara\/blog\/el-blog-de-dara-es-la-nueva-herramienta-de-difusion-de-actualizaciones\/\" \/>\n<meta property=\"og:locale\" content=\"es_ES\" \/>\n<meta property=\"og:type\" content=\"article\" \/>\n<meta property=\"og:title\" content=\"El blog de DARA es la nueva herramienta de difusi\u00f3n de actualizaciones - DARA GENERAL\" \/>\n<meta property=\"og:description\" content=\"Este blog va a ser la nueva herramienta para difundir los resultados de las actualizaciones peri\u00f3dicas de DARA. Aqu\u00ed se podr\u00e1n encontrar los informes con cifras globales por participante, distribuci\u00f3n de digitalizaciones, fotograf\u00edas, mapas, planos y dibujos, y actualizaciones de registros seg\u00fan tipolog\u00eda. Aprovechamos para presentar los datos de julio de 2015, que tambi\u00e9n pueden [&hellip;]\" \/>\n<meta property=\"og:url\" content=\"https:\/\/dara.aragon.es\/dara\/blog\/el-blog-de-dara-es-la-nueva-herramienta-de-difusion-de-actualizaciones\/\" \/>\n<meta property=\"og:site_name\" content=\"DARA GENERAL\" \/>\n<meta property=\"article:published_time\" content=\"2015-07-30T15:25:00+00:00\" \/>\n<meta property=\"og:image\" content=\"https:\/\/3.bp.blogspot.com\/-ebbGbaVXGtg\/VbpC-2Tl70I\/AAAAAAAAACs\/jzVwwxrbS9s\/s320\/Actualizacion%2BDARA%2Bjulio%2B2015.png\" \/>\n<meta name=\"author\" content=\"Administrador DARA\" \/>\n<meta name=\"twitter:card\" content=\"summary_large_image\" \/>\n<meta name=\"twitter:label1\" content=\"Escrito por\" \/>\n\t<meta name=\"twitter:data1\" content=\"Administrador DARA\" \/>\n<script type=\"application\/ld+json\" class=\"yoast-schema-graph\">{\"@context\":\"https:\/\/schema.org\",\"@graph\":[{\"@type\":\"WebPage\",\"@id\":\"https:\/\/dara.aragon.es\/dara\/blog\/el-blog-de-dara-es-la-nueva-herramienta-de-difusion-de-actualizaciones\/\",\"url\":\"https:\/\/dara.aragon.es\/dara\/blog\/el-blog-de-dara-es-la-nueva-herramienta-de-difusion-de-actualizaciones\/\",\"name\":\"El blog de DARA es la nueva herramienta de difusi\u00f3n de actualizaciones - DARA GENERAL\",\"isPartOf\":{\"@id\":\"https:\/\/dara.aragon.es\/dara\/#website\"},\"primaryImageOfPage\":{\"@id\":\"https:\/\/dara.aragon.es\/dara\/blog\/el-blog-de-dara-es-la-nueva-herramienta-de-difusion-de-actualizaciones\/#primaryimage\"},\"image\":{\"@id\":\"https:\/\/dara.aragon.es\/dara\/blog\/el-blog-de-dara-es-la-nueva-herramienta-de-difusion-de-actualizaciones\/#primaryimage\"},\"thumbnailUrl\":\"https:\/\/3.bp.blogspot.com\/-ebbGbaVXGtg\/VbpC-2Tl70I\/AAAAAAAAACs\/jzVwwxrbS9s\/s320\/Actualizacion%2BDARA%2Bjulio%2B2015.png\",\"datePublished\":\"2015-07-30T15:25:00+00:00\",\"author\":{\"@id\":\"https:\/\/dara.aragon.es\/dara\/#\/schema\/person\/42ee60d9eb45f8689b62d2b57c40aeec\"},\"breadcrumb\":{\"@id\":\"https:\/\/dara.aragon.es\/dara\/blog\/el-blog-de-dara-es-la-nueva-herramienta-de-difusion-de-actualizaciones\/#breadcrumb\"},\"inLanguage\":\"es\",\"potentialAction\":[{\"@type\":\"ReadAction\",\"target\":[\"https:\/\/dara.aragon.es\/dara\/blog\/el-blog-de-dara-es-la-nueva-herramienta-de-difusion-de-actualizaciones\/\"]}]},{\"@type\":\"ImageObject\",\"inLanguage\":\"es\",\"@id\":\"https:\/\/dara.aragon.es\/dara\/blog\/el-blog-de-dara-es-la-nueva-herramienta-de-difusion-de-actualizaciones\/#primaryimage\",\"url\":\"https:\/\/3.bp.blogspot.com\/-ebbGbaVXGtg\/VbpC-2Tl70I\/AAAAAAAAACs\/jzVwwxrbS9s\/s320\/Actualizacion%2BDARA%2Bjulio%2B2015.png\",\"contentUrl\":\"https:\/\/3.bp.blogspot.com\/-ebbGbaVXGtg\/VbpC-2Tl70I\/AAAAAAAAACs\/jzVwwxrbS9s\/s320\/Actualizacion%2BDARA%2Bjulio%2B2015.png\"},{\"@type\":\"BreadcrumbList\",\"@id\":\"https:\/\/dara.aragon.es\/dara\/blog\/el-blog-de-dara-es-la-nueva-herramienta-de-difusion-de-actualizaciones\/#breadcrumb\",\"itemListElement\":[{\"@type\":\"ListItem\",\"position\":1,\"name\":\"Portada\",\"item\":\"https:\/\/dara.aragon.es\/dara\/\"},{\"@type\":\"ListItem\",\"position\":2,\"name\":\"El blog de DARA es la nueva herramienta de difusi\u00f3n de actualizaciones\"}]},{\"@type\":\"WebSite\",\"@id\":\"https:\/\/dara.aragon.es\/dara\/#website\",\"url\":\"https:\/\/dara.aragon.es\/dara\/\",\"name\":\"DARA GENERAL\",\"description\":\"Documentos y archivos de Arag\u00f3n\",\"potentialAction\":[{\"@type\":\"SearchAction\",\"target\":{\"@type\":\"EntryPoint\",\"urlTemplate\":\"https:\/\/dara.aragon.es\/dara\/?s={search_term_string}\"},\"query-input\":{\"@type\":\"PropertyValueSpecification\",\"valueRequired\":true,\"valueName\":\"search_term_string\"}}],\"inLanguage\":\"es\"},{\"@type\":\"Person\",\"@id\":\"https:\/\/dara.aragon.es\/dara\/#\/schema\/person\/42ee60d9eb45f8689b62d2b57c40aeec\",\"name\":\"Administrador DARA\",\"image\":{\"@type\":\"ImageObject\",\"inLanguage\":\"es\",\"@id\":\"https:\/\/dara.aragon.es\/dara\/#\/schema\/person\/image\/\",\"url\":\"https:\/\/secure.gravatar.com\/avatar\/8fc1a4250e60d75d1b41fafee86f7181217b3ec161666d4118ba57f78c0a1104?s=96&d=mm&r=g\",\"contentUrl\":\"https:\/\/secure.gravatar.com\/avatar\/8fc1a4250e60d75d1b41fafee86f7181217b3ec161666d4118ba57f78c0a1104?s=96&d=mm&r=g\",\"caption\":\"Administrador DARA\"},\"url\":\"https:\/\/dara.aragon.es\/dara\/blog\/author\/dara-gestion-de-contenidos\/\"}]}<\/script>\n<!-- \/ Yoast SEO plugin. -->","yoast_head_json":{"title":"El blog de DARA es la nueva herramienta de difusi\u00f3n de actualizaciones - DARA GENERAL","robots":{"index":"index","follow":"follow","max-snippet":"max-snippet:-1","max-image-preview":"max-image-preview:large","max-video-preview":"max-video-preview:-1"},"canonical":"https:\/\/dara.aragon.es\/dara\/blog\/el-blog-de-dara-es-la-nueva-herramienta-de-difusion-de-actualizaciones\/","og_locale":"es_ES","og_type":"article","og_title":"El blog de DARA es la nueva herramienta de difusi\u00f3n de actualizaciones - DARA GENERAL","og_description":"Este blog va a ser la nueva herramienta para difundir los resultados de las actualizaciones peri\u00f3dicas de DARA. Aqu\u00ed se podr\u00e1n encontrar los informes con cifras globales por participante, distribuci\u00f3n de digitalizaciones, fotograf\u00edas, mapas, planos y dibujos, y actualizaciones de registros seg\u00fan tipolog\u00eda. Aprovechamos para presentar los datos de julio de 2015, que tambi\u00e9n pueden [&hellip;]","og_url":"https:\/\/dara.aragon.es\/dara\/blog\/el-blog-de-dara-es-la-nueva-herramienta-de-difusion-de-actualizaciones\/","og_site_name":"DARA GENERAL","article_published_time":"2015-07-30T15:25:00+00:00","og_image":[{"url":"https:\/\/3.bp.blogspot.com\/-ebbGbaVXGtg\/VbpC-2Tl70I\/AAAAAAAAACs\/jzVwwxrbS9s\/s320\/Actualizacion%2BDARA%2Bjulio%2B2015.png","type":"","width":"","height":""}],"author":"Administrador DARA","twitter_card":"summary_large_image","twitter_misc":{"Escrito por":"Administrador DARA"},"schema":{"@context":"https:\/\/schema.org","@graph":[{"@type":"WebPage","@id":"https:\/\/dara.aragon.es\/dara\/blog\/el-blog-de-dara-es-la-nueva-herramienta-de-difusion-de-actualizaciones\/","url":"https:\/\/dara.aragon.es\/dara\/blog\/el-blog-de-dara-es-la-nueva-herramienta-de-difusion-de-actualizaciones\/","name":"El blog de DARA es la nueva herramienta de difusi\u00f3n de actualizaciones - DARA GENERAL","isPartOf":{"@id":"https:\/\/dara.aragon.es\/dara\/#website"},"primaryImageOfPage":{"@id":"https:\/\/dara.aragon.es\/dara\/blog\/el-blog-de-dara-es-la-nueva-herramienta-de-difusion-de-actualizaciones\/#primaryimage"},"image":{"@id":"https:\/\/dara.aragon.es\/dara\/blog\/el-blog-de-dara-es-la-nueva-herramienta-de-difusion-de-actualizaciones\/#primaryimage"},"thumbnailUrl":"https:\/\/3.bp.blogspot.com\/-ebbGbaVXGtg\/VbpC-2Tl70I\/AAAAAAAAACs\/jzVwwxrbS9s\/s320\/Actualizacion%2BDARA%2Bjulio%2B2015.png","datePublished":"2015-07-30T15:25:00+00:00","author":{"@id":"https:\/\/dara.aragon.es\/dara\/#\/schema\/person\/42ee60d9eb45f8689b62d2b57c40aeec"},"breadcrumb":{"@id":"https:\/\/dara.aragon.es\/dara\/blog\/el-blog-de-dara-es-la-nueva-herramienta-de-difusion-de-actualizaciones\/#breadcrumb"},"inLanguage":"es","potentialAction":[{"@type":"ReadAction","target":["https:\/\/dara.aragon.es\/dara\/blog\/el-blog-de-dara-es-la-nueva-herramienta-de-difusion-de-actualizaciones\/"]}]},{"@type":"ImageObject","inLanguage":"es","@id":"https:\/\/dara.aragon.es\/dara\/blog\/el-blog-de-dara-es-la-nueva-herramienta-de-difusion-de-actualizaciones\/#primaryimage","url":"https:\/\/3.bp.blogspot.com\/-ebbGbaVXGtg\/VbpC-2Tl70I\/AAAAAAAAACs\/jzVwwxrbS9s\/s320\/Actualizacion%2BDARA%2Bjulio%2B2015.png","contentUrl":"https:\/\/3.bp.blogspot.com\/-ebbGbaVXGtg\/VbpC-2Tl70I\/AAAAAAAAACs\/jzVwwxrbS9s\/s320\/Actualizacion%2BDARA%2Bjulio%2B2015.png"},{"@type":"BreadcrumbList","@id":"https:\/\/dara.aragon.es\/dara\/blog\/el-blog-de-dara-es-la-nueva-herramienta-de-difusion-de-actualizaciones\/#breadcrumb","itemListElement":[{"@type":"ListItem","position":1,"name":"Portada","item":"https:\/\/dara.aragon.es\/dara\/"},{"@type":"ListItem","position":2,"name":"El blog de DARA es la nueva herramienta de difusi\u00f3n de actualizaciones"}]},{"@type":"WebSite","@id":"https:\/\/dara.aragon.es\/dara\/#website","url":"https:\/\/dara.aragon.es\/dara\/","name":"DARA GENERAL","description":"Documentos y archivos de Arag\u00f3n","potentialAction":[{"@type":"SearchAction","target":{"@type":"EntryPoint","urlTemplate":"https:\/\/dara.aragon.es\/dara\/?s={search_term_string}"},"query-input":{"@type":"PropertyValueSpecification","valueRequired":true,"valueName":"search_term_string"}}],"inLanguage":"es"},{"@type":"Person","@id":"https:\/\/dara.aragon.es\/dara\/#\/schema\/person\/42ee60d9eb45f8689b62d2b57c40aeec","name":"Administrador DARA","image":{"@type":"ImageObject","inLanguage":"es","@id":"https:\/\/dara.aragon.es\/dara\/#\/schema\/person\/image\/","url":"https:\/\/secure.gravatar.com\/avatar\/8fc1a4250e60d75d1b41fafee86f7181217b3ec161666d4118ba57f78c0a1104?s=96&d=mm&r=g","contentUrl":"https:\/\/secure.gravatar.com\/avatar\/8fc1a4250e60d75d1b41fafee86f7181217b3ec161666d4118ba57f78c0a1104?s=96&d=mm&r=g","caption":"Administrador DARA"},"url":"https:\/\/dara.aragon.es\/dara\/blog\/author\/dara-gestion-de-contenidos\/"}]}},"_links":{"self":[{"href":"https:\/\/dara.aragon.es\/dara\/wp-json\/wp\/v2\/posts\/434","targetHints":{"allow":["GET"]}}],"collection":[{"href":"https:\/\/dara.aragon.es\/dara\/wp-json\/wp\/v2\/posts"}],"about":[{"href":"https:\/\/dara.aragon.es\/dara\/wp-json\/wp\/v2\/types\/post"}],"author":[{"embeddable":true,"href":"https:\/\/dara.aragon.es\/dara\/wp-json\/wp\/v2\/users\/3"}],"replies":[{"embeddable":true,"href":"https:\/\/dara.aragon.es\/dara\/wp-json\/wp\/v2\/comments?post=434"}],"version-history":[{"count":0,"href":"https:\/\/dara.aragon.es\/dara\/wp-json\/wp\/v2\/posts\/434\/revisions"}],"wp:attachment":[{"href":"https:\/\/dara.aragon.es\/dara\/wp-json\/wp\/v2\/media?parent=434"}],"wp:term":[{"taxonomy":"category","embeddable":true,"href":"https:\/\/dara.aragon.es\/dara\/wp-json\/wp\/v2\/categories?post=434"},{"taxonomy":"post_tag","embeddable":true,"href":"https:\/\/dara.aragon.es\/dara\/wp-json\/wp\/v2\/tags?post=434"}],"curies":[{"name":"wp","href":"https:\/\/api.w.org\/{rel}","templated":true}]}}