{"id":436,"date":"2015-07-28T17:36:00","date_gmt":"2015-07-28T17:36:00","guid":{"rendered":"https:\/\/dara.aragon.es\/dara\/blog\/2015\/07\/28\/las-fotos-de-nuestras-abuelas\/"},"modified":"2015-07-28T17:36:00","modified_gmt":"2015-07-28T17:36:00","slug":"las-fotos-de-nuestras-abuelas","status":"publish","type":"post","link":"https:\/\/dara.aragon.es\/dara\/blog\/las-fotos-de-nuestras-abuelas\/","title":{"rendered":"Las fotos de nuestras abuelas"},"content":{"rendered":"<p><a href=\"http:\/\/2.bp.blogspot.com\/--dcCkt9Om3E\/Vbe72FPRRUI\/AAAAAAAAABQ\/KhAsYhilgmE\/s1600\/AHPTE_SF_00025_00001_00001.jpg\" style=\"clear: left;float: left;margin-bottom: 1em;margin-right: 1em\"><img loading=\"lazy\" decoding=\"async\" border=\"0\" height=\"400\" src=\"https:\/\/2.bp.blogspot.com\/--dcCkt9Om3E\/Vbe72FPRRUI\/AAAAAAAAABQ\/KhAsYhilgmE\/s640\/AHPTE_SF_00025_00001_00001.jpg\" width=\"640\" \/><\/a>Los archivos, incluso los de instituciones p\u00fablicas, adem\u00e1s de  documentos textuales tambi\u00e9n conservan colecciones de fotograf\u00edas. Un  ejemplo muy interesante podemos verlo en el Archivo Hist\u00f3rico Provincial  de Teruel.<br \/>Esta fotograf\u00eda forma parte de un conjunto de m\u00e1s de 600 im\u00e1genes  procedentes de la Secci\u00f3n Femenina de Teruel tomadas en distintos puntos  de la provincia desde la d\u00e9cada de 1940 hasta la de 1960. Si quieres  verlas todas, pincha <a href=\"https:\/\/dara.aragon.es\/opac\/app\/results\/ahpt?pmp=%25foto%25,foto&amp;vm=mv&amp;p=0&amp;st=.4.267.276.359.325485\">aqu\u00ed<\/a>.&nbsp; <\/p>\n<div style=\"clear: both;text-align: center\"><a href=\"http:\/\/4.bp.blogspot.com\/-OoF4_6SDjDA\/Vbe9CWLfyqI\/AAAAAAAAABg\/EHP9wuTI7y0\/s1600\/AHPTE_SF_00025_00001_00029.jpg\" style=\"margin-left: 1em;margin-right: 1em\"><img loading=\"lazy\" decoding=\"async\" border=\"0\" height=\"400\" src=\"https:\/\/4.bp.blogspot.com\/-OoF4_6SDjDA\/Vbe9CWLfyqI\/AAAAAAAAABg\/EHP9wuTI7y0\/s640\/AHPTE_SF_00025_00001_00029.jpg\" width=\"640\" \/><\/a><\/div>\n<p><\/p>\n","protected":false},"excerpt":{"rendered":"<p>Los archivos, incluso los de instituciones p\u00fablicas, adem\u00e1s de documentos textuales tambi\u00e9n conservan colecciones de fotograf\u00edas. Un ejemplo muy interesante podemos verlo en el Archivo Hist\u00f3rico Provincial de Teruel.Esta fotograf\u00eda forma parte de un conjunto de m\u00e1s de 600 im\u00e1genes procedentes de la Secci\u00f3n Femenina de Teruel tomadas en distintos puntos de la provincia desde [&hellip;]<\/p>\n","protected":false},"author":3,"featured_media":0,"comment_status":"open","ping_status":"closed","sticky":false,"template":"","format":"standard","meta":{"_et_pb_use_builder":"","_et_pb_old_content":"","_et_gb_content_width":"","om_disable_all_campaigns":false,"_monsterinsights_skip_tracking":false,"_monsterinsights_sitenote_active":false,"_monsterinsights_sitenote_note":"","_monsterinsights_sitenote_category":0,"_uf_show_specific_survey":0,"_uf_disable_surveys":false,"footnotes":""},"categories":[49],"tags":[484,486,574],"class_list":["post-436","post","type-post","status-publish","format-standard","hentry","category-seccion-femenina","tag-fotografia","tag-franquismo","tag-teruel"],"yoast_head":"<!-- This site is optimized with the Yoast SEO plugin v26.2 - https:\/\/yoast.com\/wordpress\/plugins\/seo\/ -->\n<title>Las fotos de nuestras abuelas - DARA GENERAL<\/title>\n<meta name=\"robots\" content=\"index, follow, max-snippet:-1, max-image-preview:large, max-video-preview:-1\" \/>\n<link rel=\"canonical\" href=\"https:\/\/dara.aragon.es\/dara\/blog\/las-fotos-de-nuestras-abuelas\/\" \/>\n<meta property=\"og:locale\" content=\"es_ES\" \/>\n<meta property=\"og:type\" content=\"article\" \/>\n<meta property=\"og:title\" content=\"Las fotos de nuestras abuelas - DARA GENERAL\" \/>\n<meta property=\"og:description\" content=\"Los archivos, incluso los de instituciones p\u00fablicas, adem\u00e1s de documentos textuales tambi\u00e9n conservan colecciones de fotograf\u00edas. Un ejemplo muy interesante podemos verlo en el Archivo Hist\u00f3rico Provincial de Teruel.Esta fotograf\u00eda forma parte de un conjunto de m\u00e1s de 600 im\u00e1genes procedentes de la Secci\u00f3n Femenina de Teruel tomadas en distintos puntos de la provincia desde [&hellip;]\" \/>\n<meta property=\"og:url\" content=\"https:\/\/dara.aragon.es\/dara\/blog\/las-fotos-de-nuestras-abuelas\/\" \/>\n<meta property=\"og:site_name\" content=\"DARA GENERAL\" \/>\n<meta property=\"article:published_time\" content=\"2015-07-28T17:36:00+00:00\" \/>\n<meta property=\"og:image\" content=\"https:\/\/2.bp.blogspot.com\/--dcCkt9Om3E\/Vbe72FPRRUI\/AAAAAAAAABQ\/KhAsYhilgmE\/s640\/AHPTE_SF_00025_00001_00001.jpg\" \/>\n<meta name=\"author\" content=\"Administrador DARA\" \/>\n<meta name=\"twitter:card\" content=\"summary_large_image\" \/>\n<meta name=\"twitter:label1\" content=\"Escrito por\" \/>\n\t<meta name=\"twitter:data1\" content=\"Administrador DARA\" \/>\n<script type=\"application\/ld+json\" class=\"yoast-schema-graph\">{\"@context\":\"https:\/\/schema.org\",\"@graph\":[{\"@type\":\"WebPage\",\"@id\":\"https:\/\/dara.aragon.es\/dara\/blog\/las-fotos-de-nuestras-abuelas\/\",\"url\":\"https:\/\/dara.aragon.es\/dara\/blog\/las-fotos-de-nuestras-abuelas\/\",\"name\":\"Las fotos de nuestras abuelas - DARA GENERAL\",\"isPartOf\":{\"@id\":\"https:\/\/dara.aragon.es\/dara\/#website\"},\"primaryImageOfPage\":{\"@id\":\"https:\/\/dara.aragon.es\/dara\/blog\/las-fotos-de-nuestras-abuelas\/#primaryimage\"},\"image\":{\"@id\":\"https:\/\/dara.aragon.es\/dara\/blog\/las-fotos-de-nuestras-abuelas\/#primaryimage\"},\"thumbnailUrl\":\"https:\/\/2.bp.blogspot.com\/--dcCkt9Om3E\/Vbe72FPRRUI\/AAAAAAAAABQ\/KhAsYhilgmE\/s640\/AHPTE_SF_00025_00001_00001.jpg\",\"datePublished\":\"2015-07-28T17:36:00+00:00\",\"author\":{\"@id\":\"https:\/\/dara.aragon.es\/dara\/#\/schema\/person\/42ee60d9eb45f8689b62d2b57c40aeec\"},\"breadcrumb\":{\"@id\":\"https:\/\/dara.aragon.es\/dara\/blog\/las-fotos-de-nuestras-abuelas\/#breadcrumb\"},\"inLanguage\":\"es\",\"potentialAction\":[{\"@type\":\"ReadAction\",\"target\":[\"https:\/\/dara.aragon.es\/dara\/blog\/las-fotos-de-nuestras-abuelas\/\"]}]},{\"@type\":\"ImageObject\",\"inLanguage\":\"es\",\"@id\":\"https:\/\/dara.aragon.es\/dara\/blog\/las-fotos-de-nuestras-abuelas\/#primaryimage\",\"url\":\"https:\/\/2.bp.blogspot.com\/--dcCkt9Om3E\/Vbe72FPRRUI\/AAAAAAAAABQ\/KhAsYhilgmE\/s640\/AHPTE_SF_00025_00001_00001.jpg\",\"contentUrl\":\"https:\/\/2.bp.blogspot.com\/--dcCkt9Om3E\/Vbe72FPRRUI\/AAAAAAAAABQ\/KhAsYhilgmE\/s640\/AHPTE_SF_00025_00001_00001.jpg\"},{\"@type\":\"BreadcrumbList\",\"@id\":\"https:\/\/dara.aragon.es\/dara\/blog\/las-fotos-de-nuestras-abuelas\/#breadcrumb\",\"itemListElement\":[{\"@type\":\"ListItem\",\"position\":1,\"name\":\"Portada\",\"item\":\"https:\/\/dara.aragon.es\/dara\/\"},{\"@type\":\"ListItem\",\"position\":2,\"name\":\"Las fotos de nuestras abuelas\"}]},{\"@type\":\"WebSite\",\"@id\":\"https:\/\/dara.aragon.es\/dara\/#website\",\"url\":\"https:\/\/dara.aragon.es\/dara\/\",\"name\":\"DARA GENERAL\",\"description\":\"Documentos y archivos de Arag\u00f3n\",\"potentialAction\":[{\"@type\":\"SearchAction\",\"target\":{\"@type\":\"EntryPoint\",\"urlTemplate\":\"https:\/\/dara.aragon.es\/dara\/?s={search_term_string}\"},\"query-input\":{\"@type\":\"PropertyValueSpecification\",\"valueRequired\":true,\"valueName\":\"search_term_string\"}}],\"inLanguage\":\"es\"},{\"@type\":\"Person\",\"@id\":\"https:\/\/dara.aragon.es\/dara\/#\/schema\/person\/42ee60d9eb45f8689b62d2b57c40aeec\",\"name\":\"Administrador DARA\",\"image\":{\"@type\":\"ImageObject\",\"inLanguage\":\"es\",\"@id\":\"https:\/\/dara.aragon.es\/dara\/#\/schema\/person\/image\/\",\"url\":\"https:\/\/secure.gravatar.com\/avatar\/8fc1a4250e60d75d1b41fafee86f7181217b3ec161666d4118ba57f78c0a1104?s=96&d=mm&r=g\",\"contentUrl\":\"https:\/\/secure.gravatar.com\/avatar\/8fc1a4250e60d75d1b41fafee86f7181217b3ec161666d4118ba57f78c0a1104?s=96&d=mm&r=g\",\"caption\":\"Administrador DARA\"},\"url\":\"https:\/\/dara.aragon.es\/dara\/blog\/author\/dara-gestion-de-contenidos\/\"}]}<\/script>\n<!-- \/ Yoast SEO plugin. -->","yoast_head_json":{"title":"Las fotos de nuestras abuelas - DARA GENERAL","robots":{"index":"index","follow":"follow","max-snippet":"max-snippet:-1","max-image-preview":"max-image-preview:large","max-video-preview":"max-video-preview:-1"},"canonical":"https:\/\/dara.aragon.es\/dara\/blog\/las-fotos-de-nuestras-abuelas\/","og_locale":"es_ES","og_type":"article","og_title":"Las fotos de nuestras abuelas - DARA GENERAL","og_description":"Los archivos, incluso los de instituciones p\u00fablicas, adem\u00e1s de documentos textuales tambi\u00e9n conservan colecciones de fotograf\u00edas. Un ejemplo muy interesante podemos verlo en el Archivo Hist\u00f3rico Provincial de Teruel.Esta fotograf\u00eda forma parte de un conjunto de m\u00e1s de 600 im\u00e1genes procedentes de la Secci\u00f3n Femenina de Teruel tomadas en distintos puntos de la provincia desde [&hellip;]","og_url":"https:\/\/dara.aragon.es\/dara\/blog\/las-fotos-de-nuestras-abuelas\/","og_site_name":"DARA GENERAL","article_published_time":"2015-07-28T17:36:00+00:00","og_image":[{"url":"https:\/\/2.bp.blogspot.com\/--dcCkt9Om3E\/Vbe72FPRRUI\/AAAAAAAAABQ\/KhAsYhilgmE\/s640\/AHPTE_SF_00025_00001_00001.jpg","type":"","width":"","height":""}],"author":"Administrador DARA","twitter_card":"summary_large_image","twitter_misc":{"Escrito por":"Administrador DARA"},"schema":{"@context":"https:\/\/schema.org","@graph":[{"@type":"WebPage","@id":"https:\/\/dara.aragon.es\/dara\/blog\/las-fotos-de-nuestras-abuelas\/","url":"https:\/\/dara.aragon.es\/dara\/blog\/las-fotos-de-nuestras-abuelas\/","name":"Las fotos de nuestras abuelas - DARA GENERAL","isPartOf":{"@id":"https:\/\/dara.aragon.es\/dara\/#website"},"primaryImageOfPage":{"@id":"https:\/\/dara.aragon.es\/dara\/blog\/las-fotos-de-nuestras-abuelas\/#primaryimage"},"image":{"@id":"https:\/\/dara.aragon.es\/dara\/blog\/las-fotos-de-nuestras-abuelas\/#primaryimage"},"thumbnailUrl":"https:\/\/2.bp.blogspot.com\/--dcCkt9Om3E\/Vbe72FPRRUI\/AAAAAAAAABQ\/KhAsYhilgmE\/s640\/AHPTE_SF_00025_00001_00001.jpg","datePublished":"2015-07-28T17:36:00+00:00","author":{"@id":"https:\/\/dara.aragon.es\/dara\/#\/schema\/person\/42ee60d9eb45f8689b62d2b57c40aeec"},"breadcrumb":{"@id":"https:\/\/dara.aragon.es\/dara\/blog\/las-fotos-de-nuestras-abuelas\/#breadcrumb"},"inLanguage":"es","potentialAction":[{"@type":"ReadAction","target":["https:\/\/dara.aragon.es\/dara\/blog\/las-fotos-de-nuestras-abuelas\/"]}]},{"@type":"ImageObject","inLanguage":"es","@id":"https:\/\/dara.aragon.es\/dara\/blog\/las-fotos-de-nuestras-abuelas\/#primaryimage","url":"https:\/\/2.bp.blogspot.com\/--dcCkt9Om3E\/Vbe72FPRRUI\/AAAAAAAAABQ\/KhAsYhilgmE\/s640\/AHPTE_SF_00025_00001_00001.jpg","contentUrl":"https:\/\/2.bp.blogspot.com\/--dcCkt9Om3E\/Vbe72FPRRUI\/AAAAAAAAABQ\/KhAsYhilgmE\/s640\/AHPTE_SF_00025_00001_00001.jpg"},{"@type":"BreadcrumbList","@id":"https:\/\/dara.aragon.es\/dara\/blog\/las-fotos-de-nuestras-abuelas\/#breadcrumb","itemListElement":[{"@type":"ListItem","position":1,"name":"Portada","item":"https:\/\/dara.aragon.es\/dara\/"},{"@type":"ListItem","position":2,"name":"Las fotos de nuestras abuelas"}]},{"@type":"WebSite","@id":"https:\/\/dara.aragon.es\/dara\/#website","url":"https:\/\/dara.aragon.es\/dara\/","name":"DARA GENERAL","description":"Documentos y archivos de Arag\u00f3n","potentialAction":[{"@type":"SearchAction","target":{"@type":"EntryPoint","urlTemplate":"https:\/\/dara.aragon.es\/dara\/?s={search_term_string}"},"query-input":{"@type":"PropertyValueSpecification","valueRequired":true,"valueName":"search_term_string"}}],"inLanguage":"es"},{"@type":"Person","@id":"https:\/\/dara.aragon.es\/dara\/#\/schema\/person\/42ee60d9eb45f8689b62d2b57c40aeec","name":"Administrador DARA","image":{"@type":"ImageObject","inLanguage":"es","@id":"https:\/\/dara.aragon.es\/dara\/#\/schema\/person\/image\/","url":"https:\/\/secure.gravatar.com\/avatar\/8fc1a4250e60d75d1b41fafee86f7181217b3ec161666d4118ba57f78c0a1104?s=96&d=mm&r=g","contentUrl":"https:\/\/secure.gravatar.com\/avatar\/8fc1a4250e60d75d1b41fafee86f7181217b3ec161666d4118ba57f78c0a1104?s=96&d=mm&r=g","caption":"Administrador DARA"},"url":"https:\/\/dara.aragon.es\/dara\/blog\/author\/dara-gestion-de-contenidos\/"}]}},"_links":{"self":[{"href":"https:\/\/dara.aragon.es\/dara\/wp-json\/wp\/v2\/posts\/436","targetHints":{"allow":["GET"]}}],"collection":[{"href":"https:\/\/dara.aragon.es\/dara\/wp-json\/wp\/v2\/posts"}],"about":[{"href":"https:\/\/dara.aragon.es\/dara\/wp-json\/wp\/v2\/types\/post"}],"author":[{"embeddable":true,"href":"https:\/\/dara.aragon.es\/dara\/wp-json\/wp\/v2\/users\/3"}],"replies":[{"embeddable":true,"href":"https:\/\/dara.aragon.es\/dara\/wp-json\/wp\/v2\/comments?post=436"}],"version-history":[{"count":0,"href":"https:\/\/dara.aragon.es\/dara\/wp-json\/wp\/v2\/posts\/436\/revisions"}],"wp:attachment":[{"href":"https:\/\/dara.aragon.es\/dara\/wp-json\/wp\/v2\/media?parent=436"}],"wp:term":[{"taxonomy":"category","embeddable":true,"href":"https:\/\/dara.aragon.es\/dara\/wp-json\/wp\/v2\/categories?post=436"},{"taxonomy":"post_tag","embeddable":true,"href":"https:\/\/dara.aragon.es\/dara\/wp-json\/wp\/v2\/tags?post=436"}],"curies":[{"name":"wp","href":"https:\/\/api.w.org\/{rel}","templated":true}]}}