{"id":9127,"date":"2025-06-02T09:16:02","date_gmt":"2025-06-02T09:16:02","guid":{"rendered":"https:\/\/dara.aragon.es\/dara\/?p=9127"},"modified":"2025-07-14T10:42:55","modified_gmt":"2025-07-14T10:42:55","slug":"culmina-el-proyecto-de-publicacion-de-las-actas-de-las-cortes-de-aragon-y-su-difusion-a-traves-de-dara","status":"publish","type":"post","link":"https:\/\/dara.aragon.es\/dara\/blog\/culmina-el-proyecto-de-publicacion-de-las-actas-de-las-cortes-de-aragon-y-su-difusion-a-traves-de-dara\/","title":{"rendered":"Culmina el Proyecto de publicaci\u00f3n de las Actas de las Cortes de Arag\u00f3n y su difusi\u00f3n a trav\u00e9s de DARA"},"content":{"rendered":"<p>[et_pb_section fb_built=\u00bb1&#8243; _builder_version=\u00bb4.27.4&#8243; _module_preset=\u00bbdefault\u00bb global_colors_info=\u00bb{}\u00bb][et_pb_row column_structure=\u00bb1_2,1_2&#8243; _builder_version=\u00bb4.27.4&#8243; _module_preset=\u00bbdefault\u00bb custom_margin=\u00bb0px|0px|-4px|0px|false|false\u00bb global_colors_info=\u00bb{}\u00bb][et_pb_column type=\u00bb1_2&#8243; _builder_version=\u00bb4.27.4&#8243; _module_preset=\u00bbdefault\u00bb global_colors_info=\u00bb{}\u00bb][et_pb_image src=\u00bbhttps:\/\/dara.aragon.es\/dara\/wp-content\/uploads\/2025\/06\/RAH-Acta-Curiarum-1.jpeg\u00bb title_text=\u00bbRAH-Acta Curiarum-1&#8243; _builder_version=\u00bb4.27.4&#8243; _module_preset=\u00bbdefault\u00bb global_colors_info=\u00bb{}\u00bb][\/et_pb_image][et_pb_image src=\u00bbhttps:\/\/dara.aragon.es\/dara\/wp-content\/uploads\/2025\/06\/RAH-Acta-Curiarum-2.jpeg\u00bb title_text=\u00bbRAH-Acta Curiarum-2&#8243; _builder_version=\u00bb4.27.4&#8243; _module_preset=\u00bbdefault\u00bb global_colors_info=\u00bb{}\u00bb][\/et_pb_image][et_pb_image src=\u00bbhttps:\/\/dara.aragon.es\/dara\/wp-content\/uploads\/2025\/06\/RAH-Acta-Curiarum-3.jpeg\u00bb _builder_version=\u00bb4.27.4&#8243; _module_preset=\u00bbdefault\u00bb title_text=\u00bbRAH-Acta Curiarum-3&#8243; hover_enabled=\u00bb0&#8243; sticky_enabled=\u00bb0&#8243;][\/et_pb_image][\/et_pb_column][et_pb_column type=\u00bb1_2&#8243; _builder_version=\u00bb4.27.4&#8243; _module_preset=\u00bbdefault\u00bb global_colors_info=\u00bb{}\u00bb][et_pb_text _builder_version=\u00bb4.27.4&#8243; _module_preset=\u00bbdefault\u00bb global_colors_info=\u00bb{}\u00bb]<\/p>\n<p style=\"text-align: justify\">La serie <em>Acta Curiarum Regni Aragonum<\/em>, compuesta por 16 tomos repartidos en 28 vol\u00famenes y m\u00e1s de 11.000 p\u00e1ginas, constituye la edici\u00f3n completa de las actas de las Cortes del Reino de Arag\u00f3n y de las Cortes Generales de la Corona de Arag\u00f3n en \u00e9poca medieval. Este ambicioso proyecto, iniciado en 2005 gracias a un convenio entre el Gobierno de Arag\u00f3n, Fundaci\u00f3n Ibercaja y la Universidad de Zaragoza, ha sido culminado tras dos d\u00e9cadas de trabajo por un equipo de 18 especialistas en historia medieval y archiv\u00edstica, dirigidos por los catedr\u00e1ticos \u00c1ngel Sesma y Carlos Laliena. La presentaci\u00f3n oficial tuvo lugar en la sede de la Real Academia de la Historia en Madrid, con la presencia de destacadas autoridades como la consejera de Educaci\u00f3n, Cultura y Deporte del Gobierno de Arag\u00f3n, Tomasa Hern\u00e1ndez, y representantes de Fundaci\u00f3n Ibercaja.<\/p>\n<p style=\"text-align: justify\">La publicaci\u00f3n ofrece una fuente imprescindible para conocer en profundidad la evoluci\u00f3n pol\u00edtica, social y econ\u00f3mica del Reino de Arag\u00f3n y de la Corona en la Edad Media. Las actas recogen informaci\u00f3n desde el reinado de Alfonso II en 1164 hasta la \u00faltima convocatoria medieval por parte de Fernando el Cat\u00f3lico en 1515. Estos documentos reflejan el funcionamiento parlamentario, los fueros aprobados, los acuerdos pol\u00edticos y legislativos e, incluso, los conflictos sociales y administrativos de la \u00e9poca. Entre los temas abordados destacan la fiscalidad, la pol\u00edtica militar, los censos poblacionales de 1405 y 1495, y un vasto corpus legislativo que abarca desde los Fueros de 1247 hasta las reformas legales de principios del siglo XVI.<\/p>\n<p style=\"text-align: justify\">Uno de los mayores logros de esta edici\u00f3n es la cuidada transcripci\u00f3n paleogr\u00e1fica de documentos manuscritos complejos en textos legibles y accesibles. El trabajo de documentaci\u00f3n se ha llevado a cabo en m\u00faltiples archivos y ha contado con una edici\u00f3n t\u00e9cnica y art\u00edstica a cargo de empresas aragonesas y con la colaboraci\u00f3n del artista Jos\u00e9 Luis Lasala en el dise\u00f1o de las cubiertas.<\/p>\n<p style=\"text-align: justify\">Un aspecto clave de esta obra es su vocaci\u00f3n de difusi\u00f3n y acceso abierto. Toda la colecci\u00f3n est\u00e1 disponible en formato digital a trav\u00e9s de DARA, el <strong>portal de Documentos y Archivos de Arag\u00f3n<\/strong> (<a href=\"https:\/\/dara.aragon.es\">https:\/\/dara.aragon.es<\/a>), una herramienta que permite la consulta libre de este valioso patrimonio documental. Adem\u00e1s, se encuentra integrada en el monogr\u00e1fico especializado DOMA: Documentos Medievales Aragoneses (<a href=\"https:\/\/dara.aragon.es\/opac\/doma\/\">https:\/\/dara.aragon.es\/opac\/doma\/<\/a>), dentro del mismo portal, lo que facilita el estudio e investigaci\u00f3n acad\u00e9mica sobre el periodo medieval aragon\u00e9s.<\/p>\n<p style=\"text-align: justify\">Durante el acto, la consejera Tomasa Hern\u00e1ndez subray\u00f3 la importancia del proyecto como ejemplo de cooperaci\u00f3n institucional y de compromiso con la memoria hist\u00f3rica. Recalc\u00f3 que el Gobierno de Arag\u00f3n contin\u00faa firmemente dedicado a la protecci\u00f3n, investigaci\u00f3n y difusi\u00f3n de su patrimonio cultural, especialmente mediante iniciativas como <em>Arag\u00f3n, reino de la luz<\/em>. Por su parte, Jos\u00e9 Luis Rodrigo, director general de Fundaci\u00f3n Ibercaja, destac\u00f3 el valor social de esta publicaci\u00f3n y su papel fundamental en el conocimiento de la identidad aragonesa.<\/p>\n<p style=\"text-align: justify\">En resumen, <em>Acta Curiarum Regni Aragonum<\/em> representa una herramienta \u00fanica para comprender las din\u00e1micas del poder, la legislaci\u00f3n y la vida cotidiana en el Arag\u00f3n medieval. Y lo m\u00e1s relevante: <strong>la transcripci\u00f3n completa de las actas est\u00e1 accesible en <\/strong><strong>l\u00ednea a trav\u00e9s de DARA<\/strong>, el portal oficial de los archivos de Arag\u00f3n, lo que garantiza su preservaci\u00f3n y consulta p\u00fablica para investigadores, estudiantes y ciudadan\u00eda en general.<\/p>\n<p>[\/et_pb_text][\/et_pb_column][\/et_pb_row][\/et_pb_section]<\/p>\n","protected":false},"excerpt":{"rendered":"<p>La serie Acta Curiarum Regni Aragonum, compuesta por 16 tomos repartidos en 28 vol\u00famenes y m\u00e1s de 11.000 p\u00e1ginas, constituye la edici\u00f3n completa de las actas de las Cortes del Reino de Arag\u00f3n y de las Cortes Generales de la Corona de Arag\u00f3n en \u00e9poca medieval. Este ambicioso proyecto, iniciado en 2005 gracias a un [&hellip;]<\/p>\n","protected":false},"author":33,"featured_media":9131,"comment_status":"open","ping_status":"closed","sticky":false,"template":"","format":"standard","meta":{"_et_pb_use_builder":"on","_et_pb_old_content":"","_et_gb_content_width":"","om_disable_all_campaigns":false,"_monsterinsights_skip_tracking":false,"_monsterinsights_sitenote_active":false,"_monsterinsights_sitenote_note":"","_monsterinsights_sitenote_category":0,"_uf_show_specific_survey":0,"_uf_disable_surveys":false,"footnotes":""},"categories":[594,26],"tags":[596],"class_list":["post-9127","post","type-post","status-publish","format-standard","has-post-thumbnail","hentry","category-actas-de-las-cortes-de-aragon","category-difusion","tag-cortes-medievales"],"yoast_head":"<!-- This site is optimized with the Yoast SEO plugin v27.5 - https:\/\/yoast.com\/product\/yoast-seo-wordpress\/ -->\n<title>Culmina el Proyecto de publicaci\u00f3n de las Actas de las Cortes de Arag\u00f3n y su difusi\u00f3n a trav\u00e9s de DARA - DARA GENERAL<\/title>\n<meta name=\"robots\" content=\"index, follow, max-snippet:-1, max-image-preview:large, max-video-preview:-1\" \/>\n<link rel=\"canonical\" href=\"https:\/\/dara.aragon.es\/dara\/blog\/culmina-el-proyecto-de-publicacion-de-las-actas-de-las-cortes-de-aragon-y-su-difusion-a-traves-de-dara\/\" \/>\n<meta property=\"og:locale\" content=\"es_ES\" \/>\n<meta property=\"og:type\" content=\"article\" \/>\n<meta property=\"og:title\" content=\"Culmina el Proyecto de publicaci\u00f3n de las Actas de las Cortes de Arag\u00f3n y su difusi\u00f3n a trav\u00e9s de DARA - DARA GENERAL\" \/>\n<meta property=\"og:description\" content=\"La serie Acta Curiarum Regni Aragonum, compuesta por 16 tomos repartidos en 28 vol\u00famenes y m\u00e1s de 11.000 p\u00e1ginas, constituye la edici\u00f3n completa de las actas de las Cortes del Reino de Arag\u00f3n y de las Cortes Generales de la Corona de Arag\u00f3n en \u00e9poca medieval. Este ambicioso proyecto, iniciado en 2005 gracias a un [&hellip;]\" \/>\n<meta property=\"og:url\" content=\"https:\/\/dara.aragon.es\/dara\/blog\/culmina-el-proyecto-de-publicacion-de-las-actas-de-las-cortes-de-aragon-y-su-difusion-a-traves-de-dara\/\" \/>\n<meta property=\"og:site_name\" content=\"DARA GENERAL\" \/>\n<meta property=\"article:published_time\" content=\"2025-06-02T09:16:02+00:00\" \/>\n<meta property=\"article:modified_time\" content=\"2025-07-14T10:42:55+00:00\" \/>\n<meta property=\"og:image\" content=\"https:\/\/dara.aragon.es\/dara\/wp-content\/uploads\/2025\/06\/RAH-Acta-Curiarum-1.jpeg\" \/>\n\t<meta property=\"og:image:width\" content=\"700\" \/>\n\t<meta property=\"og:image:height\" content=\"525\" \/>\n\t<meta property=\"og:image:type\" content=\"image\/jpeg\" \/>\n<meta name=\"author\" content=\"jorgesg\" \/>\n<meta name=\"twitter:card\" content=\"summary_large_image\" \/>\n<meta name=\"twitter:label1\" content=\"Escrito por\" \/>\n\t<meta name=\"twitter:data1\" content=\"jorgesg\" \/>\n\t<meta name=\"twitter:label2\" content=\"Tiempo de lectura\" \/>\n\t<meta name=\"twitter:data2\" content=\"4 minutos\" \/>\n<script type=\"application\/ld+json\" class=\"yoast-schema-graph\">{\"@context\":\"https:\\\/\\\/schema.org\",\"@graph\":[{\"@type\":\"Article\",\"@id\":\"https:\\\/\\\/dara.aragon.es\\\/dara\\\/blog\\\/culmina-el-proyecto-de-publicacion-de-las-actas-de-las-cortes-de-aragon-y-su-difusion-a-traves-de-dara\\\/#article\",\"isPartOf\":{\"@id\":\"https:\\\/\\\/dara.aragon.es\\\/dara\\\/blog\\\/culmina-el-proyecto-de-publicacion-de-las-actas-de-las-cortes-de-aragon-y-su-difusion-a-traves-de-dara\\\/\"},\"author\":{\"name\":\"jorgesg\",\"@id\":\"https:\\\/\\\/dara.aragon.es\\\/dara\\\/#\\\/schema\\\/person\\\/5f6a8bd101d4b0df843ae84e1f39ae62\"},\"headline\":\"Culmina el Proyecto de publicaci\u00f3n de las Actas de las Cortes de Arag\u00f3n y su difusi\u00f3n a trav\u00e9s de DARA\",\"datePublished\":\"2025-06-02T09:16:02+00:00\",\"dateModified\":\"2025-07-14T10:42:55+00:00\",\"mainEntityOfPage\":{\"@id\":\"https:\\\/\\\/dara.aragon.es\\\/dara\\\/blog\\\/culmina-el-proyecto-de-publicacion-de-las-actas-de-las-cortes-de-aragon-y-su-difusion-a-traves-de-dara\\\/\"},\"wordCount\":800,\"commentCount\":0,\"image\":{\"@id\":\"https:\\\/\\\/dara.aragon.es\\\/dara\\\/blog\\\/culmina-el-proyecto-de-publicacion-de-las-actas-de-las-cortes-de-aragon-y-su-difusion-a-traves-de-dara\\\/#primaryimage\"},\"thumbnailUrl\":\"https:\\\/\\\/dara.aragon.es\\\/dara\\\/wp-content\\\/uploads\\\/2025\\\/06\\\/RAH-Acta-Curiarum-1.jpeg\",\"keywords\":[\"Cortes medievales\"],\"articleSection\":[\"Actas de las Cortes de Arag\u00f3n\",\"Difusi\u00f3n\"],\"inLanguage\":\"es\",\"potentialAction\":[{\"@type\":\"CommentAction\",\"name\":\"Comment\",\"target\":[\"https:\\\/\\\/dara.aragon.es\\\/dara\\\/blog\\\/culmina-el-proyecto-de-publicacion-de-las-actas-de-las-cortes-de-aragon-y-su-difusion-a-traves-de-dara\\\/#respond\"]}]},{\"@type\":\"WebPage\",\"@id\":\"https:\\\/\\\/dara.aragon.es\\\/dara\\\/blog\\\/culmina-el-proyecto-de-publicacion-de-las-actas-de-las-cortes-de-aragon-y-su-difusion-a-traves-de-dara\\\/\",\"url\":\"https:\\\/\\\/dara.aragon.es\\\/dara\\\/blog\\\/culmina-el-proyecto-de-publicacion-de-las-actas-de-las-cortes-de-aragon-y-su-difusion-a-traves-de-dara\\\/\",\"name\":\"Culmina el Proyecto de publicaci\u00f3n de las Actas de las Cortes de Arag\u00f3n y su difusi\u00f3n a trav\u00e9s de DARA - DARA GENERAL\",\"isPartOf\":{\"@id\":\"https:\\\/\\\/dara.aragon.es\\\/dara\\\/#website\"},\"primaryImageOfPage\":{\"@id\":\"https:\\\/\\\/dara.aragon.es\\\/dara\\\/blog\\\/culmina-el-proyecto-de-publicacion-de-las-actas-de-las-cortes-de-aragon-y-su-difusion-a-traves-de-dara\\\/#primaryimage\"},\"image\":{\"@id\":\"https:\\\/\\\/dara.aragon.es\\\/dara\\\/blog\\\/culmina-el-proyecto-de-publicacion-de-las-actas-de-las-cortes-de-aragon-y-su-difusion-a-traves-de-dara\\\/#primaryimage\"},\"thumbnailUrl\":\"https:\\\/\\\/dara.aragon.es\\\/dara\\\/wp-content\\\/uploads\\\/2025\\\/06\\\/RAH-Acta-Curiarum-1.jpeg\",\"datePublished\":\"2025-06-02T09:16:02+00:00\",\"dateModified\":\"2025-07-14T10:42:55+00:00\",\"author\":{\"@id\":\"https:\\\/\\\/dara.aragon.es\\\/dara\\\/#\\\/schema\\\/person\\\/5f6a8bd101d4b0df843ae84e1f39ae62\"},\"breadcrumb\":{\"@id\":\"https:\\\/\\\/dara.aragon.es\\\/dara\\\/blog\\\/culmina-el-proyecto-de-publicacion-de-las-actas-de-las-cortes-de-aragon-y-su-difusion-a-traves-de-dara\\\/#breadcrumb\"},\"inLanguage\":\"es\",\"potentialAction\":[{\"@type\":\"ReadAction\",\"target\":[\"https:\\\/\\\/dara.aragon.es\\\/dara\\\/blog\\\/culmina-el-proyecto-de-publicacion-de-las-actas-de-las-cortes-de-aragon-y-su-difusion-a-traves-de-dara\\\/\"]}]},{\"@type\":\"ImageObject\",\"inLanguage\":\"es\",\"@id\":\"https:\\\/\\\/dara.aragon.es\\\/dara\\\/blog\\\/culmina-el-proyecto-de-publicacion-de-las-actas-de-las-cortes-de-aragon-y-su-difusion-a-traves-de-dara\\\/#primaryimage\",\"url\":\"https:\\\/\\\/dara.aragon.es\\\/dara\\\/wp-content\\\/uploads\\\/2025\\\/06\\\/RAH-Acta-Curiarum-1.jpeg\",\"contentUrl\":\"https:\\\/\\\/dara.aragon.es\\\/dara\\\/wp-content\\\/uploads\\\/2025\\\/06\\\/RAH-Acta-Curiarum-1.jpeg\",\"width\":700,\"height\":525},{\"@type\":\"BreadcrumbList\",\"@id\":\"https:\\\/\\\/dara.aragon.es\\\/dara\\\/blog\\\/culmina-el-proyecto-de-publicacion-de-las-actas-de-las-cortes-de-aragon-y-su-difusion-a-traves-de-dara\\\/#breadcrumb\",\"itemListElement\":[{\"@type\":\"ListItem\",\"position\":1,\"name\":\"Portada\",\"item\":\"https:\\\/\\\/dara.aragon.es\\\/dara\\\/\"},{\"@type\":\"ListItem\",\"position\":2,\"name\":\"Culmina el Proyecto de publicaci\u00f3n de las Actas de las Cortes de Arag\u00f3n y su difusi\u00f3n a trav\u00e9s de DARA\"}]},{\"@type\":\"WebSite\",\"@id\":\"https:\\\/\\\/dara.aragon.es\\\/dara\\\/#website\",\"url\":\"https:\\\/\\\/dara.aragon.es\\\/dara\\\/\",\"name\":\"DARA GENERAL\",\"description\":\"Documentos y archivos de Arag\u00f3n\",\"potentialAction\":[{\"@type\":\"SearchAction\",\"target\":{\"@type\":\"EntryPoint\",\"urlTemplate\":\"https:\\\/\\\/dara.aragon.es\\\/dara\\\/?s={search_term_string}\"},\"query-input\":{\"@type\":\"PropertyValueSpecification\",\"valueRequired\":true,\"valueName\":\"search_term_string\"}}],\"inLanguage\":\"es\"},{\"@type\":\"Person\",\"@id\":\"https:\\\/\\\/dara.aragon.es\\\/dara\\\/#\\\/schema\\\/person\\\/5f6a8bd101d4b0df843ae84e1f39ae62\",\"name\":\"jorgesg\",\"image\":{\"@type\":\"ImageObject\",\"inLanguage\":\"es\",\"@id\":\"https:\\\/\\\/secure.gravatar.com\\\/avatar\\\/6e5cb8dcd437124b81c923d8a83f9bd025526c445e7712f38bd232ee3121b1e4?s=96&d=mm&r=g\",\"url\":\"https:\\\/\\\/secure.gravatar.com\\\/avatar\\\/6e5cb8dcd437124b81c923d8a83f9bd025526c445e7712f38bd232ee3121b1e4?s=96&d=mm&r=g\",\"contentUrl\":\"https:\\\/\\\/secure.gravatar.com\\\/avatar\\\/6e5cb8dcd437124b81c923d8a83f9bd025526c445e7712f38bd232ee3121b1e4?s=96&d=mm&r=g\",\"caption\":\"jorgesg\"},\"url\":\"https:\\\/\\\/dara.aragon.es\\\/dara\\\/blog\\\/author\\\/jorgesg\\\/\"}]}<\/script>\n<!-- \/ Yoast SEO plugin. -->","yoast_head_json":{"title":"Culmina el Proyecto de publicaci\u00f3n de las Actas de las Cortes de Arag\u00f3n y su difusi\u00f3n a trav\u00e9s de DARA - DARA GENERAL","robots":{"index":"index","follow":"follow","max-snippet":"max-snippet:-1","max-image-preview":"max-image-preview:large","max-video-preview":"max-video-preview:-1"},"canonical":"https:\/\/dara.aragon.es\/dara\/blog\/culmina-el-proyecto-de-publicacion-de-las-actas-de-las-cortes-de-aragon-y-su-difusion-a-traves-de-dara\/","og_locale":"es_ES","og_type":"article","og_title":"Culmina el Proyecto de publicaci\u00f3n de las Actas de las Cortes de Arag\u00f3n y su difusi\u00f3n a trav\u00e9s de DARA - DARA GENERAL","og_description":"La serie Acta Curiarum Regni Aragonum, compuesta por 16 tomos repartidos en 28 vol\u00famenes y m\u00e1s de 11.000 p\u00e1ginas, constituye la edici\u00f3n completa de las actas de las Cortes del Reino de Arag\u00f3n y de las Cortes Generales de la Corona de Arag\u00f3n en \u00e9poca medieval. Este ambicioso proyecto, iniciado en 2005 gracias a un [&hellip;]","og_url":"https:\/\/dara.aragon.es\/dara\/blog\/culmina-el-proyecto-de-publicacion-de-las-actas-de-las-cortes-de-aragon-y-su-difusion-a-traves-de-dara\/","og_site_name":"DARA GENERAL","article_published_time":"2025-06-02T09:16:02+00:00","article_modified_time":"2025-07-14T10:42:55+00:00","og_image":[{"width":700,"height":525,"url":"https:\/\/dara.aragon.es\/dara\/wp-content\/uploads\/2025\/06\/RAH-Acta-Curiarum-1.jpeg","type":"image\/jpeg"}],"author":"jorgesg","twitter_card":"summary_large_image","twitter_misc":{"Escrito por":"jorgesg","Tiempo de lectura":"4 minutos"},"schema":{"@context":"https:\/\/schema.org","@graph":[{"@type":"Article","@id":"https:\/\/dara.aragon.es\/dara\/blog\/culmina-el-proyecto-de-publicacion-de-las-actas-de-las-cortes-de-aragon-y-su-difusion-a-traves-de-dara\/#article","isPartOf":{"@id":"https:\/\/dara.aragon.es\/dara\/blog\/culmina-el-proyecto-de-publicacion-de-las-actas-de-las-cortes-de-aragon-y-su-difusion-a-traves-de-dara\/"},"author":{"name":"jorgesg","@id":"https:\/\/dara.aragon.es\/dara\/#\/schema\/person\/5f6a8bd101d4b0df843ae84e1f39ae62"},"headline":"Culmina el Proyecto de publicaci\u00f3n de las Actas de las Cortes de Arag\u00f3n y su difusi\u00f3n a trav\u00e9s de DARA","datePublished":"2025-06-02T09:16:02+00:00","dateModified":"2025-07-14T10:42:55+00:00","mainEntityOfPage":{"@id":"https:\/\/dara.aragon.es\/dara\/blog\/culmina-el-proyecto-de-publicacion-de-las-actas-de-las-cortes-de-aragon-y-su-difusion-a-traves-de-dara\/"},"wordCount":800,"commentCount":0,"image":{"@id":"https:\/\/dara.aragon.es\/dara\/blog\/culmina-el-proyecto-de-publicacion-de-las-actas-de-las-cortes-de-aragon-y-su-difusion-a-traves-de-dara\/#primaryimage"},"thumbnailUrl":"https:\/\/dara.aragon.es\/dara\/wp-content\/uploads\/2025\/06\/RAH-Acta-Curiarum-1.jpeg","keywords":["Cortes medievales"],"articleSection":["Actas de las Cortes de Arag\u00f3n","Difusi\u00f3n"],"inLanguage":"es","potentialAction":[{"@type":"CommentAction","name":"Comment","target":["https:\/\/dara.aragon.es\/dara\/blog\/culmina-el-proyecto-de-publicacion-de-las-actas-de-las-cortes-de-aragon-y-su-difusion-a-traves-de-dara\/#respond"]}]},{"@type":"WebPage","@id":"https:\/\/dara.aragon.es\/dara\/blog\/culmina-el-proyecto-de-publicacion-de-las-actas-de-las-cortes-de-aragon-y-su-difusion-a-traves-de-dara\/","url":"https:\/\/dara.aragon.es\/dara\/blog\/culmina-el-proyecto-de-publicacion-de-las-actas-de-las-cortes-de-aragon-y-su-difusion-a-traves-de-dara\/","name":"Culmina el Proyecto de publicaci\u00f3n de las Actas de las Cortes de Arag\u00f3n y su difusi\u00f3n a trav\u00e9s de DARA - DARA GENERAL","isPartOf":{"@id":"https:\/\/dara.aragon.es\/dara\/#website"},"primaryImageOfPage":{"@id":"https:\/\/dara.aragon.es\/dara\/blog\/culmina-el-proyecto-de-publicacion-de-las-actas-de-las-cortes-de-aragon-y-su-difusion-a-traves-de-dara\/#primaryimage"},"image":{"@id":"https:\/\/dara.aragon.es\/dara\/blog\/culmina-el-proyecto-de-publicacion-de-las-actas-de-las-cortes-de-aragon-y-su-difusion-a-traves-de-dara\/#primaryimage"},"thumbnailUrl":"https:\/\/dara.aragon.es\/dara\/wp-content\/uploads\/2025\/06\/RAH-Acta-Curiarum-1.jpeg","datePublished":"2025-06-02T09:16:02+00:00","dateModified":"2025-07-14T10:42:55+00:00","author":{"@id":"https:\/\/dara.aragon.es\/dara\/#\/schema\/person\/5f6a8bd101d4b0df843ae84e1f39ae62"},"breadcrumb":{"@id":"https:\/\/dara.aragon.es\/dara\/blog\/culmina-el-proyecto-de-publicacion-de-las-actas-de-las-cortes-de-aragon-y-su-difusion-a-traves-de-dara\/#breadcrumb"},"inLanguage":"es","potentialAction":[{"@type":"ReadAction","target":["https:\/\/dara.aragon.es\/dara\/blog\/culmina-el-proyecto-de-publicacion-de-las-actas-de-las-cortes-de-aragon-y-su-difusion-a-traves-de-dara\/"]}]},{"@type":"ImageObject","inLanguage":"es","@id":"https:\/\/dara.aragon.es\/dara\/blog\/culmina-el-proyecto-de-publicacion-de-las-actas-de-las-cortes-de-aragon-y-su-difusion-a-traves-de-dara\/#primaryimage","url":"https:\/\/dara.aragon.es\/dara\/wp-content\/uploads\/2025\/06\/RAH-Acta-Curiarum-1.jpeg","contentUrl":"https:\/\/dara.aragon.es\/dara\/wp-content\/uploads\/2025\/06\/RAH-Acta-Curiarum-1.jpeg","width":700,"height":525},{"@type":"BreadcrumbList","@id":"https:\/\/dara.aragon.es\/dara\/blog\/culmina-el-proyecto-de-publicacion-de-las-actas-de-las-cortes-de-aragon-y-su-difusion-a-traves-de-dara\/#breadcrumb","itemListElement":[{"@type":"ListItem","position":1,"name":"Portada","item":"https:\/\/dara.aragon.es\/dara\/"},{"@type":"ListItem","position":2,"name":"Culmina el Proyecto de publicaci\u00f3n de las Actas de las Cortes de Arag\u00f3n y su difusi\u00f3n a trav\u00e9s de DARA"}]},{"@type":"WebSite","@id":"https:\/\/dara.aragon.es\/dara\/#website","url":"https:\/\/dara.aragon.es\/dara\/","name":"DARA GENERAL","description":"Documentos y archivos de Arag\u00f3n","potentialAction":[{"@type":"SearchAction","target":{"@type":"EntryPoint","urlTemplate":"https:\/\/dara.aragon.es\/dara\/?s={search_term_string}"},"query-input":{"@type":"PropertyValueSpecification","valueRequired":true,"valueName":"search_term_string"}}],"inLanguage":"es"},{"@type":"Person","@id":"https:\/\/dara.aragon.es\/dara\/#\/schema\/person\/5f6a8bd101d4b0df843ae84e1f39ae62","name":"jorgesg","image":{"@type":"ImageObject","inLanguage":"es","@id":"https:\/\/secure.gravatar.com\/avatar\/6e5cb8dcd437124b81c923d8a83f9bd025526c445e7712f38bd232ee3121b1e4?s=96&d=mm&r=g","url":"https:\/\/secure.gravatar.com\/avatar\/6e5cb8dcd437124b81c923d8a83f9bd025526c445e7712f38bd232ee3121b1e4?s=96&d=mm&r=g","contentUrl":"https:\/\/secure.gravatar.com\/avatar\/6e5cb8dcd437124b81c923d8a83f9bd025526c445e7712f38bd232ee3121b1e4?s=96&d=mm&r=g","caption":"jorgesg"},"url":"https:\/\/dara.aragon.es\/dara\/blog\/author\/jorgesg\/"}]}},"_links":{"self":[{"href":"https:\/\/dara.aragon.es\/dara\/wp-json\/wp\/v2\/posts\/9127","targetHints":{"allow":["GET"]}}],"collection":[{"href":"https:\/\/dara.aragon.es\/dara\/wp-json\/wp\/v2\/posts"}],"about":[{"href":"https:\/\/dara.aragon.es\/dara\/wp-json\/wp\/v2\/types\/post"}],"author":[{"embeddable":true,"href":"https:\/\/dara.aragon.es\/dara\/wp-json\/wp\/v2\/users\/33"}],"replies":[{"embeddable":true,"href":"https:\/\/dara.aragon.es\/dara\/wp-json\/wp\/v2\/comments?post=9127"}],"version-history":[{"count":0,"href":"https:\/\/dara.aragon.es\/dara\/wp-json\/wp\/v2\/posts\/9127\/revisions"}],"wp:featuredmedia":[{"embeddable":true,"href":"https:\/\/dara.aragon.es\/dara\/wp-json\/wp\/v2\/media\/9131"}],"wp:attachment":[{"href":"https:\/\/dara.aragon.es\/dara\/wp-json\/wp\/v2\/media?parent=9127"}],"wp:term":[{"taxonomy":"category","embeddable":true,"href":"https:\/\/dara.aragon.es\/dara\/wp-json\/wp\/v2\/categories?post=9127"},{"taxonomy":"post_tag","embeddable":true,"href":"https:\/\/dara.aragon.es\/dara\/wp-json\/wp\/v2\/tags?post=9127"}],"curies":[{"name":"wp","href":"https:\/\/api.w.org\/{rel}","templated":true}]}}