{"id":9865,"date":"2025-12-16T13:04:16","date_gmt":"2025-12-16T13:04:16","guid":{"rendered":"https:\/\/dara.aragon.es\/dara\/?p=9865"},"modified":"2026-02-04T11:08:43","modified_gmt":"2026-02-04T11:08:43","slug":"nuevo-portal-del-archivo-de-la-administracion-de-la-comunidad-autonoma-de-aragon-en-dara","status":"publish","type":"post","link":"https:\/\/dara.aragon.es\/dara\/blog\/nuevo-portal-del-archivo-de-la-administracion-de-la-comunidad-autonoma-de-aragon-en-dara\/","title":{"rendered":"Nuevo portal del Archivo de la Administraci\u00f3n de la Comunidad Aut\u00f3noma de Arag\u00f3n en DARA"},"content":{"rendered":"<p>[et_pb_section fb_built=\u00bb1&#8243; _builder_version=\u00bb4.27.4&#8243; _module_preset=\u00bbdefault\u00bb global_colors_info=\u00bb{}\u00bb][et_pb_row _builder_version=\u00bb4.27.4&#8243; _module_preset=\u00bbdefault\u00bb width=\u00bb99.6%\u00bb min_height=\u00bb1244.2px\u00bb custom_margin=\u00bb-48px|0px|0px|-2px|false|false\u00bb custom_padding=\u00bb9px|0px|0px|0px|false|false\u00bb global_colors_info=\u00bb{}\u00bb][et_pb_column type=\u00bb4_4&#8243; _builder_version=\u00bb4.27.4&#8243; _module_preset=\u00bbdefault\u00bb global_colors_info=\u00bb{}\u00bb][et_pb_text _builder_version=\u00bb4.27.4&#8243; _module_preset=\u00bbdefault\u00bb custom_padding=\u00bb|||0px||\u00bb hover_enabled=\u00bb0&#8243; global_colors_info=\u00bb{}\u00bb sticky_enabled=\u00bb0&#8243;]<\/p>\n<p><!-- divi:paragraph --><br \/>El Archivo de la Administraci\u00f3n del Gobierno de Arag\u00f3n estrena nuevo portal en DARA. <span>En este portal se incluye adem\u00e1s del cuadro de clasificaci\u00f3n del Archivo con todas las series documentales incluidos sus estudios, un conjunto de series documentales descritas a nivel de expedientes y organizadas por \u00e1reas tem\u00e1ticas.<\/span><\/p>\n<p>&nbsp;<\/p>\n<p><!-- \/divi:paragraph --><\/p>\n<figure class=\"wp-block-image size-full\"><img decoding=\"async\" src=\"https:\/\/dara.aragon.es\/dara\/wp-content\/uploads\/2025\/12\/Portal-de-DARA-AACAA.jpg\" alt=\"Cabecera del Portal del AACAA.\" class=\"wp-image-9799\" \/><\/figure>\n<p><!-- divi:paragraph {\"align\":\"center\"} --><\/p>\n<p class=\"has-text-align-center\" style=\"text-align: center\"><em>Cabecera del Portal del AACAA.<\/em><\/p>\n<p><!-- \/divi:paragraph --><\/p>\n<p>La documentaci\u00f3n que se ofrece a trav\u00e9s de esta p\u00e1gina consiste en expedientes relativos al ejercicio de las competencias que tiene asignadas el Gobierno de Arag\u00f3n. Destacan por su importancia e inter\u00e9s para la investigaci\u00f3n las series relativas a la restauraci\u00f3n de bienes culturales, las relacionadas con el desarrollo rural y la ordenaci\u00f3n territorial, las obras hidr\u00e1ulicas, as\u00ed como tambi\u00e9n las relativas al Registro de Fundaciones y a la Her\u00e1ldica.<\/p>\n<p>Especial menci\u00f3n merece el fondo fotogr\u00e1fico de los presidentes de la comunidad aut\u00f3noma desde <strong>1978 a 2003<\/strong> donde se conservan las fotograf\u00edas m\u00e1s significativas de la actividad institucional de cada presidente del gobierno aut\u00f3nomo.<\/p>\n<p><!-- divi:paragraph -->Progresivamente se ir\u00e1n a\u00f1adiendo m\u00e1s series, que de acuerdo con su contenido se consideren de mayor inter\u00e9s para la ciudadan\u00eda y el personal investigador.<br \/><!-- \/divi:paragraph --><\/p>\n<p>&nbsp;<\/p>\n<figure class=\"wp-block-image size-full\"><img decoding=\"async\" src=\"https:\/\/dara.aragon.es\/dara\/wp-content\/uploads\/2025\/12\/Portal-de-DARA-AACAA-Series.jpg\" alt=\"Series descritas a nivel de expedientes organizadas por temas.\" class=\"wp-image-9799\" \/><\/figure>\n<p><!-- divi:paragraph {\"align\":\"center\"} --><\/p>\n<p class=\"has-text-align-center\" align=\"\" style=\"text-align: center\"><em>Series descritas a nivel de expedientes organizadas por temas.<\/em><\/p>\n<p><!-- \/divi:paragraph --><\/p>\n<p>&nbsp;<\/p>\n<p><!-- divi:paragraph --><br \/>Puede consultarse en:\u00a0<a href=\"https:\/\/dara.aragon.es\/dara\/archivo-administracion-aragon\/\" target=\"_blank\" rel=\"noopener\" title=\"Portal del AACAA\">https:\/\/dara.aragon.es\/dara\/archivo-administracion-aragon\/<\/a><br \/><!-- \/divi:paragraph --><\/p>\n<p>[\/et_pb_text][\/et_pb_column][\/et_pb_row][\/et_pb_section]<\/p>\n","protected":false},"excerpt":{"rendered":"<p>El Archivo de la Administraci\u00f3n del Gobierno de Arag\u00f3n estrena nuevo portal en DARA. En este portal se incluye adem\u00e1s del cuadro de clasificaci\u00f3n del Archivo con todas las series documentales incluidos sus estudios, un conjunto de series documentales descritas a nivel de expedientes y organizadas por \u00e1reas tem\u00e1ticas. &nbsp; Cabecera del Portal del AACAA. [&hellip;]<\/p>\n","protected":false},"author":23,"featured_media":9665,"comment_status":"open","ping_status":"open","sticky":true,"template":"","format":"standard","meta":{"_et_pb_use_builder":"on","_et_pb_old_content":"","_et_gb_content_width":"","om_disable_all_campaigns":false,"_monsterinsights_skip_tracking":false,"_monsterinsights_sitenote_active":false,"_monsterinsights_sitenote_note":"","_monsterinsights_sitenote_category":0,"_uf_show_specific_survey":0,"_uf_disable_surveys":false,"footnotes":""},"categories":[108,36,337,110,338],"tags":[351],"class_list":["post-9865","post","type-post","status-publish","format-standard","has-post-thumbnail","hentry","category-archivo-de-la-administracion-de-la-comunidad-autonoma-de-aragon","category-dara-novedades","category-destacado","category-faqarchivos","category-portal-dara-general","tag-difusion"],"yoast_head":"<!-- This site is optimized with the Yoast SEO plugin v27.5 - https:\/\/yoast.com\/product\/yoast-seo-wordpress\/ -->\n<title>Nuevo portal del Archivo de la Administraci\u00f3n de la Comunidad Aut\u00f3noma de Arag\u00f3n en DARA - DARA GENERAL<\/title>\n<meta name=\"robots\" content=\"index, follow, max-snippet:-1, max-image-preview:large, max-video-preview:-1\" \/>\n<link rel=\"canonical\" href=\"https:\/\/dara.aragon.es\/dara\/blog\/nuevo-portal-del-archivo-de-la-administracion-de-la-comunidad-autonoma-de-aragon-en-dara\/\" \/>\n<meta property=\"og:locale\" content=\"es_ES\" \/>\n<meta property=\"og:type\" content=\"article\" \/>\n<meta property=\"og:title\" content=\"Nuevo portal del Archivo de la Administraci\u00f3n de la Comunidad Aut\u00f3noma de Arag\u00f3n en DARA - DARA GENERAL\" \/>\n<meta property=\"og:description\" content=\"El Archivo de la Administraci\u00f3n del Gobierno de Arag\u00f3n estrena nuevo portal en DARA. En este portal se incluye adem\u00e1s del cuadro de clasificaci\u00f3n del Archivo con todas las series documentales incluidos sus estudios, un conjunto de series documentales descritas a nivel de expedientes y organizadas por \u00e1reas tem\u00e1ticas. &nbsp; Cabecera del Portal del AACAA. [&hellip;]\" \/>\n<meta property=\"og:url\" content=\"https:\/\/dara.aragon.es\/dara\/blog\/nuevo-portal-del-archivo-de-la-administracion-de-la-comunidad-autonoma-de-aragon-en-dara\/\" \/>\n<meta property=\"og:site_name\" content=\"DARA GENERAL\" \/>\n<meta property=\"article:published_time\" content=\"2025-12-16T13:04:16+00:00\" \/>\n<meta property=\"article:modified_time\" content=\"2026-02-04T11:08:43+00:00\" \/>\n<meta property=\"og:image\" content=\"https:\/\/dara.aragon.es\/dara\/wp-content\/uploads\/2025\/11\/IMG_5916-scaled.jpg\" \/>\n\t<meta property=\"og:image:width\" content=\"2560\" \/>\n\t<meta property=\"og:image:height\" content=\"1920\" \/>\n\t<meta property=\"og:image:type\" content=\"image\/jpeg\" \/>\n<meta name=\"author\" content=\"Archivo de la Administraci\u00f3n CA Arag\u00f3n\" \/>\n<meta name=\"twitter:card\" content=\"summary_large_image\" \/>\n<meta name=\"twitter:label1\" content=\"Escrito por\" \/>\n\t<meta name=\"twitter:data1\" content=\"Archivo de la Administraci\u00f3n CA Arag\u00f3n\" \/>\n\t<meta name=\"twitter:label2\" content=\"Tiempo de lectura\" \/>\n\t<meta name=\"twitter:data2\" content=\"2 minutos\" \/>\n<script type=\"application\/ld+json\" class=\"yoast-schema-graph\">{\"@context\":\"https:\\\/\\\/schema.org\",\"@graph\":[{\"@type\":\"Article\",\"@id\":\"https:\\\/\\\/dara.aragon.es\\\/dara\\\/blog\\\/nuevo-portal-del-archivo-de-la-administracion-de-la-comunidad-autonoma-de-aragon-en-dara\\\/#article\",\"isPartOf\":{\"@id\":\"https:\\\/\\\/dara.aragon.es\\\/dara\\\/blog\\\/nuevo-portal-del-archivo-de-la-administracion-de-la-comunidad-autonoma-de-aragon-en-dara\\\/\"},\"author\":{\"name\":\"Archivo de la Administraci\u00f3n CA Arag\u00f3n\",\"@id\":\"https:\\\/\\\/dara.aragon.es\\\/dara\\\/#\\\/schema\\\/person\\\/60061ec59f2adff2c20feebed9a36d74\"},\"headline\":\"Nuevo portal del Archivo de la Administraci\u00f3n de la Comunidad Aut\u00f3noma de Arag\u00f3n en DARA\",\"datePublished\":\"2025-12-16T13:04:16+00:00\",\"dateModified\":\"2026-02-04T11:08:43+00:00\",\"mainEntityOfPage\":{\"@id\":\"https:\\\/\\\/dara.aragon.es\\\/dara\\\/blog\\\/nuevo-portal-del-archivo-de-la-administracion-de-la-comunidad-autonoma-de-aragon-en-dara\\\/\"},\"wordCount\":334,\"commentCount\":0,\"image\":{\"@id\":\"https:\\\/\\\/dara.aragon.es\\\/dara\\\/blog\\\/nuevo-portal-del-archivo-de-la-administracion-de-la-comunidad-autonoma-de-aragon-en-dara\\\/#primaryimage\"},\"thumbnailUrl\":\"https:\\\/\\\/dara.aragon.es\\\/dara\\\/wp-content\\\/uploads\\\/2025\\\/11\\\/IMG_5916-scaled.jpg\",\"keywords\":[\"Difusi\u00f3n\"],\"articleSection\":[\"Archivo de la Administraci\u00f3n de la Comunidad Aut\u00f3noma de Arag\u00f3n\",\"DARA-Novedades\",\"Destacado\",\"FAQArchivos\",\"Portal DARA GENERAL\"],\"inLanguage\":\"es\",\"potentialAction\":[{\"@type\":\"CommentAction\",\"name\":\"Comment\",\"target\":[\"https:\\\/\\\/dara.aragon.es\\\/dara\\\/blog\\\/nuevo-portal-del-archivo-de-la-administracion-de-la-comunidad-autonoma-de-aragon-en-dara\\\/#respond\"]}]},{\"@type\":\"WebPage\",\"@id\":\"https:\\\/\\\/dara.aragon.es\\\/dara\\\/blog\\\/nuevo-portal-del-archivo-de-la-administracion-de-la-comunidad-autonoma-de-aragon-en-dara\\\/\",\"url\":\"https:\\\/\\\/dara.aragon.es\\\/dara\\\/blog\\\/nuevo-portal-del-archivo-de-la-administracion-de-la-comunidad-autonoma-de-aragon-en-dara\\\/\",\"name\":\"Nuevo portal del Archivo de la Administraci\u00f3n de la Comunidad Aut\u00f3noma de Arag\u00f3n en DARA - DARA GENERAL\",\"isPartOf\":{\"@id\":\"https:\\\/\\\/dara.aragon.es\\\/dara\\\/#website\"},\"primaryImageOfPage\":{\"@id\":\"https:\\\/\\\/dara.aragon.es\\\/dara\\\/blog\\\/nuevo-portal-del-archivo-de-la-administracion-de-la-comunidad-autonoma-de-aragon-en-dara\\\/#primaryimage\"},\"image\":{\"@id\":\"https:\\\/\\\/dara.aragon.es\\\/dara\\\/blog\\\/nuevo-portal-del-archivo-de-la-administracion-de-la-comunidad-autonoma-de-aragon-en-dara\\\/#primaryimage\"},\"thumbnailUrl\":\"https:\\\/\\\/dara.aragon.es\\\/dara\\\/wp-content\\\/uploads\\\/2025\\\/11\\\/IMG_5916-scaled.jpg\",\"datePublished\":\"2025-12-16T13:04:16+00:00\",\"dateModified\":\"2026-02-04T11:08:43+00:00\",\"author\":{\"@id\":\"https:\\\/\\\/dara.aragon.es\\\/dara\\\/#\\\/schema\\\/person\\\/60061ec59f2adff2c20feebed9a36d74\"},\"breadcrumb\":{\"@id\":\"https:\\\/\\\/dara.aragon.es\\\/dara\\\/blog\\\/nuevo-portal-del-archivo-de-la-administracion-de-la-comunidad-autonoma-de-aragon-en-dara\\\/#breadcrumb\"},\"inLanguage\":\"es\",\"potentialAction\":[{\"@type\":\"ReadAction\",\"target\":[\"https:\\\/\\\/dara.aragon.es\\\/dara\\\/blog\\\/nuevo-portal-del-archivo-de-la-administracion-de-la-comunidad-autonoma-de-aragon-en-dara\\\/\"]}]},{\"@type\":\"ImageObject\",\"inLanguage\":\"es\",\"@id\":\"https:\\\/\\\/dara.aragon.es\\\/dara\\\/blog\\\/nuevo-portal-del-archivo-de-la-administracion-de-la-comunidad-autonoma-de-aragon-en-dara\\\/#primaryimage\",\"url\":\"https:\\\/\\\/dara.aragon.es\\\/dara\\\/wp-content\\\/uploads\\\/2025\\\/11\\\/IMG_5916-scaled.jpg\",\"contentUrl\":\"https:\\\/\\\/dara.aragon.es\\\/dara\\\/wp-content\\\/uploads\\\/2025\\\/11\\\/IMG_5916-scaled.jpg\",\"width\":2560,\"height\":1920,\"caption\":\"Edificio Pignatelli Zaragoza\"},{\"@type\":\"BreadcrumbList\",\"@id\":\"https:\\\/\\\/dara.aragon.es\\\/dara\\\/blog\\\/nuevo-portal-del-archivo-de-la-administracion-de-la-comunidad-autonoma-de-aragon-en-dara\\\/#breadcrumb\",\"itemListElement\":[{\"@type\":\"ListItem\",\"position\":1,\"name\":\"Portada\",\"item\":\"https:\\\/\\\/dara.aragon.es\\\/dara\\\/\"},{\"@type\":\"ListItem\",\"position\":2,\"name\":\"Nuevo portal del Archivo de la Administraci\u00f3n de la Comunidad Aut\u00f3noma de Arag\u00f3n en DARA\"}]},{\"@type\":\"WebSite\",\"@id\":\"https:\\\/\\\/dara.aragon.es\\\/dara\\\/#website\",\"url\":\"https:\\\/\\\/dara.aragon.es\\\/dara\\\/\",\"name\":\"DARA GENERAL\",\"description\":\"Documentos y archivos de Arag\u00f3n\",\"potentialAction\":[{\"@type\":\"SearchAction\",\"target\":{\"@type\":\"EntryPoint\",\"urlTemplate\":\"https:\\\/\\\/dara.aragon.es\\\/dara\\\/?s={search_term_string}\"},\"query-input\":{\"@type\":\"PropertyValueSpecification\",\"valueRequired\":true,\"valueName\":\"search_term_string\"}}],\"inLanguage\":\"es\"},{\"@type\":\"Person\",\"@id\":\"https:\\\/\\\/dara.aragon.es\\\/dara\\\/#\\\/schema\\\/person\\\/60061ec59f2adff2c20feebed9a36d74\",\"name\":\"Archivo de la Administraci\u00f3n CA Arag\u00f3n\",\"image\":{\"@type\":\"ImageObject\",\"inLanguage\":\"es\",\"@id\":\"https:\\\/\\\/secure.gravatar.com\\\/avatar\\\/29735c3a1c5c2758050cbd8772efe8f5e7bf8dda672f1c3f79dbc426e9ea2de4?s=96&d=mm&r=g\",\"url\":\"https:\\\/\\\/secure.gravatar.com\\\/avatar\\\/29735c3a1c5c2758050cbd8772efe8f5e7bf8dda672f1c3f79dbc426e9ea2de4?s=96&d=mm&r=g\",\"contentUrl\":\"https:\\\/\\\/secure.gravatar.com\\\/avatar\\\/29735c3a1c5c2758050cbd8772efe8f5e7bf8dda672f1c3f79dbc426e9ea2de4?s=96&d=mm&r=g\",\"caption\":\"Archivo de la Administraci\u00f3n CA Arag\u00f3n\"},\"url\":\"https:\\\/\\\/dara.aragon.es\\\/dara\\\/blog\\\/author\\\/aacaa\\\/\"}]}<\/script>\n<!-- \/ Yoast SEO plugin. -->","yoast_head_json":{"title":"Nuevo portal del Archivo de la Administraci\u00f3n de la Comunidad Aut\u00f3noma de Arag\u00f3n en DARA - DARA GENERAL","robots":{"index":"index","follow":"follow","max-snippet":"max-snippet:-1","max-image-preview":"max-image-preview:large","max-video-preview":"max-video-preview:-1"},"canonical":"https:\/\/dara.aragon.es\/dara\/blog\/nuevo-portal-del-archivo-de-la-administracion-de-la-comunidad-autonoma-de-aragon-en-dara\/","og_locale":"es_ES","og_type":"article","og_title":"Nuevo portal del Archivo de la Administraci\u00f3n de la Comunidad Aut\u00f3noma de Arag\u00f3n en DARA - DARA GENERAL","og_description":"El Archivo de la Administraci\u00f3n del Gobierno de Arag\u00f3n estrena nuevo portal en DARA. En este portal se incluye adem\u00e1s del cuadro de clasificaci\u00f3n del Archivo con todas las series documentales incluidos sus estudios, un conjunto de series documentales descritas a nivel de expedientes y organizadas por \u00e1reas tem\u00e1ticas. &nbsp; Cabecera del Portal del AACAA. [&hellip;]","og_url":"https:\/\/dara.aragon.es\/dara\/blog\/nuevo-portal-del-archivo-de-la-administracion-de-la-comunidad-autonoma-de-aragon-en-dara\/","og_site_name":"DARA GENERAL","article_published_time":"2025-12-16T13:04:16+00:00","article_modified_time":"2026-02-04T11:08:43+00:00","og_image":[{"width":2560,"height":1920,"url":"https:\/\/dara.aragon.es\/dara\/wp-content\/uploads\/2025\/11\/IMG_5916-scaled.jpg","type":"image\/jpeg"}],"author":"Archivo de la Administraci\u00f3n CA Arag\u00f3n","twitter_card":"summary_large_image","twitter_misc":{"Escrito por":"Archivo de la Administraci\u00f3n CA Arag\u00f3n","Tiempo de lectura":"2 minutos"},"schema":{"@context":"https:\/\/schema.org","@graph":[{"@type":"Article","@id":"https:\/\/dara.aragon.es\/dara\/blog\/nuevo-portal-del-archivo-de-la-administracion-de-la-comunidad-autonoma-de-aragon-en-dara\/#article","isPartOf":{"@id":"https:\/\/dara.aragon.es\/dara\/blog\/nuevo-portal-del-archivo-de-la-administracion-de-la-comunidad-autonoma-de-aragon-en-dara\/"},"author":{"name":"Archivo de la Administraci\u00f3n CA Arag\u00f3n","@id":"https:\/\/dara.aragon.es\/dara\/#\/schema\/person\/60061ec59f2adff2c20feebed9a36d74"},"headline":"Nuevo portal del Archivo de la Administraci\u00f3n de la Comunidad Aut\u00f3noma de Arag\u00f3n en DARA","datePublished":"2025-12-16T13:04:16+00:00","dateModified":"2026-02-04T11:08:43+00:00","mainEntityOfPage":{"@id":"https:\/\/dara.aragon.es\/dara\/blog\/nuevo-portal-del-archivo-de-la-administracion-de-la-comunidad-autonoma-de-aragon-en-dara\/"},"wordCount":334,"commentCount":0,"image":{"@id":"https:\/\/dara.aragon.es\/dara\/blog\/nuevo-portal-del-archivo-de-la-administracion-de-la-comunidad-autonoma-de-aragon-en-dara\/#primaryimage"},"thumbnailUrl":"https:\/\/dara.aragon.es\/dara\/wp-content\/uploads\/2025\/11\/IMG_5916-scaled.jpg","keywords":["Difusi\u00f3n"],"articleSection":["Archivo de la Administraci\u00f3n de la Comunidad Aut\u00f3noma de Arag\u00f3n","DARA-Novedades","Destacado","FAQArchivos","Portal DARA GENERAL"],"inLanguage":"es","potentialAction":[{"@type":"CommentAction","name":"Comment","target":["https:\/\/dara.aragon.es\/dara\/blog\/nuevo-portal-del-archivo-de-la-administracion-de-la-comunidad-autonoma-de-aragon-en-dara\/#respond"]}]},{"@type":"WebPage","@id":"https:\/\/dara.aragon.es\/dara\/blog\/nuevo-portal-del-archivo-de-la-administracion-de-la-comunidad-autonoma-de-aragon-en-dara\/","url":"https:\/\/dara.aragon.es\/dara\/blog\/nuevo-portal-del-archivo-de-la-administracion-de-la-comunidad-autonoma-de-aragon-en-dara\/","name":"Nuevo portal del Archivo de la Administraci\u00f3n de la Comunidad Aut\u00f3noma de Arag\u00f3n en DARA - DARA GENERAL","isPartOf":{"@id":"https:\/\/dara.aragon.es\/dara\/#website"},"primaryImageOfPage":{"@id":"https:\/\/dara.aragon.es\/dara\/blog\/nuevo-portal-del-archivo-de-la-administracion-de-la-comunidad-autonoma-de-aragon-en-dara\/#primaryimage"},"image":{"@id":"https:\/\/dara.aragon.es\/dara\/blog\/nuevo-portal-del-archivo-de-la-administracion-de-la-comunidad-autonoma-de-aragon-en-dara\/#primaryimage"},"thumbnailUrl":"https:\/\/dara.aragon.es\/dara\/wp-content\/uploads\/2025\/11\/IMG_5916-scaled.jpg","datePublished":"2025-12-16T13:04:16+00:00","dateModified":"2026-02-04T11:08:43+00:00","author":{"@id":"https:\/\/dara.aragon.es\/dara\/#\/schema\/person\/60061ec59f2adff2c20feebed9a36d74"},"breadcrumb":{"@id":"https:\/\/dara.aragon.es\/dara\/blog\/nuevo-portal-del-archivo-de-la-administracion-de-la-comunidad-autonoma-de-aragon-en-dara\/#breadcrumb"},"inLanguage":"es","potentialAction":[{"@type":"ReadAction","target":["https:\/\/dara.aragon.es\/dara\/blog\/nuevo-portal-del-archivo-de-la-administracion-de-la-comunidad-autonoma-de-aragon-en-dara\/"]}]},{"@type":"ImageObject","inLanguage":"es","@id":"https:\/\/dara.aragon.es\/dara\/blog\/nuevo-portal-del-archivo-de-la-administracion-de-la-comunidad-autonoma-de-aragon-en-dara\/#primaryimage","url":"https:\/\/dara.aragon.es\/dara\/wp-content\/uploads\/2025\/11\/IMG_5916-scaled.jpg","contentUrl":"https:\/\/dara.aragon.es\/dara\/wp-content\/uploads\/2025\/11\/IMG_5916-scaled.jpg","width":2560,"height":1920,"caption":"Edificio Pignatelli Zaragoza"},{"@type":"BreadcrumbList","@id":"https:\/\/dara.aragon.es\/dara\/blog\/nuevo-portal-del-archivo-de-la-administracion-de-la-comunidad-autonoma-de-aragon-en-dara\/#breadcrumb","itemListElement":[{"@type":"ListItem","position":1,"name":"Portada","item":"https:\/\/dara.aragon.es\/dara\/"},{"@type":"ListItem","position":2,"name":"Nuevo portal del Archivo de la Administraci\u00f3n de la Comunidad Aut\u00f3noma de Arag\u00f3n en DARA"}]},{"@type":"WebSite","@id":"https:\/\/dara.aragon.es\/dara\/#website","url":"https:\/\/dara.aragon.es\/dara\/","name":"DARA GENERAL","description":"Documentos y archivos de Arag\u00f3n","potentialAction":[{"@type":"SearchAction","target":{"@type":"EntryPoint","urlTemplate":"https:\/\/dara.aragon.es\/dara\/?s={search_term_string}"},"query-input":{"@type":"PropertyValueSpecification","valueRequired":true,"valueName":"search_term_string"}}],"inLanguage":"es"},{"@type":"Person","@id":"https:\/\/dara.aragon.es\/dara\/#\/schema\/person\/60061ec59f2adff2c20feebed9a36d74","name":"Archivo de la Administraci\u00f3n CA Arag\u00f3n","image":{"@type":"ImageObject","inLanguage":"es","@id":"https:\/\/secure.gravatar.com\/avatar\/29735c3a1c5c2758050cbd8772efe8f5e7bf8dda672f1c3f79dbc426e9ea2de4?s=96&d=mm&r=g","url":"https:\/\/secure.gravatar.com\/avatar\/29735c3a1c5c2758050cbd8772efe8f5e7bf8dda672f1c3f79dbc426e9ea2de4?s=96&d=mm&r=g","contentUrl":"https:\/\/secure.gravatar.com\/avatar\/29735c3a1c5c2758050cbd8772efe8f5e7bf8dda672f1c3f79dbc426e9ea2de4?s=96&d=mm&r=g","caption":"Archivo de la Administraci\u00f3n CA Arag\u00f3n"},"url":"https:\/\/dara.aragon.es\/dara\/blog\/author\/aacaa\/"}]}},"_links":{"self":[{"href":"https:\/\/dara.aragon.es\/dara\/wp-json\/wp\/v2\/posts\/9865","targetHints":{"allow":["GET"]}}],"collection":[{"href":"https:\/\/dara.aragon.es\/dara\/wp-json\/wp\/v2\/posts"}],"about":[{"href":"https:\/\/dara.aragon.es\/dara\/wp-json\/wp\/v2\/types\/post"}],"author":[{"embeddable":true,"href":"https:\/\/dara.aragon.es\/dara\/wp-json\/wp\/v2\/users\/23"}],"replies":[{"embeddable":true,"href":"https:\/\/dara.aragon.es\/dara\/wp-json\/wp\/v2\/comments?post=9865"}],"version-history":[{"count":2,"href":"https:\/\/dara.aragon.es\/dara\/wp-json\/wp\/v2\/posts\/9865\/revisions"}],"predecessor-version":[{"id":9915,"href":"https:\/\/dara.aragon.es\/dara\/wp-json\/wp\/v2\/posts\/9865\/revisions\/9915"}],"wp:featuredmedia":[{"embeddable":true,"href":"https:\/\/dara.aragon.es\/dara\/wp-json\/wp\/v2\/media\/9665"}],"wp:attachment":[{"href":"https:\/\/dara.aragon.es\/dara\/wp-json\/wp\/v2\/media?parent=9865"}],"wp:term":[{"taxonomy":"category","embeddable":true,"href":"https:\/\/dara.aragon.es\/dara\/wp-json\/wp\/v2\/categories?post=9865"},{"taxonomy":"post_tag","embeddable":true,"href":"https:\/\/dara.aragon.es\/dara\/wp-json\/wp\/v2\/tags?post=9865"}],"curies":[{"name":"wp","href":"https:\/\/api.w.org\/{rel}","templated":true}]}}