{"id":9986,"date":"2026-03-10T09:42:30","date_gmt":"2026-03-10T09:42:30","guid":{"rendered":"https:\/\/dara.aragon.es\/dara\/?p=9986"},"modified":"2026-03-12T12:19:19","modified_gmt":"2026-03-12T12:19:19","slug":"aportamos-microhistoria-si-se-quiere-consultar","status":"publish","type":"post","link":"https:\/\/dara.aragon.es\/dara\/blog\/aportamos-microhistoria-si-se-quiere-consultar\/","title":{"rendered":"Aportamos microhistoria, si se quiere consultar"},"content":{"rendered":"\n<p>M\u00aa Jos\u00e9 Casaus Ballester<br>Archivo Hist\u00f3rico Provincial de Teruel<\/p>\n\n\n\n<figure class=\"wp-block-image aligncenter size-full is-resized\"><img loading=\"lazy\" decoding=\"async\" width=\"1721\" height=\"2560\" src=\"https:\/\/dara.aragon.es\/dara\/wp-content\/uploads\/2026\/03\/Blog-martes00001-2-scaled.jpg\" alt=\"\" class=\"wp-image-9996\" style=\"aspect-ratio:0.6722666150020397;width:391px;height:auto\" srcset=\"https:\/\/dara.aragon.es\/dara\/wp-content\/uploads\/2026\/03\/Blog-martes00001-2-scaled.jpg 1721w, https:\/\/dara.aragon.es\/dara\/wp-content\/uploads\/2026\/03\/Blog-martes00001-2-1280x1904.jpg 1280w, https:\/\/dara.aragon.es\/dara\/wp-content\/uploads\/2026\/03\/Blog-martes00001-2-980x1458.jpg 980w, https:\/\/dara.aragon.es\/dara\/wp-content\/uploads\/2026\/03\/Blog-martes00001-2-480x714.jpg 480w\" sizes=\"(min-width: 0px) and (max-width: 480px) 480px, (min-width: 481px) and (max-width: 980px) 980px, (min-width: 981px) and (max-width: 1280px) 1280px, (min-width: 1281px) 1721px, 100vw\" \/><figcaption class=\"wp-element-caption\">Fondo Herederos de Mariano V\u00e1quez Sarri\u00e1 (= MAVASA)<\/figcaption><\/figure>\n\n\n\n<p><br><br><strong>Introducci\u00f3n <\/strong><br><br> Una grata conversaci\u00f3n telef\u00f3nica en la que nuestro interlocutor nos explic\u00f3 que ten\u00eda en su casa familiar, sita en Albarrac\u00edn, expedientes de su tatarabuelo, Mariano V\u00e1zquez Sarri\u00e1 (notario ejerciente en la ciudad de Albarrac\u00edn en el siglo XIX) y de su bisabuelo, C\u00e1ndido V\u00e1zquez, registrador de la propiedad tambi\u00e9n ejerciente en dicha ciudad y en el mismo siglo; propici\u00f3 que Uds lean estas l\u00edneas. <br> La finalidad de la familia, era que esta documentaci\u00f3n se custodiase en un archivo p\u00fablico (a ser posible de Teruel), para tener visibilidad y estar a disposici\u00f3n de las personas interesadas en su estudio.<br> Una exsenadora turolense, a quien desde aqu\u00ed le expresamos nuestro agradecimiento, le coment\u00f3 que el sitio apropiado era el Archivo Hist\u00f3rico Provincial de Teruel. <br><br><strong>I.- Los documentos <\/strong><br><br> Son manuscritos (excepto los boletines oficiales de la provincia de Teruel que est\u00e1n impresos), tama\u00f1o folio, escritos por las dos caras (con graf\u00edas muy distintas) y con abundantes sellos de tinta que corresponden a ayuntamientos, juzgados y registro de la propiedad de Albarrac\u00edn. <br><\/p>\n\n\n\n<figure class=\"wp-block-image aligncenter size-full is-resized\"><img loading=\"lazy\" decoding=\"async\" width=\"1738\" height=\"2560\" src=\"https:\/\/dara.aragon.es\/dara\/wp-content\/uploads\/2026\/03\/Blog-martes00002-scaled.jpg\" alt=\"\" class=\"wp-image-9997\" style=\"aspect-ratio:0.6789028665704269;width:403px;height:auto\" srcset=\"https:\/\/dara.aragon.es\/dara\/wp-content\/uploads\/2026\/03\/Blog-martes00002-scaled.jpg 1738w, https:\/\/dara.aragon.es\/dara\/wp-content\/uploads\/2026\/03\/Blog-martes00002-1280x1885.jpg 1280w, https:\/\/dara.aragon.es\/dara\/wp-content\/uploads\/2026\/03\/Blog-martes00002-980x1443.jpg 980w, https:\/\/dara.aragon.es\/dara\/wp-content\/uploads\/2026\/03\/Blog-martes00002-480x707.jpg 480w\" sizes=\"(min-width: 0px) and (max-width: 480px) 480px, (min-width: 481px) and (max-width: 980px) 980px, (min-width: 981px) and (max-width: 1280px) 1280px, (min-width: 1281px) 1738px, 100vw\" \/><figcaption class=\"wp-element-caption\">Fondo Herederos de Mariano V\u00e1zquez Sarri\u00e1 (= MAVASA)<\/figcaption><\/figure>\n\n\n\n<p>        Una previa clasificaci\u00f3n tal y como se nos entregaron, realizada por Carmen Ib\u00e1\u00f1ez Ripoll (como tantas tareas que hace en este archivo), dio lugar a tres secciones: <br>       <\/p>\n\n\n\n<p>       I.1.- Escrituras notariales (testamentos, obligaciones de hipotecas, donaciones, o ventas, entre otras), de los notarios Joaqu\u00edn Lanzuela Clemente y, sobre todo, de Mariano V\u00e1zquez Sarri\u00e1, ambos ejercientes en Albarrac\u00edn. <br>       <\/p>\n\n\n\n<p>         De ellas destacamos las referidas a la compra venta de bienes r\u00fasticos (fincas, huertos\u2026) y urbanos (viviendas). Todas relacionadas con la ley hipotecaria. Conviene recordar que la primera ley conocida de esta \u00edndole, es del 8 de febrero de 1861 (Gaceta de Madrid, n\u00ba 181 de 1861).<br>       <\/p>\n\n\n\n<p>          El resto corresponde, entre otros, a testamentos, herencias, donaciones, poderes, ventas (tambi\u00e9n de fincas r\u00fasticas y urbanas), un pago de dote y de 1881 la demanda de un divorcio (de una mujer contra su marido, por adulterio).<br><br>\tI.2.- Expedientes de subastas y ejecuci\u00f3n de las ventas de bienes nacionales, desde 1864 a 1873. <br><br>\tSon muy completos. Adem\u00e1s del Juzgado de procedencia y la escriban\u00eda, contienen el suplemento al Bolet\u00edn Oficial de la Provincia de Teruel, impreso. Aparecen los bienes con el lugar, el n\u00famero y la descripci\u00f3n del bien y el precio por el que sale a subasta.<br><br>\tEn el mismo suplemento se indica las subastas aprobadas, las personas que pujaron y los adjudicatarios. <br><br>\tConviene recordar que la \u00faltima desamortizaci\u00f3n del siglo XIX fue la de Pascual Madoz e Ib\u00e1\u00f1ez (1806-1870), promulgada por la Ley de 1 de mayo de 1855. Tambi\u00e9n llamada general, porque en ella se incluyeron tanto los bienes eclesi\u00e1sticos que a\u00fan no se hab\u00edan vendido, como los municipales (desde entonces se conocen las expresiones de propios y arbitrios).  <br><br>\tI.3.- Los expedientes posesorios de propiedades, cuya finalidad es inscribirlos en el registro de la propiedad de Albarrac\u00edn.   <br><br>\tTambi\u00e9n son muy completos, en ellos el interesado\/a se dirige al juez de paz o  al alcalde de la poblaci\u00f3n donde tiene sus bienes o incluso en alguna ocasi\u00f3n al registrador de la propiedad.<br><br>\tDichas autoridades son las que por medio de testigos o a trav\u00e9s de los libros de amillaramientos que demuestran los pagos efectuados sobre los bienes solicitados, acreditan la propiedad sobre los bienes manifestados. <br><br><strong>Contenido  <\/strong><br><br>\tNo nos cansaremos de repetir que los archivos son fiel reflejo de la sociedad en la que nacen, viven y mueren.  <br><\/p>\n\n\n\n<figure class=\"wp-block-image aligncenter size-full is-resized\"><img loading=\"lazy\" decoding=\"async\" width=\"1765\" height=\"2560\" src=\"https:\/\/dara.aragon.es\/dara\/wp-content\/uploads\/2026\/03\/Blog-martes00003-scaled.jpg\" alt=\"\" class=\"wp-image-9998\" style=\"aspect-ratio:0.6894529895825557;width:398px;height:auto\" srcset=\"https:\/\/dara.aragon.es\/dara\/wp-content\/uploads\/2026\/03\/Blog-martes00003-scaled.jpg 1765w, https:\/\/dara.aragon.es\/dara\/wp-content\/uploads\/2026\/03\/Blog-martes00003-1280x1857.jpg 1280w, https:\/\/dara.aragon.es\/dara\/wp-content\/uploads\/2026\/03\/Blog-martes00003-980x1421.jpg 980w, https:\/\/dara.aragon.es\/dara\/wp-content\/uploads\/2026\/03\/Blog-martes00003-480x696.jpg 480w\" sizes=\"(min-width: 0px) and (max-width: 480px) 480px, (min-width: 481px) and (max-width: 980px) 980px, (min-width: 981px) and (max-width: 1280px) 1280px, (min-width: 1281px) 1765px, 100vw\" \/><figcaption class=\"wp-element-caption\">Fondo de Herederos de Mariano V\u00e1zquez Sarri\u00e1 (= MAVASA)<\/figcaption><\/figure>\n\n\n\n<p><br>\tEste fondo es un buen ejemplo de ello, estos 648 expedientes nos permiten adentrarnos en algunos aspectos de la \u00faltima mitad del siglo XIX, nos referimos a las leyes desamortizadoras y a la ley hipotecaria de 1861. <br><br>\tConsecuencia directa de lo expuesto, es la proliferaci\u00f3n de expedientes posesorios en los que por medio de instancias, certificados o informaciones se demuestra que las propiedades (r\u00fasticas o urbanas) que se poseen se inscriben en el registro de la propiedad. <br><br>\tEn todos los expedientes proliferan los datos tanto de personas: estado civil, oficio o naturaleza y\/o vecindad (de m\u00e1s de 50 top\u00f3nimos que corresponden a localidades de las Comarcas de la Sierra de Albarrac\u00edn y, en menor medida, a de la del Jiloca), como de los lindes de cada propiedad que se menciona (sea r\u00fastica y urbana), sus medidas, los precios y la procedencia. <br><br>\tTambi\u00e9n se conservan los Boletines Oficiales de la Provincia, impresos, en el caso de los expedientes de subastas. <br><br><strong>Conclusiones<\/strong><br><br>        Les invitamos a que profundicen sobre lo que acabamos de exponerles. Documentos in\u00e9ditos hasta hace unos meses, que tal y como quiso la familia que no los entreg\u00f3, est\u00e1n a la disposici\u00f3n de todos Uds. y que, por supuesto, se digitalizar\u00e1n en cuanto nos sea posible.<br>\t<br><br>         Reiteramos nuestro agradecimiento a las personas que nos entregaron estos documentos. A trav\u00e9s de ellos, seguimos aportando informaci\u00f3n (de ah\u00ed la referencia en el t\u00edtulo de la microhistoria) a las notar\u00edas, desamortizaciones y a los registros de la propiedad. <br><br>\tY recordarles que en el AHPTE custodiamos otros fondos que pueden servir de complemento a este; entre otros, los protocolos notariales (notar\u00edas de Teruel y de Mora de Rubielos):<br> https:\/\/dara.aragon.es\/opac\/app\/results\/?st=.4.267.272.304.319&amp;ob=re:1<br> Los libros de la Contadur\u00eda de Hipotecas (partidos judiciales de Albarrac\u00edn, Calamocha, Teruel y Cantavieja) de la Delegaci\u00f3n Provincial de Hacienda de Teruel:<br>https:\/\/dara.aragon.es\/opac\/app\/results\/?q=contadur%C3%ADa+de+hipotecas&amp;st=.4&amp;ob=re:1; <br> Diversas series referidas a la desamortizaci\u00f3n:<br>https:\/\/dara.aragon.es\/opac\/app\/results\/?q=desamortizaci%C3%B3n&amp;st=.4&amp;ob=re:1 <br>y Delegaci\u00f3n del Ministerio de Agricultura en Teruel, en concreto del Distrito forestal, lo referido a los deslindes: <br>https:\/\/dara.aragon.es\/opac\/app\/results\/?q=Distrito+forestal&amp;st=.4&amp;ob=re:1<br><br>\tSu consulta, como siempre, en DARA (documentos y archivos de Arag\u00f3n), servidor gratuito del Sistema de Archivos de Arag\u00f3n. De momento, en formato papel. <br><br><br><br>M\u00aa Jos\u00e9 Casaus Ballester<br>Archivo Hist\u00f3rico Provincial de Teruel<br><br><\/p>\n","protected":false},"excerpt":{"rendered":"<p>M\u00aa Jos\u00e9 Casaus BallesterArchivo Hist\u00f3rico Provincial de Teruel Introducci\u00f3n Una grata conversaci\u00f3n telef\u00f3nica en la que nuestro interlocutor nos explic\u00f3 que ten\u00eda en su casa familiar, sita en Albarrac\u00edn, expedientes de su tatarabuelo, Mariano V\u00e1zquez Sarri\u00e1 (notario ejerciente en la ciudad de Albarrac\u00edn en el siglo XIX) y de su bisabuelo, C\u00e1ndido V\u00e1zquez, registrador de [&hellip;]<\/p>\n","protected":false},"author":6,"featured_media":9995,"comment_status":"open","ping_status":"closed","sticky":false,"template":"","format":"standard","meta":{"_et_pb_use_builder":"","_et_pb_old_content":"","_et_gb_content_width":"","om_disable_all_campaigns":false,"_monsterinsights_skip_tracking":false,"_monsterinsights_sitenote_active":false,"_monsterinsights_sitenote_note":"","_monsterinsights_sitenote_category":0,"_uf_show_specific_survey":0,"_uf_disable_surveys":false,"footnotes":""},"categories":[1],"tags":[],"class_list":["post-9986","post","type-post","status-publish","format-standard","has-post-thumbnail","hentry","category-uncategorized"],"yoast_head":"<!-- This site is optimized with the Yoast SEO plugin v26.2 - https:\/\/yoast.com\/wordpress\/plugins\/seo\/ -->\n<title>Aportamos microhistoria, si se quiere consultar - DARA GENERAL<\/title>\n<meta name=\"robots\" content=\"index, follow, max-snippet:-1, max-image-preview:large, max-video-preview:-1\" \/>\n<link rel=\"canonical\" href=\"https:\/\/dara.aragon.es\/dara\/blog\/aportamos-microhistoria-si-se-quiere-consultar\/\" \/>\n<meta property=\"og:locale\" content=\"es_ES\" \/>\n<meta property=\"og:type\" content=\"article\" \/>\n<meta property=\"og:title\" content=\"Aportamos microhistoria, si se quiere consultar - DARA GENERAL\" \/>\n<meta property=\"og:description\" content=\"M\u00aa Jos\u00e9 Casaus BallesterArchivo Hist\u00f3rico Provincial de Teruel Introducci\u00f3n Una grata conversaci\u00f3n telef\u00f3nica en la que nuestro interlocutor nos explic\u00f3 que ten\u00eda en su casa familiar, sita en Albarrac\u00edn, expedientes de su tatarabuelo, Mariano V\u00e1zquez Sarri\u00e1 (notario ejerciente en la ciudad de Albarrac\u00edn en el siglo XIX) y de su bisabuelo, C\u00e1ndido V\u00e1zquez, registrador de [&hellip;]\" \/>\n<meta property=\"og:url\" content=\"https:\/\/dara.aragon.es\/dara\/blog\/aportamos-microhistoria-si-se-quiere-consultar\/\" \/>\n<meta property=\"og:site_name\" content=\"DARA GENERAL\" \/>\n<meta property=\"article:published_time\" content=\"2026-03-10T09:42:30+00:00\" \/>\n<meta property=\"article:modified_time\" content=\"2026-03-12T12:19:19+00:00\" \/>\n<meta property=\"og:image\" content=\"https:\/\/dara.aragon.es\/dara\/wp-content\/uploads\/2026\/03\/Blog-martes00001-1-scaled.jpg\" \/>\n\t<meta property=\"og:image:width\" content=\"1721\" \/>\n\t<meta property=\"og:image:height\" content=\"2560\" \/>\n\t<meta property=\"og:image:type\" content=\"image\/jpeg\" \/>\n<meta name=\"author\" content=\"Mar\u00eda Jos\u00e9 Casaus Ballester Archivo Hist\u00f3rico Provincial de Teruel\" \/>\n<meta name=\"twitter:card\" content=\"summary_large_image\" \/>\n<meta name=\"twitter:label1\" content=\"Escrito por\" \/>\n\t<meta name=\"twitter:data1\" content=\"Mar\u00eda Jos\u00e9 Casaus Ballester Archivo Hist\u00f3rico Provincial de Teruel\" \/>\n\t<meta name=\"twitter:label2\" content=\"Tiempo de lectura\" \/>\n\t<meta name=\"twitter:data2\" content=\"6 minutos\" \/>\n<script type=\"application\/ld+json\" class=\"yoast-schema-graph\">{\"@context\":\"https:\/\/schema.org\",\"@graph\":[{\"@type\":\"WebPage\",\"@id\":\"https:\/\/dara.aragon.es\/dara\/blog\/aportamos-microhistoria-si-se-quiere-consultar\/\",\"url\":\"https:\/\/dara.aragon.es\/dara\/blog\/aportamos-microhistoria-si-se-quiere-consultar\/\",\"name\":\"Aportamos microhistoria, si se quiere consultar - DARA GENERAL\",\"isPartOf\":{\"@id\":\"https:\/\/dara.aragon.es\/dara\/#website\"},\"primaryImageOfPage\":{\"@id\":\"https:\/\/dara.aragon.es\/dara\/blog\/aportamos-microhistoria-si-se-quiere-consultar\/#primaryimage\"},\"image\":{\"@id\":\"https:\/\/dara.aragon.es\/dara\/blog\/aportamos-microhistoria-si-se-quiere-consultar\/#primaryimage\"},\"thumbnailUrl\":\"https:\/\/dara.aragon.es\/dara\/wp-content\/uploads\/2026\/03\/Blog-martes00001-1-scaled.jpg\",\"datePublished\":\"2026-03-10T09:42:30+00:00\",\"dateModified\":\"2026-03-12T12:19:19+00:00\",\"author\":{\"@id\":\"https:\/\/dara.aragon.es\/dara\/#\/schema\/person\/92db10f29a48509b330e75cf1b9d39ed\"},\"breadcrumb\":{\"@id\":\"https:\/\/dara.aragon.es\/dara\/blog\/aportamos-microhistoria-si-se-quiere-consultar\/#breadcrumb\"},\"inLanguage\":\"es\",\"potentialAction\":[{\"@type\":\"ReadAction\",\"target\":[\"https:\/\/dara.aragon.es\/dara\/blog\/aportamos-microhistoria-si-se-quiere-consultar\/\"]}]},{\"@type\":\"ImageObject\",\"inLanguage\":\"es\",\"@id\":\"https:\/\/dara.aragon.es\/dara\/blog\/aportamos-microhistoria-si-se-quiere-consultar\/#primaryimage\",\"url\":\"https:\/\/dara.aragon.es\/dara\/wp-content\/uploads\/2026\/03\/Blog-martes00001-1-scaled.jpg\",\"contentUrl\":\"https:\/\/dara.aragon.es\/dara\/wp-content\/uploads\/2026\/03\/Blog-martes00001-1-scaled.jpg\",\"width\":1721,\"height\":2560,\"caption\":\"312\"},{\"@type\":\"BreadcrumbList\",\"@id\":\"https:\/\/dara.aragon.es\/dara\/blog\/aportamos-microhistoria-si-se-quiere-consultar\/#breadcrumb\",\"itemListElement\":[{\"@type\":\"ListItem\",\"position\":1,\"name\":\"Portada\",\"item\":\"https:\/\/dara.aragon.es\/dara\/\"},{\"@type\":\"ListItem\",\"position\":2,\"name\":\"Aportamos microhistoria, si se quiere consultar\"}]},{\"@type\":\"WebSite\",\"@id\":\"https:\/\/dara.aragon.es\/dara\/#website\",\"url\":\"https:\/\/dara.aragon.es\/dara\/\",\"name\":\"DARA GENERAL\",\"description\":\"Documentos y archivos de Arag\u00f3n\",\"potentialAction\":[{\"@type\":\"SearchAction\",\"target\":{\"@type\":\"EntryPoint\",\"urlTemplate\":\"https:\/\/dara.aragon.es\/dara\/?s={search_term_string}\"},\"query-input\":{\"@type\":\"PropertyValueSpecification\",\"valueRequired\":true,\"valueName\":\"search_term_string\"}}],\"inLanguage\":\"es\"},{\"@type\":\"Person\",\"@id\":\"https:\/\/dara.aragon.es\/dara\/#\/schema\/person\/92db10f29a48509b330e75cf1b9d39ed\",\"name\":\"Mar\u00eda Jos\u00e9 Casaus Ballester Archivo Hist\u00f3rico Provincial de Teruel\",\"image\":{\"@type\":\"ImageObject\",\"inLanguage\":\"es\",\"@id\":\"https:\/\/dara.aragon.es\/dara\/#\/schema\/person\/image\/\",\"url\":\"https:\/\/secure.gravatar.com\/avatar\/eda95c3e9a0679fa28f40f7955438808774d16cf528ecc8ee8797074d4dd0132?s=96&d=mm&r=g\",\"contentUrl\":\"https:\/\/secure.gravatar.com\/avatar\/eda95c3e9a0679fa28f40f7955438808774d16cf528ecc8ee8797074d4dd0132?s=96&d=mm&r=g\",\"caption\":\"Mar\u00eda Jos\u00e9 Casaus Ballester Archivo Hist\u00f3rico Provincial de Teruel\"},\"description\":\"T\u00e9cnico Superior de Patrimonio Cultural de Archivos y responsable de la direcci\u00f3n del AHPTE\",\"url\":\"https:\/\/dara.aragon.es\/dara\/blog\/author\/mjcasaus\/\"}]}<\/script>\n<!-- \/ Yoast SEO plugin. -->","yoast_head_json":{"title":"Aportamos microhistoria, si se quiere consultar - DARA GENERAL","robots":{"index":"index","follow":"follow","max-snippet":"max-snippet:-1","max-image-preview":"max-image-preview:large","max-video-preview":"max-video-preview:-1"},"canonical":"https:\/\/dara.aragon.es\/dara\/blog\/aportamos-microhistoria-si-se-quiere-consultar\/","og_locale":"es_ES","og_type":"article","og_title":"Aportamos microhistoria, si se quiere consultar - DARA GENERAL","og_description":"M\u00aa Jos\u00e9 Casaus BallesterArchivo Hist\u00f3rico Provincial de Teruel Introducci\u00f3n Una grata conversaci\u00f3n telef\u00f3nica en la que nuestro interlocutor nos explic\u00f3 que ten\u00eda en su casa familiar, sita en Albarrac\u00edn, expedientes de su tatarabuelo, Mariano V\u00e1zquez Sarri\u00e1 (notario ejerciente en la ciudad de Albarrac\u00edn en el siglo XIX) y de su bisabuelo, C\u00e1ndido V\u00e1zquez, registrador de [&hellip;]","og_url":"https:\/\/dara.aragon.es\/dara\/blog\/aportamos-microhistoria-si-se-quiere-consultar\/","og_site_name":"DARA GENERAL","article_published_time":"2026-03-10T09:42:30+00:00","article_modified_time":"2026-03-12T12:19:19+00:00","og_image":[{"width":1721,"height":2560,"url":"https:\/\/dara.aragon.es\/dara\/wp-content\/uploads\/2026\/03\/Blog-martes00001-1-scaled.jpg","type":"image\/jpeg"}],"author":"Mar\u00eda Jos\u00e9 Casaus Ballester Archivo Hist\u00f3rico Provincial de Teruel","twitter_card":"summary_large_image","twitter_misc":{"Escrito por":"Mar\u00eda Jos\u00e9 Casaus Ballester Archivo Hist\u00f3rico Provincial de Teruel","Tiempo de lectura":"6 minutos"},"schema":{"@context":"https:\/\/schema.org","@graph":[{"@type":"WebPage","@id":"https:\/\/dara.aragon.es\/dara\/blog\/aportamos-microhistoria-si-se-quiere-consultar\/","url":"https:\/\/dara.aragon.es\/dara\/blog\/aportamos-microhistoria-si-se-quiere-consultar\/","name":"Aportamos microhistoria, si se quiere consultar - DARA GENERAL","isPartOf":{"@id":"https:\/\/dara.aragon.es\/dara\/#website"},"primaryImageOfPage":{"@id":"https:\/\/dara.aragon.es\/dara\/blog\/aportamos-microhistoria-si-se-quiere-consultar\/#primaryimage"},"image":{"@id":"https:\/\/dara.aragon.es\/dara\/blog\/aportamos-microhistoria-si-se-quiere-consultar\/#primaryimage"},"thumbnailUrl":"https:\/\/dara.aragon.es\/dara\/wp-content\/uploads\/2026\/03\/Blog-martes00001-1-scaled.jpg","datePublished":"2026-03-10T09:42:30+00:00","dateModified":"2026-03-12T12:19:19+00:00","author":{"@id":"https:\/\/dara.aragon.es\/dara\/#\/schema\/person\/92db10f29a48509b330e75cf1b9d39ed"},"breadcrumb":{"@id":"https:\/\/dara.aragon.es\/dara\/blog\/aportamos-microhistoria-si-se-quiere-consultar\/#breadcrumb"},"inLanguage":"es","potentialAction":[{"@type":"ReadAction","target":["https:\/\/dara.aragon.es\/dara\/blog\/aportamos-microhistoria-si-se-quiere-consultar\/"]}]},{"@type":"ImageObject","inLanguage":"es","@id":"https:\/\/dara.aragon.es\/dara\/blog\/aportamos-microhistoria-si-se-quiere-consultar\/#primaryimage","url":"https:\/\/dara.aragon.es\/dara\/wp-content\/uploads\/2026\/03\/Blog-martes00001-1-scaled.jpg","contentUrl":"https:\/\/dara.aragon.es\/dara\/wp-content\/uploads\/2026\/03\/Blog-martes00001-1-scaled.jpg","width":1721,"height":2560,"caption":"312"},{"@type":"BreadcrumbList","@id":"https:\/\/dara.aragon.es\/dara\/blog\/aportamos-microhistoria-si-se-quiere-consultar\/#breadcrumb","itemListElement":[{"@type":"ListItem","position":1,"name":"Portada","item":"https:\/\/dara.aragon.es\/dara\/"},{"@type":"ListItem","position":2,"name":"Aportamos microhistoria, si se quiere consultar"}]},{"@type":"WebSite","@id":"https:\/\/dara.aragon.es\/dara\/#website","url":"https:\/\/dara.aragon.es\/dara\/","name":"DARA GENERAL","description":"Documentos y archivos de Arag\u00f3n","potentialAction":[{"@type":"SearchAction","target":{"@type":"EntryPoint","urlTemplate":"https:\/\/dara.aragon.es\/dara\/?s={search_term_string}"},"query-input":{"@type":"PropertyValueSpecification","valueRequired":true,"valueName":"search_term_string"}}],"inLanguage":"es"},{"@type":"Person","@id":"https:\/\/dara.aragon.es\/dara\/#\/schema\/person\/92db10f29a48509b330e75cf1b9d39ed","name":"Mar\u00eda Jos\u00e9 Casaus Ballester Archivo Hist\u00f3rico Provincial de Teruel","image":{"@type":"ImageObject","inLanguage":"es","@id":"https:\/\/dara.aragon.es\/dara\/#\/schema\/person\/image\/","url":"https:\/\/secure.gravatar.com\/avatar\/eda95c3e9a0679fa28f40f7955438808774d16cf528ecc8ee8797074d4dd0132?s=96&d=mm&r=g","contentUrl":"https:\/\/secure.gravatar.com\/avatar\/eda95c3e9a0679fa28f40f7955438808774d16cf528ecc8ee8797074d4dd0132?s=96&d=mm&r=g","caption":"Mar\u00eda Jos\u00e9 Casaus Ballester Archivo Hist\u00f3rico Provincial de Teruel"},"description":"T\u00e9cnico Superior de Patrimonio Cultural de Archivos y responsable de la direcci\u00f3n del AHPTE","url":"https:\/\/dara.aragon.es\/dara\/blog\/author\/mjcasaus\/"}]}},"_links":{"self":[{"href":"https:\/\/dara.aragon.es\/dara\/wp-json\/wp\/v2\/posts\/9986","targetHints":{"allow":["GET"]}}],"collection":[{"href":"https:\/\/dara.aragon.es\/dara\/wp-json\/wp\/v2\/posts"}],"about":[{"href":"https:\/\/dara.aragon.es\/dara\/wp-json\/wp\/v2\/types\/post"}],"author":[{"embeddable":true,"href":"https:\/\/dara.aragon.es\/dara\/wp-json\/wp\/v2\/users\/6"}],"replies":[{"embeddable":true,"href":"https:\/\/dara.aragon.es\/dara\/wp-json\/wp\/v2\/comments?post=9986"}],"version-history":[{"count":2,"href":"https:\/\/dara.aragon.es\/dara\/wp-json\/wp\/v2\/posts\/9986\/revisions"}],"predecessor-version":[{"id":10001,"href":"https:\/\/dara.aragon.es\/dara\/wp-json\/wp\/v2\/posts\/9986\/revisions\/10001"}],"wp:featuredmedia":[{"embeddable":true,"href":"https:\/\/dara.aragon.es\/dara\/wp-json\/wp\/v2\/media\/9995"}],"wp:attachment":[{"href":"https:\/\/dara.aragon.es\/dara\/wp-json\/wp\/v2\/media?parent=9986"}],"wp:term":[{"taxonomy":"category","embeddable":true,"href":"https:\/\/dara.aragon.es\/dara\/wp-json\/wp\/v2\/categories?post=9986"},{"taxonomy":"post_tag","embeddable":true,"href":"https:\/\/dara.aragon.es\/dara\/wp-json\/wp\/v2\/tags?post=9986"}],"curies":[{"name":"wp","href":"https:\/\/api.w.org\/{rel}","templated":true}]}}